{"id":48441,"date":"2020-10-22T15:00:38","date_gmt":"2020-10-22T18:00:38","guid":{"rendered":"http:\/\/www.noticiasradioreflejos.com.ar\/noticias\/?p=48441"},"modified":"2020-10-22T15:00:38","modified_gmt":"2020-10-22T18:00:38","slug":"unos-300-hoteleros-y-gastronomicos-participaron-en-una-capacitacion-virtual-sobre-enoturismo","status":"publish","type":"post","link":"https:\/\/www.noticiasradioreflejos.com.ar\/2021\/unos-300-hoteleros-y-gastronomicos-participaron-en-una-capacitacion-virtual-sobre-enoturismo\/","title":{"rendered":"Unos 300 hoteleros y gastron\u00f3micos participaron en una capacitaci\u00f3n virtual sobre Enoturismo"},"content":{"rendered":"<p>Unos 300 profesionales del sector hotelero y gastron\u00f3mico participaron en una capacitaci\u00f3n virtual sobre los circuitos de Enoturismo de Mendoza organizada por la Corporaci\u00f3n Vitivin\u00edcola Argentina (Coviar), inform\u00f3 hoy la Federaci\u00f3n Empresaria Hotelera y Gastron\u00f3mica de la Rep\u00fablica Argentina (Fehgra).<br \/>\n<!--more--><\/p>\n<p>La capacitaci\u00f3n form\u00f3 parte de las acciones que desarrolla la Escuela Digital \u00abFehgra Educa\u00bb junto a la Universidad Siglo 21, y que ofrecen un aprendizaje de f\u00e1cil acceso a trav\u00e9s de cualquier dispositivo con internet.<\/p>\n<p>Estas capacitaciones est\u00e1n destinadas a los empresarios y personal de establecimientos hoteleros y gastron\u00f3micos asociados a las filiales de la Federaci\u00f3n en todo el pa\u00eds.<\/p>\n<p>La presentaci\u00f3n estuvo a cargo de las especialistas en Enoturismo Claudia Yanzon, Romanella Paggi, Mar\u00eda Ana Cerutti y Gabriela Perrino, quienes explicaron las distintas propuestas que ofrece la provincia de Mendoza para la creaci\u00f3n y degustaci\u00f3n de grandes vinos.<\/p>\n<p>En el inicio de la capacitaci\u00f3n, la Coviar destac\u00f3 que en Argentina, hay 18 provincias productoras, con 24 mil vi\u00f1edos, 17.000 productores, 900 establecimientos, que suman unos 90.000 puestos de trabajo directos.<\/p>\n<p>Yanz\u00f3n destac\u00f3 que \u00abel desarrollo del enoturismo en Mendoza es producto del posicionamiento de esta industria, que posee 146 bodegas abiertas al viajero\u00bb.<\/p>\n<p>\u00abDesde 2005 Mendoza forma parte de la red Great Wine Capitals, que brinda la gran posibilidad de posicionarse y empezar a estar en la vidriera del mundo de los grandes destinos vitivin\u00edcolas\u00bb, agreg\u00f3.<\/p>\n<p>Por su parte, Paggi dijo que \u00ablas bodegas pudieron adaptar su oferta para los distintos nichos y perfiles\u00bb, lo que les permite \u00abofrecer desde degustaciones de men\u00fas maridados de seis pasos con toda la l\u00ednea de vino, hasta la posibilidad de disfrutar de los jardines comiendo empanadas o una tabla de fiambres y una copa de vino\u00bb.<\/p>\n<p>En tanto, Cerutti sostuvo que \u00abadem\u00e1s de contar con los mejores vinos, Mendoza tiene chefs que se encargan de maridar esa bebida con la gastronom\u00eda t\u00edpica de la regi\u00f3n, lo que refleja la fuerte identidad de los productos que brinda el territorio\u00bb.<\/p>\n<p>\u00abPara mejorar la oferta de Enoturismo, para llegar a las zonas vitivin\u00edcolas se pusieron en funcionamiento desde metro-tranv\u00edas y bicisendas hasta el Bus Vitivin\u00edcola Hop On &#038; Hop Off, para \u00abbodeguear\u00bb por los caminos del vino\u00bb, enfatiz\u00f3 Perrino.<\/p>\n<p>Mendoza, adem\u00e1s de sus bodegas y vi\u00f1edos, ofrece a los turistas un gran calendario de eventos, entre los que se destacan la Fiesta Nacional de la Vendimia, la Vendimia para Todos, el Rally de las Bodegas, la M\u00fasica Cl\u00e1sica por los Caminos del vino, el D\u00eda Internacional del Malbec, Tangos por los Caminos del Vino, y Vino el Cine.<\/p>\n","protected":false},"excerpt":{"rendered":"<p>Unos 300 profesionales del sector hotelero y gastron\u00f3mico participaron en una capacitaci\u00f3n virtual sobre los circuitos de Enoturismo de Mendoza organizada por la Corporaci\u00f3n Vitivin\u00edcola Argentina (Coviar), inform\u00f3 hoy la Federaci\u00f3n Empresaria Hotelera y Gastron\u00f3mica de la Rep\u00fablica Argentina (Fehgra).<\/p>\n","protected":false},"author":3,"featured_media":0,"comment_status":"closed","ping_status":"open","sticky":false,"template":"","format":"standard","meta":{"footnotes":""},"categories":[33],"tags":[],"class_list":["post-48441","post","type-post","status-publish","format-standard","hentry","category-turismo"],"yoast_head":"<!-- This site is optimized with the Yoast SEO plugin v25.9 - https:\/\/yoast.com\/wordpress\/plugins\/seo\/ -->\n<title>Unos 300 hoteleros y gastron\u00f3micos participaron en una capacitaci\u00f3n virtual sobre Enoturismo - Noticias Radio Reflejos<\/title>\n<meta name=\"robots\" content=\"index, follow, max-snippet:-1, max-image-preview:large, max-video-preview:-1\" \/>\n<link rel=\"canonical\" href=\"https:\/\/www.noticiasradioreflejos.com.ar\/2021\/unos-300-hoteleros-y-gastronomicos-participaron-en-una-capacitacion-virtual-sobre-enoturismo\/\" \/>\n<meta property=\"og:locale\" content=\"es_ES\" \/>\n<meta property=\"og:type\" content=\"article\" \/>\n<meta property=\"og:title\" content=\"Unos 300 hoteleros y gastron\u00f3micos participaron en una capacitaci\u00f3n virtual sobre Enoturismo - Noticias Radio Reflejos\" \/>\n<meta property=\"og:description\" content=\"Unos 300 profesionales del sector hotelero y gastron\u00f3mico participaron en una capacitaci\u00f3n virtual sobre los circuitos de Enoturismo de Mendoza organizada por la Corporaci\u00f3n Vitivin\u00edcola Argentina (Coviar), inform\u00f3 hoy la Federaci\u00f3n Empresaria Hotelera y Gastron\u00f3mica de la Rep\u00fablica Argentina (Fehgra).\" \/>\n<meta property=\"og:url\" content=\"https:\/\/www.noticiasradioreflejos.com.ar\/2021\/unos-300-hoteleros-y-gastronomicos-participaron-en-una-capacitacion-virtual-sobre-enoturismo\/\" \/>\n<meta property=\"og:site_name\" content=\"Noticias Radio Reflejos\" \/>\n<meta property=\"article:published_time\" content=\"2020-10-22T18:00:38+00:00\" \/>\n<meta property=\"og:image\" content=\"https:\/\/www.noticiasradioreflejos.com.ar\/2021\/wp-content\/uploads\/2021\/07\/logosol300x200.png\" \/>\n\t<meta property=\"og:image:width\" content=\"300\" \/>\n\t<meta property=\"og:image:height\" content=\"200\" \/>\n\t<meta property=\"og:image:type\" content=\"image\/png\" \/>\n<meta name=\"author\" content=\"Arnaldo Botto\" \/>\n<meta name=\"twitter:card\" content=\"summary_large_image\" \/>\n<script type=\"application\/ld+json\" class=\"yoast-schema-graph\">{\"@context\":\"https:\/\/schema.org\",\"@graph\":[{\"@type\":\"WebPage\",\"@id\":\"https:\/\/www.noticiasradioreflejos.com.ar\/2021\/unos-300-hoteleros-y-gastronomicos-participaron-en-una-capacitacion-virtual-sobre-enoturismo\/\",\"url\":\"https:\/\/www.noticiasradioreflejos.com.ar\/2021\/unos-300-hoteleros-y-gastronomicos-participaron-en-una-capacitacion-virtual-sobre-enoturismo\/\",\"name\":\"Unos 300 hoteleros y gastron\u00f3micos participaron en una capacitaci\u00f3n virtual sobre Enoturismo - Noticias Radio Reflejos\",\"isPartOf\":{\"@id\":\"https:\/\/www.noticiasradioreflejos.com.ar\/2021\/#website\"},\"datePublished\":\"2020-10-22T18:00:38+00:00\",\"author\":{\"@id\":\"https:\/\/www.noticiasradioreflejos.com.ar\/2021\/#\/schema\/person\/ad82545263dcc5ec0996818884fd5fb1\"},\"breadcrumb\":{\"@id\":\"https:\/\/www.noticiasradioreflejos.com.ar\/2021\/unos-300-hoteleros-y-gastronomicos-participaron-en-una-capacitacion-virtual-sobre-enoturismo\/#breadcrumb\"},\"inLanguage\":\"es\",\"potentialAction\":[{\"@type\":\"ReadAction\",\"target\":[\"https:\/\/www.noticiasradioreflejos.com.ar\/2021\/unos-300-hoteleros-y-gastronomicos-participaron-en-una-capacitacion-virtual-sobre-enoturismo\/\"]}]},{\"@type\":\"BreadcrumbList\",\"@id\":\"https:\/\/www.noticiasradioreflejos.com.ar\/2021\/unos-300-hoteleros-y-gastronomicos-participaron-en-una-capacitacion-virtual-sobre-enoturismo\/#breadcrumb\",\"itemListElement\":[{\"@type\":\"ListItem\",\"position\":1,\"name\":\"Portada\",\"item\":\"https:\/\/www.noticiasradioreflejos.com.ar\/2021\/\"},{\"@type\":\"ListItem\",\"position\":2,\"name\":\"Unos 300 hoteleros y gastron\u00f3micos participaron en una capacitaci\u00f3n virtual sobre Enoturismo\"}]},{\"@type\":\"WebSite\",\"@id\":\"https:\/\/www.noticiasradioreflejos.com.ar\/2021\/#website\",\"url\":\"https:\/\/www.noticiasradioreflejos.com.ar\/2021\/\",\"name\":\"Noticias Radio Reflejos\",\"description\":\"Las noticias de mi comarca\",\"potentialAction\":[{\"@type\":\"SearchAction\",\"target\":{\"@type\":\"EntryPoint\",\"urlTemplate\":\"https:\/\/www.noticiasradioreflejos.com.ar\/2021\/?s={search_term_string}\"},\"query-input\":{\"@type\":\"PropertyValueSpecification\",\"valueRequired\":true,\"valueName\":\"search_term_string\"}}],\"inLanguage\":\"es\"},{\"@type\":\"Person\",\"@id\":\"https:\/\/www.noticiasradioreflejos.com.ar\/2021\/#\/schema\/person\/ad82545263dcc5ec0996818884fd5fb1\",\"name\":\"Arnaldo Botto\",\"image\":{\"@type\":\"ImageObject\",\"inLanguage\":\"es\",\"@id\":\"https:\/\/www.noticiasradioreflejos.com.ar\/2021\/#\/schema\/person\/image\/\",\"url\":\"https:\/\/secure.gravatar.com\/avatar\/55cb5e37c1efa326397366e6974cb338056df65cb50e7d64d1cf314e87504837?s=96&d=mm&r=g\",\"contentUrl\":\"https:\/\/secure.gravatar.com\/avatar\/55cb5e37c1efa326397366e6974cb338056df65cb50e7d64d1cf314e87504837?s=96&d=mm&r=g\",\"caption\":\"Arnaldo Botto\"},\"url\":\"https:\/\/www.noticiasradioreflejos.com.ar\/2021\/author\/arnaldo\/\"}]}<\/script>\n<!-- \/ Yoast SEO plugin. -->","yoast_head_json":{"title":"Unos 300 hoteleros y gastron\u00f3micos participaron en una capacitaci\u00f3n virtual sobre Enoturismo - Noticias Radio Reflejos","robots":{"index":"index","follow":"follow","max-snippet":"max-snippet:-1","max-image-preview":"max-image-preview:large","max-video-preview":"max-video-preview:-1"},"canonical":"https:\/\/www.noticiasradioreflejos.com.ar\/2021\/unos-300-hoteleros-y-gastronomicos-participaron-en-una-capacitacion-virtual-sobre-enoturismo\/","og_locale":"es_ES","og_type":"article","og_title":"Unos 300 hoteleros y gastron\u00f3micos participaron en una capacitaci\u00f3n virtual sobre Enoturismo - Noticias Radio Reflejos","og_description":"Unos 300 profesionales del sector hotelero y gastron\u00f3mico participaron en una capacitaci\u00f3n virtual sobre los circuitos de Enoturismo de Mendoza organizada por la Corporaci\u00f3n Vitivin\u00edcola Argentina (Coviar), inform\u00f3 hoy la Federaci\u00f3n Empresaria Hotelera y Gastron\u00f3mica de la Rep\u00fablica Argentina (Fehgra).","og_url":"https:\/\/www.noticiasradioreflejos.com.ar\/2021\/unos-300-hoteleros-y-gastronomicos-participaron-en-una-capacitacion-virtual-sobre-enoturismo\/","og_site_name":"Noticias Radio Reflejos","article_published_time":"2020-10-22T18:00:38+00:00","og_image":[{"width":300,"height":200,"url":"https:\/\/www.noticiasradioreflejos.com.ar\/2021\/wp-content\/uploads\/2021\/07\/logosol300x200.png","type":"image\/png"}],"author":"Arnaldo Botto","twitter_card":"summary_large_image","schema":{"@context":"https:\/\/schema.org","@graph":[{"@type":"WebPage","@id":"https:\/\/www.noticiasradioreflejos.com.ar\/2021\/unos-300-hoteleros-y-gastronomicos-participaron-en-una-capacitacion-virtual-sobre-enoturismo\/","url":"https:\/\/www.noticiasradioreflejos.com.ar\/2021\/unos-300-hoteleros-y-gastronomicos-participaron-en-una-capacitacion-virtual-sobre-enoturismo\/","name":"Unos 300 hoteleros y gastron\u00f3micos participaron en una capacitaci\u00f3n virtual sobre Enoturismo - Noticias Radio Reflejos","isPartOf":{"@id":"https:\/\/www.noticiasradioreflejos.com.ar\/2021\/#website"},"datePublished":"2020-10-22T18:00:38+00:00","author":{"@id":"https:\/\/www.noticiasradioreflejos.com.ar\/2021\/#\/schema\/person\/ad82545263dcc5ec0996818884fd5fb1"},"breadcrumb":{"@id":"https:\/\/www.noticiasradioreflejos.com.ar\/2021\/unos-300-hoteleros-y-gastronomicos-participaron-en-una-capacitacion-virtual-sobre-enoturismo\/#breadcrumb"},"inLanguage":"es","potentialAction":[{"@type":"ReadAction","target":["https:\/\/www.noticiasradioreflejos.com.ar\/2021\/unos-300-hoteleros-y-gastronomicos-participaron-en-una-capacitacion-virtual-sobre-enoturismo\/"]}]},{"@type":"BreadcrumbList","@id":"https:\/\/www.noticiasradioreflejos.com.ar\/2021\/unos-300-hoteleros-y-gastronomicos-participaron-en-una-capacitacion-virtual-sobre-enoturismo\/#breadcrumb","itemListElement":[{"@type":"ListItem","position":1,"name":"Portada","item":"https:\/\/www.noticiasradioreflejos.com.ar\/2021\/"},{"@type":"ListItem","position":2,"name":"Unos 300 hoteleros y gastron\u00f3micos participaron en una capacitaci\u00f3n virtual sobre Enoturismo"}]},{"@type":"WebSite","@id":"https:\/\/www.noticiasradioreflejos.com.ar\/2021\/#website","url":"https:\/\/www.noticiasradioreflejos.com.ar\/2021\/","name":"Noticias Radio Reflejos","description":"Las noticias de mi comarca","potentialAction":[{"@type":"SearchAction","target":{"@type":"EntryPoint","urlTemplate":"https:\/\/www.noticiasradioreflejos.com.ar\/2021\/?s={search_term_string}"},"query-input":{"@type":"PropertyValueSpecification","valueRequired":true,"valueName":"search_term_string"}}],"inLanguage":"es"},{"@type":"Person","@id":"https:\/\/www.noticiasradioreflejos.com.ar\/2021\/#\/schema\/person\/ad82545263dcc5ec0996818884fd5fb1","name":"Arnaldo Botto","image":{"@type":"ImageObject","inLanguage":"es","@id":"https:\/\/www.noticiasradioreflejos.com.ar\/2021\/#\/schema\/person\/image\/","url":"https:\/\/secure.gravatar.com\/avatar\/55cb5e37c1efa326397366e6974cb338056df65cb50e7d64d1cf314e87504837?s=96&d=mm&r=g","contentUrl":"https:\/\/secure.gravatar.com\/avatar\/55cb5e37c1efa326397366e6974cb338056df65cb50e7d64d1cf314e87504837?s=96&d=mm&r=g","caption":"Arnaldo Botto"},"url":"https:\/\/www.noticiasradioreflejos.com.ar\/2021\/author\/arnaldo\/"}]}},"_links":{"self":[{"href":"https:\/\/www.noticiasradioreflejos.com.ar\/2021\/wp-json\/wp\/v2\/posts\/48441","targetHints":{"allow":["GET"]}}],"collection":[{"href":"https:\/\/www.noticiasradioreflejos.com.ar\/2021\/wp-json\/wp\/v2\/posts"}],"about":[{"href":"https:\/\/www.noticiasradioreflejos.com.ar\/2021\/wp-json\/wp\/v2\/types\/post"}],"author":[{"embeddable":true,"href":"https:\/\/www.noticiasradioreflejos.com.ar\/2021\/wp-json\/wp\/v2\/users\/3"}],"replies":[{"embeddable":true,"href":"https:\/\/www.noticiasradioreflejos.com.ar\/2021\/wp-json\/wp\/v2\/comments?post=48441"}],"version-history":[{"count":0,"href":"https:\/\/www.noticiasradioreflejos.com.ar\/2021\/wp-json\/wp\/v2\/posts\/48441\/revisions"}],"wp:attachment":[{"href":"https:\/\/www.noticiasradioreflejos.com.ar\/2021\/wp-json\/wp\/v2\/media?parent=48441"}],"wp:term":[{"taxonomy":"category","embeddable":true,"href":"https:\/\/www.noticiasradioreflejos.com.ar\/2021\/wp-json\/wp\/v2\/categories?post=48441"},{"taxonomy":"post_tag","embeddable":true,"href":"https:\/\/www.noticiasradioreflejos.com.ar\/2021\/wp-json\/wp\/v2\/tags?post=48441"}],"curies":[{"name":"wp","href":"https:\/\/api.w.org\/{rel}","templated":true}]}}