{"id":48436,"date":"2020-10-22T14:08:05","date_gmt":"2020-10-22T17:08:05","guid":{"rendered":"http:\/\/www.noticiasradioreflejos.com.ar\/noticias\/?p=48436"},"modified":"2020-10-22T14:08:05","modified_gmt":"2020-10-22T17:08:05","slug":"recuerdan-la-importancia-de-la-vacunacion-para-el-ingreso-escolar-2021","status":"publish","type":"post","link":"https:\/\/www.noticiasradioreflejos.com.ar\/2021\/recuerdan-la-importancia-de-la-vacunacion-para-el-ingreso-escolar-2021\/","title":{"rendered":"Recuerdan la importancia de la vacunaci\u00f3n para el ingreso escolar 2021"},"content":{"rendered":"<p>Este a\u00f1o, una de las graves consecuencias que trajo aparejada la pandemia por Covid-19, es la disminuci\u00f3n de la cobertura en la vacunaci\u00f3n de los ni\u00f1os. La misma cay\u00f3 por debajo del 50% en todo el territorio bonaerense.<!--more--><br \/>\nFrente a esto, la Secretar\u00eda de Salud a trav\u00e9s del \u00e1rea de inmunizaci\u00f3n recuerda a los padres, que es de vital importancia, aun en este momento que atravesamos, la vacunaci\u00f3n de sus hijos, por sobre todo respetar el Calendario Nacional y Obligatorio de nuestro pa\u00eds.<br \/>\nEn esta l\u00ednea, la cartera de salud invita a vacunar a todos los ni\u00f1os de entre 5 o 6 a\u00f1os que ingresar\u00e1n al ciclo escolar 2021.<br \/>\nLas vacunas que deben recibir son:<br \/>\nSalk: para prevenir la poliomielitis<br \/>\nTripe viral: para prevenir el sarampi\u00f3n, la rubeola y las paperas<br \/>\nTriple bacteriana: para prevenir la difteria, el t\u00e9tanos y la tos convulsa.<\/p>\n<p>Adem\u00e1s, se recomienda a los adolescentes que el pr\u00f3ximo a\u00f1o cursar\u00e1n la escuela<br \/>\nsecundaria acercase a las Unidades Sanitarias, con la libreta, a los efectos de constatar la vacunaci\u00f3n completa seg\u00fan el calendario nacional de vacunaci\u00f3n vigente correspondiente al a\u00f1o 2020.<br \/>\nCon esta medida los estamos protegiendo de enfermedades que pueden ser muy<br \/>\ngraves pero prevenibles; de aqu\u00ed la importancia de realizar la vacunaci\u00f3n de forma<br \/>\noportuna y de manera totalmente gratuita en cualquier Unidad Sanitaria.<br \/>\nTornquist:<br \/>\nSala Norte: lunes a viernes de 7 a 14 hs<br \/>\nSala Sur: lunes a viernes de 7 a 14 hs<br \/>\nVilla Ventana:<br \/>\nConsultar cronograma<br \/>\nSierra de la Ventana<br \/>\nLunes a Viernes de 9 a 14 hs<br \/>\nSaldungaray<br \/>\nMartes 16 a 20 hs<br \/>\nChasic\u00f3<br \/>\nLunes a viernes de 13 a 17 hs<br \/>\nTres Picos<br \/>\nUltimo martes del mes de 9 a 12hs<\/p>\n<p><a title=\"WhatsApp Image 2020-10-21 at 13.15.12\" href=\"http:\/\/live.staticflickr.com\/65535\/50516405683_7aaf833211_s.jpg\" rel=\"\"><img loading=\"lazy\" decoding=\"async\" class=\"aligncenter\" title=\"WhatsApp Image 2020-10-21 at 13.15.12\" src=\"http:\/\/live.staticflickr.com\/65535\/50516405683_7aaf833211_c.jpg\" alt=\"WhatsApp Image 2020-10-21 at 13.15.12\" width=\"800\" height=\"800\" \/><\/a><a title=\"WhatsApp Image 2020-10-22 at 12.16.30\" href=\"http:\/\/live.staticflickr.com\/65535\/50516405708_3c44f4fb00_s.jpg\" rel=\"\"><img loading=\"lazy\" decoding=\"async\" class=\"aligncenter\" title=\"WhatsApp Image 2020-10-22 at 12.16.30\" src=\"http:\/\/live.staticflickr.com\/65535\/50516405708_3c44f4fb00_c.jpg\" alt=\"WhatsApp Image 2020-10-22 at 12.16.30\" width=\"800\" height=\"800\" \/><\/a><\/p>\n","protected":false},"excerpt":{"rendered":"<p>Este a\u00f1o, una de las graves consecuencias que trajo aparejada la pandemia por Covid-19, es la disminuci\u00f3n de la cobertura en la vacunaci\u00f3n de los ni\u00f1os. La misma cay\u00f3 por debajo del 50% en todo el territorio bonaerense.<\/p>\n","protected":false},"author":3,"featured_media":0,"comment_status":"closed","ping_status":"open","sticky":false,"template":"","format":"standard","meta":{"footnotes":""},"categories":[30],"tags":[],"class_list":["post-48436","post","type-post","status-publish","format-standard","hentry","category-salud"],"yoast_head":"<!-- This site is optimized with the Yoast SEO plugin v25.9 - https:\/\/yoast.com\/wordpress\/plugins\/seo\/ -->\n<title>Recuerdan la importancia de la vacunaci\u00f3n para el ingreso escolar 2021 - Noticias Radio Reflejos<\/title>\n<meta name=\"robots\" content=\"index, follow, max-snippet:-1, max-image-preview:large, max-video-preview:-1\" \/>\n<link rel=\"canonical\" href=\"https:\/\/www.noticiasradioreflejos.com.ar\/2021\/recuerdan-la-importancia-de-la-vacunacion-para-el-ingreso-escolar-2021\/\" \/>\n<meta property=\"og:locale\" content=\"es_ES\" \/>\n<meta property=\"og:type\" content=\"article\" \/>\n<meta property=\"og:title\" content=\"Recuerdan la importancia de la vacunaci\u00f3n para el ingreso escolar 2021 - Noticias Radio Reflejos\" \/>\n<meta property=\"og:description\" content=\"Este a\u00f1o, una de las graves consecuencias que trajo aparejada la pandemia por Covid-19, es la disminuci\u00f3n de la cobertura en la vacunaci\u00f3n de los ni\u00f1os. La misma cay\u00f3 por debajo del 50% en todo el territorio bonaerense.\" \/>\n<meta property=\"og:url\" content=\"https:\/\/www.noticiasradioreflejos.com.ar\/2021\/recuerdan-la-importancia-de-la-vacunacion-para-el-ingreso-escolar-2021\/\" \/>\n<meta property=\"og:site_name\" content=\"Noticias Radio Reflejos\" \/>\n<meta property=\"article:published_time\" content=\"2020-10-22T17:08:05+00:00\" \/>\n<meta property=\"og:image\" content=\"http:\/\/live.staticflickr.com\/65535\/50516405683_7aaf833211_c.jpg\" \/>\n<meta name=\"author\" content=\"Arnaldo Botto\" \/>\n<meta name=\"twitter:card\" content=\"summary_large_image\" \/>\n<script type=\"application\/ld+json\" class=\"yoast-schema-graph\">{\"@context\":\"https:\/\/schema.org\",\"@graph\":[{\"@type\":\"WebPage\",\"@id\":\"https:\/\/www.noticiasradioreflejos.com.ar\/2021\/recuerdan-la-importancia-de-la-vacunacion-para-el-ingreso-escolar-2021\/\",\"url\":\"https:\/\/www.noticiasradioreflejos.com.ar\/2021\/recuerdan-la-importancia-de-la-vacunacion-para-el-ingreso-escolar-2021\/\",\"name\":\"Recuerdan la importancia de la vacunaci\u00f3n para el ingreso escolar 2021 - Noticias Radio Reflejos\",\"isPartOf\":{\"@id\":\"https:\/\/www.noticiasradioreflejos.com.ar\/2021\/#website\"},\"primaryImageOfPage\":{\"@id\":\"https:\/\/www.noticiasradioreflejos.com.ar\/2021\/recuerdan-la-importancia-de-la-vacunacion-para-el-ingreso-escolar-2021\/#primaryimage\"},\"image\":{\"@id\":\"https:\/\/www.noticiasradioreflejos.com.ar\/2021\/recuerdan-la-importancia-de-la-vacunacion-para-el-ingreso-escolar-2021\/#primaryimage\"},\"thumbnailUrl\":\"http:\/\/live.staticflickr.com\/65535\/50516405683_7aaf833211_c.jpg\",\"datePublished\":\"2020-10-22T17:08:05+00:00\",\"author\":{\"@id\":\"https:\/\/www.noticiasradioreflejos.com.ar\/2021\/#\/schema\/person\/ad82545263dcc5ec0996818884fd5fb1\"},\"breadcrumb\":{\"@id\":\"https:\/\/www.noticiasradioreflejos.com.ar\/2021\/recuerdan-la-importancia-de-la-vacunacion-para-el-ingreso-escolar-2021\/#breadcrumb\"},\"inLanguage\":\"es\",\"potentialAction\":[{\"@type\":\"ReadAction\",\"target\":[\"https:\/\/www.noticiasradioreflejos.com.ar\/2021\/recuerdan-la-importancia-de-la-vacunacion-para-el-ingreso-escolar-2021\/\"]}]},{\"@type\":\"ImageObject\",\"inLanguage\":\"es\",\"@id\":\"https:\/\/www.noticiasradioreflejos.com.ar\/2021\/recuerdan-la-importancia-de-la-vacunacion-para-el-ingreso-escolar-2021\/#primaryimage\",\"url\":\"http:\/\/live.staticflickr.com\/65535\/50516405683_7aaf833211_c.jpg\",\"contentUrl\":\"http:\/\/live.staticflickr.com\/65535\/50516405683_7aaf833211_c.jpg\"},{\"@type\":\"BreadcrumbList\",\"@id\":\"https:\/\/www.noticiasradioreflejos.com.ar\/2021\/recuerdan-la-importancia-de-la-vacunacion-para-el-ingreso-escolar-2021\/#breadcrumb\",\"itemListElement\":[{\"@type\":\"ListItem\",\"position\":1,\"name\":\"Portada\",\"item\":\"https:\/\/www.noticiasradioreflejos.com.ar\/2021\/\"},{\"@type\":\"ListItem\",\"position\":2,\"name\":\"Recuerdan la importancia de la vacunaci\u00f3n para el ingreso escolar 2021\"}]},{\"@type\":\"WebSite\",\"@id\":\"https:\/\/www.noticiasradioreflejos.com.ar\/2021\/#website\",\"url\":\"https:\/\/www.noticiasradioreflejos.com.ar\/2021\/\",\"name\":\"Noticias Radio Reflejos\",\"description\":\"Las noticias de mi comarca\",\"potentialAction\":[{\"@type\":\"SearchAction\",\"target\":{\"@type\":\"EntryPoint\",\"urlTemplate\":\"https:\/\/www.noticiasradioreflejos.com.ar\/2021\/?s={search_term_string}\"},\"query-input\":{\"@type\":\"PropertyValueSpecification\",\"valueRequired\":true,\"valueName\":\"search_term_string\"}}],\"inLanguage\":\"es\"},{\"@type\":\"Person\",\"@id\":\"https:\/\/www.noticiasradioreflejos.com.ar\/2021\/#\/schema\/person\/ad82545263dcc5ec0996818884fd5fb1\",\"name\":\"Arnaldo Botto\",\"image\":{\"@type\":\"ImageObject\",\"inLanguage\":\"es\",\"@id\":\"https:\/\/www.noticiasradioreflejos.com.ar\/2021\/#\/schema\/person\/image\/\",\"url\":\"https:\/\/secure.gravatar.com\/avatar\/55cb5e37c1efa326397366e6974cb338056df65cb50e7d64d1cf314e87504837?s=96&d=mm&r=g\",\"contentUrl\":\"https:\/\/secure.gravatar.com\/avatar\/55cb5e37c1efa326397366e6974cb338056df65cb50e7d64d1cf314e87504837?s=96&d=mm&r=g\",\"caption\":\"Arnaldo Botto\"},\"url\":\"https:\/\/www.noticiasradioreflejos.com.ar\/2021\/author\/arnaldo\/\"}]}<\/script>\n<!-- \/ Yoast SEO plugin. -->","yoast_head_json":{"title":"Recuerdan la importancia de la vacunaci\u00f3n para el ingreso escolar 2021 - Noticias Radio Reflejos","robots":{"index":"index","follow":"follow","max-snippet":"max-snippet:-1","max-image-preview":"max-image-preview:large","max-video-preview":"max-video-preview:-1"},"canonical":"https:\/\/www.noticiasradioreflejos.com.ar\/2021\/recuerdan-la-importancia-de-la-vacunacion-para-el-ingreso-escolar-2021\/","og_locale":"es_ES","og_type":"article","og_title":"Recuerdan la importancia de la vacunaci\u00f3n para el ingreso escolar 2021 - Noticias Radio Reflejos","og_description":"Este a\u00f1o, una de las graves consecuencias que trajo aparejada la pandemia por Covid-19, es la disminuci\u00f3n de la cobertura en la vacunaci\u00f3n de los ni\u00f1os. La misma cay\u00f3 por debajo del 50% en todo el territorio bonaerense.","og_url":"https:\/\/www.noticiasradioreflejos.com.ar\/2021\/recuerdan-la-importancia-de-la-vacunacion-para-el-ingreso-escolar-2021\/","og_site_name":"Noticias Radio Reflejos","article_published_time":"2020-10-22T17:08:05+00:00","og_image":[{"url":"http:\/\/live.staticflickr.com\/65535\/50516405683_7aaf833211_c.jpg","type":"","width":"","height":""}],"author":"Arnaldo Botto","twitter_card":"summary_large_image","schema":{"@context":"https:\/\/schema.org","@graph":[{"@type":"WebPage","@id":"https:\/\/www.noticiasradioreflejos.com.ar\/2021\/recuerdan-la-importancia-de-la-vacunacion-para-el-ingreso-escolar-2021\/","url":"https:\/\/www.noticiasradioreflejos.com.ar\/2021\/recuerdan-la-importancia-de-la-vacunacion-para-el-ingreso-escolar-2021\/","name":"Recuerdan la importancia de la vacunaci\u00f3n para el ingreso escolar 2021 - Noticias Radio Reflejos","isPartOf":{"@id":"https:\/\/www.noticiasradioreflejos.com.ar\/2021\/#website"},"primaryImageOfPage":{"@id":"https:\/\/www.noticiasradioreflejos.com.ar\/2021\/recuerdan-la-importancia-de-la-vacunacion-para-el-ingreso-escolar-2021\/#primaryimage"},"image":{"@id":"https:\/\/www.noticiasradioreflejos.com.ar\/2021\/recuerdan-la-importancia-de-la-vacunacion-para-el-ingreso-escolar-2021\/#primaryimage"},"thumbnailUrl":"http:\/\/live.staticflickr.com\/65535\/50516405683_7aaf833211_c.jpg","datePublished":"2020-10-22T17:08:05+00:00","author":{"@id":"https:\/\/www.noticiasradioreflejos.com.ar\/2021\/#\/schema\/person\/ad82545263dcc5ec0996818884fd5fb1"},"breadcrumb":{"@id":"https:\/\/www.noticiasradioreflejos.com.ar\/2021\/recuerdan-la-importancia-de-la-vacunacion-para-el-ingreso-escolar-2021\/#breadcrumb"},"inLanguage":"es","potentialAction":[{"@type":"ReadAction","target":["https:\/\/www.noticiasradioreflejos.com.ar\/2021\/recuerdan-la-importancia-de-la-vacunacion-para-el-ingreso-escolar-2021\/"]}]},{"@type":"ImageObject","inLanguage":"es","@id":"https:\/\/www.noticiasradioreflejos.com.ar\/2021\/recuerdan-la-importancia-de-la-vacunacion-para-el-ingreso-escolar-2021\/#primaryimage","url":"http:\/\/live.staticflickr.com\/65535\/50516405683_7aaf833211_c.jpg","contentUrl":"http:\/\/live.staticflickr.com\/65535\/50516405683_7aaf833211_c.jpg"},{"@type":"BreadcrumbList","@id":"https:\/\/www.noticiasradioreflejos.com.ar\/2021\/recuerdan-la-importancia-de-la-vacunacion-para-el-ingreso-escolar-2021\/#breadcrumb","itemListElement":[{"@type":"ListItem","position":1,"name":"Portada","item":"https:\/\/www.noticiasradioreflejos.com.ar\/2021\/"},{"@type":"ListItem","position":2,"name":"Recuerdan la importancia de la vacunaci\u00f3n para el ingreso escolar 2021"}]},{"@type":"WebSite","@id":"https:\/\/www.noticiasradioreflejos.com.ar\/2021\/#website","url":"https:\/\/www.noticiasradioreflejos.com.ar\/2021\/","name":"Noticias Radio Reflejos","description":"Las noticias de mi comarca","potentialAction":[{"@type":"SearchAction","target":{"@type":"EntryPoint","urlTemplate":"https:\/\/www.noticiasradioreflejos.com.ar\/2021\/?s={search_term_string}"},"query-input":{"@type":"PropertyValueSpecification","valueRequired":true,"valueName":"search_term_string"}}],"inLanguage":"es"},{"@type":"Person","@id":"https:\/\/www.noticiasradioreflejos.com.ar\/2021\/#\/schema\/person\/ad82545263dcc5ec0996818884fd5fb1","name":"Arnaldo Botto","image":{"@type":"ImageObject","inLanguage":"es","@id":"https:\/\/www.noticiasradioreflejos.com.ar\/2021\/#\/schema\/person\/image\/","url":"https:\/\/secure.gravatar.com\/avatar\/55cb5e37c1efa326397366e6974cb338056df65cb50e7d64d1cf314e87504837?s=96&d=mm&r=g","contentUrl":"https:\/\/secure.gravatar.com\/avatar\/55cb5e37c1efa326397366e6974cb338056df65cb50e7d64d1cf314e87504837?s=96&d=mm&r=g","caption":"Arnaldo Botto"},"url":"https:\/\/www.noticiasradioreflejos.com.ar\/2021\/author\/arnaldo\/"}]}},"_links":{"self":[{"href":"https:\/\/www.noticiasradioreflejos.com.ar\/2021\/wp-json\/wp\/v2\/posts\/48436","targetHints":{"allow":["GET"]}}],"collection":[{"href":"https:\/\/www.noticiasradioreflejos.com.ar\/2021\/wp-json\/wp\/v2\/posts"}],"about":[{"href":"https:\/\/www.noticiasradioreflejos.com.ar\/2021\/wp-json\/wp\/v2\/types\/post"}],"author":[{"embeddable":true,"href":"https:\/\/www.noticiasradioreflejos.com.ar\/2021\/wp-json\/wp\/v2\/users\/3"}],"replies":[{"embeddable":true,"href":"https:\/\/www.noticiasradioreflejos.com.ar\/2021\/wp-json\/wp\/v2\/comments?post=48436"}],"version-history":[{"count":0,"href":"https:\/\/www.noticiasradioreflejos.com.ar\/2021\/wp-json\/wp\/v2\/posts\/48436\/revisions"}],"wp:attachment":[{"href":"https:\/\/www.noticiasradioreflejos.com.ar\/2021\/wp-json\/wp\/v2\/media?parent=48436"}],"wp:term":[{"taxonomy":"category","embeddable":true,"href":"https:\/\/www.noticiasradioreflejos.com.ar\/2021\/wp-json\/wp\/v2\/categories?post=48436"},{"taxonomy":"post_tag","embeddable":true,"href":"https:\/\/www.noticiasradioreflejos.com.ar\/2021\/wp-json\/wp\/v2\/tags?post=48436"}],"curies":[{"name":"wp","href":"https:\/\/api.w.org\/{rel}","templated":true}]}}