{"id":48434,"date":"2020-10-22T14:51:53","date_gmt":"2020-10-22T17:51:53","guid":{"rendered":"http:\/\/www.noticiasradioreflejos.com.ar\/noticias\/?p=48434"},"modified":"2020-10-22T14:51:53","modified_gmt":"2020-10-22T17:51:53","slug":"todo-lo-que-es-servicios-turisticos-tiene-su-protocolo-todo-estaria-habilitado-gustavo-sandobal","status":"publish","type":"post","link":"https:\/\/www.noticiasradioreflejos.com.ar\/2021\/todo-lo-que-es-servicios-turisticos-tiene-su-protocolo-todo-estaria-habilitado-gustavo-sandobal\/","title":{"rendered":"\u00abTodo lo que es servicios tur\u00edsticos tiene su protocolo. Todo estar\u00eda habilitado.\u00bb Gustavo Sandobal"},"content":{"rendered":"<p>Esta ma\u00f1ana conversamos con el Subsecretario de Turismo de Tornquist Municipio, <span style=\"color: #ff6600;\"><strong>Gustavo Sandobal<\/strong><\/span>. En esta nota, Gustavo detalla las novedades con respecto a la temporada estival. Charlamos sobre protocolos, permisos y actividades en funcionamiento para el verano.<!--more--><\/p>\n<p>\u00abEl martes anterior tuvimos una reuni\u00f3n con la subsecretaria de turismo de provincia que nos habia dicho que no iban a enviar protocolos para campings. Pero que cada municipio pod\u00eda elevar sus propios protocolos para ser aprobados\u00bb explic\u00f3 Gustavo la situaci\u00f3n de los campings en esta temporada. \u00abPasamos a jefatura de gabinete los protocolos para ver si este rubro puede trabajar en temporada. Hoy vamos a tener una reuni\u00f3n para ver las novedades\u00bb agreg\u00f3 al respecto.<\/p>\n<p>Cuando le preguntamos al director de turismo cu\u00e1les son los cambios que comprender\u00eda este protocolo, contest\u00f3: \u00abSe hace mucho hincapi\u00e9 en los ba\u00f1os, duchas y vestuarios. Estamos tratando de que los prestadores pongan turnos para que, entre medio, se haga alguna limpieza. Sabemos que va a ser engorroso pero queremos darle la posibilidad al rubro. El no ya lo tenemos\u00bb.<\/p>\n<p>Con respecto a las parrillas y paradores, Gustavo desarroll\u00f3 que se est\u00e1 elaborando un protocolo para lo que es balnearios, playas, r\u00edos y espacios p\u00fablicos enviado desde el Ministerio de la Provincia. \u00abSeguramente en la reuni\u00f3n de hoy vamos a tener alguna novedad con respecto a los protocolos bajados de Provincia, pero por el momento la \u00fanica actividad que no est\u00e1 habilitada son los campings\u00bb coment\u00f3. Tambi\u00e9n se refiri\u00f3 a las piletas y dijo que todas las piletas estar\u00edan habilitadas, inclusive las climatizadas.<\/p>\n<p>En cuanto a las actividades tur\u00edsticas que se pueden realizar en distintas estancias y en el Parque Provincial, Gustavo aclar\u00f3: \u00abTodo lo que es servicios tur\u00edsticos tiene su protocolo. Todo estar\u00eda habilitado. Estamos en contacto permanente para que en los pr\u00f3ximos d\u00edas tener una apertura de las \u00e1reas protegidas\u00bb.<\/p>\n<p>\u00abEsta la aplicaci\u00f3n <span style=\"color: #000080;\"><strong>CuidAr<\/strong><\/span>, donde van a tener que estar registrados para poder circular a partir del 1 de Diciembre\u00bb se refiri\u00f3 el Director de Turismo a los permisos que se requerir\u00e1n para visitar los destinos vacacionales durante la temporada estival.<\/p>\n<p>Finalmente, coment\u00f3 que se han recibido muchas consultas de gente que quiere venir a la comarca durante el verano a ra\u00edz de los comunicados de este Lunes, por lo que se estima que la temporada ser\u00eda buena.<\/p>\n<p>Nota completa a continuaci\u00f3n:<br \/>\n<iframe loading=\"lazy\" src=\"https:\/\/w.soundcloud.com\/player\/?url=https%3A\/\/api.soundcloud.com\/tracks\/916059056&amp;color=%23ff5500&amp;auto_play=false&amp;hide_related=false&amp;show_comments=true&amp;show_user=true&amp;show_reposts=false&amp;show_teaser=true\" width=\"100%\" height=\"166\" frameborder=\"no\" scrolling=\"no\"><\/iframe><\/p>\n<div style=\"font-size: 10px; color: #cccccc; line-break: anywhere; word-break: normal; overflow: hidden; white-space: nowrap; text-overflow: ellipsis; font-family: Interstate,Lucida Grande,Lucida Sans Unicode,Lucida Sans,Garuda,Verdana,Tahoma,sans-serif; font-weight: 100;\"><a style=\"color: #cccccc; text-decoration: none;\" title=\"fmreflejos 103.7\" href=\"https:\/\/soundcloud.com\/fmreflejos-103-7\" target=\"_blank\" rel=\"noopener\">fmreflejos 103.7<\/a> \u00b7 <a style=\"color: #cccccc; text-decoration: none;\" title=\"Nota Gustavo Sandobal\" href=\"https:\/\/soundcloud.com\/fmreflejos-103-7\/nota-gustavo-sandobal\" target=\"_blank\" rel=\"noopener\">Nota Gustavo Sandobal<\/a><\/div>\n","protected":false},"excerpt":{"rendered":"<p>Esta ma\u00f1ana conversamos con el Subsecretario de Turismo de Tornquist Municipio, Gustavo Sandobal. En esta nota, Gustavo detalla las novedades con respecto a la temporada estival. Charlamos sobre protocolos, permisos y actividades en funcionamiento para el verano.<\/p>\n","protected":false},"author":3,"featured_media":0,"comment_status":"closed","ping_status":"open","sticky":false,"template":"","format":"standard","meta":{"footnotes":""},"categories":[33],"tags":[],"class_list":["post-48434","post","type-post","status-publish","format-standard","hentry","category-turismo"],"yoast_head":"<!-- This site is optimized with the Yoast SEO plugin v25.9 - https:\/\/yoast.com\/wordpress\/plugins\/seo\/ -->\n<title>&quot;Todo lo que es servicios tur\u00edsticos tiene su protocolo. Todo estar\u00eda habilitado.&quot; Gustavo Sandobal - Noticias Radio Reflejos<\/title>\n<meta name=\"robots\" content=\"index, follow, max-snippet:-1, max-image-preview:large, max-video-preview:-1\" \/>\n<link rel=\"canonical\" href=\"https:\/\/www.noticiasradioreflejos.com.ar\/2021\/todo-lo-que-es-servicios-turisticos-tiene-su-protocolo-todo-estaria-habilitado-gustavo-sandobal\/\" \/>\n<meta property=\"og:locale\" content=\"es_ES\" \/>\n<meta property=\"og:type\" content=\"article\" \/>\n<meta property=\"og:title\" content=\"&quot;Todo lo que es servicios tur\u00edsticos tiene su protocolo. Todo estar\u00eda habilitado.&quot; Gustavo Sandobal - Noticias Radio Reflejos\" \/>\n<meta property=\"og:description\" content=\"Esta ma\u00f1ana conversamos con el Subsecretario de Turismo de Tornquist Municipio, Gustavo Sandobal. En esta nota, Gustavo detalla las novedades con respecto a la temporada estival. Charlamos sobre protocolos, permisos y actividades en funcionamiento para el verano.\" \/>\n<meta property=\"og:url\" content=\"https:\/\/www.noticiasradioreflejos.com.ar\/2021\/todo-lo-que-es-servicios-turisticos-tiene-su-protocolo-todo-estaria-habilitado-gustavo-sandobal\/\" \/>\n<meta property=\"og:site_name\" content=\"Noticias Radio Reflejos\" \/>\n<meta property=\"article:published_time\" content=\"2020-10-22T17:51:53+00:00\" \/>\n<meta property=\"og:image\" content=\"https:\/\/www.noticiasradioreflejos.com.ar\/2021\/wp-content\/uploads\/2021\/07\/logosol300x200.png\" \/>\n\t<meta property=\"og:image:width\" content=\"300\" \/>\n\t<meta property=\"og:image:height\" content=\"200\" \/>\n\t<meta property=\"og:image:type\" content=\"image\/png\" \/>\n<meta name=\"author\" content=\"Arnaldo Botto\" \/>\n<meta name=\"twitter:card\" content=\"summary_large_image\" \/>\n<script type=\"application\/ld+json\" class=\"yoast-schema-graph\">{\"@context\":\"https:\/\/schema.org\",\"@graph\":[{\"@type\":\"WebPage\",\"@id\":\"https:\/\/www.noticiasradioreflejos.com.ar\/2021\/todo-lo-que-es-servicios-turisticos-tiene-su-protocolo-todo-estaria-habilitado-gustavo-sandobal\/\",\"url\":\"https:\/\/www.noticiasradioreflejos.com.ar\/2021\/todo-lo-que-es-servicios-turisticos-tiene-su-protocolo-todo-estaria-habilitado-gustavo-sandobal\/\",\"name\":\"\\\"Todo lo que es servicios tur\u00edsticos tiene su protocolo. Todo estar\u00eda habilitado.\\\" Gustavo Sandobal - Noticias Radio Reflejos\",\"isPartOf\":{\"@id\":\"https:\/\/www.noticiasradioreflejos.com.ar\/2021\/#website\"},\"datePublished\":\"2020-10-22T17:51:53+00:00\",\"author\":{\"@id\":\"https:\/\/www.noticiasradioreflejos.com.ar\/2021\/#\/schema\/person\/ad82545263dcc5ec0996818884fd5fb1\"},\"breadcrumb\":{\"@id\":\"https:\/\/www.noticiasradioreflejos.com.ar\/2021\/todo-lo-que-es-servicios-turisticos-tiene-su-protocolo-todo-estaria-habilitado-gustavo-sandobal\/#breadcrumb\"},\"inLanguage\":\"es\",\"potentialAction\":[{\"@type\":\"ReadAction\",\"target\":[\"https:\/\/www.noticiasradioreflejos.com.ar\/2021\/todo-lo-que-es-servicios-turisticos-tiene-su-protocolo-todo-estaria-habilitado-gustavo-sandobal\/\"]}]},{\"@type\":\"BreadcrumbList\",\"@id\":\"https:\/\/www.noticiasradioreflejos.com.ar\/2021\/todo-lo-que-es-servicios-turisticos-tiene-su-protocolo-todo-estaria-habilitado-gustavo-sandobal\/#breadcrumb\",\"itemListElement\":[{\"@type\":\"ListItem\",\"position\":1,\"name\":\"Portada\",\"item\":\"https:\/\/www.noticiasradioreflejos.com.ar\/2021\/\"},{\"@type\":\"ListItem\",\"position\":2,\"name\":\"\u00abTodo lo que es servicios tur\u00edsticos tiene su protocolo. Todo estar\u00eda habilitado.\u00bb Gustavo Sandobal\"}]},{\"@type\":\"WebSite\",\"@id\":\"https:\/\/www.noticiasradioreflejos.com.ar\/2021\/#website\",\"url\":\"https:\/\/www.noticiasradioreflejos.com.ar\/2021\/\",\"name\":\"Noticias Radio Reflejos\",\"description\":\"Las noticias de mi comarca\",\"potentialAction\":[{\"@type\":\"SearchAction\",\"target\":{\"@type\":\"EntryPoint\",\"urlTemplate\":\"https:\/\/www.noticiasradioreflejos.com.ar\/2021\/?s={search_term_string}\"},\"query-input\":{\"@type\":\"PropertyValueSpecification\",\"valueRequired\":true,\"valueName\":\"search_term_string\"}}],\"inLanguage\":\"es\"},{\"@type\":\"Person\",\"@id\":\"https:\/\/www.noticiasradioreflejos.com.ar\/2021\/#\/schema\/person\/ad82545263dcc5ec0996818884fd5fb1\",\"name\":\"Arnaldo Botto\",\"image\":{\"@type\":\"ImageObject\",\"inLanguage\":\"es\",\"@id\":\"https:\/\/www.noticiasradioreflejos.com.ar\/2021\/#\/schema\/person\/image\/\",\"url\":\"https:\/\/secure.gravatar.com\/avatar\/55cb5e37c1efa326397366e6974cb338056df65cb50e7d64d1cf314e87504837?s=96&d=mm&r=g\",\"contentUrl\":\"https:\/\/secure.gravatar.com\/avatar\/55cb5e37c1efa326397366e6974cb338056df65cb50e7d64d1cf314e87504837?s=96&d=mm&r=g\",\"caption\":\"Arnaldo Botto\"},\"url\":\"https:\/\/www.noticiasradioreflejos.com.ar\/2021\/author\/arnaldo\/\"}]}<\/script>\n<!-- \/ Yoast SEO plugin. -->","yoast_head_json":{"title":"\"Todo lo que es servicios tur\u00edsticos tiene su protocolo. Todo estar\u00eda habilitado.\" Gustavo Sandobal - Noticias Radio Reflejos","robots":{"index":"index","follow":"follow","max-snippet":"max-snippet:-1","max-image-preview":"max-image-preview:large","max-video-preview":"max-video-preview:-1"},"canonical":"https:\/\/www.noticiasradioreflejos.com.ar\/2021\/todo-lo-que-es-servicios-turisticos-tiene-su-protocolo-todo-estaria-habilitado-gustavo-sandobal\/","og_locale":"es_ES","og_type":"article","og_title":"\"Todo lo que es servicios tur\u00edsticos tiene su protocolo. Todo estar\u00eda habilitado.\" Gustavo Sandobal - Noticias Radio Reflejos","og_description":"Esta ma\u00f1ana conversamos con el Subsecretario de Turismo de Tornquist Municipio, Gustavo Sandobal. En esta nota, Gustavo detalla las novedades con respecto a la temporada estival. Charlamos sobre protocolos, permisos y actividades en funcionamiento para el verano.","og_url":"https:\/\/www.noticiasradioreflejos.com.ar\/2021\/todo-lo-que-es-servicios-turisticos-tiene-su-protocolo-todo-estaria-habilitado-gustavo-sandobal\/","og_site_name":"Noticias Radio Reflejos","article_published_time":"2020-10-22T17:51:53+00:00","og_image":[{"width":300,"height":200,"url":"https:\/\/www.noticiasradioreflejos.com.ar\/2021\/wp-content\/uploads\/2021\/07\/logosol300x200.png","type":"image\/png"}],"author":"Arnaldo Botto","twitter_card":"summary_large_image","schema":{"@context":"https:\/\/schema.org","@graph":[{"@type":"WebPage","@id":"https:\/\/www.noticiasradioreflejos.com.ar\/2021\/todo-lo-que-es-servicios-turisticos-tiene-su-protocolo-todo-estaria-habilitado-gustavo-sandobal\/","url":"https:\/\/www.noticiasradioreflejos.com.ar\/2021\/todo-lo-que-es-servicios-turisticos-tiene-su-protocolo-todo-estaria-habilitado-gustavo-sandobal\/","name":"\"Todo lo que es servicios tur\u00edsticos tiene su protocolo. Todo estar\u00eda habilitado.\" Gustavo Sandobal - Noticias Radio Reflejos","isPartOf":{"@id":"https:\/\/www.noticiasradioreflejos.com.ar\/2021\/#website"},"datePublished":"2020-10-22T17:51:53+00:00","author":{"@id":"https:\/\/www.noticiasradioreflejos.com.ar\/2021\/#\/schema\/person\/ad82545263dcc5ec0996818884fd5fb1"},"breadcrumb":{"@id":"https:\/\/www.noticiasradioreflejos.com.ar\/2021\/todo-lo-que-es-servicios-turisticos-tiene-su-protocolo-todo-estaria-habilitado-gustavo-sandobal\/#breadcrumb"},"inLanguage":"es","potentialAction":[{"@type":"ReadAction","target":["https:\/\/www.noticiasradioreflejos.com.ar\/2021\/todo-lo-que-es-servicios-turisticos-tiene-su-protocolo-todo-estaria-habilitado-gustavo-sandobal\/"]}]},{"@type":"BreadcrumbList","@id":"https:\/\/www.noticiasradioreflejos.com.ar\/2021\/todo-lo-que-es-servicios-turisticos-tiene-su-protocolo-todo-estaria-habilitado-gustavo-sandobal\/#breadcrumb","itemListElement":[{"@type":"ListItem","position":1,"name":"Portada","item":"https:\/\/www.noticiasradioreflejos.com.ar\/2021\/"},{"@type":"ListItem","position":2,"name":"\u00abTodo lo que es servicios tur\u00edsticos tiene su protocolo. Todo estar\u00eda habilitado.\u00bb Gustavo Sandobal"}]},{"@type":"WebSite","@id":"https:\/\/www.noticiasradioreflejos.com.ar\/2021\/#website","url":"https:\/\/www.noticiasradioreflejos.com.ar\/2021\/","name":"Noticias Radio Reflejos","description":"Las noticias de mi comarca","potentialAction":[{"@type":"SearchAction","target":{"@type":"EntryPoint","urlTemplate":"https:\/\/www.noticiasradioreflejos.com.ar\/2021\/?s={search_term_string}"},"query-input":{"@type":"PropertyValueSpecification","valueRequired":true,"valueName":"search_term_string"}}],"inLanguage":"es"},{"@type":"Person","@id":"https:\/\/www.noticiasradioreflejos.com.ar\/2021\/#\/schema\/person\/ad82545263dcc5ec0996818884fd5fb1","name":"Arnaldo Botto","image":{"@type":"ImageObject","inLanguage":"es","@id":"https:\/\/www.noticiasradioreflejos.com.ar\/2021\/#\/schema\/person\/image\/","url":"https:\/\/secure.gravatar.com\/avatar\/55cb5e37c1efa326397366e6974cb338056df65cb50e7d64d1cf314e87504837?s=96&d=mm&r=g","contentUrl":"https:\/\/secure.gravatar.com\/avatar\/55cb5e37c1efa326397366e6974cb338056df65cb50e7d64d1cf314e87504837?s=96&d=mm&r=g","caption":"Arnaldo Botto"},"url":"https:\/\/www.noticiasradioreflejos.com.ar\/2021\/author\/arnaldo\/"}]}},"_links":{"self":[{"href":"https:\/\/www.noticiasradioreflejos.com.ar\/2021\/wp-json\/wp\/v2\/posts\/48434","targetHints":{"allow":["GET"]}}],"collection":[{"href":"https:\/\/www.noticiasradioreflejos.com.ar\/2021\/wp-json\/wp\/v2\/posts"}],"about":[{"href":"https:\/\/www.noticiasradioreflejos.com.ar\/2021\/wp-json\/wp\/v2\/types\/post"}],"author":[{"embeddable":true,"href":"https:\/\/www.noticiasradioreflejos.com.ar\/2021\/wp-json\/wp\/v2\/users\/3"}],"replies":[{"embeddable":true,"href":"https:\/\/www.noticiasradioreflejos.com.ar\/2021\/wp-json\/wp\/v2\/comments?post=48434"}],"version-history":[{"count":0,"href":"https:\/\/www.noticiasradioreflejos.com.ar\/2021\/wp-json\/wp\/v2\/posts\/48434\/revisions"}],"wp:attachment":[{"href":"https:\/\/www.noticiasradioreflejos.com.ar\/2021\/wp-json\/wp\/v2\/media?parent=48434"}],"wp:term":[{"taxonomy":"category","embeddable":true,"href":"https:\/\/www.noticiasradioreflejos.com.ar\/2021\/wp-json\/wp\/v2\/categories?post=48434"},{"taxonomy":"post_tag","embeddable":true,"href":"https:\/\/www.noticiasradioreflejos.com.ar\/2021\/wp-json\/wp\/v2\/tags?post=48434"}],"curies":[{"name":"wp","href":"https:\/\/api.w.org\/{rel}","templated":true}]}}