{"id":48430,"date":"2020-10-22T13:12:52","date_gmt":"2020-10-22T16:12:52","guid":{"rendered":"http:\/\/www.noticiasradioreflejos.com.ar\/noticias\/?p=48430"},"modified":"2020-10-22T13:12:52","modified_gmt":"2020-10-22T16:12:52","slug":"intensas-programa-del-2210","status":"publish","type":"post","link":"https:\/\/www.noticiasradioreflejos.com.ar\/2021\/intensas-programa-del-2210\/","title":{"rendered":"Intensas &#8211; programa del 22\/10"},"content":{"rendered":"<p>En el mes de la lucha contra el c\u00e1ncer de mama, conversamos con la ginec\u00f3loga Cecilia Capelli, quien nos informa sobre c\u00f3mo prevenir la enfermedad y qu\u00e9 hacer si tenes s\u00edntomas. Adem\u00e1s, en el programa compartimos un poco de la informaci\u00f3n que difunde el Ministerio de las Mujeres, pol\u00edtica de g\u00e9nero y diversidad sexual.<!--more--><\/p>\n<p>\u00abEl c\u00e1ncer de mama es el c\u00e1ncer m\u00e1s com\u00fan en la mujer y Argentina es el pa\u00eds donde tiene m\u00e1s incidencia. 1 de cada 8 mujeres tendr\u00e1 c\u00e1ncer de mama y muere 1 de cada 37 mujeres por c\u00e1ncer de mama\u00bb explic\u00f3 la ginec\u00f3loga.<\/p>\n<p>En cuanto a los s\u00edntomas m\u00e1s frecuentes de la enfermedad por los que las mujeres deber\u00edan consultar al m\u00e9dico son:<br \/>\n&#8211; Dolor en las mamas<br \/>\n&#8211; N\u00f3dulos palpables<br \/>\n&#8211; Derrames por pez\u00f3n<br \/>\n&#8211; Enrojecimiento de la mama<br \/>\n&#8211; Retracci\u00f3n en la piel<br \/>\n&#8211; Costras o \u00falseras<br \/>\n&#8211; Bultos a nivel axilar<\/p>\n<p>\u00abExiste una etapa subcl\u00ednica de la enfermedad en la cual ni el ex\u00e1men mamario ni el del m\u00e9dico lo pueden detectar. Por eso es que existen las ecograf\u00edas mamarias y las mamograf\u00edas para detectar antes de tener el bulto\u00bb aclar\u00f3 Cecilia la importancia de realizarse los estudios correspondientes para prevenir el c\u00e1ncer de mama.<\/p>\n<p>Una vez que la mujer tiene alg\u00fan n\u00f3dulo, lo primero que se debe hacer es una biopsia para diagnosticar y as\u00ed dar con el tratamiento adecuado. Entre los tratamientos que se pueden hacer estan las cirug\u00edas con radioterapia o quimioterapia. \u00abCuanto antes se detecte mucho mejor es el pron\u00f3stico y la curaci\u00f3n\u00bb expres\u00f3 Cecilia.<\/p>\n<p>En nuestro distrito se realizan las mamograf\u00edas en el Hospital de Tornquist, y tanto en Tornquist, como en Saldungaray y Sierra de la Ventana, est\u00e1n las instituciones m\u00e9dicas a disposici\u00f3n de todas las mujeres que quieran consultar para hacer los controles. \u00abConviene hacer los controles a partir de los 40 a\u00f1os, pero es importante que sepan el historial familiar\u00bb.<\/p>\n<p>Programa completo a continuaci\u00f3n:<br \/>\n<iframe loading=\"lazy\" src=\"https:\/\/w.soundcloud.com\/player\/?url=https%3A\/\/api.soundcloud.com\/tracks\/915987337&amp;color=%23ff5500&amp;auto_play=false&amp;hide_related=false&amp;show_comments=true&amp;show_user=true&amp;show_reposts=false&amp;show_teaser=true\" width=\"100%\" height=\"166\" frameborder=\"no\" scrolling=\"no\"><\/iframe><\/p>\n<div style=\"font-size: 10px; color: #cccccc; line-break: anywhere; word-break: normal; overflow: hidden; white-space: nowrap; text-overflow: ellipsis; font-family: Interstate,Lucida Grande,Lucida Sans Unicode,Lucida Sans,Garuda,Verdana,Tahoma,sans-serif; font-weight: 100;\"><a style=\"color: #cccccc; text-decoration: none;\" title=\"fmreflejos 103.7\" href=\"https:\/\/soundcloud.com\/fmreflejos-103-7\" target=\"_blank\" rel=\"noopener\">fmreflejos 103.7<\/a> \u00b7 <a style=\"color: #cccccc; text-decoration: none;\" title=\"Intensas - 22 - 10 - 2020\" href=\"https:\/\/soundcloud.com\/fmreflejos-103-7\/intensas-22-10-2020\" target=\"_blank\" rel=\"noopener\">Intensas &#8211; 22 &#8211; 10 &#8211; 2020<\/a><\/div>\n","protected":false},"excerpt":{"rendered":"<p>En el mes de la lucha contra el c\u00e1ncer de mama, conversamos con la ginec\u00f3loga Cecilia Capelli, quien nos informa sobre c\u00f3mo prevenir la enfermedad y qu\u00e9 hacer si tenes s\u00edntomas. Adem\u00e1s, en el programa compartimos un poco de la informaci\u00f3n que difunde el Ministerio de las Mujeres, pol\u00edtica de g\u00e9nero y diversidad sexual.<\/p>\n","protected":false},"author":3,"featured_media":0,"comment_status":"closed","ping_status":"open","sticky":false,"template":"","format":"standard","meta":{"footnotes":""},"categories":[31],"tags":[],"class_list":["post-48430","post","type-post","status-publish","format-standard","hentry","category-programas"],"yoast_head":"<!-- This site is optimized with the Yoast SEO plugin v25.9 - https:\/\/yoast.com\/wordpress\/plugins\/seo\/ -->\n<title>Intensas - programa del 22\/10 - Noticias Radio Reflejos<\/title>\n<meta name=\"robots\" content=\"index, follow, max-snippet:-1, max-image-preview:large, max-video-preview:-1\" \/>\n<link rel=\"canonical\" href=\"https:\/\/www.noticiasradioreflejos.com.ar\/2021\/intensas-programa-del-2210\/\" \/>\n<meta property=\"og:locale\" content=\"es_ES\" \/>\n<meta property=\"og:type\" content=\"article\" \/>\n<meta property=\"og:title\" content=\"Intensas - programa del 22\/10 - Noticias Radio Reflejos\" \/>\n<meta property=\"og:description\" content=\"En el mes de la lucha contra el c\u00e1ncer de mama, conversamos con la ginec\u00f3loga Cecilia Capelli, quien nos informa sobre c\u00f3mo prevenir la enfermedad y qu\u00e9 hacer si tenes s\u00edntomas. Adem\u00e1s, en el programa compartimos un poco de la informaci\u00f3n que difunde el Ministerio de las Mujeres, pol\u00edtica de g\u00e9nero y diversidad sexual.\" \/>\n<meta property=\"og:url\" content=\"https:\/\/www.noticiasradioreflejos.com.ar\/2021\/intensas-programa-del-2210\/\" \/>\n<meta property=\"og:site_name\" content=\"Noticias Radio Reflejos\" \/>\n<meta property=\"article:published_time\" content=\"2020-10-22T16:12:52+00:00\" \/>\n<meta property=\"og:image\" content=\"https:\/\/www.noticiasradioreflejos.com.ar\/2021\/wp-content\/uploads\/2021\/07\/logosol300x200.png\" \/>\n\t<meta property=\"og:image:width\" content=\"300\" \/>\n\t<meta property=\"og:image:height\" content=\"200\" \/>\n\t<meta property=\"og:image:type\" content=\"image\/png\" \/>\n<meta name=\"author\" content=\"Arnaldo Botto\" \/>\n<meta name=\"twitter:card\" content=\"summary_large_image\" \/>\n<script type=\"application\/ld+json\" class=\"yoast-schema-graph\">{\"@context\":\"https:\/\/schema.org\",\"@graph\":[{\"@type\":\"WebPage\",\"@id\":\"https:\/\/www.noticiasradioreflejos.com.ar\/2021\/intensas-programa-del-2210\/\",\"url\":\"https:\/\/www.noticiasradioreflejos.com.ar\/2021\/intensas-programa-del-2210\/\",\"name\":\"Intensas - programa del 22\/10 - Noticias Radio Reflejos\",\"isPartOf\":{\"@id\":\"https:\/\/www.noticiasradioreflejos.com.ar\/2021\/#website\"},\"datePublished\":\"2020-10-22T16:12:52+00:00\",\"author\":{\"@id\":\"https:\/\/www.noticiasradioreflejos.com.ar\/2021\/#\/schema\/person\/ad82545263dcc5ec0996818884fd5fb1\"},\"breadcrumb\":{\"@id\":\"https:\/\/www.noticiasradioreflejos.com.ar\/2021\/intensas-programa-del-2210\/#breadcrumb\"},\"inLanguage\":\"es\",\"potentialAction\":[{\"@type\":\"ReadAction\",\"target\":[\"https:\/\/www.noticiasradioreflejos.com.ar\/2021\/intensas-programa-del-2210\/\"]}]},{\"@type\":\"BreadcrumbList\",\"@id\":\"https:\/\/www.noticiasradioreflejos.com.ar\/2021\/intensas-programa-del-2210\/#breadcrumb\",\"itemListElement\":[{\"@type\":\"ListItem\",\"position\":1,\"name\":\"Portada\",\"item\":\"https:\/\/www.noticiasradioreflejos.com.ar\/2021\/\"},{\"@type\":\"ListItem\",\"position\":2,\"name\":\"Intensas &#8211; programa del 22\/10\"}]},{\"@type\":\"WebSite\",\"@id\":\"https:\/\/www.noticiasradioreflejos.com.ar\/2021\/#website\",\"url\":\"https:\/\/www.noticiasradioreflejos.com.ar\/2021\/\",\"name\":\"Noticias Radio Reflejos\",\"description\":\"Las noticias de mi comarca\",\"potentialAction\":[{\"@type\":\"SearchAction\",\"target\":{\"@type\":\"EntryPoint\",\"urlTemplate\":\"https:\/\/www.noticiasradioreflejos.com.ar\/2021\/?s={search_term_string}\"},\"query-input\":{\"@type\":\"PropertyValueSpecification\",\"valueRequired\":true,\"valueName\":\"search_term_string\"}}],\"inLanguage\":\"es\"},{\"@type\":\"Person\",\"@id\":\"https:\/\/www.noticiasradioreflejos.com.ar\/2021\/#\/schema\/person\/ad82545263dcc5ec0996818884fd5fb1\",\"name\":\"Arnaldo Botto\",\"image\":{\"@type\":\"ImageObject\",\"inLanguage\":\"es\",\"@id\":\"https:\/\/www.noticiasradioreflejos.com.ar\/2021\/#\/schema\/person\/image\/\",\"url\":\"https:\/\/secure.gravatar.com\/avatar\/55cb5e37c1efa326397366e6974cb338056df65cb50e7d64d1cf314e87504837?s=96&d=mm&r=g\",\"contentUrl\":\"https:\/\/secure.gravatar.com\/avatar\/55cb5e37c1efa326397366e6974cb338056df65cb50e7d64d1cf314e87504837?s=96&d=mm&r=g\",\"caption\":\"Arnaldo Botto\"},\"url\":\"https:\/\/www.noticiasradioreflejos.com.ar\/2021\/author\/arnaldo\/\"}]}<\/script>\n<!-- \/ Yoast SEO plugin. -->","yoast_head_json":{"title":"Intensas - programa del 22\/10 - Noticias Radio Reflejos","robots":{"index":"index","follow":"follow","max-snippet":"max-snippet:-1","max-image-preview":"max-image-preview:large","max-video-preview":"max-video-preview:-1"},"canonical":"https:\/\/www.noticiasradioreflejos.com.ar\/2021\/intensas-programa-del-2210\/","og_locale":"es_ES","og_type":"article","og_title":"Intensas - programa del 22\/10 - Noticias Radio Reflejos","og_description":"En el mes de la lucha contra el c\u00e1ncer de mama, conversamos con la ginec\u00f3loga Cecilia Capelli, quien nos informa sobre c\u00f3mo prevenir la enfermedad y qu\u00e9 hacer si tenes s\u00edntomas. Adem\u00e1s, en el programa compartimos un poco de la informaci\u00f3n que difunde el Ministerio de las Mujeres, pol\u00edtica de g\u00e9nero y diversidad sexual.","og_url":"https:\/\/www.noticiasradioreflejos.com.ar\/2021\/intensas-programa-del-2210\/","og_site_name":"Noticias Radio Reflejos","article_published_time":"2020-10-22T16:12:52+00:00","og_image":[{"width":300,"height":200,"url":"https:\/\/www.noticiasradioreflejos.com.ar\/2021\/wp-content\/uploads\/2021\/07\/logosol300x200.png","type":"image\/png"}],"author":"Arnaldo Botto","twitter_card":"summary_large_image","schema":{"@context":"https:\/\/schema.org","@graph":[{"@type":"WebPage","@id":"https:\/\/www.noticiasradioreflejos.com.ar\/2021\/intensas-programa-del-2210\/","url":"https:\/\/www.noticiasradioreflejos.com.ar\/2021\/intensas-programa-del-2210\/","name":"Intensas - programa del 22\/10 - Noticias Radio Reflejos","isPartOf":{"@id":"https:\/\/www.noticiasradioreflejos.com.ar\/2021\/#website"},"datePublished":"2020-10-22T16:12:52+00:00","author":{"@id":"https:\/\/www.noticiasradioreflejos.com.ar\/2021\/#\/schema\/person\/ad82545263dcc5ec0996818884fd5fb1"},"breadcrumb":{"@id":"https:\/\/www.noticiasradioreflejos.com.ar\/2021\/intensas-programa-del-2210\/#breadcrumb"},"inLanguage":"es","potentialAction":[{"@type":"ReadAction","target":["https:\/\/www.noticiasradioreflejos.com.ar\/2021\/intensas-programa-del-2210\/"]}]},{"@type":"BreadcrumbList","@id":"https:\/\/www.noticiasradioreflejos.com.ar\/2021\/intensas-programa-del-2210\/#breadcrumb","itemListElement":[{"@type":"ListItem","position":1,"name":"Portada","item":"https:\/\/www.noticiasradioreflejos.com.ar\/2021\/"},{"@type":"ListItem","position":2,"name":"Intensas &#8211; programa del 22\/10"}]},{"@type":"WebSite","@id":"https:\/\/www.noticiasradioreflejos.com.ar\/2021\/#website","url":"https:\/\/www.noticiasradioreflejos.com.ar\/2021\/","name":"Noticias Radio Reflejos","description":"Las noticias de mi comarca","potentialAction":[{"@type":"SearchAction","target":{"@type":"EntryPoint","urlTemplate":"https:\/\/www.noticiasradioreflejos.com.ar\/2021\/?s={search_term_string}"},"query-input":{"@type":"PropertyValueSpecification","valueRequired":true,"valueName":"search_term_string"}}],"inLanguage":"es"},{"@type":"Person","@id":"https:\/\/www.noticiasradioreflejos.com.ar\/2021\/#\/schema\/person\/ad82545263dcc5ec0996818884fd5fb1","name":"Arnaldo Botto","image":{"@type":"ImageObject","inLanguage":"es","@id":"https:\/\/www.noticiasradioreflejos.com.ar\/2021\/#\/schema\/person\/image\/","url":"https:\/\/secure.gravatar.com\/avatar\/55cb5e37c1efa326397366e6974cb338056df65cb50e7d64d1cf314e87504837?s=96&d=mm&r=g","contentUrl":"https:\/\/secure.gravatar.com\/avatar\/55cb5e37c1efa326397366e6974cb338056df65cb50e7d64d1cf314e87504837?s=96&d=mm&r=g","caption":"Arnaldo Botto"},"url":"https:\/\/www.noticiasradioreflejos.com.ar\/2021\/author\/arnaldo\/"}]}},"_links":{"self":[{"href":"https:\/\/www.noticiasradioreflejos.com.ar\/2021\/wp-json\/wp\/v2\/posts\/48430","targetHints":{"allow":["GET"]}}],"collection":[{"href":"https:\/\/www.noticiasradioreflejos.com.ar\/2021\/wp-json\/wp\/v2\/posts"}],"about":[{"href":"https:\/\/www.noticiasradioreflejos.com.ar\/2021\/wp-json\/wp\/v2\/types\/post"}],"author":[{"embeddable":true,"href":"https:\/\/www.noticiasradioreflejos.com.ar\/2021\/wp-json\/wp\/v2\/users\/3"}],"replies":[{"embeddable":true,"href":"https:\/\/www.noticiasradioreflejos.com.ar\/2021\/wp-json\/wp\/v2\/comments?post=48430"}],"version-history":[{"count":0,"href":"https:\/\/www.noticiasradioreflejos.com.ar\/2021\/wp-json\/wp\/v2\/posts\/48430\/revisions"}],"wp:attachment":[{"href":"https:\/\/www.noticiasradioreflejos.com.ar\/2021\/wp-json\/wp\/v2\/media?parent=48430"}],"wp:term":[{"taxonomy":"category","embeddable":true,"href":"https:\/\/www.noticiasradioreflejos.com.ar\/2021\/wp-json\/wp\/v2\/categories?post=48430"},{"taxonomy":"post_tag","embeddable":true,"href":"https:\/\/www.noticiasradioreflejos.com.ar\/2021\/wp-json\/wp\/v2\/tags?post=48430"}],"curies":[{"name":"wp","href":"https:\/\/api.w.org\/{rel}","templated":true}]}}