{"id":48427,"date":"2020-10-22T12:19:36","date_gmt":"2020-10-22T15:19:36","guid":{"rendered":"http:\/\/www.noticiasradioreflejos.com.ar\/noticias\/?p=48427"},"modified":"2020-10-22T12:19:36","modified_gmt":"2020-10-22T15:19:36","slug":"la-poblacion-joven-es-la-que-esta-hoy-en-terapia-intensiva-por-covid-en-neuquen","status":"publish","type":"post","link":"https:\/\/www.noticiasradioreflejos.com.ar\/2021\/la-poblacion-joven-es-la-que-esta-hoy-en-terapia-intensiva-por-covid-en-neuquen\/","title":{"rendered":"La poblaci\u00f3n joven es la que est\u00e1 hoy en terapia intensiva por covid en Neuqu\u00e9n"},"content":{"rendered":"<p>La jefa de la unidad del hospital Castro Rend\u00f3n explic\u00f3 que la mayor\u00eda de los pacientes ventilados tienen entre 40 y 55 a\u00f1os. La mortalidad es superior al 50%.<!--more--><\/p>\n<div class=\"swiper-fraction\"><\/div>\n<p><img decoding=\"async\" class=\"attachment-nota-gallery size-nota-gallery wp-post-image\" src=\"https:\/\/www.rionegro.com.ar\/wp-content\/uploads\/2020\/10\/ag-nqn-Unidad-covid-del-hospital-castro-rendon-uti-salto-2.jpg?w=920&amp;h=517&amp;resize=920,517\" alt=\"En el quinto piso se encuentran las personas con cuadros graves de coronavirus que requieren asistencia respiratoria mec\u00e1nica. Foto Florencia Salto.\" data-full=\"https:\/\/www.rionegro.com.ar\/wp-content\/uploads\/2020\/10\/ag-nqn-Unidad-covid-del-hospital-castro-rendon-uti-salto-2.jpg?w=920&amp;h=517&amp;crop=1\" data-width=\"920\" data-height=\"520\" \/><\/p>\n<p>En el quinto piso se encuentran las personas con cuadros graves de coronavirus que requieren asistencia respiratoria mec\u00e1nica. Foto Florencia Salto.<\/p>\n<div class=\"newsfull__body\">\n<p>\u201cLos pacientes que tenemos ventilados (con asistencia respiratoria mec\u00e1nica) en este momento en la UTI son poblaci\u00f3n joven,\u00a0<strong>son adultos mayores j\u00f3venes.<\/strong>\u00a0Tenemos un promedio de edad de sesenta a\u00f1os, y hemos tenido un rango de edad que va de los 18 a los 79 a\u00f1os. La mayor\u00eda est\u00e1 entre 40 y 55\u201d, explic\u00f3 la jefa de la Unidad Covid-19 del hospital Castro Rend\u00f3n, Silvia Alegr\u00eda.<\/p>\n<div class=\"wp-block-lazyblock-leer-mas lazyblock-leer-mas-cSAYc\"><\/div>\n<p>La profesional afirm\u00f3 que al principio de la pandemia los cuadros cr\u00edticos se presentaban en aquellas personas que ten\u00edan enfermedades previas, con cierta preeminencia en los varones. Hoy la situaci\u00f3n cambi\u00f3 producto de la fuerte transmisi\u00f3n comunitaria del virus, que en la provincia se registra en siete localidades.\u00a0<strong>\u201cHemos tenido sorpresivamente muchos pacientes j\u00f3venes sin comorbilidades\u201d<\/strong>, agreg\u00f3 la terapista.<\/p>\n<p>La UTI a su cargo es la m\u00e1s importante del sistema p\u00fablico de salud.\u00a0<strong>En marzo, cuando se mont\u00f3, ten\u00eda 49 camas, en la actualidad pas\u00f3 a 60. Hasta ayer a la ma\u00f1ana hab\u00eda 58 ocupadas.<\/strong><\/p>\n<p>La unidad abarca el quinto piso, donde est\u00e1n alojados los pacientes graves, el cuarto que pas\u00f3 a ser el sector de los moderados, y el primero. Adem\u00e1s se han adaptado otros espacios, por ejemplo para la atenci\u00f3n de pacientes embarazadas con covid (ver aparte).<\/p>\n<p><strong>\u201cPr\u00e1cticamente tenemos por d\u00eda 50 pacientes con respirador\u201d<\/strong>, dijo la m\u00e9dica.<\/p>\n<div class=\"wp-block-lazyblock-leer-mas lazyblock-leer-mas-1XsnyG\">\n<article class=\"news news--summary news--55-81\">\n<figure class=\"news__media\"><\/figure>\n<div class=\"news__data\"><\/div>\n<\/article>\n<\/div>\n<figure class=\"wp-block-image size-large\"><img loading=\"lazy\" decoding=\"async\" class=\"wp-image-1544766\" src=\"https:\/\/www.rionegro.com.ar\/wp-content\/uploads\/2020\/10\/Imagen-ag-nqn-Unidad-covid-del-hospital-c-11499442-1.jpg\" alt=\"\" width=\"3941\" height=\"2455\" \/><figcaption>El ambo amarillo es lo que distingue al personal de la Unidad Covid-19. Foto Florencia Salto.<\/figcaption><\/figure>\n<p>El tiempo de estad\u00eda es variable, de acuerdo a la complejidad del cuadro respiratorio. En las personas ventiladas el promedio es de 14 d\u00edas. \u201c<strong>Los que sobreviven a la asistencia respiratoria mec\u00e1nica son pacientes que han estado muy graves, con mucha medicaci\u00f3n, salen con una debilidad muy importante<\/strong>, y se prolonga en muchos casos la internaci\u00f3n porque requieren asistencia de kinesio, como una rehabilitaci\u00f3n neuromuscular y pulmonar\u201d, manifest\u00f3 Alegr\u00eda.<\/p>\n<p>Asegur\u00f3 que la mortalidad en personas cr\u00edticas \u201c<strong>es elevada, m\u00e1s del 50%, pero por supuesto que hay pacientes que han sobrevivido\u00a0<\/strong>y se han ido muy bien, y hay otros pacientes que sobreviven y quedan con secuelas pulmonares, o secuelas neuromusculares graves y necesitan rehabilitaci\u00f3n. No se sabe a largo plazo que va a pasar con esos pacientes. No hay experiencia todav\u00eda porque es una enfermedad nueva, no lleva ni siquiera un a\u00f1o, entonces no hay estudios a largo plazo sobre las afecciones que puedan llegar a tener\u201d.<\/p>\n<p>En cuanto a la situaci\u00f3n del plantel de salud indic\u00f3 que el\u00a0<strong>30% del personal m\u00e9dico de la UTI se ha contagiado.<\/strong>\u00a0\u201cPor suerte no hemos tenido formas graves, un solo profesional de cl\u00ednica m\u00e9dica hizo un cuadro grave de neumon\u00eda, el resto han sido cuadros leves y moderados\u201d, se\u00f1al\u00f3.<\/p>\n<p>Sostuvo que cuando comenz\u00f3 la emergencia eran pocos profesionales y ese \u201ces un n\u00famero que no se pudo aumentar justamente porque no existen los especialistas, un especialista en terapia intensiva tarda cuatro a\u00f1os en formarse. De golpe, todo el mundo necesita especialistas\u00bb.<\/p>\n<p>A\u00f1adi\u00f3: \u00abLo que nosotros tuvimos que hacer son equipos de trabajo donde estamos con m\u00e9dicos anestesi\u00f3logos, cardi\u00f3logos y terapistas de pediatr\u00eda y armamos equipos de trabajo que\u00a0<strong>lidera un especialista en terapia intensiva de adultos y coordina la actividad del resto<\/strong>, sino no podemos abarcar tantos pacientes. Aumentamos las camas m\u00e1s del 500%, lo que no se aument\u00f3 es el plantel m\u00e9dico.\u201d<\/p>\n<div class=\"wp-block-lazyblock-leer-mas lazyblock-leer-mas-Zchz5w\"><\/div>\n<div class=\"wp-block-lazyblock-datos lazyblock-datos-ZrwlH\">\n<div class=\"mod mod--datos\">\n<div class=\"mod__header\">\n<h3 class=\"mod__title\">El dato<\/h3>\n<h3 class=\"mod__title\">60 camas tiene disponible la UTI, que es la m\u00e1s importante del sistema p\u00fablico de salud. Ampli\u00f3 su capacidad, ya que cuando se inaugur\u00f3 contaba con 49: 39 para covid y 10 para no covid.<\/h3>\n<\/div>\n<\/div>\n<\/div>\n<div class=\"wp-block-lazyblock-subtitulo-h1 lazyblock-subtitulo-h1-Z2d8qxW\">\n<h1>La atenci\u00f3n a pacientes embarazadas con covid<\/h1>\n<\/div>\n<p>*La UTI del hospital Castro Rend\u00f3n no es el \u00fanico espacio en el que hay pacientes con covid. Seg\u00fan explic\u00f3 la terapista, Silvia Alegr\u00eda, tambi\u00e9n se\u00a0<strong>habilit\u00f3 un sector en pediatr\u00eda y en obstetricia,<\/strong>\u00a0especialmente adaptado.<\/p>\n<p>*All\u00ed est\u00e1n, por ejemplo, las pacientes embarazadas positivas que no requieren asistencia respiratoria mec\u00e1nica. Hasta la semana pasada, indic\u00f3 la profesional, hab\u00eda seis. Esto depende del departamento materno-infantil.<\/p>\n<p>*<strong>Actualmente en la UTI hay una persona cursando un embarazo.\u00a0<\/strong>\u201cLo que si vimos en este \u00faltimo tiempo es un aumento de esta poblaci\u00f3n, que no la ten\u00edamos al principio\u201d, afirm\u00f3 la m\u00e9dica. Lo vincul\u00f3 al creciente y sostenido n\u00famero de casos y al nivel de circulaci\u00f3n comunitaria del virus.<\/p>\n<p>*Aclar\u00f3 que en el caso de que se produzca un parto \u201clos beb\u00e9s nacen negativos, pero de todas maneras se genera un problema, porque si su mam\u00e1 es positiva necesitan un cuidador que se haga cargo de ese beb\u00e9, y a veces en la familia son todos positivos o no tienen posibilidades.\u201d<\/p>\n<\/div>\n","protected":false},"excerpt":{"rendered":"<p>La jefa de la unidad del hospital Castro Rend\u00f3n explic\u00f3 que la mayor\u00eda de los pacientes ventilados tienen entre 40 y 55 a\u00f1os. La mortalidad es superior al 50%.<\/p>\n","protected":false},"author":3,"featured_media":0,"comment_status":"closed","ping_status":"open","sticky":false,"template":"","format":"standard","meta":{"footnotes":""},"categories":[30],"tags":[],"class_list":["post-48427","post","type-post","status-publish","format-standard","hentry","category-salud"],"yoast_head":"<!-- This site is optimized with the Yoast SEO plugin v25.9 - https:\/\/yoast.com\/wordpress\/plugins\/seo\/ -->\n<title>La poblaci\u00f3n joven es la que est\u00e1 hoy en terapia intensiva por covid en Neuqu\u00e9n - Noticias Radio Reflejos<\/title>\n<meta name=\"robots\" content=\"index, follow, max-snippet:-1, max-image-preview:large, max-video-preview:-1\" \/>\n<link rel=\"canonical\" href=\"https:\/\/www.noticiasradioreflejos.com.ar\/2021\/la-poblacion-joven-es-la-que-esta-hoy-en-terapia-intensiva-por-covid-en-neuquen\/\" \/>\n<meta property=\"og:locale\" content=\"es_ES\" \/>\n<meta property=\"og:type\" content=\"article\" \/>\n<meta property=\"og:title\" content=\"La poblaci\u00f3n joven es la que est\u00e1 hoy en terapia intensiva por covid en Neuqu\u00e9n - Noticias Radio Reflejos\" \/>\n<meta property=\"og:description\" content=\"La jefa de la unidad del hospital Castro Rend\u00f3n explic\u00f3 que la mayor\u00eda de los pacientes ventilados tienen entre 40 y 55 a\u00f1os. La mortalidad es superior al 50%.\" \/>\n<meta property=\"og:url\" content=\"https:\/\/www.noticiasradioreflejos.com.ar\/2021\/la-poblacion-joven-es-la-que-esta-hoy-en-terapia-intensiva-por-covid-en-neuquen\/\" \/>\n<meta property=\"og:site_name\" content=\"Noticias Radio Reflejos\" \/>\n<meta property=\"article:published_time\" content=\"2020-10-22T15:19:36+00:00\" \/>\n<meta property=\"og:image\" content=\"https:\/\/www.rionegro.com.ar\/wp-content\/uploads\/2020\/10\/ag-nqn-Unidad-covid-del-hospital-castro-rendon-uti-salto-2.jpg?w=920&amp;h=517&amp;resize=920,517\" \/>\n<meta name=\"author\" content=\"Arnaldo Botto\" \/>\n<meta name=\"twitter:card\" content=\"summary_large_image\" \/>\n<script type=\"application\/ld+json\" class=\"yoast-schema-graph\">{\"@context\":\"https:\/\/schema.org\",\"@graph\":[{\"@type\":\"WebPage\",\"@id\":\"https:\/\/www.noticiasradioreflejos.com.ar\/2021\/la-poblacion-joven-es-la-que-esta-hoy-en-terapia-intensiva-por-covid-en-neuquen\/\",\"url\":\"https:\/\/www.noticiasradioreflejos.com.ar\/2021\/la-poblacion-joven-es-la-que-esta-hoy-en-terapia-intensiva-por-covid-en-neuquen\/\",\"name\":\"La poblaci\u00f3n joven es la que est\u00e1 hoy en terapia intensiva por covid en Neuqu\u00e9n - Noticias Radio Reflejos\",\"isPartOf\":{\"@id\":\"https:\/\/www.noticiasradioreflejos.com.ar\/2021\/#website\"},\"primaryImageOfPage\":{\"@id\":\"https:\/\/www.noticiasradioreflejos.com.ar\/2021\/la-poblacion-joven-es-la-que-esta-hoy-en-terapia-intensiva-por-covid-en-neuquen\/#primaryimage\"},\"image\":{\"@id\":\"https:\/\/www.noticiasradioreflejos.com.ar\/2021\/la-poblacion-joven-es-la-que-esta-hoy-en-terapia-intensiva-por-covid-en-neuquen\/#primaryimage\"},\"thumbnailUrl\":\"https:\/\/www.rionegro.com.ar\/wp-content\/uploads\/2020\/10\/ag-nqn-Unidad-covid-del-hospital-castro-rendon-uti-salto-2.jpg?w=920&amp;h=517&amp;resize=920,517\",\"datePublished\":\"2020-10-22T15:19:36+00:00\",\"author\":{\"@id\":\"https:\/\/www.noticiasradioreflejos.com.ar\/2021\/#\/schema\/person\/ad82545263dcc5ec0996818884fd5fb1\"},\"breadcrumb\":{\"@id\":\"https:\/\/www.noticiasradioreflejos.com.ar\/2021\/la-poblacion-joven-es-la-que-esta-hoy-en-terapia-intensiva-por-covid-en-neuquen\/#breadcrumb\"},\"inLanguage\":\"es\",\"potentialAction\":[{\"@type\":\"ReadAction\",\"target\":[\"https:\/\/www.noticiasradioreflejos.com.ar\/2021\/la-poblacion-joven-es-la-que-esta-hoy-en-terapia-intensiva-por-covid-en-neuquen\/\"]}]},{\"@type\":\"ImageObject\",\"inLanguage\":\"es\",\"@id\":\"https:\/\/www.noticiasradioreflejos.com.ar\/2021\/la-poblacion-joven-es-la-que-esta-hoy-en-terapia-intensiva-por-covid-en-neuquen\/#primaryimage\",\"url\":\"https:\/\/www.rionegro.com.ar\/wp-content\/uploads\/2020\/10\/ag-nqn-Unidad-covid-del-hospital-castro-rendon-uti-salto-2.jpg?w=920&amp;h=517&amp;resize=920,517\",\"contentUrl\":\"https:\/\/www.rionegro.com.ar\/wp-content\/uploads\/2020\/10\/ag-nqn-Unidad-covid-del-hospital-castro-rendon-uti-salto-2.jpg?w=920&amp;h=517&amp;resize=920,517\"},{\"@type\":\"BreadcrumbList\",\"@id\":\"https:\/\/www.noticiasradioreflejos.com.ar\/2021\/la-poblacion-joven-es-la-que-esta-hoy-en-terapia-intensiva-por-covid-en-neuquen\/#breadcrumb\",\"itemListElement\":[{\"@type\":\"ListItem\",\"position\":1,\"name\":\"Portada\",\"item\":\"https:\/\/www.noticiasradioreflejos.com.ar\/2021\/\"},{\"@type\":\"ListItem\",\"position\":2,\"name\":\"La poblaci\u00f3n joven es la que est\u00e1 hoy en terapia intensiva por covid en Neuqu\u00e9n\"}]},{\"@type\":\"WebSite\",\"@id\":\"https:\/\/www.noticiasradioreflejos.com.ar\/2021\/#website\",\"url\":\"https:\/\/www.noticiasradioreflejos.com.ar\/2021\/\",\"name\":\"Noticias Radio Reflejos\",\"description\":\"Las noticias de mi comarca\",\"potentialAction\":[{\"@type\":\"SearchAction\",\"target\":{\"@type\":\"EntryPoint\",\"urlTemplate\":\"https:\/\/www.noticiasradioreflejos.com.ar\/2021\/?s={search_term_string}\"},\"query-input\":{\"@type\":\"PropertyValueSpecification\",\"valueRequired\":true,\"valueName\":\"search_term_string\"}}],\"inLanguage\":\"es\"},{\"@type\":\"Person\",\"@id\":\"https:\/\/www.noticiasradioreflejos.com.ar\/2021\/#\/schema\/person\/ad82545263dcc5ec0996818884fd5fb1\",\"name\":\"Arnaldo Botto\",\"image\":{\"@type\":\"ImageObject\",\"inLanguage\":\"es\",\"@id\":\"https:\/\/www.noticiasradioreflejos.com.ar\/2021\/#\/schema\/person\/image\/\",\"url\":\"https:\/\/secure.gravatar.com\/avatar\/55cb5e37c1efa326397366e6974cb338056df65cb50e7d64d1cf314e87504837?s=96&d=mm&r=g\",\"contentUrl\":\"https:\/\/secure.gravatar.com\/avatar\/55cb5e37c1efa326397366e6974cb338056df65cb50e7d64d1cf314e87504837?s=96&d=mm&r=g\",\"caption\":\"Arnaldo Botto\"},\"url\":\"https:\/\/www.noticiasradioreflejos.com.ar\/2021\/author\/arnaldo\/\"}]}<\/script>\n<!-- \/ Yoast SEO plugin. -->","yoast_head_json":{"title":"La poblaci\u00f3n joven es la que est\u00e1 hoy en terapia intensiva por covid en Neuqu\u00e9n - Noticias Radio Reflejos","robots":{"index":"index","follow":"follow","max-snippet":"max-snippet:-1","max-image-preview":"max-image-preview:large","max-video-preview":"max-video-preview:-1"},"canonical":"https:\/\/www.noticiasradioreflejos.com.ar\/2021\/la-poblacion-joven-es-la-que-esta-hoy-en-terapia-intensiva-por-covid-en-neuquen\/","og_locale":"es_ES","og_type":"article","og_title":"La poblaci\u00f3n joven es la que est\u00e1 hoy en terapia intensiva por covid en Neuqu\u00e9n - Noticias Radio Reflejos","og_description":"La jefa de la unidad del hospital Castro Rend\u00f3n explic\u00f3 que la mayor\u00eda de los pacientes ventilados tienen entre 40 y 55 a\u00f1os. La mortalidad es superior al 50%.","og_url":"https:\/\/www.noticiasradioreflejos.com.ar\/2021\/la-poblacion-joven-es-la-que-esta-hoy-en-terapia-intensiva-por-covid-en-neuquen\/","og_site_name":"Noticias Radio Reflejos","article_published_time":"2020-10-22T15:19:36+00:00","og_image":[{"url":"https:\/\/www.rionegro.com.ar\/wp-content\/uploads\/2020\/10\/ag-nqn-Unidad-covid-del-hospital-castro-rendon-uti-salto-2.jpg?w=920&amp;h=517&amp;resize=920,517","type":"","width":"","height":""}],"author":"Arnaldo Botto","twitter_card":"summary_large_image","schema":{"@context":"https:\/\/schema.org","@graph":[{"@type":"WebPage","@id":"https:\/\/www.noticiasradioreflejos.com.ar\/2021\/la-poblacion-joven-es-la-que-esta-hoy-en-terapia-intensiva-por-covid-en-neuquen\/","url":"https:\/\/www.noticiasradioreflejos.com.ar\/2021\/la-poblacion-joven-es-la-que-esta-hoy-en-terapia-intensiva-por-covid-en-neuquen\/","name":"La poblaci\u00f3n joven es la que est\u00e1 hoy en terapia intensiva por covid en Neuqu\u00e9n - Noticias Radio Reflejos","isPartOf":{"@id":"https:\/\/www.noticiasradioreflejos.com.ar\/2021\/#website"},"primaryImageOfPage":{"@id":"https:\/\/www.noticiasradioreflejos.com.ar\/2021\/la-poblacion-joven-es-la-que-esta-hoy-en-terapia-intensiva-por-covid-en-neuquen\/#primaryimage"},"image":{"@id":"https:\/\/www.noticiasradioreflejos.com.ar\/2021\/la-poblacion-joven-es-la-que-esta-hoy-en-terapia-intensiva-por-covid-en-neuquen\/#primaryimage"},"thumbnailUrl":"https:\/\/www.rionegro.com.ar\/wp-content\/uploads\/2020\/10\/ag-nqn-Unidad-covid-del-hospital-castro-rendon-uti-salto-2.jpg?w=920&amp;h=517&amp;resize=920,517","datePublished":"2020-10-22T15:19:36+00:00","author":{"@id":"https:\/\/www.noticiasradioreflejos.com.ar\/2021\/#\/schema\/person\/ad82545263dcc5ec0996818884fd5fb1"},"breadcrumb":{"@id":"https:\/\/www.noticiasradioreflejos.com.ar\/2021\/la-poblacion-joven-es-la-que-esta-hoy-en-terapia-intensiva-por-covid-en-neuquen\/#breadcrumb"},"inLanguage":"es","potentialAction":[{"@type":"ReadAction","target":["https:\/\/www.noticiasradioreflejos.com.ar\/2021\/la-poblacion-joven-es-la-que-esta-hoy-en-terapia-intensiva-por-covid-en-neuquen\/"]}]},{"@type":"ImageObject","inLanguage":"es","@id":"https:\/\/www.noticiasradioreflejos.com.ar\/2021\/la-poblacion-joven-es-la-que-esta-hoy-en-terapia-intensiva-por-covid-en-neuquen\/#primaryimage","url":"https:\/\/www.rionegro.com.ar\/wp-content\/uploads\/2020\/10\/ag-nqn-Unidad-covid-del-hospital-castro-rendon-uti-salto-2.jpg?w=920&amp;h=517&amp;resize=920,517","contentUrl":"https:\/\/www.rionegro.com.ar\/wp-content\/uploads\/2020\/10\/ag-nqn-Unidad-covid-del-hospital-castro-rendon-uti-salto-2.jpg?w=920&amp;h=517&amp;resize=920,517"},{"@type":"BreadcrumbList","@id":"https:\/\/www.noticiasradioreflejos.com.ar\/2021\/la-poblacion-joven-es-la-que-esta-hoy-en-terapia-intensiva-por-covid-en-neuquen\/#breadcrumb","itemListElement":[{"@type":"ListItem","position":1,"name":"Portada","item":"https:\/\/www.noticiasradioreflejos.com.ar\/2021\/"},{"@type":"ListItem","position":2,"name":"La poblaci\u00f3n joven es la que est\u00e1 hoy en terapia intensiva por covid en Neuqu\u00e9n"}]},{"@type":"WebSite","@id":"https:\/\/www.noticiasradioreflejos.com.ar\/2021\/#website","url":"https:\/\/www.noticiasradioreflejos.com.ar\/2021\/","name":"Noticias Radio Reflejos","description":"Las noticias de mi comarca","potentialAction":[{"@type":"SearchAction","target":{"@type":"EntryPoint","urlTemplate":"https:\/\/www.noticiasradioreflejos.com.ar\/2021\/?s={search_term_string}"},"query-input":{"@type":"PropertyValueSpecification","valueRequired":true,"valueName":"search_term_string"}}],"inLanguage":"es"},{"@type":"Person","@id":"https:\/\/www.noticiasradioreflejos.com.ar\/2021\/#\/schema\/person\/ad82545263dcc5ec0996818884fd5fb1","name":"Arnaldo Botto","image":{"@type":"ImageObject","inLanguage":"es","@id":"https:\/\/www.noticiasradioreflejos.com.ar\/2021\/#\/schema\/person\/image\/","url":"https:\/\/secure.gravatar.com\/avatar\/55cb5e37c1efa326397366e6974cb338056df65cb50e7d64d1cf314e87504837?s=96&d=mm&r=g","contentUrl":"https:\/\/secure.gravatar.com\/avatar\/55cb5e37c1efa326397366e6974cb338056df65cb50e7d64d1cf314e87504837?s=96&d=mm&r=g","caption":"Arnaldo Botto"},"url":"https:\/\/www.noticiasradioreflejos.com.ar\/2021\/author\/arnaldo\/"}]}},"_links":{"self":[{"href":"https:\/\/www.noticiasradioreflejos.com.ar\/2021\/wp-json\/wp\/v2\/posts\/48427","targetHints":{"allow":["GET"]}}],"collection":[{"href":"https:\/\/www.noticiasradioreflejos.com.ar\/2021\/wp-json\/wp\/v2\/posts"}],"about":[{"href":"https:\/\/www.noticiasradioreflejos.com.ar\/2021\/wp-json\/wp\/v2\/types\/post"}],"author":[{"embeddable":true,"href":"https:\/\/www.noticiasradioreflejos.com.ar\/2021\/wp-json\/wp\/v2\/users\/3"}],"replies":[{"embeddable":true,"href":"https:\/\/www.noticiasradioreflejos.com.ar\/2021\/wp-json\/wp\/v2\/comments?post=48427"}],"version-history":[{"count":0,"href":"https:\/\/www.noticiasradioreflejos.com.ar\/2021\/wp-json\/wp\/v2\/posts\/48427\/revisions"}],"wp:attachment":[{"href":"https:\/\/www.noticiasradioreflejos.com.ar\/2021\/wp-json\/wp\/v2\/media?parent=48427"}],"wp:term":[{"taxonomy":"category","embeddable":true,"href":"https:\/\/www.noticiasradioreflejos.com.ar\/2021\/wp-json\/wp\/v2\/categories?post=48427"},{"taxonomy":"post_tag","embeddable":true,"href":"https:\/\/www.noticiasradioreflejos.com.ar\/2021\/wp-json\/wp\/v2\/tags?post=48427"}],"curies":[{"name":"wp","href":"https:\/\/api.w.org\/{rel}","templated":true}]}}