{"id":48419,"date":"2020-10-22T10:39:32","date_gmt":"2020-10-22T13:39:32","guid":{"rendered":"http:\/\/www.noticiasradioreflejos.com.ar\/noticias\/?p=48419"},"modified":"2020-10-22T10:39:32","modified_gmt":"2020-10-22T13:39:32","slug":"curso-de-liquidaciones-y-cobranzas-de-granos","status":"publish","type":"post","link":"https:\/\/www.noticiasradioreflejos.com.ar\/2021\/curso-de-liquidaciones-y-cobranzas-de-granos\/","title":{"rendered":"Curso de Liquidaciones y cobranzas de Granos"},"content":{"rendered":"<p>Est\u00e1 dirigido a estudiantes universitarios, profesionales graduados en Ciencias Econ\u00f3micas, Ingenieros Agr\u00f3nomos, Licenciados en Comercializaci\u00f3n, Productores agropecuarios y profesionales relacionados al agro.<!--more--><\/p>\n<blockquote>\n<div dir=\"ltr\"><center><\/p>\n<table id=\"m_544152578757739467m_6926582742722529087bodyTable\" border=\"0\" width=\"100%\" cellspacing=\"0\" cellpadding=\"0\" align=\"center\">\n<tbody>\n<tr>\n<td id=\"m_544152578757739467m_6926582742722529087bodyCell\" align=\"center\" valign=\"top\">\n<table border=\"0\" width=\"100%\" cellspacing=\"0\" cellpadding=\"0\">\n<tbody>\n<tr>\n<td id=\"m_544152578757739467m_6926582742722529087templateBody\" valign=\"top\">\n<table border=\"0\" width=\"100%\" cellspacing=\"0\" cellpadding=\"0\">\n<tbody>\n<tr>\n<td valign=\"top\">\n<table border=\"0\" width=\"100%\" cellspacing=\"0\" cellpadding=\"0\" align=\"left\">\n<tbody>\n<tr>\n<td valign=\"top\">Consultas a\u00a0<a href=\"mailto:capacitacion@bcp.org.ar\" target=\"_blank\" rel=\"noopener\">capacitacion@bcp.org.ar<\/a>\u00a0&#8211;\u00a0<a href=\"mailto:info@bcp.org.ar\" target=\"_blank\" rel=\"noopener\">info@bcp.org.ar<\/a><\/p>\n<p>Inscripciones\u00a0<a href=\"https:\/\/bcp.us20.list-manage.com\/track\/click?u=7932ddd02a5806c1f94d54bbc&amp;id=c06ee80402&amp;e=17558597c4\" target=\"_blank\" data-saferedirecturl=\"https:\/\/www.google.com\/url?q=https:\/\/bcp.us20.list-manage.com\/track\/click?u%3D7932ddd02a5806c1f94d54bbc%26id%3Dc06ee80402%26e%3D17558597c4&amp;source=gmail&amp;ust=1603458195139000&amp;usg=AFQjCNFB_94YBtmM5b084YxSw81RXgAjhA\" rel=\"noopener\">aqu\u00ed<\/a><\/td>\n<\/tr>\n<\/tbody>\n<\/table>\n<\/td>\n<\/tr>\n<\/tbody>\n<\/table>\n<table border=\"0\" width=\"100%\" cellspacing=\"0\" cellpadding=\"0\">\n<tbody>\n<tr>\n<td valign=\"top\">\n<table border=\"0\" width=\"100%\" cellspacing=\"0\" cellpadding=\"0\" align=\"left\">\n<tbody>\n<tr>\n<td valign=\"top\">\n<hr \/>\n<p><span style=\"font-family: Arial;\">Bolsa de Cereales y Productos de Bah\u00eda Blanca<br \/>\n54-291-4559520<br \/>\nSaavedra 636 &#8211; (B8000DDN) Bah\u00eda Blanca<br \/>\n<a href=\"https:\/\/bcp.us20.list-manage.com\/track\/click?u=7932ddd02a5806c1f94d54bbc&amp;id=33b5335149&amp;e=17558597c4\" target=\"_blank\" data-saferedirecturl=\"https:\/\/www.google.com\/url?q=https:\/\/bcp.us20.list-manage.com\/track\/click?u%3D7932ddd02a5806c1f94d54bbc%26id%3D33b5335149%26e%3D17558597c4&amp;source=gmail&amp;ust=1603458195139000&amp;usg=AFQjCNGL3s1nxAm2b_xfrzC8StNJFTM4Rw\" rel=\"noopener\">http:\/\/www.bcp.org.ar<\/a><\/span><\/p>\n<table width=\"100%\" cellspacing=\"0\" cellpadding=\"0\">\n<tbody>\n<tr>\n<td align=\"center\"><img decoding=\"async\" class=\"CToWUd\" src=\"https:\/\/ci6.googleusercontent.com\/proxy\/PM1PYBLR-ByTG9wZbdr8KkPFMU4XEnHkxHsi4v81c5CyhjJkP1JLI_Im9jmKLdb-TjWTdRpH-Vi0M280BWaoLBJi6cb1uwn8e9n2g6Tsyvi-DVs27jkOiTMR_-qNmg=s0-d-e1-ft#http:\/\/info.bcp.org.ar\/ArchivosPublicados\/Encabezado\/Bolsa2018\/ambiente.jpg\" alt=\"\" \/><\/td>\n<td><span style=\"color: #008000;\"><strong>Antes de imprimir piensa en tu responsabilidad con el medio ambiente<\/strong><\/span><\/td>\n<\/tr>\n<\/tbody>\n<\/table>\n<\/td>\n<\/tr>\n<\/tbody>\n<\/table>\n<\/td>\n<\/tr>\n<\/tbody>\n<\/table>\n<\/td>\n<\/tr>\n<\/tbody>\n<\/table>\n<\/td>\n<\/tr>\n<\/tbody>\n<\/table>\n<p><\/center><\/div>\n<\/blockquote>\n","protected":false},"excerpt":{"rendered":"<p>Est\u00e1 dirigido a estudiantes universitarios, profesionales graduados en Ciencias Econ\u00f3micas, Ingenieros Agr\u00f3nomos, Licenciados en Comercializaci\u00f3n, Productores agropecuarios y profesionales relacionados al agro.<\/p>\n","protected":false},"author":3,"featured_media":0,"comment_status":"closed","ping_status":"open","sticky":false,"template":"","format":"standard","meta":{"footnotes":""},"categories":[34],"tags":[],"class_list":["post-48419","post","type-post","status-publish","format-standard","hentry","category-educacion"],"yoast_head":"<!-- This site is optimized with the Yoast SEO plugin v25.9 - https:\/\/yoast.com\/wordpress\/plugins\/seo\/ -->\n<title>Curso de Liquidaciones y cobranzas de Granos - Noticias Radio Reflejos<\/title>\n<meta name=\"robots\" content=\"index, follow, max-snippet:-1, max-image-preview:large, max-video-preview:-1\" \/>\n<link rel=\"canonical\" href=\"https:\/\/www.noticiasradioreflejos.com.ar\/2021\/curso-de-liquidaciones-y-cobranzas-de-granos\/\" \/>\n<meta property=\"og:locale\" content=\"es_ES\" \/>\n<meta property=\"og:type\" content=\"article\" \/>\n<meta property=\"og:title\" content=\"Curso de Liquidaciones y cobranzas de Granos - Noticias Radio Reflejos\" \/>\n<meta property=\"og:description\" content=\"Est\u00e1 dirigido a estudiantes universitarios, profesionales graduados en Ciencias Econ\u00f3micas, Ingenieros Agr\u00f3nomos, Licenciados en Comercializaci\u00f3n, Productores agropecuarios y profesionales relacionados al agro.\" \/>\n<meta property=\"og:url\" content=\"https:\/\/www.noticiasradioreflejos.com.ar\/2021\/curso-de-liquidaciones-y-cobranzas-de-granos\/\" \/>\n<meta property=\"og:site_name\" content=\"Noticias Radio Reflejos\" \/>\n<meta property=\"article:published_time\" content=\"2020-10-22T13:39:32+00:00\" \/>\n<meta property=\"og:image\" content=\"https:\/\/ci6.googleusercontent.com\/proxy\/PM1PYBLR-ByTG9wZbdr8KkPFMU4XEnHkxHsi4v81c5CyhjJkP1JLI_Im9jmKLdb-TjWTdRpH-Vi0M280BWaoLBJi6cb1uwn8e9n2g6Tsyvi-DVs27jkOiTMR_-qNmg=s0-d-e1-ft#http:\/\/info.bcp.org.ar\/ArchivosPublicados\/Encabezado\/Bolsa2018\/ambiente.jpg\" \/>\n<meta name=\"author\" content=\"Arnaldo Botto\" \/>\n<meta name=\"twitter:card\" content=\"summary_large_image\" \/>\n<script type=\"application\/ld+json\" class=\"yoast-schema-graph\">{\"@context\":\"https:\/\/schema.org\",\"@graph\":[{\"@type\":\"WebPage\",\"@id\":\"https:\/\/www.noticiasradioreflejos.com.ar\/2021\/curso-de-liquidaciones-y-cobranzas-de-granos\/\",\"url\":\"https:\/\/www.noticiasradioreflejos.com.ar\/2021\/curso-de-liquidaciones-y-cobranzas-de-granos\/\",\"name\":\"Curso de Liquidaciones y cobranzas de Granos - Noticias Radio Reflejos\",\"isPartOf\":{\"@id\":\"https:\/\/www.noticiasradioreflejos.com.ar\/2021\/#website\"},\"primaryImageOfPage\":{\"@id\":\"https:\/\/www.noticiasradioreflejos.com.ar\/2021\/curso-de-liquidaciones-y-cobranzas-de-granos\/#primaryimage\"},\"image\":{\"@id\":\"https:\/\/www.noticiasradioreflejos.com.ar\/2021\/curso-de-liquidaciones-y-cobranzas-de-granos\/#primaryimage\"},\"thumbnailUrl\":\"https:\/\/ci6.googleusercontent.com\/proxy\/PM1PYBLR-ByTG9wZbdr8KkPFMU4XEnHkxHsi4v81c5CyhjJkP1JLI_Im9jmKLdb-TjWTdRpH-Vi0M280BWaoLBJi6cb1uwn8e9n2g6Tsyvi-DVs27jkOiTMR_-qNmg=s0-d-e1-ft#http:\/\/info.bcp.org.ar\/ArchivosPublicados\/Encabezado\/Bolsa2018\/ambiente.jpg\",\"datePublished\":\"2020-10-22T13:39:32+00:00\",\"author\":{\"@id\":\"https:\/\/www.noticiasradioreflejos.com.ar\/2021\/#\/schema\/person\/ad82545263dcc5ec0996818884fd5fb1\"},\"breadcrumb\":{\"@id\":\"https:\/\/www.noticiasradioreflejos.com.ar\/2021\/curso-de-liquidaciones-y-cobranzas-de-granos\/#breadcrumb\"},\"inLanguage\":\"es\",\"potentialAction\":[{\"@type\":\"ReadAction\",\"target\":[\"https:\/\/www.noticiasradioreflejos.com.ar\/2021\/curso-de-liquidaciones-y-cobranzas-de-granos\/\"]}]},{\"@type\":\"ImageObject\",\"inLanguage\":\"es\",\"@id\":\"https:\/\/www.noticiasradioreflejos.com.ar\/2021\/curso-de-liquidaciones-y-cobranzas-de-granos\/#primaryimage\",\"url\":\"https:\/\/ci6.googleusercontent.com\/proxy\/PM1PYBLR-ByTG9wZbdr8KkPFMU4XEnHkxHsi4v81c5CyhjJkP1JLI_Im9jmKLdb-TjWTdRpH-Vi0M280BWaoLBJi6cb1uwn8e9n2g6Tsyvi-DVs27jkOiTMR_-qNmg=s0-d-e1-ft#http:\/\/info.bcp.org.ar\/ArchivosPublicados\/Encabezado\/Bolsa2018\/ambiente.jpg\",\"contentUrl\":\"https:\/\/ci6.googleusercontent.com\/proxy\/PM1PYBLR-ByTG9wZbdr8KkPFMU4XEnHkxHsi4v81c5CyhjJkP1JLI_Im9jmKLdb-TjWTdRpH-Vi0M280BWaoLBJi6cb1uwn8e9n2g6Tsyvi-DVs27jkOiTMR_-qNmg=s0-d-e1-ft#http:\/\/info.bcp.org.ar\/ArchivosPublicados\/Encabezado\/Bolsa2018\/ambiente.jpg\"},{\"@type\":\"BreadcrumbList\",\"@id\":\"https:\/\/www.noticiasradioreflejos.com.ar\/2021\/curso-de-liquidaciones-y-cobranzas-de-granos\/#breadcrumb\",\"itemListElement\":[{\"@type\":\"ListItem\",\"position\":1,\"name\":\"Portada\",\"item\":\"https:\/\/www.noticiasradioreflejos.com.ar\/2021\/\"},{\"@type\":\"ListItem\",\"position\":2,\"name\":\"Curso de Liquidaciones y cobranzas de Granos\"}]},{\"@type\":\"WebSite\",\"@id\":\"https:\/\/www.noticiasradioreflejos.com.ar\/2021\/#website\",\"url\":\"https:\/\/www.noticiasradioreflejos.com.ar\/2021\/\",\"name\":\"Noticias Radio Reflejos\",\"description\":\"Las noticias de mi comarca\",\"potentialAction\":[{\"@type\":\"SearchAction\",\"target\":{\"@type\":\"EntryPoint\",\"urlTemplate\":\"https:\/\/www.noticiasradioreflejos.com.ar\/2021\/?s={search_term_string}\"},\"query-input\":{\"@type\":\"PropertyValueSpecification\",\"valueRequired\":true,\"valueName\":\"search_term_string\"}}],\"inLanguage\":\"es\"},{\"@type\":\"Person\",\"@id\":\"https:\/\/www.noticiasradioreflejos.com.ar\/2021\/#\/schema\/person\/ad82545263dcc5ec0996818884fd5fb1\",\"name\":\"Arnaldo Botto\",\"image\":{\"@type\":\"ImageObject\",\"inLanguage\":\"es\",\"@id\":\"https:\/\/www.noticiasradioreflejos.com.ar\/2021\/#\/schema\/person\/image\/\",\"url\":\"https:\/\/secure.gravatar.com\/avatar\/55cb5e37c1efa326397366e6974cb338056df65cb50e7d64d1cf314e87504837?s=96&d=mm&r=g\",\"contentUrl\":\"https:\/\/secure.gravatar.com\/avatar\/55cb5e37c1efa326397366e6974cb338056df65cb50e7d64d1cf314e87504837?s=96&d=mm&r=g\",\"caption\":\"Arnaldo Botto\"},\"url\":\"https:\/\/www.noticiasradioreflejos.com.ar\/2021\/author\/arnaldo\/\"}]}<\/script>\n<!-- \/ Yoast SEO plugin. -->","yoast_head_json":{"title":"Curso de Liquidaciones y cobranzas de Granos - Noticias Radio Reflejos","robots":{"index":"index","follow":"follow","max-snippet":"max-snippet:-1","max-image-preview":"max-image-preview:large","max-video-preview":"max-video-preview:-1"},"canonical":"https:\/\/www.noticiasradioreflejos.com.ar\/2021\/curso-de-liquidaciones-y-cobranzas-de-granos\/","og_locale":"es_ES","og_type":"article","og_title":"Curso de Liquidaciones y cobranzas de Granos - Noticias Radio Reflejos","og_description":"Est\u00e1 dirigido a estudiantes universitarios, profesionales graduados en Ciencias Econ\u00f3micas, Ingenieros Agr\u00f3nomos, Licenciados en Comercializaci\u00f3n, Productores agropecuarios y profesionales relacionados al agro.","og_url":"https:\/\/www.noticiasradioreflejos.com.ar\/2021\/curso-de-liquidaciones-y-cobranzas-de-granos\/","og_site_name":"Noticias Radio Reflejos","article_published_time":"2020-10-22T13:39:32+00:00","og_image":[{"url":"https:\/\/ci6.googleusercontent.com\/proxy\/PM1PYBLR-ByTG9wZbdr8KkPFMU4XEnHkxHsi4v81c5CyhjJkP1JLI_Im9jmKLdb-TjWTdRpH-Vi0M280BWaoLBJi6cb1uwn8e9n2g6Tsyvi-DVs27jkOiTMR_-qNmg=s0-d-e1-ft#http:\/\/info.bcp.org.ar\/ArchivosPublicados\/Encabezado\/Bolsa2018\/ambiente.jpg","type":"","width":"","height":""}],"author":"Arnaldo Botto","twitter_card":"summary_large_image","schema":{"@context":"https:\/\/schema.org","@graph":[{"@type":"WebPage","@id":"https:\/\/www.noticiasradioreflejos.com.ar\/2021\/curso-de-liquidaciones-y-cobranzas-de-granos\/","url":"https:\/\/www.noticiasradioreflejos.com.ar\/2021\/curso-de-liquidaciones-y-cobranzas-de-granos\/","name":"Curso de Liquidaciones y cobranzas de Granos - Noticias Radio Reflejos","isPartOf":{"@id":"https:\/\/www.noticiasradioreflejos.com.ar\/2021\/#website"},"primaryImageOfPage":{"@id":"https:\/\/www.noticiasradioreflejos.com.ar\/2021\/curso-de-liquidaciones-y-cobranzas-de-granos\/#primaryimage"},"image":{"@id":"https:\/\/www.noticiasradioreflejos.com.ar\/2021\/curso-de-liquidaciones-y-cobranzas-de-granos\/#primaryimage"},"thumbnailUrl":"https:\/\/ci6.googleusercontent.com\/proxy\/PM1PYBLR-ByTG9wZbdr8KkPFMU4XEnHkxHsi4v81c5CyhjJkP1JLI_Im9jmKLdb-TjWTdRpH-Vi0M280BWaoLBJi6cb1uwn8e9n2g6Tsyvi-DVs27jkOiTMR_-qNmg=s0-d-e1-ft#http:\/\/info.bcp.org.ar\/ArchivosPublicados\/Encabezado\/Bolsa2018\/ambiente.jpg","datePublished":"2020-10-22T13:39:32+00:00","author":{"@id":"https:\/\/www.noticiasradioreflejos.com.ar\/2021\/#\/schema\/person\/ad82545263dcc5ec0996818884fd5fb1"},"breadcrumb":{"@id":"https:\/\/www.noticiasradioreflejos.com.ar\/2021\/curso-de-liquidaciones-y-cobranzas-de-granos\/#breadcrumb"},"inLanguage":"es","potentialAction":[{"@type":"ReadAction","target":["https:\/\/www.noticiasradioreflejos.com.ar\/2021\/curso-de-liquidaciones-y-cobranzas-de-granos\/"]}]},{"@type":"ImageObject","inLanguage":"es","@id":"https:\/\/www.noticiasradioreflejos.com.ar\/2021\/curso-de-liquidaciones-y-cobranzas-de-granos\/#primaryimage","url":"https:\/\/ci6.googleusercontent.com\/proxy\/PM1PYBLR-ByTG9wZbdr8KkPFMU4XEnHkxHsi4v81c5CyhjJkP1JLI_Im9jmKLdb-TjWTdRpH-Vi0M280BWaoLBJi6cb1uwn8e9n2g6Tsyvi-DVs27jkOiTMR_-qNmg=s0-d-e1-ft#http:\/\/info.bcp.org.ar\/ArchivosPublicados\/Encabezado\/Bolsa2018\/ambiente.jpg","contentUrl":"https:\/\/ci6.googleusercontent.com\/proxy\/PM1PYBLR-ByTG9wZbdr8KkPFMU4XEnHkxHsi4v81c5CyhjJkP1JLI_Im9jmKLdb-TjWTdRpH-Vi0M280BWaoLBJi6cb1uwn8e9n2g6Tsyvi-DVs27jkOiTMR_-qNmg=s0-d-e1-ft#http:\/\/info.bcp.org.ar\/ArchivosPublicados\/Encabezado\/Bolsa2018\/ambiente.jpg"},{"@type":"BreadcrumbList","@id":"https:\/\/www.noticiasradioreflejos.com.ar\/2021\/curso-de-liquidaciones-y-cobranzas-de-granos\/#breadcrumb","itemListElement":[{"@type":"ListItem","position":1,"name":"Portada","item":"https:\/\/www.noticiasradioreflejos.com.ar\/2021\/"},{"@type":"ListItem","position":2,"name":"Curso de Liquidaciones y cobranzas de Granos"}]},{"@type":"WebSite","@id":"https:\/\/www.noticiasradioreflejos.com.ar\/2021\/#website","url":"https:\/\/www.noticiasradioreflejos.com.ar\/2021\/","name":"Noticias Radio Reflejos","description":"Las noticias de mi comarca","potentialAction":[{"@type":"SearchAction","target":{"@type":"EntryPoint","urlTemplate":"https:\/\/www.noticiasradioreflejos.com.ar\/2021\/?s={search_term_string}"},"query-input":{"@type":"PropertyValueSpecification","valueRequired":true,"valueName":"search_term_string"}}],"inLanguage":"es"},{"@type":"Person","@id":"https:\/\/www.noticiasradioreflejos.com.ar\/2021\/#\/schema\/person\/ad82545263dcc5ec0996818884fd5fb1","name":"Arnaldo Botto","image":{"@type":"ImageObject","inLanguage":"es","@id":"https:\/\/www.noticiasradioreflejos.com.ar\/2021\/#\/schema\/person\/image\/","url":"https:\/\/secure.gravatar.com\/avatar\/55cb5e37c1efa326397366e6974cb338056df65cb50e7d64d1cf314e87504837?s=96&d=mm&r=g","contentUrl":"https:\/\/secure.gravatar.com\/avatar\/55cb5e37c1efa326397366e6974cb338056df65cb50e7d64d1cf314e87504837?s=96&d=mm&r=g","caption":"Arnaldo Botto"},"url":"https:\/\/www.noticiasradioreflejos.com.ar\/2021\/author\/arnaldo\/"}]}},"_links":{"self":[{"href":"https:\/\/www.noticiasradioreflejos.com.ar\/2021\/wp-json\/wp\/v2\/posts\/48419","targetHints":{"allow":["GET"]}}],"collection":[{"href":"https:\/\/www.noticiasradioreflejos.com.ar\/2021\/wp-json\/wp\/v2\/posts"}],"about":[{"href":"https:\/\/www.noticiasradioreflejos.com.ar\/2021\/wp-json\/wp\/v2\/types\/post"}],"author":[{"embeddable":true,"href":"https:\/\/www.noticiasradioreflejos.com.ar\/2021\/wp-json\/wp\/v2\/users\/3"}],"replies":[{"embeddable":true,"href":"https:\/\/www.noticiasradioreflejos.com.ar\/2021\/wp-json\/wp\/v2\/comments?post=48419"}],"version-history":[{"count":0,"href":"https:\/\/www.noticiasradioreflejos.com.ar\/2021\/wp-json\/wp\/v2\/posts\/48419\/revisions"}],"wp:attachment":[{"href":"https:\/\/www.noticiasradioreflejos.com.ar\/2021\/wp-json\/wp\/v2\/media?parent=48419"}],"wp:term":[{"taxonomy":"category","embeddable":true,"href":"https:\/\/www.noticiasradioreflejos.com.ar\/2021\/wp-json\/wp\/v2\/categories?post=48419"},{"taxonomy":"post_tag","embeddable":true,"href":"https:\/\/www.noticiasradioreflejos.com.ar\/2021\/wp-json\/wp\/v2\/tags?post=48419"}],"curies":[{"name":"wp","href":"https:\/\/api.w.org\/{rel}","templated":true}]}}