{"id":48389,"date":"2020-10-21T18:14:11","date_gmt":"2020-10-21T21:14:11","guid":{"rendered":"http:\/\/www.noticiasradioreflejos.com.ar\/noticias\/?p=48389"},"modified":"2020-10-21T18:14:11","modified_gmt":"2020-10-21T21:14:11","slug":"alertan-sobre-la-incidencia-del-uso-de-aires-acondicionados-en-la-transmision-del-coronavirus","status":"publish","type":"post","link":"https:\/\/www.noticiasradioreflejos.com.ar\/2021\/alertan-sobre-la-incidencia-del-uso-de-aires-acondicionados-en-la-transmision-del-coronavirus\/","title":{"rendered":"Alertan sobre la incidencia del uso de aires acondicionados en la transmisi\u00f3n del coronavirus"},"content":{"rendered":"<p>Los aparatos de aire acondicionado pueden cumplir un rol clave en la transmisi\u00f3n del SARS-Cov-2, ya que reciclan el aire en lugar de renovarlo, carecen de filtros para virus o bacterias, se suelen usar con ventanas y puertas cerradas y pueden empeorar nivel de desplazamiento de las peque\u00f1as part\u00edculas exhaladas o aerosoles, una de las v\u00edas de transmisi\u00f3n m\u00e1s importantes del coronavirus.<!--more--><\/p>\n<p>\u201cEl problema con los aires acondicionados es que lo que reciclan el aire, entonces cuando uno cierra las ventanas aumenta la concentraci\u00f3n de los aerosoles que las personas emanan\u201d, indic\u00f3 a T\u00e9lam el m\u00e9dico cardi\u00f3logo Mart\u00edn Lombardero, quien estudia el v\u00ednculo entre estas peque\u00f1as part\u00edculas y la Covid-19 desde que comenz\u00f3 la pandemia.<\/p>\n<p>Para comprender el porqu\u00e9 de este peligro, el especialista record\u00f3 que las personas exhalan de manera permanente \u00abaerosoles que son muy peque\u00f1os y vienen de la parte m\u00e1s profunda del sistema respiratorio, de las cuerdas vocales y de la boca; cuanto m\u00e1s cerca de la boca est\u00e1n m\u00e1s grandes son\u201d.<\/p>\n<p>\u201cSi son aerosoles de menos de 100 micras (mil\u00e9sima parte de un mil\u00edmetro) pueden estar suspendidos en el aire, cuanto menor tama\u00f1o tienen m\u00e1s tiempo quedan suspendidos; si son grandes, las macrogotas, pueden llegar hasta dos metros y luego caen\u201d, continu\u00f3.<\/p>\n<p>Lombardero, miembro de la Sociedad Argentina de Cardiolog\u00eda, se\u00f1al\u00f3 que \u201cuna forma f\u00e1cil de poder visualizar c\u00f3mo es la ventilaci\u00f3n en un lugar es midiendo el CO2 en el ambiente (el di\u00f3xido de carbono que se exhala); si uno cierra todas las ventanas el CO2 comienza a aumentar y al abrirlas baja dram\u00e1ticamente y en cinco minutos se recupera el valor de base\u201d.<\/p>\n<p>\u201cCuando se usan los aires acondicionados, por lo general, se cierran las ventanas; sin embargo, estos aparatos solo reciclan el aire que circula y tiene filtros que no inhiben ni virus ni bacterias. Entonces lo que hace es tomar el virus y expulsarlo a mayor distancia\u201d, explic\u00f3.<\/p>\n<p>El aire acondicionado no solo no \u201celimina el virus en su proceso de filtrado sino que adem\u00e1s puede empeorar el nivel de desplazamiento de los aerosoles en un lugar cerrado sin ventilaci\u00f3n\u201d, alert\u00f3.<\/p>\n<p>\u201cSi estoy en mi casa con mi n\u00facleo familiar puedo cerrar todo y prender el aire; pero si estoy en un espacio donde hay m\u00e1s personas que mis convivientes entonces hay que abrir las ventanas, lo que va a implicar un gasto extra de electricidad\u201d, ejemplific\u00f3 Lombardero.<\/p>\n<p>Esta informaci\u00f3n es clave a la hora de pensar protocolos para interiores porque no basta con estar separados a dos metros de distancia si no hay una correcta ventilaci\u00f3n de cada ambiente.<\/p>\n<p>Al anuciar ayer los protocolos para la temporada estival, el gobernador de Buenos Aires, Axel Kicillof, inform\u00f3 que \u201cen hoteles y restaurantes se restringir\u00e1n los lugares comunes en espacios cerrados, se permitir\u00e1 la utilizaci\u00f3n de piletas y solo se autorizar\u00e1 la ventilaci\u00f3n natural o por ventilador y se prohibir\u00e1 el aire acondicionado\u201d.<\/p>\n<p>El m\u00e9dico cardi\u00f3logo rese\u00f1\u00f3, adem\u00e1s, que la OMS demor\u00f3 mucho tiempo en aceptar la transmisi\u00f3n por aerosoles lo que \u201cprovoc\u00f3 confusi\u00f3n en todo el mundo\u201d porque durante varios meses habl\u00f3 solo de la transmisi\u00f3n por \u201cgota\u201d (part\u00edculas m\u00e1s grandes que se emiten cuando se habla, toce o estornuda).<\/p>\n<p>\u201cEl coronavirus tiene un di\u00e1metro aproximado de 0,12 micras y no est\u00e1 flotando aislado en el aire pero s\u00ed est\u00e1 inmerso y es transportado por los aerosoles. En esos aerosoles existe material viral de Covid-19, e inclusive replicable (lo cual sugiere viabilidad)\u201d, describi\u00f3 el especialista.<\/p>\n<p>El especialista a\u00f1adi\u00f3 que \u201clos m\u00faltiples ejemplos cient\u00edficos de contagios en lugares cerrados, con ventilaci\u00f3n artificial y recirculaci\u00f3n de aire (supercontagios), terminan de cerrar la idea potencial que los aerosoles que emanan los pacientes Covid-19 en lugares no ventilados son potencialmente infectantes a distancias mucho mayores de los dos metros cl\u00e1sicamente descriptos\u201d.<\/p>\n<p>Como ejemplos de supercontagios descritos en bibliograf\u00eda cient\u00edfica, mencion\u00f3 el coro de Sakgit (Washington, Estados Unidos); el \u00f3mnibus que iba a un ritual religioso en China, o el caso del restaurant en Guangzhou (China).<\/p>\n<p>Por ello, aclar\u00f3 que \u201caunque se hable de \u2018transmisi\u00f3n por aire\u2019 las posibilidades de contagiarse en espacios abiertos es 20 a 100 veces menor que en espacios cerrados\u201d.<\/p>\n<p>Lombardero explic\u00f3 que \u201cuna de las opciones para disminuir el contagio por aerosol en \u00e1reas cerradas y de alto riesgo de infecci\u00f3n son los elementos electr\u00f3nicos de bioseguridad con sistemas de filtros de alta eficiencia (HEPA 14) combinados con germicidas (por ejemplo, una Luz UV no t\u00f3xica) que garanticen un filtrado de aerosoles (de todos los tama\u00f1os) y frecuente recambio del aire ambiental\u201d.<\/p>\n<p>\u201cLos pocos ejemplos publicados donde adem\u00e1s de elementos de protecci\u00f3n personal, se incorporan filtros de alta eficiencia y presi\u00f3n positiva entre otros elementos de bioseguridad, demostraron hasta un nivel cero de contagio interpersonal\u201d, sostuvo.<\/p>\n<p>Sin embargo, describi\u00f3 que \u201chasta el momento estos sistemas no fueron incorporados en los aires acondicionados comunes y que si bien podr\u00edan implementarse en los que tienen un sistema de aire central requerir\u00edan una adaptaci\u00f3n, ya que es probable que se necesiten turbos m\u00e1s potentes para poder emitir el mismo caudal de aire fr\u00edo superando los filtros\u201d.<\/p>\n<p>En referencia a espacios cerrados como aviones o micros, explic\u00f3 que \u201cson dos situaciones diferentes porque los aviones est\u00e1n equipados con potentes filtros de alta eficiencia HEPA 14 que, junto a la recirculaci\u00f3n de aire externo, disminuye la posibilidad de contagio.<\/p>\n<p>En cambio, \u00ablos micros no cuentan con estos mecanismos, por lo que tendr\u00edan que ir con las ventanillas abiertas o implementar alg\u00fan sistema de filtrado adicional\u201d, concluy\u00f3.<\/p>\n","protected":false},"excerpt":{"rendered":"<p>Los aparatos de aire acondicionado pueden cumplir un rol clave en la transmisi\u00f3n del SARS-Cov-2, ya que reciclan el aire en lugar de renovarlo, carecen de filtros para virus o bacterias, se suelen usar con ventanas y puertas cerradas y pueden empeorar nivel de desplazamiento de las peque\u00f1as part\u00edculas exhaladas o aerosoles, una de las [&hellip;]<\/p>\n","protected":false},"author":3,"featured_media":0,"comment_status":"closed","ping_status":"open","sticky":false,"template":"","format":"standard","meta":{"footnotes":""},"categories":[30],"tags":[],"class_list":["post-48389","post","type-post","status-publish","format-standard","hentry","category-salud"],"yoast_head":"<!-- This site is optimized with the Yoast SEO plugin v25.9 - https:\/\/yoast.com\/wordpress\/plugins\/seo\/ -->\n<title>Alertan sobre la incidencia del uso de aires acondicionados en la transmisi\u00f3n del coronavirus - Noticias Radio Reflejos<\/title>\n<meta name=\"robots\" content=\"index, follow, max-snippet:-1, max-image-preview:large, max-video-preview:-1\" \/>\n<link rel=\"canonical\" href=\"https:\/\/www.noticiasradioreflejos.com.ar\/2021\/alertan-sobre-la-incidencia-del-uso-de-aires-acondicionados-en-la-transmision-del-coronavirus\/\" \/>\n<meta property=\"og:locale\" content=\"es_ES\" \/>\n<meta property=\"og:type\" content=\"article\" \/>\n<meta property=\"og:title\" content=\"Alertan sobre la incidencia del uso de aires acondicionados en la transmisi\u00f3n del coronavirus - Noticias Radio Reflejos\" \/>\n<meta property=\"og:description\" content=\"Los aparatos de aire acondicionado pueden cumplir un rol clave en la transmisi\u00f3n del SARS-Cov-2, ya que reciclan el aire en lugar de renovarlo, carecen de filtros para virus o bacterias, se suelen usar con ventanas y puertas cerradas y pueden empeorar nivel de desplazamiento de las peque\u00f1as part\u00edculas exhaladas o aerosoles, una de las [&hellip;]\" \/>\n<meta property=\"og:url\" content=\"https:\/\/www.noticiasradioreflejos.com.ar\/2021\/alertan-sobre-la-incidencia-del-uso-de-aires-acondicionados-en-la-transmision-del-coronavirus\/\" \/>\n<meta property=\"og:site_name\" content=\"Noticias Radio Reflejos\" \/>\n<meta property=\"article:published_time\" content=\"2020-10-21T21:14:11+00:00\" \/>\n<meta property=\"og:image\" content=\"https:\/\/www.noticiasradioreflejos.com.ar\/2021\/wp-content\/uploads\/2021\/07\/logosol300x200.png\" \/>\n\t<meta property=\"og:image:width\" content=\"300\" \/>\n\t<meta property=\"og:image:height\" content=\"200\" \/>\n\t<meta property=\"og:image:type\" content=\"image\/png\" \/>\n<meta name=\"author\" content=\"Arnaldo Botto\" \/>\n<meta name=\"twitter:card\" content=\"summary_large_image\" \/>\n<script type=\"application\/ld+json\" class=\"yoast-schema-graph\">{\"@context\":\"https:\/\/schema.org\",\"@graph\":[{\"@type\":\"WebPage\",\"@id\":\"https:\/\/www.noticiasradioreflejos.com.ar\/2021\/alertan-sobre-la-incidencia-del-uso-de-aires-acondicionados-en-la-transmision-del-coronavirus\/\",\"url\":\"https:\/\/www.noticiasradioreflejos.com.ar\/2021\/alertan-sobre-la-incidencia-del-uso-de-aires-acondicionados-en-la-transmision-del-coronavirus\/\",\"name\":\"Alertan sobre la incidencia del uso de aires acondicionados en la transmisi\u00f3n del coronavirus - Noticias Radio Reflejos\",\"isPartOf\":{\"@id\":\"https:\/\/www.noticiasradioreflejos.com.ar\/2021\/#website\"},\"datePublished\":\"2020-10-21T21:14:11+00:00\",\"author\":{\"@id\":\"https:\/\/www.noticiasradioreflejos.com.ar\/2021\/#\/schema\/person\/ad82545263dcc5ec0996818884fd5fb1\"},\"breadcrumb\":{\"@id\":\"https:\/\/www.noticiasradioreflejos.com.ar\/2021\/alertan-sobre-la-incidencia-del-uso-de-aires-acondicionados-en-la-transmision-del-coronavirus\/#breadcrumb\"},\"inLanguage\":\"es\",\"potentialAction\":[{\"@type\":\"ReadAction\",\"target\":[\"https:\/\/www.noticiasradioreflejos.com.ar\/2021\/alertan-sobre-la-incidencia-del-uso-de-aires-acondicionados-en-la-transmision-del-coronavirus\/\"]}]},{\"@type\":\"BreadcrumbList\",\"@id\":\"https:\/\/www.noticiasradioreflejos.com.ar\/2021\/alertan-sobre-la-incidencia-del-uso-de-aires-acondicionados-en-la-transmision-del-coronavirus\/#breadcrumb\",\"itemListElement\":[{\"@type\":\"ListItem\",\"position\":1,\"name\":\"Portada\",\"item\":\"https:\/\/www.noticiasradioreflejos.com.ar\/2021\/\"},{\"@type\":\"ListItem\",\"position\":2,\"name\":\"Alertan sobre la incidencia del uso de aires acondicionados en la transmisi\u00f3n del coronavirus\"}]},{\"@type\":\"WebSite\",\"@id\":\"https:\/\/www.noticiasradioreflejos.com.ar\/2021\/#website\",\"url\":\"https:\/\/www.noticiasradioreflejos.com.ar\/2021\/\",\"name\":\"Noticias Radio Reflejos\",\"description\":\"Las noticias de mi comarca\",\"potentialAction\":[{\"@type\":\"SearchAction\",\"target\":{\"@type\":\"EntryPoint\",\"urlTemplate\":\"https:\/\/www.noticiasradioreflejos.com.ar\/2021\/?s={search_term_string}\"},\"query-input\":{\"@type\":\"PropertyValueSpecification\",\"valueRequired\":true,\"valueName\":\"search_term_string\"}}],\"inLanguage\":\"es\"},{\"@type\":\"Person\",\"@id\":\"https:\/\/www.noticiasradioreflejos.com.ar\/2021\/#\/schema\/person\/ad82545263dcc5ec0996818884fd5fb1\",\"name\":\"Arnaldo Botto\",\"image\":{\"@type\":\"ImageObject\",\"inLanguage\":\"es\",\"@id\":\"https:\/\/www.noticiasradioreflejos.com.ar\/2021\/#\/schema\/person\/image\/\",\"url\":\"https:\/\/secure.gravatar.com\/avatar\/55cb5e37c1efa326397366e6974cb338056df65cb50e7d64d1cf314e87504837?s=96&d=mm&r=g\",\"contentUrl\":\"https:\/\/secure.gravatar.com\/avatar\/55cb5e37c1efa326397366e6974cb338056df65cb50e7d64d1cf314e87504837?s=96&d=mm&r=g\",\"caption\":\"Arnaldo Botto\"},\"url\":\"https:\/\/www.noticiasradioreflejos.com.ar\/2021\/author\/arnaldo\/\"}]}<\/script>\n<!-- \/ Yoast SEO plugin. -->","yoast_head_json":{"title":"Alertan sobre la incidencia del uso de aires acondicionados en la transmisi\u00f3n del coronavirus - Noticias Radio Reflejos","robots":{"index":"index","follow":"follow","max-snippet":"max-snippet:-1","max-image-preview":"max-image-preview:large","max-video-preview":"max-video-preview:-1"},"canonical":"https:\/\/www.noticiasradioreflejos.com.ar\/2021\/alertan-sobre-la-incidencia-del-uso-de-aires-acondicionados-en-la-transmision-del-coronavirus\/","og_locale":"es_ES","og_type":"article","og_title":"Alertan sobre la incidencia del uso de aires acondicionados en la transmisi\u00f3n del coronavirus - Noticias Radio Reflejos","og_description":"Los aparatos de aire acondicionado pueden cumplir un rol clave en la transmisi\u00f3n del SARS-Cov-2, ya que reciclan el aire en lugar de renovarlo, carecen de filtros para virus o bacterias, se suelen usar con ventanas y puertas cerradas y pueden empeorar nivel de desplazamiento de las peque\u00f1as part\u00edculas exhaladas o aerosoles, una de las [&hellip;]","og_url":"https:\/\/www.noticiasradioreflejos.com.ar\/2021\/alertan-sobre-la-incidencia-del-uso-de-aires-acondicionados-en-la-transmision-del-coronavirus\/","og_site_name":"Noticias Radio Reflejos","article_published_time":"2020-10-21T21:14:11+00:00","og_image":[{"width":300,"height":200,"url":"https:\/\/www.noticiasradioreflejos.com.ar\/2021\/wp-content\/uploads\/2021\/07\/logosol300x200.png","type":"image\/png"}],"author":"Arnaldo Botto","twitter_card":"summary_large_image","schema":{"@context":"https:\/\/schema.org","@graph":[{"@type":"WebPage","@id":"https:\/\/www.noticiasradioreflejos.com.ar\/2021\/alertan-sobre-la-incidencia-del-uso-de-aires-acondicionados-en-la-transmision-del-coronavirus\/","url":"https:\/\/www.noticiasradioreflejos.com.ar\/2021\/alertan-sobre-la-incidencia-del-uso-de-aires-acondicionados-en-la-transmision-del-coronavirus\/","name":"Alertan sobre la incidencia del uso de aires acondicionados en la transmisi\u00f3n del coronavirus - Noticias Radio Reflejos","isPartOf":{"@id":"https:\/\/www.noticiasradioreflejos.com.ar\/2021\/#website"},"datePublished":"2020-10-21T21:14:11+00:00","author":{"@id":"https:\/\/www.noticiasradioreflejos.com.ar\/2021\/#\/schema\/person\/ad82545263dcc5ec0996818884fd5fb1"},"breadcrumb":{"@id":"https:\/\/www.noticiasradioreflejos.com.ar\/2021\/alertan-sobre-la-incidencia-del-uso-de-aires-acondicionados-en-la-transmision-del-coronavirus\/#breadcrumb"},"inLanguage":"es","potentialAction":[{"@type":"ReadAction","target":["https:\/\/www.noticiasradioreflejos.com.ar\/2021\/alertan-sobre-la-incidencia-del-uso-de-aires-acondicionados-en-la-transmision-del-coronavirus\/"]}]},{"@type":"BreadcrumbList","@id":"https:\/\/www.noticiasradioreflejos.com.ar\/2021\/alertan-sobre-la-incidencia-del-uso-de-aires-acondicionados-en-la-transmision-del-coronavirus\/#breadcrumb","itemListElement":[{"@type":"ListItem","position":1,"name":"Portada","item":"https:\/\/www.noticiasradioreflejos.com.ar\/2021\/"},{"@type":"ListItem","position":2,"name":"Alertan sobre la incidencia del uso de aires acondicionados en la transmisi\u00f3n del coronavirus"}]},{"@type":"WebSite","@id":"https:\/\/www.noticiasradioreflejos.com.ar\/2021\/#website","url":"https:\/\/www.noticiasradioreflejos.com.ar\/2021\/","name":"Noticias Radio Reflejos","description":"Las noticias de mi comarca","potentialAction":[{"@type":"SearchAction","target":{"@type":"EntryPoint","urlTemplate":"https:\/\/www.noticiasradioreflejos.com.ar\/2021\/?s={search_term_string}"},"query-input":{"@type":"PropertyValueSpecification","valueRequired":true,"valueName":"search_term_string"}}],"inLanguage":"es"},{"@type":"Person","@id":"https:\/\/www.noticiasradioreflejos.com.ar\/2021\/#\/schema\/person\/ad82545263dcc5ec0996818884fd5fb1","name":"Arnaldo Botto","image":{"@type":"ImageObject","inLanguage":"es","@id":"https:\/\/www.noticiasradioreflejos.com.ar\/2021\/#\/schema\/person\/image\/","url":"https:\/\/secure.gravatar.com\/avatar\/55cb5e37c1efa326397366e6974cb338056df65cb50e7d64d1cf314e87504837?s=96&d=mm&r=g","contentUrl":"https:\/\/secure.gravatar.com\/avatar\/55cb5e37c1efa326397366e6974cb338056df65cb50e7d64d1cf314e87504837?s=96&d=mm&r=g","caption":"Arnaldo Botto"},"url":"https:\/\/www.noticiasradioreflejos.com.ar\/2021\/author\/arnaldo\/"}]}},"_links":{"self":[{"href":"https:\/\/www.noticiasradioreflejos.com.ar\/2021\/wp-json\/wp\/v2\/posts\/48389","targetHints":{"allow":["GET"]}}],"collection":[{"href":"https:\/\/www.noticiasradioreflejos.com.ar\/2021\/wp-json\/wp\/v2\/posts"}],"about":[{"href":"https:\/\/www.noticiasradioreflejos.com.ar\/2021\/wp-json\/wp\/v2\/types\/post"}],"author":[{"embeddable":true,"href":"https:\/\/www.noticiasradioreflejos.com.ar\/2021\/wp-json\/wp\/v2\/users\/3"}],"replies":[{"embeddable":true,"href":"https:\/\/www.noticiasradioreflejos.com.ar\/2021\/wp-json\/wp\/v2\/comments?post=48389"}],"version-history":[{"count":0,"href":"https:\/\/www.noticiasradioreflejos.com.ar\/2021\/wp-json\/wp\/v2\/posts\/48389\/revisions"}],"wp:attachment":[{"href":"https:\/\/www.noticiasradioreflejos.com.ar\/2021\/wp-json\/wp\/v2\/media?parent=48389"}],"wp:term":[{"taxonomy":"category","embeddable":true,"href":"https:\/\/www.noticiasradioreflejos.com.ar\/2021\/wp-json\/wp\/v2\/categories?post=48389"},{"taxonomy":"post_tag","embeddable":true,"href":"https:\/\/www.noticiasradioreflejos.com.ar\/2021\/wp-json\/wp\/v2\/tags?post=48389"}],"curies":[{"name":"wp","href":"https:\/\/api.w.org\/{rel}","templated":true}]}}