{"id":48382,"date":"2020-10-21T16:46:12","date_gmt":"2020-10-21T19:46:12","guid":{"rendered":"http:\/\/www.noticiasradioreflejos.com.ar\/noticias\/?p=48382"},"modified":"2020-10-21T16:46:12","modified_gmt":"2020-10-21T19:46:12","slug":"sierra-de-la-ventana-11-activos-con-covid-y-sin-internados-en-la-unidad-sanitaria","status":"publish","type":"post","link":"https:\/\/www.noticiasradioreflejos.com.ar\/2021\/sierra-de-la-ventana-11-activos-con-covid-y-sin-internados-en-la-unidad-sanitaria\/","title":{"rendered":"Sierra de la Ventana: 11 activos con covid y sin internados en la Unidad Sanitaria"},"content":{"rendered":"<p>En Tornquist 69 activos con 3 hospitalizados al d\u00eda de hoy.<!--more--><\/p>\n<p><b>REPORTE SITUACI\u00d3N EPIDEMIOL\u00d3GICA POR COVID-19- 21 de Octubre-<\/b><\/p>\n<p><span style=\"font-weight: 400;\">Tornquist Municipio, a trav\u00e9s de la Secretar\u00eda de Salud actualiza los datos sobre la situaci\u00f3n epidemiol\u00f3gica al d\u00eda de hoy, 21 de Octubre.\u00a0<\/span><\/p>\n<p>&nbsp;<\/p>\n<p><span style=\"font-weight: 400;\">En las \u00faltimas dos semanas, los casos han crecido notablemente, dej\u00e1ndonos con un total de 80 activos en todo el distrito. La mayor\u00eda de los casos positivos se han dado por contactos estrechos. Por lo tanto debemos enfatizar que se deben mantener siempre las medidas de precauci\u00f3n adecuada para evitar m\u00e1s contagios: higiene constante de mano, uso obligatorio de barbijo (aun en espacios al aire libre), no compartir utensillos, mates ni botellas, y fundamentalmente respetar el distanciamiento social.\u00a0<\/span><\/p>\n<p><span style=\"font-weight: 400;\">Al d\u00eda de hoy, los casos positivos de Covid-19, se encuentran distribuidos en las siguientes localidades:\u00a0<\/span><\/p>\n<table>\n<tbody>\n<tr>\n<td><span style=\"font-weight: 400;\">Tornquist<\/span><\/td>\n<td><span style=\"font-weight: 400;\">69<\/span><\/td>\n<\/tr>\n<tr>\n<td><span style=\"font-weight: 400;\">Sierra de la Ventana<\/span><\/td>\n<td><span style=\"font-weight: 400;\">11<\/span><\/td>\n<\/tr>\n<\/tbody>\n<\/table>\n<p>&nbsp;<\/p>\n<p><span style=\"font-weight: 400;\">En lo que respecta a los centros de salud del distrito, el Hospital Municipal Dr. Alberto Castro, cuenta tres pacientes positivos en el \u00e1rea Covid del mismo.\u00a0<\/span><\/p>\n<p><span style=\"font-weight: 400;\">Dos de ellos atraviesan el virus sin dificultad, y el tercer paciente se encuentra en estado de mediana gravedad. En el d\u00eda de ayer, se deriv\u00f3 a una persona con insuficiencia respiratoria a la localidad de Bah\u00eda Blanca.\u00a0<\/span><\/p>\n<p><span style=\"font-weight: 400;\">Todos los internados son personas de sexo masculino de entre 40 y 70 a\u00f1os de edad.\u00a0<\/span><\/p>\n<p><span style=\"font-weight: 400;\">En la Sala M\u00e9dica de Sierra de la Ventana, no hay pacientes internados ni sospechosos.\u00a0<\/span><\/p>\n<p><span style=\"font-weight: 400;\">Desde la Secretar\u00eda de Gobierno y Seguridad, recordamos que las reuniones sociales se encuentran prohibidas por el DNU N\u00b0<\/span><span style=\"font-weight: 400;\">641\/2020<\/span><span style=\"font-weight: 400;\"> de Presidencia de la Naci\u00f3n.<\/span><\/p>\n<p>&nbsp;<\/p>\n<p>&nbsp;<\/p>\n","protected":false},"excerpt":{"rendered":"<p>En Tornquist 69 activos con 3 hospitalizados al d\u00eda de hoy.<\/p>\n","protected":false},"author":3,"featured_media":0,"comment_status":"closed","ping_status":"open","sticky":false,"template":"","format":"standard","meta":{"footnotes":""},"categories":[30],"tags":[],"class_list":["post-48382","post","type-post","status-publish","format-standard","hentry","category-salud"],"yoast_head":"<!-- This site is optimized with the Yoast SEO plugin v25.9 - https:\/\/yoast.com\/wordpress\/plugins\/seo\/ -->\n<title>Sierra de la Ventana: 11 activos con covid y sin internados en la Unidad Sanitaria - Noticias Radio Reflejos<\/title>\n<meta name=\"robots\" content=\"index, follow, max-snippet:-1, max-image-preview:large, max-video-preview:-1\" \/>\n<link rel=\"canonical\" href=\"https:\/\/www.noticiasradioreflejos.com.ar\/2021\/sierra-de-la-ventana-11-activos-con-covid-y-sin-internados-en-la-unidad-sanitaria\/\" \/>\n<meta property=\"og:locale\" content=\"es_ES\" \/>\n<meta property=\"og:type\" content=\"article\" \/>\n<meta property=\"og:title\" content=\"Sierra de la Ventana: 11 activos con covid y sin internados en la Unidad Sanitaria - Noticias Radio Reflejos\" \/>\n<meta property=\"og:description\" content=\"En Tornquist 69 activos con 3 hospitalizados al d\u00eda de hoy.\" \/>\n<meta property=\"og:url\" content=\"https:\/\/www.noticiasradioreflejos.com.ar\/2021\/sierra-de-la-ventana-11-activos-con-covid-y-sin-internados-en-la-unidad-sanitaria\/\" \/>\n<meta property=\"og:site_name\" content=\"Noticias Radio Reflejos\" \/>\n<meta property=\"article:published_time\" content=\"2020-10-21T19:46:12+00:00\" \/>\n<meta property=\"og:image\" content=\"https:\/\/www.noticiasradioreflejos.com.ar\/2021\/wp-content\/uploads\/2021\/07\/logosol300x200.png\" \/>\n\t<meta property=\"og:image:width\" content=\"300\" \/>\n\t<meta property=\"og:image:height\" content=\"200\" \/>\n\t<meta property=\"og:image:type\" content=\"image\/png\" \/>\n<meta name=\"author\" content=\"Arnaldo Botto\" \/>\n<meta name=\"twitter:card\" content=\"summary_large_image\" \/>\n<script type=\"application\/ld+json\" class=\"yoast-schema-graph\">{\"@context\":\"https:\/\/schema.org\",\"@graph\":[{\"@type\":\"WebPage\",\"@id\":\"https:\/\/www.noticiasradioreflejos.com.ar\/2021\/sierra-de-la-ventana-11-activos-con-covid-y-sin-internados-en-la-unidad-sanitaria\/\",\"url\":\"https:\/\/www.noticiasradioreflejos.com.ar\/2021\/sierra-de-la-ventana-11-activos-con-covid-y-sin-internados-en-la-unidad-sanitaria\/\",\"name\":\"Sierra de la Ventana: 11 activos con covid y sin internados en la Unidad Sanitaria - Noticias Radio Reflejos\",\"isPartOf\":{\"@id\":\"https:\/\/www.noticiasradioreflejos.com.ar\/2021\/#website\"},\"datePublished\":\"2020-10-21T19:46:12+00:00\",\"author\":{\"@id\":\"https:\/\/www.noticiasradioreflejos.com.ar\/2021\/#\/schema\/person\/ad82545263dcc5ec0996818884fd5fb1\"},\"breadcrumb\":{\"@id\":\"https:\/\/www.noticiasradioreflejos.com.ar\/2021\/sierra-de-la-ventana-11-activos-con-covid-y-sin-internados-en-la-unidad-sanitaria\/#breadcrumb\"},\"inLanguage\":\"es\",\"potentialAction\":[{\"@type\":\"ReadAction\",\"target\":[\"https:\/\/www.noticiasradioreflejos.com.ar\/2021\/sierra-de-la-ventana-11-activos-con-covid-y-sin-internados-en-la-unidad-sanitaria\/\"]}]},{\"@type\":\"BreadcrumbList\",\"@id\":\"https:\/\/www.noticiasradioreflejos.com.ar\/2021\/sierra-de-la-ventana-11-activos-con-covid-y-sin-internados-en-la-unidad-sanitaria\/#breadcrumb\",\"itemListElement\":[{\"@type\":\"ListItem\",\"position\":1,\"name\":\"Portada\",\"item\":\"https:\/\/www.noticiasradioreflejos.com.ar\/2021\/\"},{\"@type\":\"ListItem\",\"position\":2,\"name\":\"Sierra de la Ventana: 11 activos con covid y sin internados en la Unidad Sanitaria\"}]},{\"@type\":\"WebSite\",\"@id\":\"https:\/\/www.noticiasradioreflejos.com.ar\/2021\/#website\",\"url\":\"https:\/\/www.noticiasradioreflejos.com.ar\/2021\/\",\"name\":\"Noticias Radio Reflejos\",\"description\":\"Las noticias de mi comarca\",\"potentialAction\":[{\"@type\":\"SearchAction\",\"target\":{\"@type\":\"EntryPoint\",\"urlTemplate\":\"https:\/\/www.noticiasradioreflejos.com.ar\/2021\/?s={search_term_string}\"},\"query-input\":{\"@type\":\"PropertyValueSpecification\",\"valueRequired\":true,\"valueName\":\"search_term_string\"}}],\"inLanguage\":\"es\"},{\"@type\":\"Person\",\"@id\":\"https:\/\/www.noticiasradioreflejos.com.ar\/2021\/#\/schema\/person\/ad82545263dcc5ec0996818884fd5fb1\",\"name\":\"Arnaldo Botto\",\"image\":{\"@type\":\"ImageObject\",\"inLanguage\":\"es\",\"@id\":\"https:\/\/www.noticiasradioreflejos.com.ar\/2021\/#\/schema\/person\/image\/\",\"url\":\"https:\/\/secure.gravatar.com\/avatar\/55cb5e37c1efa326397366e6974cb338056df65cb50e7d64d1cf314e87504837?s=96&d=mm&r=g\",\"contentUrl\":\"https:\/\/secure.gravatar.com\/avatar\/55cb5e37c1efa326397366e6974cb338056df65cb50e7d64d1cf314e87504837?s=96&d=mm&r=g\",\"caption\":\"Arnaldo Botto\"},\"url\":\"https:\/\/www.noticiasradioreflejos.com.ar\/2021\/author\/arnaldo\/\"}]}<\/script>\n<!-- \/ Yoast SEO plugin. -->","yoast_head_json":{"title":"Sierra de la Ventana: 11 activos con covid y sin internados en la Unidad Sanitaria - Noticias Radio Reflejos","robots":{"index":"index","follow":"follow","max-snippet":"max-snippet:-1","max-image-preview":"max-image-preview:large","max-video-preview":"max-video-preview:-1"},"canonical":"https:\/\/www.noticiasradioreflejos.com.ar\/2021\/sierra-de-la-ventana-11-activos-con-covid-y-sin-internados-en-la-unidad-sanitaria\/","og_locale":"es_ES","og_type":"article","og_title":"Sierra de la Ventana: 11 activos con covid y sin internados en la Unidad Sanitaria - Noticias Radio Reflejos","og_description":"En Tornquist 69 activos con 3 hospitalizados al d\u00eda de hoy.","og_url":"https:\/\/www.noticiasradioreflejos.com.ar\/2021\/sierra-de-la-ventana-11-activos-con-covid-y-sin-internados-en-la-unidad-sanitaria\/","og_site_name":"Noticias Radio Reflejos","article_published_time":"2020-10-21T19:46:12+00:00","og_image":[{"width":300,"height":200,"url":"https:\/\/www.noticiasradioreflejos.com.ar\/2021\/wp-content\/uploads\/2021\/07\/logosol300x200.png","type":"image\/png"}],"author":"Arnaldo Botto","twitter_card":"summary_large_image","schema":{"@context":"https:\/\/schema.org","@graph":[{"@type":"WebPage","@id":"https:\/\/www.noticiasradioreflejos.com.ar\/2021\/sierra-de-la-ventana-11-activos-con-covid-y-sin-internados-en-la-unidad-sanitaria\/","url":"https:\/\/www.noticiasradioreflejos.com.ar\/2021\/sierra-de-la-ventana-11-activos-con-covid-y-sin-internados-en-la-unidad-sanitaria\/","name":"Sierra de la Ventana: 11 activos con covid y sin internados en la Unidad Sanitaria - Noticias Radio Reflejos","isPartOf":{"@id":"https:\/\/www.noticiasradioreflejos.com.ar\/2021\/#website"},"datePublished":"2020-10-21T19:46:12+00:00","author":{"@id":"https:\/\/www.noticiasradioreflejos.com.ar\/2021\/#\/schema\/person\/ad82545263dcc5ec0996818884fd5fb1"},"breadcrumb":{"@id":"https:\/\/www.noticiasradioreflejos.com.ar\/2021\/sierra-de-la-ventana-11-activos-con-covid-y-sin-internados-en-la-unidad-sanitaria\/#breadcrumb"},"inLanguage":"es","potentialAction":[{"@type":"ReadAction","target":["https:\/\/www.noticiasradioreflejos.com.ar\/2021\/sierra-de-la-ventana-11-activos-con-covid-y-sin-internados-en-la-unidad-sanitaria\/"]}]},{"@type":"BreadcrumbList","@id":"https:\/\/www.noticiasradioreflejos.com.ar\/2021\/sierra-de-la-ventana-11-activos-con-covid-y-sin-internados-en-la-unidad-sanitaria\/#breadcrumb","itemListElement":[{"@type":"ListItem","position":1,"name":"Portada","item":"https:\/\/www.noticiasradioreflejos.com.ar\/2021\/"},{"@type":"ListItem","position":2,"name":"Sierra de la Ventana: 11 activos con covid y sin internados en la Unidad Sanitaria"}]},{"@type":"WebSite","@id":"https:\/\/www.noticiasradioreflejos.com.ar\/2021\/#website","url":"https:\/\/www.noticiasradioreflejos.com.ar\/2021\/","name":"Noticias Radio Reflejos","description":"Las noticias de mi comarca","potentialAction":[{"@type":"SearchAction","target":{"@type":"EntryPoint","urlTemplate":"https:\/\/www.noticiasradioreflejos.com.ar\/2021\/?s={search_term_string}"},"query-input":{"@type":"PropertyValueSpecification","valueRequired":true,"valueName":"search_term_string"}}],"inLanguage":"es"},{"@type":"Person","@id":"https:\/\/www.noticiasradioreflejos.com.ar\/2021\/#\/schema\/person\/ad82545263dcc5ec0996818884fd5fb1","name":"Arnaldo Botto","image":{"@type":"ImageObject","inLanguage":"es","@id":"https:\/\/www.noticiasradioreflejos.com.ar\/2021\/#\/schema\/person\/image\/","url":"https:\/\/secure.gravatar.com\/avatar\/55cb5e37c1efa326397366e6974cb338056df65cb50e7d64d1cf314e87504837?s=96&d=mm&r=g","contentUrl":"https:\/\/secure.gravatar.com\/avatar\/55cb5e37c1efa326397366e6974cb338056df65cb50e7d64d1cf314e87504837?s=96&d=mm&r=g","caption":"Arnaldo Botto"},"url":"https:\/\/www.noticiasradioreflejos.com.ar\/2021\/author\/arnaldo\/"}]}},"_links":{"self":[{"href":"https:\/\/www.noticiasradioreflejos.com.ar\/2021\/wp-json\/wp\/v2\/posts\/48382","targetHints":{"allow":["GET"]}}],"collection":[{"href":"https:\/\/www.noticiasradioreflejos.com.ar\/2021\/wp-json\/wp\/v2\/posts"}],"about":[{"href":"https:\/\/www.noticiasradioreflejos.com.ar\/2021\/wp-json\/wp\/v2\/types\/post"}],"author":[{"embeddable":true,"href":"https:\/\/www.noticiasradioreflejos.com.ar\/2021\/wp-json\/wp\/v2\/users\/3"}],"replies":[{"embeddable":true,"href":"https:\/\/www.noticiasradioreflejos.com.ar\/2021\/wp-json\/wp\/v2\/comments?post=48382"}],"version-history":[{"count":0,"href":"https:\/\/www.noticiasradioreflejos.com.ar\/2021\/wp-json\/wp\/v2\/posts\/48382\/revisions"}],"wp:attachment":[{"href":"https:\/\/www.noticiasradioreflejos.com.ar\/2021\/wp-json\/wp\/v2\/media?parent=48382"}],"wp:term":[{"taxonomy":"category","embeddable":true,"href":"https:\/\/www.noticiasradioreflejos.com.ar\/2021\/wp-json\/wp\/v2\/categories?post=48382"},{"taxonomy":"post_tag","embeddable":true,"href":"https:\/\/www.noticiasradioreflejos.com.ar\/2021\/wp-json\/wp\/v2\/tags?post=48382"}],"curies":[{"name":"wp","href":"https:\/\/api.w.org\/{rel}","templated":true}]}}