{"id":48368,"date":"2020-10-21T14:32:36","date_gmt":"2020-10-21T17:32:36","guid":{"rendered":"http:\/\/www.noticiasradioreflejos.com.ar\/noticias\/?p=48368"},"modified":"2020-10-21T14:32:36","modified_gmt":"2020-10-21T17:32:36","slug":"comer-es-una-experiencia-es-un-todo-desde-como-te-reciben-hasta-la-bebida-con-la-que-acompanas-el-plato-toda-esa-magia-se-pierde-con-el-delivery-esteban-di-paola","status":"publish","type":"post","link":"https:\/\/www.noticiasradioreflejos.com.ar\/2021\/comer-es-una-experiencia-es-un-todo-desde-como-te-reciben-hasta-la-bebida-con-la-que-acompanas-el-plato-toda-esa-magia-se-pierde-con-el-delivery-esteban-di-paola\/","title":{"rendered":"\u00abComer es una experiencia, es un todo, desde c\u00f3mo te reciben hasta la bebida con la que acompa\u00f1as el plato. Toda esa magia se pierde con el delivery\u00bb Esteban Di Paola."},"content":{"rendered":"<p>Para celebrar el d\u00eda internacional del chef, Esteban Di Paola nos comenta c\u00f3mo es ejercer esta profesi\u00f3n en tiempos de pandemia y nos ense\u00f1a a cocinar Bu\u00f1uelos de Kale.<!--more--><\/p>\n<p>\u00abEn el 2004 se declar\u00f3 el D\u00eda Internacional del Chef el 20 de Octubre para ratificar a esta profesi\u00f3n que es tan sacrificada y que da tantas satisfacciones tambi\u00e9n\u00bb mencion\u00f3 Esteban la raz\u00f3n de su aparici\u00f3n por nuestro programa de radio.<\/p>\n<p><a title=\"2020-10-21_02-28-06\" href=\"http:\/\/live.staticflickr.com\/65535\/50513923292_da8420f9de_s.jpg\" rel=\"\"><img loading=\"lazy\" decoding=\"async\" class=\"aligncenter\" title=\"2020-10-21_02-28-06\" src=\"http:\/\/live.staticflickr.com\/65535\/50513923292_da8420f9de_c.jpg\" alt=\"2020-10-21_02-28-06\" width=\"598\" height=\"800\" \/><\/a><\/p>\n<p>Esteban\u00a0desarroll\u00f3 su experiencia como chef en \u00e9pocas de pandemia viviendo en Victoria, Entre R\u00edos: \u00abCambia mucho, porque no es lo mismo que la persona reciba la comida en el plato que en una caja de delivery. Comer es una experiencia, es un todo, desde c\u00f3mo te reciben hasta la bebida con la que acompa\u00f1as el plato. Toda esa magia se pierde con el delivery, pero estamos con muchas expectativas para ver si en alg\u00fan momento podemos retomar nuestras actividades\u00bb.<\/p>\n<p>Le preguntamos a Esteban sobre las nuevas disposiciones de la Provincia de Buenos Aires y sus perspectivas para Sierra de la Ventana: \u00abSeguimos manteniendo nuestro proyecto, nuestra idea es poder ir a hacer la temporada all\u00e1 a partir de mediados de Diciembre. Elegimos esa fecha porque tenemos que poner el restaurante a punto\u00bb. Esteban tambi\u00e9n opin\u00f3 que el funcionamiento del restaurante ser\u00eda rentable ya que quienes trabajar\u00edan ser\u00edan \u00e9l y su pareja. \u00abQuiz\u00e1s nuestra capacidad sea de 8 o 10 personas\u00bb agreg\u00f3.<\/p>\n<p>En la segunda parte de esta nota, Esteban nos ense\u00f1a a cocinar <strong>bu\u00f1uelos de kale<\/strong>.<\/p>\n<p>INGREDIENTES<br \/>\n2 huevos<br \/>\nsal<br \/>\npimienta<br \/>\nnuez moscada<br \/>\nagua<br \/>\npolvo de hornear<br \/>\n1 atado de kale<br \/>\nharina de trigo<\/p>\n<p>RECETA<br \/>\nEn un bowl, se van a batir 2 huevos hasta que se hacen espumados. A eso le agregamos sal, pimienta y nuez moscada a gusto. Se le agrega un chorrito de agua para darle volumen y una cucharadita de polvo de hornear. Se lavan las hojas de kale y en crudo se pican en tama\u00f1o chiquito. Luego, se le agrega el vegetal a todo el batido. Y, por \u00faltimo se le agregan 2 o 3 cucharas soperas de harina de trigo (esto depende de la consistencia que se quiera lograr). Se bate todo, y se calienta el aceite para freir. Luego se forman los bu\u00f1uelos de la mezcla y se tiran al aceite durante 2 minutos.<\/p>\n<p>\u00abEs el acompa\u00f1amiento perfecto para la carne, por ejemplo\u00bb sugiri\u00f3 el chef.<\/p>\n<p>Nota completa a continuaci\u00f3n:<br \/>\n<iframe loading=\"lazy\" src=\"https:\/\/w.soundcloud.com\/player\/?url=https%3A\/\/api.soundcloud.com\/tracks\/915530947&amp;color=%23ff5500&amp;auto_play=false&amp;hide_related=false&amp;show_comments=true&amp;show_user=true&amp;show_reposts=false&amp;show_teaser=true\" width=\"100%\" height=\"166\" frameborder=\"no\" scrolling=\"no\"><\/iframe><\/p>\n<div style=\"font-size: 10px; color: #cccccc; line-break: anywhere; word-break: normal; overflow: hidden; white-space: nowrap; text-overflow: ellipsis; font-family: Interstate,Lucida Grande,Lucida Sans Unicode,Lucida Sans,Garuda,Verdana,Tahoma,sans-serif; font-weight: 100;\"><a style=\"color: #cccccc; text-decoration: none;\" title=\"fmreflejos 103.7\" href=\"https:\/\/soundcloud.com\/fmreflejos-103-7\" target=\"_blank\" rel=\"noopener\">fmreflejos 103.7<\/a> \u00b7 <a style=\"color: #cccccc; text-decoration: none;\" title=\"Esteban Di Paola\" href=\"https:\/\/soundcloud.com\/fmreflejos-103-7\/esteban-di-paola\" target=\"_blank\" rel=\"noopener\">Esteban Di Paola<\/a><\/div>\n","protected":false},"excerpt":{"rendered":"<p>Para celebrar el d\u00eda internacional del chef, Esteban Di Paola nos comenta c\u00f3mo es ejercer esta profesi\u00f3n en tiempos de pandemia y nos ense\u00f1a a cocinar Bu\u00f1uelos de Kale.<\/p>\n","protected":false},"author":3,"featured_media":0,"comment_status":"closed","ping_status":"open","sticky":false,"template":"","format":"standard","meta":{"footnotes":""},"categories":[35],"tags":[],"class_list":["post-48368","post","type-post","status-publish","format-standard","hentry","category-cultura"],"yoast_head":"<!-- This site is optimized with the Yoast SEO plugin v25.9 - https:\/\/yoast.com\/wordpress\/plugins\/seo\/ -->\n<title>&quot;Comer es una experiencia, es un todo, desde c\u00f3mo te reciben hasta la bebida con la que acompa\u00f1as el plato. Toda esa magia se pierde con el delivery&quot; Esteban Di Paola. - Noticias Radio Reflejos<\/title>\n<meta name=\"robots\" content=\"index, follow, max-snippet:-1, max-image-preview:large, max-video-preview:-1\" \/>\n<link rel=\"canonical\" href=\"https:\/\/www.noticiasradioreflejos.com.ar\/2021\/comer-es-una-experiencia-es-un-todo-desde-como-te-reciben-hasta-la-bebida-con-la-que-acompanas-el-plato-toda-esa-magia-se-pierde-con-el-delivery-esteban-di-paola\/\" \/>\n<meta property=\"og:locale\" content=\"es_ES\" \/>\n<meta property=\"og:type\" content=\"article\" \/>\n<meta property=\"og:title\" content=\"&quot;Comer es una experiencia, es un todo, desde c\u00f3mo te reciben hasta la bebida con la que acompa\u00f1as el plato. Toda esa magia se pierde con el delivery&quot; Esteban Di Paola. - Noticias Radio Reflejos\" \/>\n<meta property=\"og:description\" content=\"Para celebrar el d\u00eda internacional del chef, Esteban Di Paola nos comenta c\u00f3mo es ejercer esta profesi\u00f3n en tiempos de pandemia y nos ense\u00f1a a cocinar Bu\u00f1uelos de Kale.\" \/>\n<meta property=\"og:url\" content=\"https:\/\/www.noticiasradioreflejos.com.ar\/2021\/comer-es-una-experiencia-es-un-todo-desde-como-te-reciben-hasta-la-bebida-con-la-que-acompanas-el-plato-toda-esa-magia-se-pierde-con-el-delivery-esteban-di-paola\/\" \/>\n<meta property=\"og:site_name\" content=\"Noticias Radio Reflejos\" \/>\n<meta property=\"article:published_time\" content=\"2020-10-21T17:32:36+00:00\" \/>\n<meta property=\"og:image\" content=\"http:\/\/live.staticflickr.com\/65535\/50513923292_da8420f9de_c.jpg\" \/>\n<meta name=\"author\" content=\"Arnaldo Botto\" \/>\n<meta name=\"twitter:card\" content=\"summary_large_image\" \/>\n<script type=\"application\/ld+json\" class=\"yoast-schema-graph\">{\"@context\":\"https:\/\/schema.org\",\"@graph\":[{\"@type\":\"WebPage\",\"@id\":\"https:\/\/www.noticiasradioreflejos.com.ar\/2021\/comer-es-una-experiencia-es-un-todo-desde-como-te-reciben-hasta-la-bebida-con-la-que-acompanas-el-plato-toda-esa-magia-se-pierde-con-el-delivery-esteban-di-paola\/\",\"url\":\"https:\/\/www.noticiasradioreflejos.com.ar\/2021\/comer-es-una-experiencia-es-un-todo-desde-como-te-reciben-hasta-la-bebida-con-la-que-acompanas-el-plato-toda-esa-magia-se-pierde-con-el-delivery-esteban-di-paola\/\",\"name\":\"\\\"Comer es una experiencia, es un todo, desde c\u00f3mo te reciben hasta la bebida con la que acompa\u00f1as el plato. Toda esa magia se pierde con el delivery\\\" Esteban Di Paola. - Noticias Radio Reflejos\",\"isPartOf\":{\"@id\":\"https:\/\/www.noticiasradioreflejos.com.ar\/2021\/#website\"},\"primaryImageOfPage\":{\"@id\":\"https:\/\/www.noticiasradioreflejos.com.ar\/2021\/comer-es-una-experiencia-es-un-todo-desde-como-te-reciben-hasta-la-bebida-con-la-que-acompanas-el-plato-toda-esa-magia-se-pierde-con-el-delivery-esteban-di-paola\/#primaryimage\"},\"image\":{\"@id\":\"https:\/\/www.noticiasradioreflejos.com.ar\/2021\/comer-es-una-experiencia-es-un-todo-desde-como-te-reciben-hasta-la-bebida-con-la-que-acompanas-el-plato-toda-esa-magia-se-pierde-con-el-delivery-esteban-di-paola\/#primaryimage\"},\"thumbnailUrl\":\"http:\/\/live.staticflickr.com\/65535\/50513923292_da8420f9de_c.jpg\",\"datePublished\":\"2020-10-21T17:32:36+00:00\",\"author\":{\"@id\":\"https:\/\/www.noticiasradioreflejos.com.ar\/2021\/#\/schema\/person\/ad82545263dcc5ec0996818884fd5fb1\"},\"breadcrumb\":{\"@id\":\"https:\/\/www.noticiasradioreflejos.com.ar\/2021\/comer-es-una-experiencia-es-un-todo-desde-como-te-reciben-hasta-la-bebida-con-la-que-acompanas-el-plato-toda-esa-magia-se-pierde-con-el-delivery-esteban-di-paola\/#breadcrumb\"},\"inLanguage\":\"es\",\"potentialAction\":[{\"@type\":\"ReadAction\",\"target\":[\"https:\/\/www.noticiasradioreflejos.com.ar\/2021\/comer-es-una-experiencia-es-un-todo-desde-como-te-reciben-hasta-la-bebida-con-la-que-acompanas-el-plato-toda-esa-magia-se-pierde-con-el-delivery-esteban-di-paola\/\"]}]},{\"@type\":\"ImageObject\",\"inLanguage\":\"es\",\"@id\":\"https:\/\/www.noticiasradioreflejos.com.ar\/2021\/comer-es-una-experiencia-es-un-todo-desde-como-te-reciben-hasta-la-bebida-con-la-que-acompanas-el-plato-toda-esa-magia-se-pierde-con-el-delivery-esteban-di-paola\/#primaryimage\",\"url\":\"http:\/\/live.staticflickr.com\/65535\/50513923292_da8420f9de_c.jpg\",\"contentUrl\":\"http:\/\/live.staticflickr.com\/65535\/50513923292_da8420f9de_c.jpg\"},{\"@type\":\"BreadcrumbList\",\"@id\":\"https:\/\/www.noticiasradioreflejos.com.ar\/2021\/comer-es-una-experiencia-es-un-todo-desde-como-te-reciben-hasta-la-bebida-con-la-que-acompanas-el-plato-toda-esa-magia-se-pierde-con-el-delivery-esteban-di-paola\/#breadcrumb\",\"itemListElement\":[{\"@type\":\"ListItem\",\"position\":1,\"name\":\"Portada\",\"item\":\"https:\/\/www.noticiasradioreflejos.com.ar\/2021\/\"},{\"@type\":\"ListItem\",\"position\":2,\"name\":\"\u00abComer es una experiencia, es un todo, desde c\u00f3mo te reciben hasta la bebida con la que acompa\u00f1as el plato. Toda esa magia se pierde con el delivery\u00bb Esteban Di Paola.\"}]},{\"@type\":\"WebSite\",\"@id\":\"https:\/\/www.noticiasradioreflejos.com.ar\/2021\/#website\",\"url\":\"https:\/\/www.noticiasradioreflejos.com.ar\/2021\/\",\"name\":\"Noticias Radio Reflejos\",\"description\":\"Las noticias de mi comarca\",\"potentialAction\":[{\"@type\":\"SearchAction\",\"target\":{\"@type\":\"EntryPoint\",\"urlTemplate\":\"https:\/\/www.noticiasradioreflejos.com.ar\/2021\/?s={search_term_string}\"},\"query-input\":{\"@type\":\"PropertyValueSpecification\",\"valueRequired\":true,\"valueName\":\"search_term_string\"}}],\"inLanguage\":\"es\"},{\"@type\":\"Person\",\"@id\":\"https:\/\/www.noticiasradioreflejos.com.ar\/2021\/#\/schema\/person\/ad82545263dcc5ec0996818884fd5fb1\",\"name\":\"Arnaldo Botto\",\"image\":{\"@type\":\"ImageObject\",\"inLanguage\":\"es\",\"@id\":\"https:\/\/www.noticiasradioreflejos.com.ar\/2021\/#\/schema\/person\/image\/\",\"url\":\"https:\/\/secure.gravatar.com\/avatar\/55cb5e37c1efa326397366e6974cb338056df65cb50e7d64d1cf314e87504837?s=96&d=mm&r=g\",\"contentUrl\":\"https:\/\/secure.gravatar.com\/avatar\/55cb5e37c1efa326397366e6974cb338056df65cb50e7d64d1cf314e87504837?s=96&d=mm&r=g\",\"caption\":\"Arnaldo Botto\"},\"url\":\"https:\/\/www.noticiasradioreflejos.com.ar\/2021\/author\/arnaldo\/\"}]}<\/script>\n<!-- \/ Yoast SEO plugin. -->","yoast_head_json":{"title":"\"Comer es una experiencia, es un todo, desde c\u00f3mo te reciben hasta la bebida con la que acompa\u00f1as el plato. Toda esa magia se pierde con el delivery\" Esteban Di Paola. - Noticias Radio Reflejos","robots":{"index":"index","follow":"follow","max-snippet":"max-snippet:-1","max-image-preview":"max-image-preview:large","max-video-preview":"max-video-preview:-1"},"canonical":"https:\/\/www.noticiasradioreflejos.com.ar\/2021\/comer-es-una-experiencia-es-un-todo-desde-como-te-reciben-hasta-la-bebida-con-la-que-acompanas-el-plato-toda-esa-magia-se-pierde-con-el-delivery-esteban-di-paola\/","og_locale":"es_ES","og_type":"article","og_title":"\"Comer es una experiencia, es un todo, desde c\u00f3mo te reciben hasta la bebida con la que acompa\u00f1as el plato. Toda esa magia se pierde con el delivery\" Esteban Di Paola. - Noticias Radio Reflejos","og_description":"Para celebrar el d\u00eda internacional del chef, Esteban Di Paola nos comenta c\u00f3mo es ejercer esta profesi\u00f3n en tiempos de pandemia y nos ense\u00f1a a cocinar Bu\u00f1uelos de Kale.","og_url":"https:\/\/www.noticiasradioreflejos.com.ar\/2021\/comer-es-una-experiencia-es-un-todo-desde-como-te-reciben-hasta-la-bebida-con-la-que-acompanas-el-plato-toda-esa-magia-se-pierde-con-el-delivery-esteban-di-paola\/","og_site_name":"Noticias Radio Reflejos","article_published_time":"2020-10-21T17:32:36+00:00","og_image":[{"url":"http:\/\/live.staticflickr.com\/65535\/50513923292_da8420f9de_c.jpg","type":"","width":"","height":""}],"author":"Arnaldo Botto","twitter_card":"summary_large_image","schema":{"@context":"https:\/\/schema.org","@graph":[{"@type":"WebPage","@id":"https:\/\/www.noticiasradioreflejos.com.ar\/2021\/comer-es-una-experiencia-es-un-todo-desde-como-te-reciben-hasta-la-bebida-con-la-que-acompanas-el-plato-toda-esa-magia-se-pierde-con-el-delivery-esteban-di-paola\/","url":"https:\/\/www.noticiasradioreflejos.com.ar\/2021\/comer-es-una-experiencia-es-un-todo-desde-como-te-reciben-hasta-la-bebida-con-la-que-acompanas-el-plato-toda-esa-magia-se-pierde-con-el-delivery-esteban-di-paola\/","name":"\"Comer es una experiencia, es un todo, desde c\u00f3mo te reciben hasta la bebida con la que acompa\u00f1as el plato. Toda esa magia se pierde con el delivery\" Esteban Di Paola. - Noticias Radio Reflejos","isPartOf":{"@id":"https:\/\/www.noticiasradioreflejos.com.ar\/2021\/#website"},"primaryImageOfPage":{"@id":"https:\/\/www.noticiasradioreflejos.com.ar\/2021\/comer-es-una-experiencia-es-un-todo-desde-como-te-reciben-hasta-la-bebida-con-la-que-acompanas-el-plato-toda-esa-magia-se-pierde-con-el-delivery-esteban-di-paola\/#primaryimage"},"image":{"@id":"https:\/\/www.noticiasradioreflejos.com.ar\/2021\/comer-es-una-experiencia-es-un-todo-desde-como-te-reciben-hasta-la-bebida-con-la-que-acompanas-el-plato-toda-esa-magia-se-pierde-con-el-delivery-esteban-di-paola\/#primaryimage"},"thumbnailUrl":"http:\/\/live.staticflickr.com\/65535\/50513923292_da8420f9de_c.jpg","datePublished":"2020-10-21T17:32:36+00:00","author":{"@id":"https:\/\/www.noticiasradioreflejos.com.ar\/2021\/#\/schema\/person\/ad82545263dcc5ec0996818884fd5fb1"},"breadcrumb":{"@id":"https:\/\/www.noticiasradioreflejos.com.ar\/2021\/comer-es-una-experiencia-es-un-todo-desde-como-te-reciben-hasta-la-bebida-con-la-que-acompanas-el-plato-toda-esa-magia-se-pierde-con-el-delivery-esteban-di-paola\/#breadcrumb"},"inLanguage":"es","potentialAction":[{"@type":"ReadAction","target":["https:\/\/www.noticiasradioreflejos.com.ar\/2021\/comer-es-una-experiencia-es-un-todo-desde-como-te-reciben-hasta-la-bebida-con-la-que-acompanas-el-plato-toda-esa-magia-se-pierde-con-el-delivery-esteban-di-paola\/"]}]},{"@type":"ImageObject","inLanguage":"es","@id":"https:\/\/www.noticiasradioreflejos.com.ar\/2021\/comer-es-una-experiencia-es-un-todo-desde-como-te-reciben-hasta-la-bebida-con-la-que-acompanas-el-plato-toda-esa-magia-se-pierde-con-el-delivery-esteban-di-paola\/#primaryimage","url":"http:\/\/live.staticflickr.com\/65535\/50513923292_da8420f9de_c.jpg","contentUrl":"http:\/\/live.staticflickr.com\/65535\/50513923292_da8420f9de_c.jpg"},{"@type":"BreadcrumbList","@id":"https:\/\/www.noticiasradioreflejos.com.ar\/2021\/comer-es-una-experiencia-es-un-todo-desde-como-te-reciben-hasta-la-bebida-con-la-que-acompanas-el-plato-toda-esa-magia-se-pierde-con-el-delivery-esteban-di-paola\/#breadcrumb","itemListElement":[{"@type":"ListItem","position":1,"name":"Portada","item":"https:\/\/www.noticiasradioreflejos.com.ar\/2021\/"},{"@type":"ListItem","position":2,"name":"\u00abComer es una experiencia, es un todo, desde c\u00f3mo te reciben hasta la bebida con la que acompa\u00f1as el plato. Toda esa magia se pierde con el delivery\u00bb Esteban Di Paola."}]},{"@type":"WebSite","@id":"https:\/\/www.noticiasradioreflejos.com.ar\/2021\/#website","url":"https:\/\/www.noticiasradioreflejos.com.ar\/2021\/","name":"Noticias Radio Reflejos","description":"Las noticias de mi comarca","potentialAction":[{"@type":"SearchAction","target":{"@type":"EntryPoint","urlTemplate":"https:\/\/www.noticiasradioreflejos.com.ar\/2021\/?s={search_term_string}"},"query-input":{"@type":"PropertyValueSpecification","valueRequired":true,"valueName":"search_term_string"}}],"inLanguage":"es"},{"@type":"Person","@id":"https:\/\/www.noticiasradioreflejos.com.ar\/2021\/#\/schema\/person\/ad82545263dcc5ec0996818884fd5fb1","name":"Arnaldo Botto","image":{"@type":"ImageObject","inLanguage":"es","@id":"https:\/\/www.noticiasradioreflejos.com.ar\/2021\/#\/schema\/person\/image\/","url":"https:\/\/secure.gravatar.com\/avatar\/55cb5e37c1efa326397366e6974cb338056df65cb50e7d64d1cf314e87504837?s=96&d=mm&r=g","contentUrl":"https:\/\/secure.gravatar.com\/avatar\/55cb5e37c1efa326397366e6974cb338056df65cb50e7d64d1cf314e87504837?s=96&d=mm&r=g","caption":"Arnaldo Botto"},"url":"https:\/\/www.noticiasradioreflejos.com.ar\/2021\/author\/arnaldo\/"}]}},"_links":{"self":[{"href":"https:\/\/www.noticiasradioreflejos.com.ar\/2021\/wp-json\/wp\/v2\/posts\/48368","targetHints":{"allow":["GET"]}}],"collection":[{"href":"https:\/\/www.noticiasradioreflejos.com.ar\/2021\/wp-json\/wp\/v2\/posts"}],"about":[{"href":"https:\/\/www.noticiasradioreflejos.com.ar\/2021\/wp-json\/wp\/v2\/types\/post"}],"author":[{"embeddable":true,"href":"https:\/\/www.noticiasradioreflejos.com.ar\/2021\/wp-json\/wp\/v2\/users\/3"}],"replies":[{"embeddable":true,"href":"https:\/\/www.noticiasradioreflejos.com.ar\/2021\/wp-json\/wp\/v2\/comments?post=48368"}],"version-history":[{"count":0,"href":"https:\/\/www.noticiasradioreflejos.com.ar\/2021\/wp-json\/wp\/v2\/posts\/48368\/revisions"}],"wp:attachment":[{"href":"https:\/\/www.noticiasradioreflejos.com.ar\/2021\/wp-json\/wp\/v2\/media?parent=48368"}],"wp:term":[{"taxonomy":"category","embeddable":true,"href":"https:\/\/www.noticiasradioreflejos.com.ar\/2021\/wp-json\/wp\/v2\/categories?post=48368"},{"taxonomy":"post_tag","embeddable":true,"href":"https:\/\/www.noticiasradioreflejos.com.ar\/2021\/wp-json\/wp\/v2\/tags?post=48368"}],"curies":[{"name":"wp","href":"https:\/\/api.w.org\/{rel}","templated":true}]}}