{"id":4827,"date":"2016-12-16T00:47:58","date_gmt":"2016-12-16T00:47:58","guid":{"rendered":"http:\/\/noticiasradioreflejos.com.ar\/noticias\/?p=4827"},"modified":"2016-12-16T00:47:58","modified_gmt":"2016-12-16T00:47:58","slug":"este-fin-de-ano-la-fiesta-es-solo-para-el-gobierno","status":"publish","type":"post","link":"https:\/\/www.noticiasradioreflejos.com.ar\/2021\/este-fin-de-ano-la-fiesta-es-solo-para-el-gobierno\/","title":{"rendered":"&quot;Este f\u00edn de a\u00f1o, la fiesta es solo para el Gobierno&quot;"},"content":{"rendered":"<p>El Frente Gremial Docente Bonaerense contin\u00faa exigiendo al Gobierno Provincial la urgente convocatoria para discutir salarios, condiciones laborales y un mayor Presupuesto Educativo para 2017.<br \/>\nHace 5 meses que, unilateralmente, el Gobierno de la Provincia cerr\u00f3 toda instancia de di\u00e1logo con el sector docente. Por eso, el pr\u00f3ximo 21 de diciembre llevaremos nuestros reclamos a la Casa de la Provincia de Buenos Aires (Callao al 200, CABA) para exigir:<br \/>\n* Reapertura urgente de la Paritaria Docente.<!--more--><br \/>\n* Rechazo a la \u201carmonizaci\u00f3n\u201d de las cajas previsionales que, en la pr\u00e1ctica, implica el desfinanciamiento del IPS.<br \/>\n* Incremento del Presupuesto Educativo 2017.<br \/>\n* Eliminaci\u00f3n del Impuesto a las Ganancias para la Cuarta Categor\u00eda.<br \/>\n* Funcionamiento de las Comisiones T\u00e9cnicas, Cogesti\u00f3n, UEGD y todo espacio de di\u00e1logo y negociaci\u00f3n.<br \/>\n* Cobertura total de cargos.<br \/>\n* Aumento de cupos para los Comedores Escolares (SAE).<br \/>\n* Resoluci\u00f3n de problem\u00e1ticas edilicias.<br \/>\n* Continuidad integral de los Programas Socioeducativos.<br \/>\n* Desarrollo integral del Programa Nacional de Formaci\u00f3n Permanente (PNFP).<br \/>\nLos docentes bonaerenses no estamos dispuestos a resignar nuestra lucha por una Educaci\u00f3n P\u00fablica inclusiva y de calidad y por la defensa de los derechos de las y los Trabajadores de la Educaci\u00f3n.<br \/>\nFRENTE GREMIAL DOCENTE BONAERENSE<br \/>\nAMET &#8211; FEB &#8211; SADOP &#8211; SUTEBA &#8211; UDA<\/p>\n","protected":false},"excerpt":{"rendered":"<p>El Frente Gremial Docente Bonaerense contin\u00faa exigiendo al Gobierno Provincial la urgente convocatoria para discutir salarios, condiciones laborales y un mayor Presupuesto Educativo para 2017. Hace 5 meses que, unilateralmente, el Gobierno de la Provincia cerr\u00f3 toda instancia de di\u00e1logo con el sector docente. Por eso, el pr\u00f3ximo 21 de diciembre llevaremos nuestros reclamos a [&hellip;]<\/p>\n","protected":false},"author":3,"featured_media":0,"comment_status":"closed","ping_status":"open","sticky":false,"template":"","format":"standard","meta":{"footnotes":""},"categories":[34],"tags":[],"class_list":["post-4827","post","type-post","status-publish","format-standard","hentry","category-educacion"],"yoast_head":"<!-- This site is optimized with the Yoast SEO plugin v25.9 - https:\/\/yoast.com\/wordpress\/plugins\/seo\/ -->\n<title>&quot;Este f\u00edn de a\u00f1o, la fiesta es solo para el Gobierno&quot; - Noticias Radio Reflejos<\/title>\n<meta name=\"robots\" content=\"index, follow, max-snippet:-1, max-image-preview:large, max-video-preview:-1\" \/>\n<link rel=\"canonical\" href=\"https:\/\/www.noticiasradioreflejos.com.ar\/2021\/este-fin-de-ano-la-fiesta-es-solo-para-el-gobierno\/\" \/>\n<meta property=\"og:locale\" content=\"es_ES\" \/>\n<meta property=\"og:type\" content=\"article\" \/>\n<meta property=\"og:title\" content=\"&quot;Este f\u00edn de a\u00f1o, la fiesta es solo para el Gobierno&quot; - Noticias Radio Reflejos\" \/>\n<meta property=\"og:description\" content=\"El Frente Gremial Docente Bonaerense contin\u00faa exigiendo al Gobierno Provincial la urgente convocatoria para discutir salarios, condiciones laborales y un mayor Presupuesto Educativo para 2017. Hace 5 meses que, unilateralmente, el Gobierno de la Provincia cerr\u00f3 toda instancia de di\u00e1logo con el sector docente. Por eso, el pr\u00f3ximo 21 de diciembre llevaremos nuestros reclamos a [&hellip;]\" \/>\n<meta property=\"og:url\" content=\"https:\/\/www.noticiasradioreflejos.com.ar\/2021\/este-fin-de-ano-la-fiesta-es-solo-para-el-gobierno\/\" \/>\n<meta property=\"og:site_name\" content=\"Noticias Radio Reflejos\" \/>\n<meta property=\"article:published_time\" content=\"2016-12-16T00:47:58+00:00\" \/>\n<meta property=\"og:image\" content=\"https:\/\/www.noticiasradioreflejos.com.ar\/2021\/wp-content\/uploads\/2021\/07\/logosol300x200.png\" \/>\n\t<meta property=\"og:image:width\" content=\"300\" \/>\n\t<meta property=\"og:image:height\" content=\"200\" \/>\n\t<meta property=\"og:image:type\" content=\"image\/png\" \/>\n<meta name=\"author\" content=\"Arnaldo Botto\" \/>\n<meta name=\"twitter:card\" content=\"summary_large_image\" \/>\n<script type=\"application\/ld+json\" class=\"yoast-schema-graph\">{\"@context\":\"https:\/\/schema.org\",\"@graph\":[{\"@type\":\"WebPage\",\"@id\":\"https:\/\/www.noticiasradioreflejos.com.ar\/2021\/este-fin-de-ano-la-fiesta-es-solo-para-el-gobierno\/\",\"url\":\"https:\/\/www.noticiasradioreflejos.com.ar\/2021\/este-fin-de-ano-la-fiesta-es-solo-para-el-gobierno\/\",\"name\":\"&quot;Este f\u00edn de a\u00f1o, la fiesta es solo para el Gobierno&quot; - Noticias Radio Reflejos\",\"isPartOf\":{\"@id\":\"https:\/\/www.noticiasradioreflejos.com.ar\/2021\/#website\"},\"datePublished\":\"2016-12-16T00:47:58+00:00\",\"author\":{\"@id\":\"https:\/\/www.noticiasradioreflejos.com.ar\/2021\/#\/schema\/person\/ad82545263dcc5ec0996818884fd5fb1\"},\"breadcrumb\":{\"@id\":\"https:\/\/www.noticiasradioreflejos.com.ar\/2021\/este-fin-de-ano-la-fiesta-es-solo-para-el-gobierno\/#breadcrumb\"},\"inLanguage\":\"es\",\"potentialAction\":[{\"@type\":\"ReadAction\",\"target\":[\"https:\/\/www.noticiasradioreflejos.com.ar\/2021\/este-fin-de-ano-la-fiesta-es-solo-para-el-gobierno\/\"]}]},{\"@type\":\"BreadcrumbList\",\"@id\":\"https:\/\/www.noticiasradioreflejos.com.ar\/2021\/este-fin-de-ano-la-fiesta-es-solo-para-el-gobierno\/#breadcrumb\",\"itemListElement\":[{\"@type\":\"ListItem\",\"position\":1,\"name\":\"Portada\",\"item\":\"https:\/\/www.noticiasradioreflejos.com.ar\/2021\/\"},{\"@type\":\"ListItem\",\"position\":2,\"name\":\"&quot;Este f\u00edn de a\u00f1o, la fiesta es solo para el Gobierno&quot;\"}]},{\"@type\":\"WebSite\",\"@id\":\"https:\/\/www.noticiasradioreflejos.com.ar\/2021\/#website\",\"url\":\"https:\/\/www.noticiasradioreflejos.com.ar\/2021\/\",\"name\":\"Noticias Radio Reflejos\",\"description\":\"Las noticias de mi comarca\",\"potentialAction\":[{\"@type\":\"SearchAction\",\"target\":{\"@type\":\"EntryPoint\",\"urlTemplate\":\"https:\/\/www.noticiasradioreflejos.com.ar\/2021\/?s={search_term_string}\"},\"query-input\":{\"@type\":\"PropertyValueSpecification\",\"valueRequired\":true,\"valueName\":\"search_term_string\"}}],\"inLanguage\":\"es\"},{\"@type\":\"Person\",\"@id\":\"https:\/\/www.noticiasradioreflejos.com.ar\/2021\/#\/schema\/person\/ad82545263dcc5ec0996818884fd5fb1\",\"name\":\"Arnaldo Botto\",\"image\":{\"@type\":\"ImageObject\",\"inLanguage\":\"es\",\"@id\":\"https:\/\/www.noticiasradioreflejos.com.ar\/2021\/#\/schema\/person\/image\/\",\"url\":\"https:\/\/secure.gravatar.com\/avatar\/55cb5e37c1efa326397366e6974cb338056df65cb50e7d64d1cf314e87504837?s=96&d=mm&r=g\",\"contentUrl\":\"https:\/\/secure.gravatar.com\/avatar\/55cb5e37c1efa326397366e6974cb338056df65cb50e7d64d1cf314e87504837?s=96&d=mm&r=g\",\"caption\":\"Arnaldo Botto\"},\"url\":\"https:\/\/www.noticiasradioreflejos.com.ar\/2021\/author\/arnaldo\/\"}]}<\/script>\n<!-- \/ Yoast SEO plugin. -->","yoast_head_json":{"title":"&quot;Este f\u00edn de a\u00f1o, la fiesta es solo para el Gobierno&quot; - Noticias Radio Reflejos","robots":{"index":"index","follow":"follow","max-snippet":"max-snippet:-1","max-image-preview":"max-image-preview:large","max-video-preview":"max-video-preview:-1"},"canonical":"https:\/\/www.noticiasradioreflejos.com.ar\/2021\/este-fin-de-ano-la-fiesta-es-solo-para-el-gobierno\/","og_locale":"es_ES","og_type":"article","og_title":"&quot;Este f\u00edn de a\u00f1o, la fiesta es solo para el Gobierno&quot; - Noticias Radio Reflejos","og_description":"El Frente Gremial Docente Bonaerense contin\u00faa exigiendo al Gobierno Provincial la urgente convocatoria para discutir salarios, condiciones laborales y un mayor Presupuesto Educativo para 2017. Hace 5 meses que, unilateralmente, el Gobierno de la Provincia cerr\u00f3 toda instancia de di\u00e1logo con el sector docente. Por eso, el pr\u00f3ximo 21 de diciembre llevaremos nuestros reclamos a [&hellip;]","og_url":"https:\/\/www.noticiasradioreflejos.com.ar\/2021\/este-fin-de-ano-la-fiesta-es-solo-para-el-gobierno\/","og_site_name":"Noticias Radio Reflejos","article_published_time":"2016-12-16T00:47:58+00:00","og_image":[{"width":300,"height":200,"url":"https:\/\/www.noticiasradioreflejos.com.ar\/2021\/wp-content\/uploads\/2021\/07\/logosol300x200.png","type":"image\/png"}],"author":"Arnaldo Botto","twitter_card":"summary_large_image","schema":{"@context":"https:\/\/schema.org","@graph":[{"@type":"WebPage","@id":"https:\/\/www.noticiasradioreflejos.com.ar\/2021\/este-fin-de-ano-la-fiesta-es-solo-para-el-gobierno\/","url":"https:\/\/www.noticiasradioreflejos.com.ar\/2021\/este-fin-de-ano-la-fiesta-es-solo-para-el-gobierno\/","name":"&quot;Este f\u00edn de a\u00f1o, la fiesta es solo para el Gobierno&quot; - Noticias Radio Reflejos","isPartOf":{"@id":"https:\/\/www.noticiasradioreflejos.com.ar\/2021\/#website"},"datePublished":"2016-12-16T00:47:58+00:00","author":{"@id":"https:\/\/www.noticiasradioreflejos.com.ar\/2021\/#\/schema\/person\/ad82545263dcc5ec0996818884fd5fb1"},"breadcrumb":{"@id":"https:\/\/www.noticiasradioreflejos.com.ar\/2021\/este-fin-de-ano-la-fiesta-es-solo-para-el-gobierno\/#breadcrumb"},"inLanguage":"es","potentialAction":[{"@type":"ReadAction","target":["https:\/\/www.noticiasradioreflejos.com.ar\/2021\/este-fin-de-ano-la-fiesta-es-solo-para-el-gobierno\/"]}]},{"@type":"BreadcrumbList","@id":"https:\/\/www.noticiasradioreflejos.com.ar\/2021\/este-fin-de-ano-la-fiesta-es-solo-para-el-gobierno\/#breadcrumb","itemListElement":[{"@type":"ListItem","position":1,"name":"Portada","item":"https:\/\/www.noticiasradioreflejos.com.ar\/2021\/"},{"@type":"ListItem","position":2,"name":"&quot;Este f\u00edn de a\u00f1o, la fiesta es solo para el Gobierno&quot;"}]},{"@type":"WebSite","@id":"https:\/\/www.noticiasradioreflejos.com.ar\/2021\/#website","url":"https:\/\/www.noticiasradioreflejos.com.ar\/2021\/","name":"Noticias Radio Reflejos","description":"Las noticias de mi comarca","potentialAction":[{"@type":"SearchAction","target":{"@type":"EntryPoint","urlTemplate":"https:\/\/www.noticiasradioreflejos.com.ar\/2021\/?s={search_term_string}"},"query-input":{"@type":"PropertyValueSpecification","valueRequired":true,"valueName":"search_term_string"}}],"inLanguage":"es"},{"@type":"Person","@id":"https:\/\/www.noticiasradioreflejos.com.ar\/2021\/#\/schema\/person\/ad82545263dcc5ec0996818884fd5fb1","name":"Arnaldo Botto","image":{"@type":"ImageObject","inLanguage":"es","@id":"https:\/\/www.noticiasradioreflejos.com.ar\/2021\/#\/schema\/person\/image\/","url":"https:\/\/secure.gravatar.com\/avatar\/55cb5e37c1efa326397366e6974cb338056df65cb50e7d64d1cf314e87504837?s=96&d=mm&r=g","contentUrl":"https:\/\/secure.gravatar.com\/avatar\/55cb5e37c1efa326397366e6974cb338056df65cb50e7d64d1cf314e87504837?s=96&d=mm&r=g","caption":"Arnaldo Botto"},"url":"https:\/\/www.noticiasradioreflejos.com.ar\/2021\/author\/arnaldo\/"}]}},"_links":{"self":[{"href":"https:\/\/www.noticiasradioreflejos.com.ar\/2021\/wp-json\/wp\/v2\/posts\/4827","targetHints":{"allow":["GET"]}}],"collection":[{"href":"https:\/\/www.noticiasradioreflejos.com.ar\/2021\/wp-json\/wp\/v2\/posts"}],"about":[{"href":"https:\/\/www.noticiasradioreflejos.com.ar\/2021\/wp-json\/wp\/v2\/types\/post"}],"author":[{"embeddable":true,"href":"https:\/\/www.noticiasradioreflejos.com.ar\/2021\/wp-json\/wp\/v2\/users\/3"}],"replies":[{"embeddable":true,"href":"https:\/\/www.noticiasradioreflejos.com.ar\/2021\/wp-json\/wp\/v2\/comments?post=4827"}],"version-history":[{"count":0,"href":"https:\/\/www.noticiasradioreflejos.com.ar\/2021\/wp-json\/wp\/v2\/posts\/4827\/revisions"}],"wp:attachment":[{"href":"https:\/\/www.noticiasradioreflejos.com.ar\/2021\/wp-json\/wp\/v2\/media?parent=4827"}],"wp:term":[{"taxonomy":"category","embeddable":true,"href":"https:\/\/www.noticiasradioreflejos.com.ar\/2021\/wp-json\/wp\/v2\/categories?post=4827"},{"taxonomy":"post_tag","embeddable":true,"href":"https:\/\/www.noticiasradioreflejos.com.ar\/2021\/wp-json\/wp\/v2\/tags?post=4827"}],"curies":[{"name":"wp","href":"https:\/\/api.w.org\/{rel}","templated":true}]}}