{"id":48227,"date":"2020-10-19T09:41:32","date_gmt":"2020-10-19T12:41:32","guid":{"rendered":"http:\/\/www.noticiasradioreflejos.com.ar\/noticias\/?p=48227"},"modified":"2020-10-19T09:41:32","modified_gmt":"2020-10-19T12:41:32","slug":"comenzo-la-pavimentacion-de-la-autopista-bahia-blanca-tornquist","status":"publish","type":"post","link":"https:\/\/www.noticiasradioreflejos.com.ar\/2021\/comenzo-la-pavimentacion-de-la-autopista-bahia-blanca-tornquist\/","title":{"rendered":"Comenz\u00f3 la pavimentaci\u00f3n de la autopista Bah\u00eda Blanca -Tornquist."},"content":{"rendered":"<p>El Ministerio de Obras P\u00fablicas a trav\u00e9s de Vialidad Nacional informa que, comenz\u00f3 la pavimentaci\u00f3n de la calzada principal izquierda en la autopista sobre la Ruta Nacional N\u00b0 33 entre las ciudades de Bah\u00eda Blanca y Tornquist.<!--more--><br \/>\nLos trabajos comenzaron en la calzada principal izquierda del km 26 y marcan el comienzo de las tareas m\u00e1s esperadas dentro de los hitos de la obra. El inicio de la pavimentaci\u00f3n significa la concreci\u00f3n de este anhelado proyecto hist\u00f3rico de autopista que desde hace varias d\u00e9cadas espera Bah\u00eda Blanca y la regi\u00f3n.<\/p>\n<p><a title=\"WhatsApp Image 2020-10-19 at 08.26.06 (1)\" href=\"http:\/\/live.staticflickr.com\/65535\/50505713677_b8b5562b30_s.jpg\" rel=\"\"><img loading=\"lazy\" decoding=\"async\" class=\"aligncenter\" title=\"WhatsApp Image 2020-10-19 at 08.26.06 (1)\" src=\"http:\/\/live.staticflickr.com\/65535\/50505713677_b8b5562b30_c.jpg\" alt=\"WhatsApp Image 2020-10-19 at 08.26.06 (1)\" width=\"800\" height=\"450\" \/><\/a><br \/>\nLa esperada y necesaria obra entre Bah\u00eda Blanca y Tornquist genera 100 puestos de trabajo, y potenciar\u00e1 el tr\u00e1nsito y la seguridad vial en una de las v\u00edas de comunicaci\u00f3n m\u00e1s importantes del sur de la provincia de Buenos Aires hacia el puerto de Rosario, pasando por las localidades del corredor productivo agr\u00edcola y ganadero, uni\u00e9ndolo con el puerto de Ingeniero White. El proyecto abarca un tramo de 33 km y mejorar\u00e1 las condiciones de circulaci\u00f3n de m\u00e1s de 4.500 usuarios por d\u00eda.<br \/>\n<a title=\"WhatsApp Image 2020-10-19 at 09.02.38\" href=\"http:\/\/live.staticflickr.com\/65535\/50505552681_9977058287_s.jpg\" rel=\"\"><img loading=\"lazy\" decoding=\"async\" class=\"alignleft\" style=\"float: left;\" title=\"WhatsApp Image 2020-10-19 at 09.02.38\" src=\"http:\/\/live.staticflickr.com\/65535\/50505552681_9977058287.jpg\" alt=\"WhatsApp Image 2020-10-19 at 09.02.38\" width=\"500\" height=\"375\" \/><\/a><\/p>\n<p><strong>Lic. Gustavo Trankels<\/strong> manifest\u00f3 que \u201cLa priorizaci\u00f3n de la obra p\u00fablica propuesta por el <strong>Presidente Alberto Fern\u00e1ndez<\/strong>, est\u00e1 dando sus frutos en nuestra regi\u00f3n. Eso sumado a la gran capacidad de gesti\u00f3n del <strong>Ministro Gabriel Katopodis,<\/strong> y la decisi\u00f3n pol\u00edtica del Administrador General de Vialidad Nacional,<strong> Gustavo Arrieta<\/strong>, han hecho que hoy podamos iniciar una nueva e hist\u00f3rica etapa que viene a saldar una deuda de varias d\u00e9cadas \u00a1Empezamos a pavimentar la autopista de la Ruta Nacional 33 entre Bah\u00eda Blanca y Tornquist! \u00a1Gracias a todo el equipo de Vialidad Nacional que trabaja todos los d\u00edas para concretar estos sue\u00f1os!\u201d.<br \/>\nPor otro lado, contin\u00faan las tareas de movimiento de suelos en terrapl\u00e9n y capas especiales, hormigonado de alcantarillas y armado de estribos de puentes (tierra armada con contenci\u00f3n lateral de escamas de hormig\u00f3n) en otros sectores del tramo de 33 km.<br \/>\nRecordamos que el proyecto contempla la ejecuci\u00f3n de 103 alcantarillas transversales y 28 laterales, as\u00ed como la construcci\u00f3n de 5 intercambiadores (a distinto nivel) tipo diamante para el acceso a las calles vecinales y retornos.<\/p>\n<p><a title=\"WhatsApp Image 2020-10-19 at 08.26.05\" href=\"http:\/\/live.staticflickr.com\/65535\/50505713712_195c21b849_s.jpg\" rel=\"\"><img loading=\"lazy\" decoding=\"async\" class=\"aligncenter\" title=\"WhatsApp Image 2020-10-19 at 08.26.05\" src=\"http:\/\/live.staticflickr.com\/65535\/50505713712_195c21b849_c.jpg\" alt=\"WhatsApp Image 2020-10-19 at 08.26.05\" width=\"800\" height=\"450\" \/><\/a><\/p>\n","protected":false},"excerpt":{"rendered":"<p>El Ministerio de Obras P\u00fablicas a trav\u00e9s de Vialidad Nacional informa que, comenz\u00f3 la pavimentaci\u00f3n de la calzada principal izquierda en la autopista sobre la Ruta Nacional N\u00b0 33 entre las ciudades de Bah\u00eda Blanca y Tornquist.<\/p>\n","protected":false},"author":3,"featured_media":0,"comment_status":"closed","ping_status":"open","sticky":false,"template":"","format":"standard","meta":{"footnotes":""},"categories":[26],"tags":[],"class_list":["post-48227","post","type-post","status-publish","format-standard","hentry","category-sociedad"],"yoast_head":"<!-- This site is optimized with the Yoast SEO plugin v25.9 - https:\/\/yoast.com\/wordpress\/plugins\/seo\/ -->\n<title>Comenz\u00f3 la pavimentaci\u00f3n de la autopista Bah\u00eda Blanca -Tornquist. - Noticias Radio Reflejos<\/title>\n<meta name=\"robots\" content=\"index, follow, max-snippet:-1, max-image-preview:large, max-video-preview:-1\" \/>\n<link rel=\"canonical\" href=\"https:\/\/www.noticiasradioreflejos.com.ar\/2021\/comenzo-la-pavimentacion-de-la-autopista-bahia-blanca-tornquist\/\" \/>\n<meta property=\"og:locale\" content=\"es_ES\" \/>\n<meta property=\"og:type\" content=\"article\" \/>\n<meta property=\"og:title\" content=\"Comenz\u00f3 la pavimentaci\u00f3n de la autopista Bah\u00eda Blanca -Tornquist. - Noticias Radio Reflejos\" \/>\n<meta property=\"og:description\" content=\"El Ministerio de Obras P\u00fablicas a trav\u00e9s de Vialidad Nacional informa que, comenz\u00f3 la pavimentaci\u00f3n de la calzada principal izquierda en la autopista sobre la Ruta Nacional N\u00b0 33 entre las ciudades de Bah\u00eda Blanca y Tornquist.\" \/>\n<meta property=\"og:url\" content=\"https:\/\/www.noticiasradioreflejos.com.ar\/2021\/comenzo-la-pavimentacion-de-la-autopista-bahia-blanca-tornquist\/\" \/>\n<meta property=\"og:site_name\" content=\"Noticias Radio Reflejos\" \/>\n<meta property=\"article:published_time\" content=\"2020-10-19T12:41:32+00:00\" \/>\n<meta property=\"og:image\" content=\"http:\/\/live.staticflickr.com\/65535\/50505713677_b8b5562b30_c.jpg\" \/>\n<meta name=\"author\" content=\"Arnaldo Botto\" \/>\n<meta name=\"twitter:card\" content=\"summary_large_image\" \/>\n<script type=\"application\/ld+json\" class=\"yoast-schema-graph\">{\"@context\":\"https:\/\/schema.org\",\"@graph\":[{\"@type\":\"WebPage\",\"@id\":\"https:\/\/www.noticiasradioreflejos.com.ar\/2021\/comenzo-la-pavimentacion-de-la-autopista-bahia-blanca-tornquist\/\",\"url\":\"https:\/\/www.noticiasradioreflejos.com.ar\/2021\/comenzo-la-pavimentacion-de-la-autopista-bahia-blanca-tornquist\/\",\"name\":\"Comenz\u00f3 la pavimentaci\u00f3n de la autopista Bah\u00eda Blanca -Tornquist. - Noticias Radio Reflejos\",\"isPartOf\":{\"@id\":\"https:\/\/www.noticiasradioreflejos.com.ar\/2021\/#website\"},\"primaryImageOfPage\":{\"@id\":\"https:\/\/www.noticiasradioreflejos.com.ar\/2021\/comenzo-la-pavimentacion-de-la-autopista-bahia-blanca-tornquist\/#primaryimage\"},\"image\":{\"@id\":\"https:\/\/www.noticiasradioreflejos.com.ar\/2021\/comenzo-la-pavimentacion-de-la-autopista-bahia-blanca-tornquist\/#primaryimage\"},\"thumbnailUrl\":\"http:\/\/live.staticflickr.com\/65535\/50505713677_b8b5562b30_c.jpg\",\"datePublished\":\"2020-10-19T12:41:32+00:00\",\"author\":{\"@id\":\"https:\/\/www.noticiasradioreflejos.com.ar\/2021\/#\/schema\/person\/ad82545263dcc5ec0996818884fd5fb1\"},\"breadcrumb\":{\"@id\":\"https:\/\/www.noticiasradioreflejos.com.ar\/2021\/comenzo-la-pavimentacion-de-la-autopista-bahia-blanca-tornquist\/#breadcrumb\"},\"inLanguage\":\"es\",\"potentialAction\":[{\"@type\":\"ReadAction\",\"target\":[\"https:\/\/www.noticiasradioreflejos.com.ar\/2021\/comenzo-la-pavimentacion-de-la-autopista-bahia-blanca-tornquist\/\"]}]},{\"@type\":\"ImageObject\",\"inLanguage\":\"es\",\"@id\":\"https:\/\/www.noticiasradioreflejos.com.ar\/2021\/comenzo-la-pavimentacion-de-la-autopista-bahia-blanca-tornquist\/#primaryimage\",\"url\":\"http:\/\/live.staticflickr.com\/65535\/50505713677_b8b5562b30_c.jpg\",\"contentUrl\":\"http:\/\/live.staticflickr.com\/65535\/50505713677_b8b5562b30_c.jpg\"},{\"@type\":\"BreadcrumbList\",\"@id\":\"https:\/\/www.noticiasradioreflejos.com.ar\/2021\/comenzo-la-pavimentacion-de-la-autopista-bahia-blanca-tornquist\/#breadcrumb\",\"itemListElement\":[{\"@type\":\"ListItem\",\"position\":1,\"name\":\"Portada\",\"item\":\"https:\/\/www.noticiasradioreflejos.com.ar\/2021\/\"},{\"@type\":\"ListItem\",\"position\":2,\"name\":\"Comenz\u00f3 la pavimentaci\u00f3n de la autopista Bah\u00eda Blanca -Tornquist.\"}]},{\"@type\":\"WebSite\",\"@id\":\"https:\/\/www.noticiasradioreflejos.com.ar\/2021\/#website\",\"url\":\"https:\/\/www.noticiasradioreflejos.com.ar\/2021\/\",\"name\":\"Noticias Radio Reflejos\",\"description\":\"Las noticias de mi comarca\",\"potentialAction\":[{\"@type\":\"SearchAction\",\"target\":{\"@type\":\"EntryPoint\",\"urlTemplate\":\"https:\/\/www.noticiasradioreflejos.com.ar\/2021\/?s={search_term_string}\"},\"query-input\":{\"@type\":\"PropertyValueSpecification\",\"valueRequired\":true,\"valueName\":\"search_term_string\"}}],\"inLanguage\":\"es\"},{\"@type\":\"Person\",\"@id\":\"https:\/\/www.noticiasradioreflejos.com.ar\/2021\/#\/schema\/person\/ad82545263dcc5ec0996818884fd5fb1\",\"name\":\"Arnaldo Botto\",\"image\":{\"@type\":\"ImageObject\",\"inLanguage\":\"es\",\"@id\":\"https:\/\/www.noticiasradioreflejos.com.ar\/2021\/#\/schema\/person\/image\/\",\"url\":\"https:\/\/secure.gravatar.com\/avatar\/55cb5e37c1efa326397366e6974cb338056df65cb50e7d64d1cf314e87504837?s=96&d=mm&r=g\",\"contentUrl\":\"https:\/\/secure.gravatar.com\/avatar\/55cb5e37c1efa326397366e6974cb338056df65cb50e7d64d1cf314e87504837?s=96&d=mm&r=g\",\"caption\":\"Arnaldo Botto\"},\"url\":\"https:\/\/www.noticiasradioreflejos.com.ar\/2021\/author\/arnaldo\/\"}]}<\/script>\n<!-- \/ Yoast SEO plugin. -->","yoast_head_json":{"title":"Comenz\u00f3 la pavimentaci\u00f3n de la autopista Bah\u00eda Blanca -Tornquist. - Noticias Radio Reflejos","robots":{"index":"index","follow":"follow","max-snippet":"max-snippet:-1","max-image-preview":"max-image-preview:large","max-video-preview":"max-video-preview:-1"},"canonical":"https:\/\/www.noticiasradioreflejos.com.ar\/2021\/comenzo-la-pavimentacion-de-la-autopista-bahia-blanca-tornquist\/","og_locale":"es_ES","og_type":"article","og_title":"Comenz\u00f3 la pavimentaci\u00f3n de la autopista Bah\u00eda Blanca -Tornquist. - Noticias Radio Reflejos","og_description":"El Ministerio de Obras P\u00fablicas a trav\u00e9s de Vialidad Nacional informa que, comenz\u00f3 la pavimentaci\u00f3n de la calzada principal izquierda en la autopista sobre la Ruta Nacional N\u00b0 33 entre las ciudades de Bah\u00eda Blanca y Tornquist.","og_url":"https:\/\/www.noticiasradioreflejos.com.ar\/2021\/comenzo-la-pavimentacion-de-la-autopista-bahia-blanca-tornquist\/","og_site_name":"Noticias Radio Reflejos","article_published_time":"2020-10-19T12:41:32+00:00","og_image":[{"url":"http:\/\/live.staticflickr.com\/65535\/50505713677_b8b5562b30_c.jpg","type":"","width":"","height":""}],"author":"Arnaldo Botto","twitter_card":"summary_large_image","schema":{"@context":"https:\/\/schema.org","@graph":[{"@type":"WebPage","@id":"https:\/\/www.noticiasradioreflejos.com.ar\/2021\/comenzo-la-pavimentacion-de-la-autopista-bahia-blanca-tornquist\/","url":"https:\/\/www.noticiasradioreflejos.com.ar\/2021\/comenzo-la-pavimentacion-de-la-autopista-bahia-blanca-tornquist\/","name":"Comenz\u00f3 la pavimentaci\u00f3n de la autopista Bah\u00eda Blanca -Tornquist. - Noticias Radio Reflejos","isPartOf":{"@id":"https:\/\/www.noticiasradioreflejos.com.ar\/2021\/#website"},"primaryImageOfPage":{"@id":"https:\/\/www.noticiasradioreflejos.com.ar\/2021\/comenzo-la-pavimentacion-de-la-autopista-bahia-blanca-tornquist\/#primaryimage"},"image":{"@id":"https:\/\/www.noticiasradioreflejos.com.ar\/2021\/comenzo-la-pavimentacion-de-la-autopista-bahia-blanca-tornquist\/#primaryimage"},"thumbnailUrl":"http:\/\/live.staticflickr.com\/65535\/50505713677_b8b5562b30_c.jpg","datePublished":"2020-10-19T12:41:32+00:00","author":{"@id":"https:\/\/www.noticiasradioreflejos.com.ar\/2021\/#\/schema\/person\/ad82545263dcc5ec0996818884fd5fb1"},"breadcrumb":{"@id":"https:\/\/www.noticiasradioreflejos.com.ar\/2021\/comenzo-la-pavimentacion-de-la-autopista-bahia-blanca-tornquist\/#breadcrumb"},"inLanguage":"es","potentialAction":[{"@type":"ReadAction","target":["https:\/\/www.noticiasradioreflejos.com.ar\/2021\/comenzo-la-pavimentacion-de-la-autopista-bahia-blanca-tornquist\/"]}]},{"@type":"ImageObject","inLanguage":"es","@id":"https:\/\/www.noticiasradioreflejos.com.ar\/2021\/comenzo-la-pavimentacion-de-la-autopista-bahia-blanca-tornquist\/#primaryimage","url":"http:\/\/live.staticflickr.com\/65535\/50505713677_b8b5562b30_c.jpg","contentUrl":"http:\/\/live.staticflickr.com\/65535\/50505713677_b8b5562b30_c.jpg"},{"@type":"BreadcrumbList","@id":"https:\/\/www.noticiasradioreflejos.com.ar\/2021\/comenzo-la-pavimentacion-de-la-autopista-bahia-blanca-tornquist\/#breadcrumb","itemListElement":[{"@type":"ListItem","position":1,"name":"Portada","item":"https:\/\/www.noticiasradioreflejos.com.ar\/2021\/"},{"@type":"ListItem","position":2,"name":"Comenz\u00f3 la pavimentaci\u00f3n de la autopista Bah\u00eda Blanca -Tornquist."}]},{"@type":"WebSite","@id":"https:\/\/www.noticiasradioreflejos.com.ar\/2021\/#website","url":"https:\/\/www.noticiasradioreflejos.com.ar\/2021\/","name":"Noticias Radio Reflejos","description":"Las noticias de mi comarca","potentialAction":[{"@type":"SearchAction","target":{"@type":"EntryPoint","urlTemplate":"https:\/\/www.noticiasradioreflejos.com.ar\/2021\/?s={search_term_string}"},"query-input":{"@type":"PropertyValueSpecification","valueRequired":true,"valueName":"search_term_string"}}],"inLanguage":"es"},{"@type":"Person","@id":"https:\/\/www.noticiasradioreflejos.com.ar\/2021\/#\/schema\/person\/ad82545263dcc5ec0996818884fd5fb1","name":"Arnaldo Botto","image":{"@type":"ImageObject","inLanguage":"es","@id":"https:\/\/www.noticiasradioreflejos.com.ar\/2021\/#\/schema\/person\/image\/","url":"https:\/\/secure.gravatar.com\/avatar\/55cb5e37c1efa326397366e6974cb338056df65cb50e7d64d1cf314e87504837?s=96&d=mm&r=g","contentUrl":"https:\/\/secure.gravatar.com\/avatar\/55cb5e37c1efa326397366e6974cb338056df65cb50e7d64d1cf314e87504837?s=96&d=mm&r=g","caption":"Arnaldo Botto"},"url":"https:\/\/www.noticiasradioreflejos.com.ar\/2021\/author\/arnaldo\/"}]}},"_links":{"self":[{"href":"https:\/\/www.noticiasradioreflejos.com.ar\/2021\/wp-json\/wp\/v2\/posts\/48227","targetHints":{"allow":["GET"]}}],"collection":[{"href":"https:\/\/www.noticiasradioreflejos.com.ar\/2021\/wp-json\/wp\/v2\/posts"}],"about":[{"href":"https:\/\/www.noticiasradioreflejos.com.ar\/2021\/wp-json\/wp\/v2\/types\/post"}],"author":[{"embeddable":true,"href":"https:\/\/www.noticiasradioreflejos.com.ar\/2021\/wp-json\/wp\/v2\/users\/3"}],"replies":[{"embeddable":true,"href":"https:\/\/www.noticiasradioreflejos.com.ar\/2021\/wp-json\/wp\/v2\/comments?post=48227"}],"version-history":[{"count":0,"href":"https:\/\/www.noticiasradioreflejos.com.ar\/2021\/wp-json\/wp\/v2\/posts\/48227\/revisions"}],"wp:attachment":[{"href":"https:\/\/www.noticiasradioreflejos.com.ar\/2021\/wp-json\/wp\/v2\/media?parent=48227"}],"wp:term":[{"taxonomy":"category","embeddable":true,"href":"https:\/\/www.noticiasradioreflejos.com.ar\/2021\/wp-json\/wp\/v2\/categories?post=48227"},{"taxonomy":"post_tag","embeddable":true,"href":"https:\/\/www.noticiasradioreflejos.com.ar\/2021\/wp-json\/wp\/v2\/tags?post=48227"}],"curies":[{"name":"wp","href":"https:\/\/api.w.org\/{rel}","templated":true}]}}