{"id":48149,"date":"2020-10-15T13:04:47","date_gmt":"2020-10-15T16:04:47","guid":{"rendered":"http:\/\/www.noticiasradioreflejos.com.ar\/noticias\/?p=48149"},"modified":"2020-10-15T13:04:47","modified_gmt":"2020-10-15T16:04:47","slug":"concurso-fotografico-cuarentena","status":"publish","type":"post","link":"https:\/\/www.noticiasradioreflejos.com.ar\/2021\/concurso-fotografico-cuarentena\/","title":{"rendered":"Concurso fotogr\u00e1fico \u201cCUARENTENA\u201d"},"content":{"rendered":"<p>La Direcci\u00f3n de Juventud, G\u00e9nero y Diversidad Sexual, junto a la Biblioteca Mariano Moreno de Sierra de la Ventana y Antonella Pelorosso Coggan, invitan a adolescentes de entre 13 y 22 a\u00f1os, a participar del concurso \u201cCuarentena\u201d.<br \/>\nEl objetivo de que los j\u00f3venes puedan expresar a trav\u00e9s de la fotograf\u00eda como se ven reflejados en estos tiempos de pandemia y distanciamiento social. <!--more--><\/p>\n<p><strong>Bases y condiciones: <\/strong><br \/>\nTem\u00e1tica: Im\u00e1genes en tiempos de confinamiento social. \u201cCuarentena\u201d.<br \/>\nCronograma:<br \/>\nApertura de la Convocatoria: 15 de Octubre<br \/>\nRecepci\u00f3n de im\u00e1genes: desde el 26\/10 al 13\/11<br \/>\nEvaluaci\u00f3n de las obras: 19 y 20 de noviembre<br \/>\nPublicaci\u00f3n de resultados: 23 de noviembre<br \/>\n<strong>Requisitos:<\/strong><br \/>\nLas im\u00e1genes deber\u00e1n ser in\u00e9ditas y actuales. Se podr\u00e1 presentar solo 1 fotograf\u00eda por autor\/a.<br \/>\n&#8211; Formato de env\u00edo: JPG<br \/>\n&#8211; Orientaci\u00f3n: horizontal o vertical<br \/>\n&#8211; Las fotograf\u00edas podr\u00e1n ser en blanco y negro o en color<\/p>\n<p><strong>INSCRIPCI\u00d3N Y ENV\u00cdO DE FOTOGRAF\u00cdAS<\/strong><br \/>\nLa inscripci\u00f3n es gratuita.<br \/>\nLos interesados deber\u00e1n enviar sus obras a labibliomoreno@gmail.com<\/p>\n<p>PREMIOS<br \/>\nPrimer Premio: $5000<br \/>\nSegundo Premio: $2500<\/p>\n<p>El jurado estar\u00e1 integrado por la Fot\u00f3grafa Antonela Pelorosso y la Dise\u00f1adora Micaela Labrador.<\/p>\n<p>&nbsp;<\/p>\n<p><a title=\"WhatsApp Image 2020-10-14 at 13.45.28\" href=\"http:\/\/live.staticflickr.com\/65535\/50489135888_95b484f2f2_s.jpg\" rel=\"\"><img loading=\"lazy\" decoding=\"async\" class=\"aligncenter\" title=\"WhatsApp Image 2020-10-14 at 13.45.28\" src=\"http:\/\/live.staticflickr.com\/65535\/50489135888_95b484f2f2_z.jpg\" alt=\"WhatsApp Image 2020-10-14 at 13.45.28\" width=\"624\" height=\"624\" \/><\/a><\/p>\n","protected":false},"excerpt":{"rendered":"<p>La Direcci\u00f3n de Juventud, G\u00e9nero y Diversidad Sexual, junto a la Biblioteca Mariano Moreno de Sierra de la Ventana y Antonella Pelorosso Coggan, invitan a adolescentes de entre 13 y 22 a\u00f1os, a participar del concurso \u201cCuarentena\u201d. El objetivo de que los j\u00f3venes puedan expresar a trav\u00e9s de la fotograf\u00eda como se ven reflejados en [&hellip;]<\/p>\n","protected":false},"author":3,"featured_media":0,"comment_status":"closed","ping_status":"open","sticky":false,"template":"","format":"standard","meta":{"footnotes":""},"categories":[25],"tags":[],"class_list":["post-48149","post","type-post","status-publish","format-standard","hentry","category-uncategorized"],"yoast_head":"<!-- This site is optimized with the Yoast SEO plugin v25.9 - https:\/\/yoast.com\/wordpress\/plugins\/seo\/ -->\n<title>Concurso fotogr\u00e1fico \u201cCUARENTENA\u201d - Noticias Radio Reflejos<\/title>\n<meta name=\"robots\" content=\"index, follow, max-snippet:-1, max-image-preview:large, max-video-preview:-1\" \/>\n<link rel=\"canonical\" href=\"https:\/\/www.noticiasradioreflejos.com.ar\/2021\/concurso-fotografico-cuarentena\/\" \/>\n<meta property=\"og:locale\" content=\"es_ES\" \/>\n<meta property=\"og:type\" content=\"article\" \/>\n<meta property=\"og:title\" content=\"Concurso fotogr\u00e1fico \u201cCUARENTENA\u201d - Noticias Radio Reflejos\" \/>\n<meta property=\"og:description\" content=\"La Direcci\u00f3n de Juventud, G\u00e9nero y Diversidad Sexual, junto a la Biblioteca Mariano Moreno de Sierra de la Ventana y Antonella Pelorosso Coggan, invitan a adolescentes de entre 13 y 22 a\u00f1os, a participar del concurso \u201cCuarentena\u201d. El objetivo de que los j\u00f3venes puedan expresar a trav\u00e9s de la fotograf\u00eda como se ven reflejados en [&hellip;]\" \/>\n<meta property=\"og:url\" content=\"https:\/\/www.noticiasradioreflejos.com.ar\/2021\/concurso-fotografico-cuarentena\/\" \/>\n<meta property=\"og:site_name\" content=\"Noticias Radio Reflejos\" \/>\n<meta property=\"article:published_time\" content=\"2020-10-15T16:04:47+00:00\" \/>\n<meta property=\"og:image\" content=\"http:\/\/live.staticflickr.com\/65535\/50489135888_95b484f2f2_z.jpg\" \/>\n<meta name=\"author\" content=\"Arnaldo Botto\" \/>\n<meta name=\"twitter:card\" content=\"summary_large_image\" \/>\n<script type=\"application\/ld+json\" class=\"yoast-schema-graph\">{\"@context\":\"https:\/\/schema.org\",\"@graph\":[{\"@type\":\"WebPage\",\"@id\":\"https:\/\/www.noticiasradioreflejos.com.ar\/2021\/concurso-fotografico-cuarentena\/\",\"url\":\"https:\/\/www.noticiasradioreflejos.com.ar\/2021\/concurso-fotografico-cuarentena\/\",\"name\":\"Concurso fotogr\u00e1fico \u201cCUARENTENA\u201d - Noticias Radio Reflejos\",\"isPartOf\":{\"@id\":\"https:\/\/www.noticiasradioreflejos.com.ar\/2021\/#website\"},\"primaryImageOfPage\":{\"@id\":\"https:\/\/www.noticiasradioreflejos.com.ar\/2021\/concurso-fotografico-cuarentena\/#primaryimage\"},\"image\":{\"@id\":\"https:\/\/www.noticiasradioreflejos.com.ar\/2021\/concurso-fotografico-cuarentena\/#primaryimage\"},\"thumbnailUrl\":\"http:\/\/live.staticflickr.com\/65535\/50489135888_95b484f2f2_z.jpg\",\"datePublished\":\"2020-10-15T16:04:47+00:00\",\"author\":{\"@id\":\"https:\/\/www.noticiasradioreflejos.com.ar\/2021\/#\/schema\/person\/ad82545263dcc5ec0996818884fd5fb1\"},\"breadcrumb\":{\"@id\":\"https:\/\/www.noticiasradioreflejos.com.ar\/2021\/concurso-fotografico-cuarentena\/#breadcrumb\"},\"inLanguage\":\"es\",\"potentialAction\":[{\"@type\":\"ReadAction\",\"target\":[\"https:\/\/www.noticiasradioreflejos.com.ar\/2021\/concurso-fotografico-cuarentena\/\"]}]},{\"@type\":\"ImageObject\",\"inLanguage\":\"es\",\"@id\":\"https:\/\/www.noticiasradioreflejos.com.ar\/2021\/concurso-fotografico-cuarentena\/#primaryimage\",\"url\":\"http:\/\/live.staticflickr.com\/65535\/50489135888_95b484f2f2_z.jpg\",\"contentUrl\":\"http:\/\/live.staticflickr.com\/65535\/50489135888_95b484f2f2_z.jpg\"},{\"@type\":\"BreadcrumbList\",\"@id\":\"https:\/\/www.noticiasradioreflejos.com.ar\/2021\/concurso-fotografico-cuarentena\/#breadcrumb\",\"itemListElement\":[{\"@type\":\"ListItem\",\"position\":1,\"name\":\"Portada\",\"item\":\"https:\/\/www.noticiasradioreflejos.com.ar\/2021\/\"},{\"@type\":\"ListItem\",\"position\":2,\"name\":\"Concurso fotogr\u00e1fico \u201cCUARENTENA\u201d\"}]},{\"@type\":\"WebSite\",\"@id\":\"https:\/\/www.noticiasradioreflejos.com.ar\/2021\/#website\",\"url\":\"https:\/\/www.noticiasradioreflejos.com.ar\/2021\/\",\"name\":\"Noticias Radio Reflejos\",\"description\":\"Las noticias de mi comarca\",\"potentialAction\":[{\"@type\":\"SearchAction\",\"target\":{\"@type\":\"EntryPoint\",\"urlTemplate\":\"https:\/\/www.noticiasradioreflejos.com.ar\/2021\/?s={search_term_string}\"},\"query-input\":{\"@type\":\"PropertyValueSpecification\",\"valueRequired\":true,\"valueName\":\"search_term_string\"}}],\"inLanguage\":\"es\"},{\"@type\":\"Person\",\"@id\":\"https:\/\/www.noticiasradioreflejos.com.ar\/2021\/#\/schema\/person\/ad82545263dcc5ec0996818884fd5fb1\",\"name\":\"Arnaldo Botto\",\"image\":{\"@type\":\"ImageObject\",\"inLanguage\":\"es\",\"@id\":\"https:\/\/www.noticiasradioreflejos.com.ar\/2021\/#\/schema\/person\/image\/\",\"url\":\"https:\/\/secure.gravatar.com\/avatar\/55cb5e37c1efa326397366e6974cb338056df65cb50e7d64d1cf314e87504837?s=96&d=mm&r=g\",\"contentUrl\":\"https:\/\/secure.gravatar.com\/avatar\/55cb5e37c1efa326397366e6974cb338056df65cb50e7d64d1cf314e87504837?s=96&d=mm&r=g\",\"caption\":\"Arnaldo Botto\"},\"url\":\"https:\/\/www.noticiasradioreflejos.com.ar\/2021\/author\/arnaldo\/\"}]}<\/script>\n<!-- \/ Yoast SEO plugin. -->","yoast_head_json":{"title":"Concurso fotogr\u00e1fico \u201cCUARENTENA\u201d - Noticias Radio Reflejos","robots":{"index":"index","follow":"follow","max-snippet":"max-snippet:-1","max-image-preview":"max-image-preview:large","max-video-preview":"max-video-preview:-1"},"canonical":"https:\/\/www.noticiasradioreflejos.com.ar\/2021\/concurso-fotografico-cuarentena\/","og_locale":"es_ES","og_type":"article","og_title":"Concurso fotogr\u00e1fico \u201cCUARENTENA\u201d - Noticias Radio Reflejos","og_description":"La Direcci\u00f3n de Juventud, G\u00e9nero y Diversidad Sexual, junto a la Biblioteca Mariano Moreno de Sierra de la Ventana y Antonella Pelorosso Coggan, invitan a adolescentes de entre 13 y 22 a\u00f1os, a participar del concurso \u201cCuarentena\u201d. El objetivo de que los j\u00f3venes puedan expresar a trav\u00e9s de la fotograf\u00eda como se ven reflejados en [&hellip;]","og_url":"https:\/\/www.noticiasradioreflejos.com.ar\/2021\/concurso-fotografico-cuarentena\/","og_site_name":"Noticias Radio Reflejos","article_published_time":"2020-10-15T16:04:47+00:00","og_image":[{"url":"http:\/\/live.staticflickr.com\/65535\/50489135888_95b484f2f2_z.jpg","type":"","width":"","height":""}],"author":"Arnaldo Botto","twitter_card":"summary_large_image","schema":{"@context":"https:\/\/schema.org","@graph":[{"@type":"WebPage","@id":"https:\/\/www.noticiasradioreflejos.com.ar\/2021\/concurso-fotografico-cuarentena\/","url":"https:\/\/www.noticiasradioreflejos.com.ar\/2021\/concurso-fotografico-cuarentena\/","name":"Concurso fotogr\u00e1fico \u201cCUARENTENA\u201d - Noticias Radio Reflejos","isPartOf":{"@id":"https:\/\/www.noticiasradioreflejos.com.ar\/2021\/#website"},"primaryImageOfPage":{"@id":"https:\/\/www.noticiasradioreflejos.com.ar\/2021\/concurso-fotografico-cuarentena\/#primaryimage"},"image":{"@id":"https:\/\/www.noticiasradioreflejos.com.ar\/2021\/concurso-fotografico-cuarentena\/#primaryimage"},"thumbnailUrl":"http:\/\/live.staticflickr.com\/65535\/50489135888_95b484f2f2_z.jpg","datePublished":"2020-10-15T16:04:47+00:00","author":{"@id":"https:\/\/www.noticiasradioreflejos.com.ar\/2021\/#\/schema\/person\/ad82545263dcc5ec0996818884fd5fb1"},"breadcrumb":{"@id":"https:\/\/www.noticiasradioreflejos.com.ar\/2021\/concurso-fotografico-cuarentena\/#breadcrumb"},"inLanguage":"es","potentialAction":[{"@type":"ReadAction","target":["https:\/\/www.noticiasradioreflejos.com.ar\/2021\/concurso-fotografico-cuarentena\/"]}]},{"@type":"ImageObject","inLanguage":"es","@id":"https:\/\/www.noticiasradioreflejos.com.ar\/2021\/concurso-fotografico-cuarentena\/#primaryimage","url":"http:\/\/live.staticflickr.com\/65535\/50489135888_95b484f2f2_z.jpg","contentUrl":"http:\/\/live.staticflickr.com\/65535\/50489135888_95b484f2f2_z.jpg"},{"@type":"BreadcrumbList","@id":"https:\/\/www.noticiasradioreflejos.com.ar\/2021\/concurso-fotografico-cuarentena\/#breadcrumb","itemListElement":[{"@type":"ListItem","position":1,"name":"Portada","item":"https:\/\/www.noticiasradioreflejos.com.ar\/2021\/"},{"@type":"ListItem","position":2,"name":"Concurso fotogr\u00e1fico \u201cCUARENTENA\u201d"}]},{"@type":"WebSite","@id":"https:\/\/www.noticiasradioreflejos.com.ar\/2021\/#website","url":"https:\/\/www.noticiasradioreflejos.com.ar\/2021\/","name":"Noticias Radio Reflejos","description":"Las noticias de mi comarca","potentialAction":[{"@type":"SearchAction","target":{"@type":"EntryPoint","urlTemplate":"https:\/\/www.noticiasradioreflejos.com.ar\/2021\/?s={search_term_string}"},"query-input":{"@type":"PropertyValueSpecification","valueRequired":true,"valueName":"search_term_string"}}],"inLanguage":"es"},{"@type":"Person","@id":"https:\/\/www.noticiasradioreflejos.com.ar\/2021\/#\/schema\/person\/ad82545263dcc5ec0996818884fd5fb1","name":"Arnaldo Botto","image":{"@type":"ImageObject","inLanguage":"es","@id":"https:\/\/www.noticiasradioreflejos.com.ar\/2021\/#\/schema\/person\/image\/","url":"https:\/\/secure.gravatar.com\/avatar\/55cb5e37c1efa326397366e6974cb338056df65cb50e7d64d1cf314e87504837?s=96&d=mm&r=g","contentUrl":"https:\/\/secure.gravatar.com\/avatar\/55cb5e37c1efa326397366e6974cb338056df65cb50e7d64d1cf314e87504837?s=96&d=mm&r=g","caption":"Arnaldo Botto"},"url":"https:\/\/www.noticiasradioreflejos.com.ar\/2021\/author\/arnaldo\/"}]}},"_links":{"self":[{"href":"https:\/\/www.noticiasradioreflejos.com.ar\/2021\/wp-json\/wp\/v2\/posts\/48149","targetHints":{"allow":["GET"]}}],"collection":[{"href":"https:\/\/www.noticiasradioreflejos.com.ar\/2021\/wp-json\/wp\/v2\/posts"}],"about":[{"href":"https:\/\/www.noticiasradioreflejos.com.ar\/2021\/wp-json\/wp\/v2\/types\/post"}],"author":[{"embeddable":true,"href":"https:\/\/www.noticiasradioreflejos.com.ar\/2021\/wp-json\/wp\/v2\/users\/3"}],"replies":[{"embeddable":true,"href":"https:\/\/www.noticiasradioreflejos.com.ar\/2021\/wp-json\/wp\/v2\/comments?post=48149"}],"version-history":[{"count":0,"href":"https:\/\/www.noticiasradioreflejos.com.ar\/2021\/wp-json\/wp\/v2\/posts\/48149\/revisions"}],"wp:attachment":[{"href":"https:\/\/www.noticiasradioreflejos.com.ar\/2021\/wp-json\/wp\/v2\/media?parent=48149"}],"wp:term":[{"taxonomy":"category","embeddable":true,"href":"https:\/\/www.noticiasradioreflejos.com.ar\/2021\/wp-json\/wp\/v2\/categories?post=48149"},{"taxonomy":"post_tag","embeddable":true,"href":"https:\/\/www.noticiasradioreflejos.com.ar\/2021\/wp-json\/wp\/v2\/tags?post=48149"}],"curies":[{"name":"wp","href":"https:\/\/api.w.org\/{rel}","templated":true}]}}