{"id":48146,"date":"2020-10-15T12:58:43","date_gmt":"2020-10-15T15:58:43","guid":{"rendered":"http:\/\/www.noticiasradioreflejos.com.ar\/noticias\/?p=48146"},"modified":"2020-10-15T12:58:43","modified_gmt":"2020-10-15T15:58:43","slug":"lammens-califico-de-exito-total-el-programa-previaje-que-ya-tiene-20-000-prestadores-inscriptos","status":"publish","type":"post","link":"https:\/\/www.noticiasradioreflejos.com.ar\/2021\/lammens-califico-de-exito-total-el-programa-previaje-que-ya-tiene-20-000-prestadores-inscriptos\/","title":{"rendered":"Lammens calific\u00f3 de \u00ab\u00e9xito total\u00bb el programa PreViaje, que ya tiene \u00ab20.000 prestadores inscriptos\u00bb"},"content":{"rendered":"<p>El ministro de Turismo y Deportes, <strong>Mat\u00edas Lammens<\/strong>, celebr\u00f3 hoy que a una semana del lanzamiento del Programa PreViaje se recaudaron 100 millones de pesos y \u00abhay 20 mil prestadores inscriptos\u00bb, lo que calific\u00f3 como \u00abun \u00e9xito total\u00bb que tiene \u00abmuy entusiasmado al sector\u00bb.<!--more--><br \/>\nEn declaraciones a Radio Pop, Lammens remarc\u00f3 que el PreViaje \u00abcontempla una inversi\u00f3n muy fuerte de parte del Estado para cuidar al sector tur\u00edstico, uno de los m\u00e1s importantes de la Argentina -con facturaci\u00f3n cero desde hace 8 meses-, que genera m\u00e1s de un mill\u00f3n de puestos de trabajo\u00bb.<\/p>\n<p>\u00abPara cuidar este sector creamos este programa que fue ideado por parte del equipo del Ministerio y que es absolutamente innovador e ingenioso, y que fue celebrado por la Organizaci\u00f3n Mundial de Turismo (OMT), y que nos tiene a todos muy entusiasmados, tanto a nosotros como al sector privado\u00bb, agreg\u00f3.<\/p>\n<p>Lammens subray\u00f3 que uno de los objetivos del programa es el de \u00abestimular que los argentinos hagan turismo dentro del pa\u00eds, teniendo en cuenta la situaci\u00f3n sanitaria del mundo, y teniendo en cuenta la cuesti\u00f3n cambiaria que hace que pensemos que este 2021 sea un a\u00f1o en que esos argentinos que habitualmente viajaban al exterior este a\u00f1o lo puedan hacer por el pa\u00eds \u00ab, lo que significar\u00eda \u00abun incentivo importante para la econom\u00eda nacional\u00bb.<\/p>\n<p>En ese sentido, precis\u00f3 que \u00abuna temporada de verano para Argentina significan un movimiento de 250 mil millones de pesos de ingreso de actividad que es muy redistributiva, muy federal\u00bb.<\/p>\n<p>Por otra parte, precis\u00f3 que hace unas semanas se reuni\u00f3 con la secretaria de Comercio Interior, Paula Espa\u00f1ol, para \u00abarmar un observatorio de precios\u00bb en los destinos \u00abpara que no suceda un aumento indiscriminado de precios, y para poner un ojo del Estado sobre ese tema\u00bb.<\/p>\n<p>\u00abEn el primer relevamiento que hicimos no vemos un incremento de precios por arriba de la inflaci\u00f3n o de los salarios y eso creo que tiene que ver en que todav\u00eda no hay una gran demanda\u00bb, a\u00f1adi\u00f3, y asegur\u00f3 que \u00abvamos a estar encima de este tema\u00bb.<\/p>\n<p>Dijo que una de las ense\u00f1anzas que debe dejar la pandemia \u00abes pensar en el crecimiento en el mediano y largo plazo, sostenible en el tiempo, y no s\u00f3lo salvarnos en el verano\u00bb.<\/p>\n<p>Respecto de la temporada, el ministro adelant\u00f3 que \u00abla idea nuestra es que se puedan entrar a todos los lugares tur\u00edsticos y por eso estamos hablando con cada uno de los intendentes para unificar criterios y para que podamos tener tr\u00e1fico interprovincial que va a ser clave para la temporada\u00bb.<\/p>\n<p>\u00abMe reun\u00ed ayer con el ministro de Salud (Gin\u00e9s Gonz\u00e1lez Garc\u00eda) y hablamos de la importancia de la temporada y de poder tener tr\u00e1fico interprovincial, y lo clave que va a ser que coordinemos con los 24 gobernadores para que se llegue a eso\u00bb, cont\u00f3.<\/p>\n<p>Lammens expres\u00f3 que \u00abcreo que en diciembre vamos a llegar a una situaci\u00f3n sanitaria completamente mejor de la que estamos ahora, sobre todo en el interior, as\u00ed que tenemos mucha expectativa de que se pueda dar ese tr\u00e1nsito y que se pueda entrar a todos los destinos\u00bb.<\/p>\n<p>\u00abVamos a desplegar un gran operativo en las localidades que incluye hospitales modulares para que no sature la capacidad sanitaria de esos destinos, hasta el Plan Detectar, por si encontramos alg\u00fan positivo r\u00e1pidamente aislarlo y que el virus no se propague\u00bb, explic\u00f3.<\/p>\n<p>En cuanto a los vuelos, Lammens se esperanz\u00f3 en que \u00abposiblemente antes de diciembre se puedan realizar para el turismo, para lo que estamos trabajando con gobernadores donde la circulaci\u00f3n comunitaria (del virus) no haya existido nunca\u00bb.<\/p>\n","protected":false},"excerpt":{"rendered":"<p>El ministro de Turismo y Deportes, Mat\u00edas Lammens, celebr\u00f3 hoy que a una semana del lanzamiento del Programa PreViaje se recaudaron 100 millones de pesos y \u00abhay 20 mil prestadores inscriptos\u00bb, lo que calific\u00f3 como \u00abun \u00e9xito total\u00bb que tiene \u00abmuy entusiasmado al sector\u00bb.<\/p>\n","protected":false},"author":3,"featured_media":0,"comment_status":"closed","ping_status":"open","sticky":false,"template":"","format":"standard","meta":{"footnotes":""},"categories":[33],"tags":[],"class_list":["post-48146","post","type-post","status-publish","format-standard","hentry","category-turismo"],"yoast_head":"<!-- This site is optimized with the Yoast SEO plugin v25.9 - https:\/\/yoast.com\/wordpress\/plugins\/seo\/ -->\n<title>Lammens calific\u00f3 de &quot;\u00e9xito total&quot; el programa PreViaje, que ya tiene &quot;20.000 prestadores inscriptos&quot; - Noticias Radio Reflejos<\/title>\n<meta name=\"robots\" content=\"index, follow, max-snippet:-1, max-image-preview:large, max-video-preview:-1\" \/>\n<link rel=\"canonical\" href=\"https:\/\/www.noticiasradioreflejos.com.ar\/2021\/lammens-califico-de-exito-total-el-programa-previaje-que-ya-tiene-20-000-prestadores-inscriptos\/\" \/>\n<meta property=\"og:locale\" content=\"es_ES\" \/>\n<meta property=\"og:type\" content=\"article\" \/>\n<meta property=\"og:title\" content=\"Lammens calific\u00f3 de &quot;\u00e9xito total&quot; el programa PreViaje, que ya tiene &quot;20.000 prestadores inscriptos&quot; - Noticias Radio Reflejos\" \/>\n<meta property=\"og:description\" content=\"El ministro de Turismo y Deportes, Mat\u00edas Lammens, celebr\u00f3 hoy que a una semana del lanzamiento del Programa PreViaje se recaudaron 100 millones de pesos y \u00abhay 20 mil prestadores inscriptos\u00bb, lo que calific\u00f3 como \u00abun \u00e9xito total\u00bb que tiene \u00abmuy entusiasmado al sector\u00bb.\" \/>\n<meta property=\"og:url\" content=\"https:\/\/www.noticiasradioreflejos.com.ar\/2021\/lammens-califico-de-exito-total-el-programa-previaje-que-ya-tiene-20-000-prestadores-inscriptos\/\" \/>\n<meta property=\"og:site_name\" content=\"Noticias Radio Reflejos\" \/>\n<meta property=\"article:published_time\" content=\"2020-10-15T15:58:43+00:00\" \/>\n<meta property=\"og:image\" content=\"https:\/\/www.noticiasradioreflejos.com.ar\/2021\/wp-content\/uploads\/2021\/07\/logosol300x200.png\" \/>\n\t<meta property=\"og:image:width\" content=\"300\" \/>\n\t<meta property=\"og:image:height\" content=\"200\" \/>\n\t<meta property=\"og:image:type\" content=\"image\/png\" \/>\n<meta name=\"author\" content=\"Arnaldo Botto\" \/>\n<meta name=\"twitter:card\" content=\"summary_large_image\" \/>\n<script type=\"application\/ld+json\" class=\"yoast-schema-graph\">{\"@context\":\"https:\/\/schema.org\",\"@graph\":[{\"@type\":\"WebPage\",\"@id\":\"https:\/\/www.noticiasradioreflejos.com.ar\/2021\/lammens-califico-de-exito-total-el-programa-previaje-que-ya-tiene-20-000-prestadores-inscriptos\/\",\"url\":\"https:\/\/www.noticiasradioreflejos.com.ar\/2021\/lammens-califico-de-exito-total-el-programa-previaje-que-ya-tiene-20-000-prestadores-inscriptos\/\",\"name\":\"Lammens calific\u00f3 de \\\"\u00e9xito total\\\" el programa PreViaje, que ya tiene \\\"20.000 prestadores inscriptos\\\" - Noticias Radio Reflejos\",\"isPartOf\":{\"@id\":\"https:\/\/www.noticiasradioreflejos.com.ar\/2021\/#website\"},\"datePublished\":\"2020-10-15T15:58:43+00:00\",\"author\":{\"@id\":\"https:\/\/www.noticiasradioreflejos.com.ar\/2021\/#\/schema\/person\/ad82545263dcc5ec0996818884fd5fb1\"},\"breadcrumb\":{\"@id\":\"https:\/\/www.noticiasradioreflejos.com.ar\/2021\/lammens-califico-de-exito-total-el-programa-previaje-que-ya-tiene-20-000-prestadores-inscriptos\/#breadcrumb\"},\"inLanguage\":\"es\",\"potentialAction\":[{\"@type\":\"ReadAction\",\"target\":[\"https:\/\/www.noticiasradioreflejos.com.ar\/2021\/lammens-califico-de-exito-total-el-programa-previaje-que-ya-tiene-20-000-prestadores-inscriptos\/\"]}]},{\"@type\":\"BreadcrumbList\",\"@id\":\"https:\/\/www.noticiasradioreflejos.com.ar\/2021\/lammens-califico-de-exito-total-el-programa-previaje-que-ya-tiene-20-000-prestadores-inscriptos\/#breadcrumb\",\"itemListElement\":[{\"@type\":\"ListItem\",\"position\":1,\"name\":\"Portada\",\"item\":\"https:\/\/www.noticiasradioreflejos.com.ar\/2021\/\"},{\"@type\":\"ListItem\",\"position\":2,\"name\":\"Lammens calific\u00f3 de \u00ab\u00e9xito total\u00bb el programa PreViaje, que ya tiene \u00ab20.000 prestadores inscriptos\u00bb\"}]},{\"@type\":\"WebSite\",\"@id\":\"https:\/\/www.noticiasradioreflejos.com.ar\/2021\/#website\",\"url\":\"https:\/\/www.noticiasradioreflejos.com.ar\/2021\/\",\"name\":\"Noticias Radio Reflejos\",\"description\":\"Las noticias de mi comarca\",\"potentialAction\":[{\"@type\":\"SearchAction\",\"target\":{\"@type\":\"EntryPoint\",\"urlTemplate\":\"https:\/\/www.noticiasradioreflejos.com.ar\/2021\/?s={search_term_string}\"},\"query-input\":{\"@type\":\"PropertyValueSpecification\",\"valueRequired\":true,\"valueName\":\"search_term_string\"}}],\"inLanguage\":\"es\"},{\"@type\":\"Person\",\"@id\":\"https:\/\/www.noticiasradioreflejos.com.ar\/2021\/#\/schema\/person\/ad82545263dcc5ec0996818884fd5fb1\",\"name\":\"Arnaldo Botto\",\"image\":{\"@type\":\"ImageObject\",\"inLanguage\":\"es\",\"@id\":\"https:\/\/www.noticiasradioreflejos.com.ar\/2021\/#\/schema\/person\/image\/\",\"url\":\"https:\/\/secure.gravatar.com\/avatar\/55cb5e37c1efa326397366e6974cb338056df65cb50e7d64d1cf314e87504837?s=96&d=mm&r=g\",\"contentUrl\":\"https:\/\/secure.gravatar.com\/avatar\/55cb5e37c1efa326397366e6974cb338056df65cb50e7d64d1cf314e87504837?s=96&d=mm&r=g\",\"caption\":\"Arnaldo Botto\"},\"url\":\"https:\/\/www.noticiasradioreflejos.com.ar\/2021\/author\/arnaldo\/\"}]}<\/script>\n<!-- \/ Yoast SEO plugin. -->","yoast_head_json":{"title":"Lammens calific\u00f3 de \"\u00e9xito total\" el programa PreViaje, que ya tiene \"20.000 prestadores inscriptos\" - Noticias Radio Reflejos","robots":{"index":"index","follow":"follow","max-snippet":"max-snippet:-1","max-image-preview":"max-image-preview:large","max-video-preview":"max-video-preview:-1"},"canonical":"https:\/\/www.noticiasradioreflejos.com.ar\/2021\/lammens-califico-de-exito-total-el-programa-previaje-que-ya-tiene-20-000-prestadores-inscriptos\/","og_locale":"es_ES","og_type":"article","og_title":"Lammens calific\u00f3 de \"\u00e9xito total\" el programa PreViaje, que ya tiene \"20.000 prestadores inscriptos\" - Noticias Radio Reflejos","og_description":"El ministro de Turismo y Deportes, Mat\u00edas Lammens, celebr\u00f3 hoy que a una semana del lanzamiento del Programa PreViaje se recaudaron 100 millones de pesos y \u00abhay 20 mil prestadores inscriptos\u00bb, lo que calific\u00f3 como \u00abun \u00e9xito total\u00bb que tiene \u00abmuy entusiasmado al sector\u00bb.","og_url":"https:\/\/www.noticiasradioreflejos.com.ar\/2021\/lammens-califico-de-exito-total-el-programa-previaje-que-ya-tiene-20-000-prestadores-inscriptos\/","og_site_name":"Noticias Radio Reflejos","article_published_time":"2020-10-15T15:58:43+00:00","og_image":[{"width":300,"height":200,"url":"https:\/\/www.noticiasradioreflejos.com.ar\/2021\/wp-content\/uploads\/2021\/07\/logosol300x200.png","type":"image\/png"}],"author":"Arnaldo Botto","twitter_card":"summary_large_image","schema":{"@context":"https:\/\/schema.org","@graph":[{"@type":"WebPage","@id":"https:\/\/www.noticiasradioreflejos.com.ar\/2021\/lammens-califico-de-exito-total-el-programa-previaje-que-ya-tiene-20-000-prestadores-inscriptos\/","url":"https:\/\/www.noticiasradioreflejos.com.ar\/2021\/lammens-califico-de-exito-total-el-programa-previaje-que-ya-tiene-20-000-prestadores-inscriptos\/","name":"Lammens calific\u00f3 de \"\u00e9xito total\" el programa PreViaje, que ya tiene \"20.000 prestadores inscriptos\" - Noticias Radio Reflejos","isPartOf":{"@id":"https:\/\/www.noticiasradioreflejos.com.ar\/2021\/#website"},"datePublished":"2020-10-15T15:58:43+00:00","author":{"@id":"https:\/\/www.noticiasradioreflejos.com.ar\/2021\/#\/schema\/person\/ad82545263dcc5ec0996818884fd5fb1"},"breadcrumb":{"@id":"https:\/\/www.noticiasradioreflejos.com.ar\/2021\/lammens-califico-de-exito-total-el-programa-previaje-que-ya-tiene-20-000-prestadores-inscriptos\/#breadcrumb"},"inLanguage":"es","potentialAction":[{"@type":"ReadAction","target":["https:\/\/www.noticiasradioreflejos.com.ar\/2021\/lammens-califico-de-exito-total-el-programa-previaje-que-ya-tiene-20-000-prestadores-inscriptos\/"]}]},{"@type":"BreadcrumbList","@id":"https:\/\/www.noticiasradioreflejos.com.ar\/2021\/lammens-califico-de-exito-total-el-programa-previaje-que-ya-tiene-20-000-prestadores-inscriptos\/#breadcrumb","itemListElement":[{"@type":"ListItem","position":1,"name":"Portada","item":"https:\/\/www.noticiasradioreflejos.com.ar\/2021\/"},{"@type":"ListItem","position":2,"name":"Lammens calific\u00f3 de \u00ab\u00e9xito total\u00bb el programa PreViaje, que ya tiene \u00ab20.000 prestadores inscriptos\u00bb"}]},{"@type":"WebSite","@id":"https:\/\/www.noticiasradioreflejos.com.ar\/2021\/#website","url":"https:\/\/www.noticiasradioreflejos.com.ar\/2021\/","name":"Noticias Radio Reflejos","description":"Las noticias de mi comarca","potentialAction":[{"@type":"SearchAction","target":{"@type":"EntryPoint","urlTemplate":"https:\/\/www.noticiasradioreflejos.com.ar\/2021\/?s={search_term_string}"},"query-input":{"@type":"PropertyValueSpecification","valueRequired":true,"valueName":"search_term_string"}}],"inLanguage":"es"},{"@type":"Person","@id":"https:\/\/www.noticiasradioreflejos.com.ar\/2021\/#\/schema\/person\/ad82545263dcc5ec0996818884fd5fb1","name":"Arnaldo Botto","image":{"@type":"ImageObject","inLanguage":"es","@id":"https:\/\/www.noticiasradioreflejos.com.ar\/2021\/#\/schema\/person\/image\/","url":"https:\/\/secure.gravatar.com\/avatar\/55cb5e37c1efa326397366e6974cb338056df65cb50e7d64d1cf314e87504837?s=96&d=mm&r=g","contentUrl":"https:\/\/secure.gravatar.com\/avatar\/55cb5e37c1efa326397366e6974cb338056df65cb50e7d64d1cf314e87504837?s=96&d=mm&r=g","caption":"Arnaldo Botto"},"url":"https:\/\/www.noticiasradioreflejos.com.ar\/2021\/author\/arnaldo\/"}]}},"_links":{"self":[{"href":"https:\/\/www.noticiasradioreflejos.com.ar\/2021\/wp-json\/wp\/v2\/posts\/48146","targetHints":{"allow":["GET"]}}],"collection":[{"href":"https:\/\/www.noticiasradioreflejos.com.ar\/2021\/wp-json\/wp\/v2\/posts"}],"about":[{"href":"https:\/\/www.noticiasradioreflejos.com.ar\/2021\/wp-json\/wp\/v2\/types\/post"}],"author":[{"embeddable":true,"href":"https:\/\/www.noticiasradioreflejos.com.ar\/2021\/wp-json\/wp\/v2\/users\/3"}],"replies":[{"embeddable":true,"href":"https:\/\/www.noticiasradioreflejos.com.ar\/2021\/wp-json\/wp\/v2\/comments?post=48146"}],"version-history":[{"count":0,"href":"https:\/\/www.noticiasradioreflejos.com.ar\/2021\/wp-json\/wp\/v2\/posts\/48146\/revisions"}],"wp:attachment":[{"href":"https:\/\/www.noticiasradioreflejos.com.ar\/2021\/wp-json\/wp\/v2\/media?parent=48146"}],"wp:term":[{"taxonomy":"category","embeddable":true,"href":"https:\/\/www.noticiasradioreflejos.com.ar\/2021\/wp-json\/wp\/v2\/categories?post=48146"},{"taxonomy":"post_tag","embeddable":true,"href":"https:\/\/www.noticiasradioreflejos.com.ar\/2021\/wp-json\/wp\/v2\/tags?post=48146"}],"curies":[{"name":"wp","href":"https:\/\/api.w.org\/{rel}","templated":true}]}}