{"id":48144,"date":"2020-10-15T12:39:56","date_gmt":"2020-10-15T15:39:56","guid":{"rendered":"http:\/\/www.noticiasradioreflejos.com.ar\/noticias\/?p=48144"},"modified":"2020-10-15T12:39:56","modified_gmt":"2020-10-15T15:39:56","slug":"comunicado-de-camcotisas-turismo-seguro-en-pandemia2","status":"publish","type":"post","link":"https:\/\/www.noticiasradioreflejos.com.ar\/2021\/comunicado-de-camcotisas-turismo-seguro-en-pandemia2\/","title":{"rendered":"Comunicado de CamCoTiSas \u00abTURISMO SEGURO EN PANDEMIA\u00bb"},"content":{"rendered":"<p>INFORMAMOS que desde nuestra C\u00e1mara de Comercio, acompa\u00f1ados por el resto de las Asociaciones y C\u00e1maras de nuestro distrito de Tornquist, hemos presentado ante los distintos estamentos del ejecutivo de la Provincia de Buenos Aires, <!--more-->Intendencia y Gobernaci\u00f3n, como tambi\u00e9n en los \u00e1mbitos legislativos, Senadores y Diputados, y al Ministerio de Producci\u00f3n, Ciencia y Tecnolog\u00eda de la Provincia (Subsecretar\u00eda de Turismo), nuestra propuesta de ser nominados como DESTINO SEGURO CALIFICADO para realizar una APERTURA GRADUAL Y CONTROLADA AL TURISMO en la Provincia de Buenos Aires.<br \/>\nDurante los meses transcurridos sin actividad (marzo \u2013 octubre) hemos trabajado propositivamente en la elaboraci\u00f3n de protocolos y capacitaciones que fueron instrumentados acompa\u00f1ando las aperturas parciales autorizadas para algunos rubros. En ese camino vimos como muchos colegas debieron cerrar las puertas de sus comercios en forma definitiva, a pesar de las ayudas instrumentadas por el estado nacional como paliativos, vimos tambi\u00e9n que como nunca antes qued\u00f3 evidenciada, para el Municipio de Tornquist, la VITAL IMPORTANCIA DE LA ACTIVIDAD TUR\u00cdSTICA. En nuestras localidades, el Turismo representa el 100% de los ingresos, por el freno en la actividad el 80% de los comercios ligados al rubro quedaron paralizados o con muy baja operatividad, raz\u00f3n por la que muchos puestos de trabajo directos e indirectos se han perdido y los que se han mantenido en pie, conservando su personal, est\u00e1n en un creciente endeudamiento y al borde de un inminente quebranto.<br \/>\n<strong>EVALUAMOS<\/strong> que dada la extensi\u00f3n en el tiempo de la pandemia y la necesidad de dar contenci\u00f3n desde el estado a las demandas de salud p\u00fablica, visto la necesidad de medidas extremas de aislamiento obligatorio para poder dar atenci\u00f3n a los ciudadanos y visto tambi\u00e9n que, aun realizando enormes esfuerzos, ese mismo estado deber\u00e1 actuar r\u00e1pidamente para poner freno a las consecuencias gravosas sobre nuestra econom\u00eda, es que entendemos necesario recuperar gradualmente un nivel de actividad controlada y una planificaci\u00f3n conjunta para la toma de decisiones. Quienes a\u00fan seguimos en actividad precisamos mayor grado de definici\u00f3n y previsibilidad trabajando en forma asociativa con el estado, ofrecemos nuestra diezmada fuerza de trabajo para poder superar juntos esta dram\u00e1tica e indeseada situaci\u00f3n.<br \/>\n<strong>PROPONEMOS<\/strong> desarrollar un TURISMO SEGURO en nuestra Comarca TUR\u00cdSTICA por las m\u00faltiples cualidades de nuestro destino, por la calificaci\u00f3n realizada a nuestros comerciantes en los protocolos necesarios para recibir al viajero y fundamentalmente porque el esp\u00edritu emprendedor se basa justamente en encontrar nuevas soluciones a los nuevos desaf\u00edos. Sabemos que es voluntad del estado nacional recuperar nuestro pa\u00eds de su ya castigada realidad anterior a la pandemia, nos ponemos a disposici\u00f3n para ser parte de la nueva construcci\u00f3n que requiere actores comerciales responsables, recuperados y activos.<\/p>\n","protected":false},"excerpt":{"rendered":"<p>INFORMAMOS que desde nuestra C\u00e1mara de Comercio, acompa\u00f1ados por el resto de las Asociaciones y C\u00e1maras de nuestro distrito de Tornquist, hemos presentado ante los distintos estamentos del ejecutivo de la Provincia de Buenos Aires,<\/p>\n","protected":false},"author":3,"featured_media":33609,"comment_status":"closed","ping_status":"open","sticky":false,"template":"","format":"standard","meta":{"footnotes":""},"categories":[26],"tags":[],"class_list":["post-48144","post","type-post","status-publish","format-standard","has-post-thumbnail","hentry","category-sociedad"],"yoast_head":"<!-- This site is optimized with the Yoast SEO plugin v25.9 - https:\/\/yoast.com\/wordpress\/plugins\/seo\/ -->\n<title>Comunicado de CamCoTiSas &quot;TURISMO SEGURO EN PANDEMIA&quot; - Noticias Radio Reflejos<\/title>\n<meta name=\"robots\" content=\"index, follow, max-snippet:-1, max-image-preview:large, max-video-preview:-1\" \/>\n<link rel=\"canonical\" href=\"https:\/\/www.noticiasradioreflejos.com.ar\/2021\/comunicado-de-camcotisas-turismo-seguro-en-pandemia2\/\" \/>\n<meta property=\"og:locale\" content=\"es_ES\" \/>\n<meta property=\"og:type\" content=\"article\" \/>\n<meta property=\"og:title\" content=\"Comunicado de CamCoTiSas &quot;TURISMO SEGURO EN PANDEMIA&quot; - Noticias Radio Reflejos\" \/>\n<meta property=\"og:description\" content=\"INFORMAMOS que desde nuestra C\u00e1mara de Comercio, acompa\u00f1ados por el resto de las Asociaciones y C\u00e1maras de nuestro distrito de Tornquist, hemos presentado ante los distintos estamentos del ejecutivo de la Provincia de Buenos Aires,\" \/>\n<meta property=\"og:url\" content=\"https:\/\/www.noticiasradioreflejos.com.ar\/2021\/comunicado-de-camcotisas-turismo-seguro-en-pandemia2\/\" \/>\n<meta property=\"og:site_name\" content=\"Noticias Radio Reflejos\" \/>\n<meta property=\"article:published_time\" content=\"2020-10-15T15:39:56+00:00\" \/>\n<meta property=\"og:image\" content=\"https:\/\/www.noticiasradioreflejos.com.ar\/2021\/wp-content\/uploads\/2019\/08\/Comunicado-de-Prensa.jpg\" \/>\n\t<meta property=\"og:image:width\" content=\"1696\" \/>\n\t<meta property=\"og:image:height\" content=\"1061\" \/>\n\t<meta property=\"og:image:type\" content=\"image\/jpeg\" \/>\n<meta name=\"author\" content=\"Arnaldo Botto\" \/>\n<meta name=\"twitter:card\" content=\"summary_large_image\" \/>\n<script type=\"application\/ld+json\" class=\"yoast-schema-graph\">{\"@context\":\"https:\/\/schema.org\",\"@graph\":[{\"@type\":\"WebPage\",\"@id\":\"https:\/\/www.noticiasradioreflejos.com.ar\/2021\/comunicado-de-camcotisas-turismo-seguro-en-pandemia2\/\",\"url\":\"https:\/\/www.noticiasradioreflejos.com.ar\/2021\/comunicado-de-camcotisas-turismo-seguro-en-pandemia2\/\",\"name\":\"Comunicado de CamCoTiSas \\\"TURISMO SEGURO EN PANDEMIA\\\" - Noticias Radio Reflejos\",\"isPartOf\":{\"@id\":\"https:\/\/www.noticiasradioreflejos.com.ar\/2021\/#website\"},\"primaryImageOfPage\":{\"@id\":\"https:\/\/www.noticiasradioreflejos.com.ar\/2021\/comunicado-de-camcotisas-turismo-seguro-en-pandemia2\/#primaryimage\"},\"image\":{\"@id\":\"https:\/\/www.noticiasradioreflejos.com.ar\/2021\/comunicado-de-camcotisas-turismo-seguro-en-pandemia2\/#primaryimage\"},\"thumbnailUrl\":\"https:\/\/www.noticiasradioreflejos.com.ar\/2021\/wp-content\/uploads\/2019\/08\/Comunicado-de-Prensa.jpg\",\"datePublished\":\"2020-10-15T15:39:56+00:00\",\"author\":{\"@id\":\"https:\/\/www.noticiasradioreflejos.com.ar\/2021\/#\/schema\/person\/ad82545263dcc5ec0996818884fd5fb1\"},\"breadcrumb\":{\"@id\":\"https:\/\/www.noticiasradioreflejos.com.ar\/2021\/comunicado-de-camcotisas-turismo-seguro-en-pandemia2\/#breadcrumb\"},\"inLanguage\":\"es\",\"potentialAction\":[{\"@type\":\"ReadAction\",\"target\":[\"https:\/\/www.noticiasradioreflejos.com.ar\/2021\/comunicado-de-camcotisas-turismo-seguro-en-pandemia2\/\"]}]},{\"@type\":\"ImageObject\",\"inLanguage\":\"es\",\"@id\":\"https:\/\/www.noticiasradioreflejos.com.ar\/2021\/comunicado-de-camcotisas-turismo-seguro-en-pandemia2\/#primaryimage\",\"url\":\"https:\/\/www.noticiasradioreflejos.com.ar\/2021\/wp-content\/uploads\/2019\/08\/Comunicado-de-Prensa.jpg\",\"contentUrl\":\"https:\/\/www.noticiasradioreflejos.com.ar\/2021\/wp-content\/uploads\/2019\/08\/Comunicado-de-Prensa.jpg\",\"width\":1696,\"height\":1061},{\"@type\":\"BreadcrumbList\",\"@id\":\"https:\/\/www.noticiasradioreflejos.com.ar\/2021\/comunicado-de-camcotisas-turismo-seguro-en-pandemia2\/#breadcrumb\",\"itemListElement\":[{\"@type\":\"ListItem\",\"position\":1,\"name\":\"Portada\",\"item\":\"https:\/\/www.noticiasradioreflejos.com.ar\/2021\/\"},{\"@type\":\"ListItem\",\"position\":2,\"name\":\"Comunicado de CamCoTiSas \u00abTURISMO SEGURO EN PANDEMIA\u00bb\"}]},{\"@type\":\"WebSite\",\"@id\":\"https:\/\/www.noticiasradioreflejos.com.ar\/2021\/#website\",\"url\":\"https:\/\/www.noticiasradioreflejos.com.ar\/2021\/\",\"name\":\"Noticias Radio Reflejos\",\"description\":\"Las noticias de mi comarca\",\"potentialAction\":[{\"@type\":\"SearchAction\",\"target\":{\"@type\":\"EntryPoint\",\"urlTemplate\":\"https:\/\/www.noticiasradioreflejos.com.ar\/2021\/?s={search_term_string}\"},\"query-input\":{\"@type\":\"PropertyValueSpecification\",\"valueRequired\":true,\"valueName\":\"search_term_string\"}}],\"inLanguage\":\"es\"},{\"@type\":\"Person\",\"@id\":\"https:\/\/www.noticiasradioreflejos.com.ar\/2021\/#\/schema\/person\/ad82545263dcc5ec0996818884fd5fb1\",\"name\":\"Arnaldo Botto\",\"image\":{\"@type\":\"ImageObject\",\"inLanguage\":\"es\",\"@id\":\"https:\/\/www.noticiasradioreflejos.com.ar\/2021\/#\/schema\/person\/image\/\",\"url\":\"https:\/\/secure.gravatar.com\/avatar\/55cb5e37c1efa326397366e6974cb338056df65cb50e7d64d1cf314e87504837?s=96&d=mm&r=g\",\"contentUrl\":\"https:\/\/secure.gravatar.com\/avatar\/55cb5e37c1efa326397366e6974cb338056df65cb50e7d64d1cf314e87504837?s=96&d=mm&r=g\",\"caption\":\"Arnaldo Botto\"},\"url\":\"https:\/\/www.noticiasradioreflejos.com.ar\/2021\/author\/arnaldo\/\"}]}<\/script>\n<!-- \/ Yoast SEO plugin. -->","yoast_head_json":{"title":"Comunicado de CamCoTiSas \"TURISMO SEGURO EN PANDEMIA\" - Noticias Radio Reflejos","robots":{"index":"index","follow":"follow","max-snippet":"max-snippet:-1","max-image-preview":"max-image-preview:large","max-video-preview":"max-video-preview:-1"},"canonical":"https:\/\/www.noticiasradioreflejos.com.ar\/2021\/comunicado-de-camcotisas-turismo-seguro-en-pandemia2\/","og_locale":"es_ES","og_type":"article","og_title":"Comunicado de CamCoTiSas \"TURISMO SEGURO EN PANDEMIA\" - Noticias Radio Reflejos","og_description":"INFORMAMOS que desde nuestra C\u00e1mara de Comercio, acompa\u00f1ados por el resto de las Asociaciones y C\u00e1maras de nuestro distrito de Tornquist, hemos presentado ante los distintos estamentos del ejecutivo de la Provincia de Buenos Aires,","og_url":"https:\/\/www.noticiasradioreflejos.com.ar\/2021\/comunicado-de-camcotisas-turismo-seguro-en-pandemia2\/","og_site_name":"Noticias Radio Reflejos","article_published_time":"2020-10-15T15:39:56+00:00","og_image":[{"width":1696,"height":1061,"url":"https:\/\/www.noticiasradioreflejos.com.ar\/2021\/wp-content\/uploads\/2019\/08\/Comunicado-de-Prensa.jpg","type":"image\/jpeg"}],"author":"Arnaldo Botto","twitter_card":"summary_large_image","schema":{"@context":"https:\/\/schema.org","@graph":[{"@type":"WebPage","@id":"https:\/\/www.noticiasradioreflejos.com.ar\/2021\/comunicado-de-camcotisas-turismo-seguro-en-pandemia2\/","url":"https:\/\/www.noticiasradioreflejos.com.ar\/2021\/comunicado-de-camcotisas-turismo-seguro-en-pandemia2\/","name":"Comunicado de CamCoTiSas \"TURISMO SEGURO EN PANDEMIA\" - Noticias Radio Reflejos","isPartOf":{"@id":"https:\/\/www.noticiasradioreflejos.com.ar\/2021\/#website"},"primaryImageOfPage":{"@id":"https:\/\/www.noticiasradioreflejos.com.ar\/2021\/comunicado-de-camcotisas-turismo-seguro-en-pandemia2\/#primaryimage"},"image":{"@id":"https:\/\/www.noticiasradioreflejos.com.ar\/2021\/comunicado-de-camcotisas-turismo-seguro-en-pandemia2\/#primaryimage"},"thumbnailUrl":"https:\/\/www.noticiasradioreflejos.com.ar\/2021\/wp-content\/uploads\/2019\/08\/Comunicado-de-Prensa.jpg","datePublished":"2020-10-15T15:39:56+00:00","author":{"@id":"https:\/\/www.noticiasradioreflejos.com.ar\/2021\/#\/schema\/person\/ad82545263dcc5ec0996818884fd5fb1"},"breadcrumb":{"@id":"https:\/\/www.noticiasradioreflejos.com.ar\/2021\/comunicado-de-camcotisas-turismo-seguro-en-pandemia2\/#breadcrumb"},"inLanguage":"es","potentialAction":[{"@type":"ReadAction","target":["https:\/\/www.noticiasradioreflejos.com.ar\/2021\/comunicado-de-camcotisas-turismo-seguro-en-pandemia2\/"]}]},{"@type":"ImageObject","inLanguage":"es","@id":"https:\/\/www.noticiasradioreflejos.com.ar\/2021\/comunicado-de-camcotisas-turismo-seguro-en-pandemia2\/#primaryimage","url":"https:\/\/www.noticiasradioreflejos.com.ar\/2021\/wp-content\/uploads\/2019\/08\/Comunicado-de-Prensa.jpg","contentUrl":"https:\/\/www.noticiasradioreflejos.com.ar\/2021\/wp-content\/uploads\/2019\/08\/Comunicado-de-Prensa.jpg","width":1696,"height":1061},{"@type":"BreadcrumbList","@id":"https:\/\/www.noticiasradioreflejos.com.ar\/2021\/comunicado-de-camcotisas-turismo-seguro-en-pandemia2\/#breadcrumb","itemListElement":[{"@type":"ListItem","position":1,"name":"Portada","item":"https:\/\/www.noticiasradioreflejos.com.ar\/2021\/"},{"@type":"ListItem","position":2,"name":"Comunicado de CamCoTiSas \u00abTURISMO SEGURO EN PANDEMIA\u00bb"}]},{"@type":"WebSite","@id":"https:\/\/www.noticiasradioreflejos.com.ar\/2021\/#website","url":"https:\/\/www.noticiasradioreflejos.com.ar\/2021\/","name":"Noticias Radio Reflejos","description":"Las noticias de mi comarca","potentialAction":[{"@type":"SearchAction","target":{"@type":"EntryPoint","urlTemplate":"https:\/\/www.noticiasradioreflejos.com.ar\/2021\/?s={search_term_string}"},"query-input":{"@type":"PropertyValueSpecification","valueRequired":true,"valueName":"search_term_string"}}],"inLanguage":"es"},{"@type":"Person","@id":"https:\/\/www.noticiasradioreflejos.com.ar\/2021\/#\/schema\/person\/ad82545263dcc5ec0996818884fd5fb1","name":"Arnaldo Botto","image":{"@type":"ImageObject","inLanguage":"es","@id":"https:\/\/www.noticiasradioreflejos.com.ar\/2021\/#\/schema\/person\/image\/","url":"https:\/\/secure.gravatar.com\/avatar\/55cb5e37c1efa326397366e6974cb338056df65cb50e7d64d1cf314e87504837?s=96&d=mm&r=g","contentUrl":"https:\/\/secure.gravatar.com\/avatar\/55cb5e37c1efa326397366e6974cb338056df65cb50e7d64d1cf314e87504837?s=96&d=mm&r=g","caption":"Arnaldo Botto"},"url":"https:\/\/www.noticiasradioreflejos.com.ar\/2021\/author\/arnaldo\/"}]}},"_links":{"self":[{"href":"https:\/\/www.noticiasradioreflejos.com.ar\/2021\/wp-json\/wp\/v2\/posts\/48144","targetHints":{"allow":["GET"]}}],"collection":[{"href":"https:\/\/www.noticiasradioreflejos.com.ar\/2021\/wp-json\/wp\/v2\/posts"}],"about":[{"href":"https:\/\/www.noticiasradioreflejos.com.ar\/2021\/wp-json\/wp\/v2\/types\/post"}],"author":[{"embeddable":true,"href":"https:\/\/www.noticiasradioreflejos.com.ar\/2021\/wp-json\/wp\/v2\/users\/3"}],"replies":[{"embeddable":true,"href":"https:\/\/www.noticiasradioreflejos.com.ar\/2021\/wp-json\/wp\/v2\/comments?post=48144"}],"version-history":[{"count":0,"href":"https:\/\/www.noticiasradioreflejos.com.ar\/2021\/wp-json\/wp\/v2\/posts\/48144\/revisions"}],"wp:featuredmedia":[{"embeddable":true,"href":"https:\/\/www.noticiasradioreflejos.com.ar\/2021\/wp-json\/wp\/v2\/media\/33609"}],"wp:attachment":[{"href":"https:\/\/www.noticiasradioreflejos.com.ar\/2021\/wp-json\/wp\/v2\/media?parent=48144"}],"wp:term":[{"taxonomy":"category","embeddable":true,"href":"https:\/\/www.noticiasradioreflejos.com.ar\/2021\/wp-json\/wp\/v2\/categories?post=48144"},{"taxonomy":"post_tag","embeddable":true,"href":"https:\/\/www.noticiasradioreflejos.com.ar\/2021\/wp-json\/wp\/v2\/tags?post=48144"}],"curies":[{"name":"wp","href":"https:\/\/api.w.org\/{rel}","templated":true}]}}