{"id":48138,"date":"2020-10-15T10:07:58","date_gmt":"2020-10-15T13:07:58","guid":{"rendered":"http:\/\/www.noticiasradioreflejos.com.ar\/noticias\/?p=48138"},"modified":"2020-10-15T10:07:58","modified_gmt":"2020-10-15T13:07:58","slug":"el-gobierno-vuelve-a-incorporar-repuestos-ferroviarios-luego-de-seis-anos","status":"publish","type":"post","link":"https:\/\/www.noticiasradioreflejos.com.ar\/2021\/el-gobierno-vuelve-a-incorporar-repuestos-ferroviarios-luego-de-seis-anos\/","title":{"rendered":"El Gobierno vuelve a incorporar repuestos ferroviarios luego de seis a\u00f1os"},"content":{"rendered":"<p>El Gobierno volver\u00e1 a incorporar repuestos ferroviarios luego de seis a\u00f1os en que no se contaba con estos recursos, a partir de la firma de un convenio de cooperaci\u00f3n entre el Ministerio de Transporte y una empresa china, informaron fuentes de esa cartera.<!--more--><br \/>\nLa concreci\u00f3n de este convenio permitir\u00e1 contar con repuestos y asesoramiento t\u00e9cnico para el mantenimiento de las unidades de la l\u00ednea Belgrano Sur y para los coches y locomotoras utilizados en los servicios de larga distancia, luego que desde 2014 el Estado nacional no incorporara repuestos para renovar y mejorar el sistema ferroviario.<\/p>\n<p>El convenio fue suscripto mediante una videoconferencia por el ministro de Transporte, Mario Meoni, y el presidente de Trenes Argentinos Operaciones, Mart\u00edn Marinucci, con la empresa china CRRC International Co., Ltd. en su car\u00e1cter de representante exclusivo en Argentina de CRRC Changchun Railway Vehicles Co. Ltd., CRRC Dalian Co. Ltd. y CRRC Tangshan Co. Ltd.<\/p>\n<p>All\u00ed se establecieron los par\u00e1metros generales y particulares para la obtenci\u00f3n de repuestos y asistencia t\u00e9cnica necesarios para realizar el mantenimiento de los 81 coches del Belgrano Sur y las 220 unidades y 20 locomotoras utilizadas en larga distancia, de manera de mantener los est\u00e1ndares de confiabilidad de prestaci\u00f3n de los servicios y sostener y mejorar sus frecuencias actuales.<\/p>\n<p>Los trenes que hoy circulan en las l\u00edneas metropolitanas y en los servicios de larga distancia son de procedencia china, y no existe actualmente en nuestro pa\u00eds capacidad de producci\u00f3n de los repuestos.<\/p>\n<p>Al respecto, Meoni dijo que \u201cla firma de este convenio ratifica el compromiso de nuestra gesti\u00f3n, que es brindar un servicio de calidad, donde las personas est\u00e9n seguras y cuenten con m\u00e1s alternativas de viaje\u00bb.<\/p>\n<p>\u00abPor eso nos pone muy contentos avanzar en ese sentido, tanto en la l\u00ednea Belgrano Sur como en todos los servicios de larga distancia que conectan a millones de argentinos y argentinas en un pa\u00eds tan extenso como el nuestro\u201d, agreg\u00f3.<\/p>\n<p>En tanto, Marinucci destac\u00f3 que \u201crecibir estos repuestos y el asesoramiento de los fabricantes, podremos brindar m\u00e1s frecuencias y servicios para todos los pasajeros y pasajeras. Adem\u00e1s, nos permitir\u00e1 cumplir con todos los lineamientos que las autoridades de regulaci\u00f3n de transporte requieren respecto de los planes de mantenimiento necesarios para el material rodante\u201d.<\/p>\n<p>El acuerdo establece que CRRC proveer\u00e1 la totalidad de los repuestos necesarios para los mantenimientos programados, en un periodo de tiempo de cinco a\u00f1os, de manera de continuar ayudando a brindar un servicio de transporte p\u00fablico ferroviario seguro para todos los pasajeros, pasajeras y sus trabajadores y trabajadoras.<\/p>\n<p>Asimismo, un equipo de asistencia t\u00e9cnica de la compa\u00f1\u00eda china certificar\u00e1 la calidad y cantidad de las intervenciones realizadas en los trenes, como tambi\u00e9n el estado de los repuestos que equipan las formaciones, y los protocolos de ensayo y verificaci\u00f3n.<br \/>\nImprimir Descargar Copiar Volver<\/p>\n","protected":false},"excerpt":{"rendered":"<p>El Gobierno volver\u00e1 a incorporar repuestos ferroviarios luego de seis a\u00f1os en que no se contaba con estos recursos, a partir de la firma de un convenio de cooperaci\u00f3n entre el Ministerio de Transporte y una empresa china, informaron fuentes de esa cartera.<\/p>\n","protected":false},"author":3,"featured_media":0,"comment_status":"closed","ping_status":"open","sticky":false,"template":"","format":"standard","meta":{"footnotes":""},"categories":[24],"tags":[],"class_list":["post-48138","post","type-post","status-publish","format-standard","hentry","category-politica"],"yoast_head":"<!-- This site is optimized with the Yoast SEO plugin v25.9 - https:\/\/yoast.com\/wordpress\/plugins\/seo\/ -->\n<title>El Gobierno vuelve a incorporar repuestos ferroviarios luego de seis a\u00f1os - Noticias Radio Reflejos<\/title>\n<meta name=\"robots\" content=\"index, follow, max-snippet:-1, max-image-preview:large, max-video-preview:-1\" \/>\n<link rel=\"canonical\" href=\"https:\/\/www.noticiasradioreflejos.com.ar\/2021\/el-gobierno-vuelve-a-incorporar-repuestos-ferroviarios-luego-de-seis-anos\/\" \/>\n<meta property=\"og:locale\" content=\"es_ES\" \/>\n<meta property=\"og:type\" content=\"article\" \/>\n<meta property=\"og:title\" content=\"El Gobierno vuelve a incorporar repuestos ferroviarios luego de seis a\u00f1os - Noticias Radio Reflejos\" \/>\n<meta property=\"og:description\" content=\"El Gobierno volver\u00e1 a incorporar repuestos ferroviarios luego de seis a\u00f1os en que no se contaba con estos recursos, a partir de la firma de un convenio de cooperaci\u00f3n entre el Ministerio de Transporte y una empresa china, informaron fuentes de esa cartera.\" \/>\n<meta property=\"og:url\" content=\"https:\/\/www.noticiasradioreflejos.com.ar\/2021\/el-gobierno-vuelve-a-incorporar-repuestos-ferroviarios-luego-de-seis-anos\/\" \/>\n<meta property=\"og:site_name\" content=\"Noticias Radio Reflejos\" \/>\n<meta property=\"article:published_time\" content=\"2020-10-15T13:07:58+00:00\" \/>\n<meta property=\"og:image\" content=\"https:\/\/www.noticiasradioreflejos.com.ar\/2021\/wp-content\/uploads\/2021\/07\/logosol300x200.png\" \/>\n\t<meta property=\"og:image:width\" content=\"300\" \/>\n\t<meta property=\"og:image:height\" content=\"200\" \/>\n\t<meta property=\"og:image:type\" content=\"image\/png\" \/>\n<meta name=\"author\" content=\"Arnaldo Botto\" \/>\n<meta name=\"twitter:card\" content=\"summary_large_image\" \/>\n<script type=\"application\/ld+json\" class=\"yoast-schema-graph\">{\"@context\":\"https:\/\/schema.org\",\"@graph\":[{\"@type\":\"WebPage\",\"@id\":\"https:\/\/www.noticiasradioreflejos.com.ar\/2021\/el-gobierno-vuelve-a-incorporar-repuestos-ferroviarios-luego-de-seis-anos\/\",\"url\":\"https:\/\/www.noticiasradioreflejos.com.ar\/2021\/el-gobierno-vuelve-a-incorporar-repuestos-ferroviarios-luego-de-seis-anos\/\",\"name\":\"El Gobierno vuelve a incorporar repuestos ferroviarios luego de seis a\u00f1os - Noticias Radio Reflejos\",\"isPartOf\":{\"@id\":\"https:\/\/www.noticiasradioreflejos.com.ar\/2021\/#website\"},\"datePublished\":\"2020-10-15T13:07:58+00:00\",\"author\":{\"@id\":\"https:\/\/www.noticiasradioreflejos.com.ar\/2021\/#\/schema\/person\/ad82545263dcc5ec0996818884fd5fb1\"},\"breadcrumb\":{\"@id\":\"https:\/\/www.noticiasradioreflejos.com.ar\/2021\/el-gobierno-vuelve-a-incorporar-repuestos-ferroviarios-luego-de-seis-anos\/#breadcrumb\"},\"inLanguage\":\"es\",\"potentialAction\":[{\"@type\":\"ReadAction\",\"target\":[\"https:\/\/www.noticiasradioreflejos.com.ar\/2021\/el-gobierno-vuelve-a-incorporar-repuestos-ferroviarios-luego-de-seis-anos\/\"]}]},{\"@type\":\"BreadcrumbList\",\"@id\":\"https:\/\/www.noticiasradioreflejos.com.ar\/2021\/el-gobierno-vuelve-a-incorporar-repuestos-ferroviarios-luego-de-seis-anos\/#breadcrumb\",\"itemListElement\":[{\"@type\":\"ListItem\",\"position\":1,\"name\":\"Portada\",\"item\":\"https:\/\/www.noticiasradioreflejos.com.ar\/2021\/\"},{\"@type\":\"ListItem\",\"position\":2,\"name\":\"El Gobierno vuelve a incorporar repuestos ferroviarios luego de seis a\u00f1os\"}]},{\"@type\":\"WebSite\",\"@id\":\"https:\/\/www.noticiasradioreflejos.com.ar\/2021\/#website\",\"url\":\"https:\/\/www.noticiasradioreflejos.com.ar\/2021\/\",\"name\":\"Noticias Radio Reflejos\",\"description\":\"Las noticias de mi comarca\",\"potentialAction\":[{\"@type\":\"SearchAction\",\"target\":{\"@type\":\"EntryPoint\",\"urlTemplate\":\"https:\/\/www.noticiasradioreflejos.com.ar\/2021\/?s={search_term_string}\"},\"query-input\":{\"@type\":\"PropertyValueSpecification\",\"valueRequired\":true,\"valueName\":\"search_term_string\"}}],\"inLanguage\":\"es\"},{\"@type\":\"Person\",\"@id\":\"https:\/\/www.noticiasradioreflejos.com.ar\/2021\/#\/schema\/person\/ad82545263dcc5ec0996818884fd5fb1\",\"name\":\"Arnaldo Botto\",\"image\":{\"@type\":\"ImageObject\",\"inLanguage\":\"es\",\"@id\":\"https:\/\/www.noticiasradioreflejos.com.ar\/2021\/#\/schema\/person\/image\/\",\"url\":\"https:\/\/secure.gravatar.com\/avatar\/55cb5e37c1efa326397366e6974cb338056df65cb50e7d64d1cf314e87504837?s=96&d=mm&r=g\",\"contentUrl\":\"https:\/\/secure.gravatar.com\/avatar\/55cb5e37c1efa326397366e6974cb338056df65cb50e7d64d1cf314e87504837?s=96&d=mm&r=g\",\"caption\":\"Arnaldo Botto\"},\"url\":\"https:\/\/www.noticiasradioreflejos.com.ar\/2021\/author\/arnaldo\/\"}]}<\/script>\n<!-- \/ Yoast SEO plugin. -->","yoast_head_json":{"title":"El Gobierno vuelve a incorporar repuestos ferroviarios luego de seis a\u00f1os - Noticias Radio Reflejos","robots":{"index":"index","follow":"follow","max-snippet":"max-snippet:-1","max-image-preview":"max-image-preview:large","max-video-preview":"max-video-preview:-1"},"canonical":"https:\/\/www.noticiasradioreflejos.com.ar\/2021\/el-gobierno-vuelve-a-incorporar-repuestos-ferroviarios-luego-de-seis-anos\/","og_locale":"es_ES","og_type":"article","og_title":"El Gobierno vuelve a incorporar repuestos ferroviarios luego de seis a\u00f1os - Noticias Radio Reflejos","og_description":"El Gobierno volver\u00e1 a incorporar repuestos ferroviarios luego de seis a\u00f1os en que no se contaba con estos recursos, a partir de la firma de un convenio de cooperaci\u00f3n entre el Ministerio de Transporte y una empresa china, informaron fuentes de esa cartera.","og_url":"https:\/\/www.noticiasradioreflejos.com.ar\/2021\/el-gobierno-vuelve-a-incorporar-repuestos-ferroviarios-luego-de-seis-anos\/","og_site_name":"Noticias Radio Reflejos","article_published_time":"2020-10-15T13:07:58+00:00","og_image":[{"width":300,"height":200,"url":"https:\/\/www.noticiasradioreflejos.com.ar\/2021\/wp-content\/uploads\/2021\/07\/logosol300x200.png","type":"image\/png"}],"author":"Arnaldo Botto","twitter_card":"summary_large_image","schema":{"@context":"https:\/\/schema.org","@graph":[{"@type":"WebPage","@id":"https:\/\/www.noticiasradioreflejos.com.ar\/2021\/el-gobierno-vuelve-a-incorporar-repuestos-ferroviarios-luego-de-seis-anos\/","url":"https:\/\/www.noticiasradioreflejos.com.ar\/2021\/el-gobierno-vuelve-a-incorporar-repuestos-ferroviarios-luego-de-seis-anos\/","name":"El Gobierno vuelve a incorporar repuestos ferroviarios luego de seis a\u00f1os - Noticias Radio Reflejos","isPartOf":{"@id":"https:\/\/www.noticiasradioreflejos.com.ar\/2021\/#website"},"datePublished":"2020-10-15T13:07:58+00:00","author":{"@id":"https:\/\/www.noticiasradioreflejos.com.ar\/2021\/#\/schema\/person\/ad82545263dcc5ec0996818884fd5fb1"},"breadcrumb":{"@id":"https:\/\/www.noticiasradioreflejos.com.ar\/2021\/el-gobierno-vuelve-a-incorporar-repuestos-ferroviarios-luego-de-seis-anos\/#breadcrumb"},"inLanguage":"es","potentialAction":[{"@type":"ReadAction","target":["https:\/\/www.noticiasradioreflejos.com.ar\/2021\/el-gobierno-vuelve-a-incorporar-repuestos-ferroviarios-luego-de-seis-anos\/"]}]},{"@type":"BreadcrumbList","@id":"https:\/\/www.noticiasradioreflejos.com.ar\/2021\/el-gobierno-vuelve-a-incorporar-repuestos-ferroviarios-luego-de-seis-anos\/#breadcrumb","itemListElement":[{"@type":"ListItem","position":1,"name":"Portada","item":"https:\/\/www.noticiasradioreflejos.com.ar\/2021\/"},{"@type":"ListItem","position":2,"name":"El Gobierno vuelve a incorporar repuestos ferroviarios luego de seis a\u00f1os"}]},{"@type":"WebSite","@id":"https:\/\/www.noticiasradioreflejos.com.ar\/2021\/#website","url":"https:\/\/www.noticiasradioreflejos.com.ar\/2021\/","name":"Noticias Radio Reflejos","description":"Las noticias de mi comarca","potentialAction":[{"@type":"SearchAction","target":{"@type":"EntryPoint","urlTemplate":"https:\/\/www.noticiasradioreflejos.com.ar\/2021\/?s={search_term_string}"},"query-input":{"@type":"PropertyValueSpecification","valueRequired":true,"valueName":"search_term_string"}}],"inLanguage":"es"},{"@type":"Person","@id":"https:\/\/www.noticiasradioreflejos.com.ar\/2021\/#\/schema\/person\/ad82545263dcc5ec0996818884fd5fb1","name":"Arnaldo Botto","image":{"@type":"ImageObject","inLanguage":"es","@id":"https:\/\/www.noticiasradioreflejos.com.ar\/2021\/#\/schema\/person\/image\/","url":"https:\/\/secure.gravatar.com\/avatar\/55cb5e37c1efa326397366e6974cb338056df65cb50e7d64d1cf314e87504837?s=96&d=mm&r=g","contentUrl":"https:\/\/secure.gravatar.com\/avatar\/55cb5e37c1efa326397366e6974cb338056df65cb50e7d64d1cf314e87504837?s=96&d=mm&r=g","caption":"Arnaldo Botto"},"url":"https:\/\/www.noticiasradioreflejos.com.ar\/2021\/author\/arnaldo\/"}]}},"_links":{"self":[{"href":"https:\/\/www.noticiasradioreflejos.com.ar\/2021\/wp-json\/wp\/v2\/posts\/48138","targetHints":{"allow":["GET"]}}],"collection":[{"href":"https:\/\/www.noticiasradioreflejos.com.ar\/2021\/wp-json\/wp\/v2\/posts"}],"about":[{"href":"https:\/\/www.noticiasradioreflejos.com.ar\/2021\/wp-json\/wp\/v2\/types\/post"}],"author":[{"embeddable":true,"href":"https:\/\/www.noticiasradioreflejos.com.ar\/2021\/wp-json\/wp\/v2\/users\/3"}],"replies":[{"embeddable":true,"href":"https:\/\/www.noticiasradioreflejos.com.ar\/2021\/wp-json\/wp\/v2\/comments?post=48138"}],"version-history":[{"count":0,"href":"https:\/\/www.noticiasradioreflejos.com.ar\/2021\/wp-json\/wp\/v2\/posts\/48138\/revisions"}],"wp:attachment":[{"href":"https:\/\/www.noticiasradioreflejos.com.ar\/2021\/wp-json\/wp\/v2\/media?parent=48138"}],"wp:term":[{"taxonomy":"category","embeddable":true,"href":"https:\/\/www.noticiasradioreflejos.com.ar\/2021\/wp-json\/wp\/v2\/categories?post=48138"},{"taxonomy":"post_tag","embeddable":true,"href":"https:\/\/www.noticiasradioreflejos.com.ar\/2021\/wp-json\/wp\/v2\/tags?post=48138"}],"curies":[{"name":"wp","href":"https:\/\/api.w.org\/{rel}","templated":true}]}}