{"id":48133,"date":"2020-10-15T09:12:41","date_gmt":"2020-10-15T12:12:41","guid":{"rendered":"http:\/\/www.noticiasradioreflejos.com.ar\/noticias\/?p=48133"},"modified":"2020-10-15T09:12:41","modified_gmt":"2020-10-15T12:12:41","slug":"sumate-al-movimiento-inauguremos-juntos-un-circuito-turistico-de-arte-sustentable","status":"publish","type":"post","link":"https:\/\/www.noticiasradioreflejos.com.ar\/2021\/sumate-al-movimiento-inauguremos-juntos-un-circuito-turistico-de-arte-sustentable\/","title":{"rendered":"Sumate al movimiento: inauguremos juntos un Circuito Tur\u00edstico de Arte Sustentable"},"content":{"rendered":"<p>Vecinos de sierra de la Ventana impulsan un movimiento y trabajan en la construcci\u00f3n de un <strong>Circuito Tur\u00edstico de Arte Sustentable<\/strong>. Dos obras ya se instalaron en los paradores de los balnearios de<strong> \u00abLa Hoya\u00bb<\/strong> y <strong>\u00abNamast\u00e9\u00bb<\/strong><!--more--><\/p>\n<p>\u00a1Hola Arnaldo! Esta es una nueva carta de \u00ab<strong>Creo en una Comarca Mejor\u00bb<\/strong>, mediante la cual queremos expresar nuestro profundo agradecimiento a la<strong> Librer\u00eda La Comarca<\/strong> y a<strong> Hospedate en Sierra<\/strong>, ya que con el auspicio de ambas PyMEs, logramos colocar dos obras de arte sustentable que constan de recolectores de materiales de residuos. Uno fue colocado en el Parador Namaste, ubicado en Dique San Bernardo y el otro en el Balneario la Hoya.<\/p>\n<p>Por otro lado, estamos en proceso de realizar otras dos obras art\u00edsticas, con el fin de lograr un Circuito Tur\u00edstico de Arte Sustentable ubicado en varios puntos clave de nuestra localidad, de manera que, sumen valor art\u00edstico a nuestra oferta tur\u00edstica y se difundan valores sustentables que colaboren con el medioambiente.<\/p>\n<p><a title=\"WhatsApp Image 2020-10-15 at 08.37.53 (1)\" href=\"http:\/\/live.staticflickr.com\/65535\/50488661236_0c57c9c230_s.jpg\" rel=\"\"><img loading=\"lazy\" decoding=\"async\" class=\"aligncenter\" title=\"WhatsApp Image 2020-10-15 at 08.37.53 (1)\" src=\"http:\/\/live.staticflickr.com\/65535\/50488661236_0c57c9c230_c.jpg\" alt=\"WhatsApp Image 2020-10-15 at 08.37.53 (1)\" width=\"720\" height=\"720\" \/><\/a><\/p>\n<p>&nbsp;<\/p>\n<p>Estas obras de arte son de la comunidad, expresan el talento de artistas locales y son posible gracias a la participaci\u00f3n mancomunada de los y las ciudadanas a trav\u00e9s de la recolecci\u00f3n de tapitas pl\u00e1sticas, las cuales son recibidas por varios comercios adheridos a nuestra iniciativa.<br \/>\nHasta el momento llevamos recolectadas m\u00e1s de ocho mil tapitas que ser\u00e1n destinadas a formar dicho corredor art\u00edstico.<br \/>\nCreo en una Comarca Mejor es un movimiento que apela a la responsabilidad social de todas las Pymes.<\/p>\n<p>Estas acciones en particular provocan un impacto positivo relacionado al medioambiente y a fomentar el turismo, por ello, invitamos a quien quiera ser parte de este movimiento a auspiciar la pr\u00f3xima obra de arte en la compra de los materiales y as\u00ed seguir creando juntos una comarca mejor.<\/p>\n<p>\u00a1Muchas gracias!<br \/>\n<em><strong><span style=\"color: #008000;\">Creo en una Comarca Mejor.<\/span><\/strong><\/em><br \/>\n<strong><span style=\"color: #ff9900;\">Maria del Mar Celeste Pereyra<\/span><\/strong><br \/>\n<strong><span style=\"color: #ff9900;\"> Agustina Stremel<\/span><\/strong><br \/>\n<strong><span style=\"color: #ff9900;\"> Norberto Frontini<\/span><\/strong><br \/>\n<strong><span style=\"color: #ff9900;\"> Ana Alessandrini<\/span><\/strong><br \/>\n<strong><span style=\"color: #ff9900;\"> Santiago Rodriguez Bartel<\/span><\/strong><br \/>\n<strong><span style=\"color: #ff9900;\"> Enrique Alessandrini<\/span><\/strong><\/p>\n","protected":false},"excerpt":{"rendered":"<p>Vecinos de sierra de la Ventana impulsan un movimiento y trabajan en la construcci\u00f3n de un Circuito Tur\u00edstico de Arte Sustentable. Dos obras ya se instalaron en los paradores de los balnearios de \u00abLa Hoya\u00bb y \u00abNamast\u00e9\u00bb<\/p>\n","protected":false},"author":3,"featured_media":0,"comment_status":"closed","ping_status":"open","sticky":false,"template":"","format":"standard","meta":{"footnotes":""},"categories":[26,33],"tags":[],"class_list":["post-48133","post","type-post","status-publish","format-standard","hentry","category-sociedad","category-turismo"],"yoast_head":"<!-- This site is optimized with the Yoast SEO plugin v25.9 - https:\/\/yoast.com\/wordpress\/plugins\/seo\/ -->\n<title>Sumate al movimiento: inauguremos juntos un Circuito Tur\u00edstico de Arte Sustentable - Noticias Radio Reflejos<\/title>\n<meta name=\"robots\" content=\"index, follow, max-snippet:-1, max-image-preview:large, max-video-preview:-1\" \/>\n<link rel=\"canonical\" href=\"https:\/\/www.noticiasradioreflejos.com.ar\/2021\/sumate-al-movimiento-inauguremos-juntos-un-circuito-turistico-de-arte-sustentable\/\" \/>\n<meta property=\"og:locale\" content=\"es_ES\" \/>\n<meta property=\"og:type\" content=\"article\" \/>\n<meta property=\"og:title\" content=\"Sumate al movimiento: inauguremos juntos un Circuito Tur\u00edstico de Arte Sustentable - Noticias Radio Reflejos\" \/>\n<meta property=\"og:description\" content=\"Vecinos de sierra de la Ventana impulsan un movimiento y trabajan en la construcci\u00f3n de un Circuito Tur\u00edstico de Arte Sustentable. Dos obras ya se instalaron en los paradores de los balnearios de \u00abLa Hoya\u00bb y \u00abNamast\u00e9\u00bb\" \/>\n<meta property=\"og:url\" content=\"https:\/\/www.noticiasradioreflejos.com.ar\/2021\/sumate-al-movimiento-inauguremos-juntos-un-circuito-turistico-de-arte-sustentable\/\" \/>\n<meta property=\"og:site_name\" content=\"Noticias Radio Reflejos\" \/>\n<meta property=\"article:published_time\" content=\"2020-10-15T12:12:41+00:00\" \/>\n<meta property=\"og:image\" content=\"http:\/\/live.staticflickr.com\/65535\/50488661236_0c57c9c230_c.jpg\" \/>\n<meta name=\"author\" content=\"Arnaldo Botto\" \/>\n<meta name=\"twitter:card\" content=\"summary_large_image\" \/>\n<script type=\"application\/ld+json\" class=\"yoast-schema-graph\">{\"@context\":\"https:\/\/schema.org\",\"@graph\":[{\"@type\":\"WebPage\",\"@id\":\"https:\/\/www.noticiasradioreflejos.com.ar\/2021\/sumate-al-movimiento-inauguremos-juntos-un-circuito-turistico-de-arte-sustentable\/\",\"url\":\"https:\/\/www.noticiasradioreflejos.com.ar\/2021\/sumate-al-movimiento-inauguremos-juntos-un-circuito-turistico-de-arte-sustentable\/\",\"name\":\"Sumate al movimiento: inauguremos juntos un Circuito Tur\u00edstico de Arte Sustentable - Noticias Radio Reflejos\",\"isPartOf\":{\"@id\":\"https:\/\/www.noticiasradioreflejos.com.ar\/2021\/#website\"},\"primaryImageOfPage\":{\"@id\":\"https:\/\/www.noticiasradioreflejos.com.ar\/2021\/sumate-al-movimiento-inauguremos-juntos-un-circuito-turistico-de-arte-sustentable\/#primaryimage\"},\"image\":{\"@id\":\"https:\/\/www.noticiasradioreflejos.com.ar\/2021\/sumate-al-movimiento-inauguremos-juntos-un-circuito-turistico-de-arte-sustentable\/#primaryimage\"},\"thumbnailUrl\":\"http:\/\/live.staticflickr.com\/65535\/50488661236_0c57c9c230_c.jpg\",\"datePublished\":\"2020-10-15T12:12:41+00:00\",\"author\":{\"@id\":\"https:\/\/www.noticiasradioreflejos.com.ar\/2021\/#\/schema\/person\/ad82545263dcc5ec0996818884fd5fb1\"},\"breadcrumb\":{\"@id\":\"https:\/\/www.noticiasradioreflejos.com.ar\/2021\/sumate-al-movimiento-inauguremos-juntos-un-circuito-turistico-de-arte-sustentable\/#breadcrumb\"},\"inLanguage\":\"es\",\"potentialAction\":[{\"@type\":\"ReadAction\",\"target\":[\"https:\/\/www.noticiasradioreflejos.com.ar\/2021\/sumate-al-movimiento-inauguremos-juntos-un-circuito-turistico-de-arte-sustentable\/\"]}]},{\"@type\":\"ImageObject\",\"inLanguage\":\"es\",\"@id\":\"https:\/\/www.noticiasradioreflejos.com.ar\/2021\/sumate-al-movimiento-inauguremos-juntos-un-circuito-turistico-de-arte-sustentable\/#primaryimage\",\"url\":\"http:\/\/live.staticflickr.com\/65535\/50488661236_0c57c9c230_c.jpg\",\"contentUrl\":\"http:\/\/live.staticflickr.com\/65535\/50488661236_0c57c9c230_c.jpg\"},{\"@type\":\"BreadcrumbList\",\"@id\":\"https:\/\/www.noticiasradioreflejos.com.ar\/2021\/sumate-al-movimiento-inauguremos-juntos-un-circuito-turistico-de-arte-sustentable\/#breadcrumb\",\"itemListElement\":[{\"@type\":\"ListItem\",\"position\":1,\"name\":\"Portada\",\"item\":\"https:\/\/www.noticiasradioreflejos.com.ar\/2021\/\"},{\"@type\":\"ListItem\",\"position\":2,\"name\":\"Sumate al movimiento: inauguremos juntos un Circuito Tur\u00edstico de Arte Sustentable\"}]},{\"@type\":\"WebSite\",\"@id\":\"https:\/\/www.noticiasradioreflejos.com.ar\/2021\/#website\",\"url\":\"https:\/\/www.noticiasradioreflejos.com.ar\/2021\/\",\"name\":\"Noticias Radio Reflejos\",\"description\":\"Las noticias de mi comarca\",\"potentialAction\":[{\"@type\":\"SearchAction\",\"target\":{\"@type\":\"EntryPoint\",\"urlTemplate\":\"https:\/\/www.noticiasradioreflejos.com.ar\/2021\/?s={search_term_string}\"},\"query-input\":{\"@type\":\"PropertyValueSpecification\",\"valueRequired\":true,\"valueName\":\"search_term_string\"}}],\"inLanguage\":\"es\"},{\"@type\":\"Person\",\"@id\":\"https:\/\/www.noticiasradioreflejos.com.ar\/2021\/#\/schema\/person\/ad82545263dcc5ec0996818884fd5fb1\",\"name\":\"Arnaldo Botto\",\"image\":{\"@type\":\"ImageObject\",\"inLanguage\":\"es\",\"@id\":\"https:\/\/www.noticiasradioreflejos.com.ar\/2021\/#\/schema\/person\/image\/\",\"url\":\"https:\/\/secure.gravatar.com\/avatar\/55cb5e37c1efa326397366e6974cb338056df65cb50e7d64d1cf314e87504837?s=96&d=mm&r=g\",\"contentUrl\":\"https:\/\/secure.gravatar.com\/avatar\/55cb5e37c1efa326397366e6974cb338056df65cb50e7d64d1cf314e87504837?s=96&d=mm&r=g\",\"caption\":\"Arnaldo Botto\"},\"url\":\"https:\/\/www.noticiasradioreflejos.com.ar\/2021\/author\/arnaldo\/\"}]}<\/script>\n<!-- \/ Yoast SEO plugin. -->","yoast_head_json":{"title":"Sumate al movimiento: inauguremos juntos un Circuito Tur\u00edstico de Arte Sustentable - Noticias Radio Reflejos","robots":{"index":"index","follow":"follow","max-snippet":"max-snippet:-1","max-image-preview":"max-image-preview:large","max-video-preview":"max-video-preview:-1"},"canonical":"https:\/\/www.noticiasradioreflejos.com.ar\/2021\/sumate-al-movimiento-inauguremos-juntos-un-circuito-turistico-de-arte-sustentable\/","og_locale":"es_ES","og_type":"article","og_title":"Sumate al movimiento: inauguremos juntos un Circuito Tur\u00edstico de Arte Sustentable - Noticias Radio Reflejos","og_description":"Vecinos de sierra de la Ventana impulsan un movimiento y trabajan en la construcci\u00f3n de un Circuito Tur\u00edstico de Arte Sustentable. Dos obras ya se instalaron en los paradores de los balnearios de \u00abLa Hoya\u00bb y \u00abNamast\u00e9\u00bb","og_url":"https:\/\/www.noticiasradioreflejos.com.ar\/2021\/sumate-al-movimiento-inauguremos-juntos-un-circuito-turistico-de-arte-sustentable\/","og_site_name":"Noticias Radio Reflejos","article_published_time":"2020-10-15T12:12:41+00:00","og_image":[{"url":"http:\/\/live.staticflickr.com\/65535\/50488661236_0c57c9c230_c.jpg","type":"","width":"","height":""}],"author":"Arnaldo Botto","twitter_card":"summary_large_image","schema":{"@context":"https:\/\/schema.org","@graph":[{"@type":"WebPage","@id":"https:\/\/www.noticiasradioreflejos.com.ar\/2021\/sumate-al-movimiento-inauguremos-juntos-un-circuito-turistico-de-arte-sustentable\/","url":"https:\/\/www.noticiasradioreflejos.com.ar\/2021\/sumate-al-movimiento-inauguremos-juntos-un-circuito-turistico-de-arte-sustentable\/","name":"Sumate al movimiento: inauguremos juntos un Circuito Tur\u00edstico de Arte Sustentable - Noticias Radio Reflejos","isPartOf":{"@id":"https:\/\/www.noticiasradioreflejos.com.ar\/2021\/#website"},"primaryImageOfPage":{"@id":"https:\/\/www.noticiasradioreflejos.com.ar\/2021\/sumate-al-movimiento-inauguremos-juntos-un-circuito-turistico-de-arte-sustentable\/#primaryimage"},"image":{"@id":"https:\/\/www.noticiasradioreflejos.com.ar\/2021\/sumate-al-movimiento-inauguremos-juntos-un-circuito-turistico-de-arte-sustentable\/#primaryimage"},"thumbnailUrl":"http:\/\/live.staticflickr.com\/65535\/50488661236_0c57c9c230_c.jpg","datePublished":"2020-10-15T12:12:41+00:00","author":{"@id":"https:\/\/www.noticiasradioreflejos.com.ar\/2021\/#\/schema\/person\/ad82545263dcc5ec0996818884fd5fb1"},"breadcrumb":{"@id":"https:\/\/www.noticiasradioreflejos.com.ar\/2021\/sumate-al-movimiento-inauguremos-juntos-un-circuito-turistico-de-arte-sustentable\/#breadcrumb"},"inLanguage":"es","potentialAction":[{"@type":"ReadAction","target":["https:\/\/www.noticiasradioreflejos.com.ar\/2021\/sumate-al-movimiento-inauguremos-juntos-un-circuito-turistico-de-arte-sustentable\/"]}]},{"@type":"ImageObject","inLanguage":"es","@id":"https:\/\/www.noticiasradioreflejos.com.ar\/2021\/sumate-al-movimiento-inauguremos-juntos-un-circuito-turistico-de-arte-sustentable\/#primaryimage","url":"http:\/\/live.staticflickr.com\/65535\/50488661236_0c57c9c230_c.jpg","contentUrl":"http:\/\/live.staticflickr.com\/65535\/50488661236_0c57c9c230_c.jpg"},{"@type":"BreadcrumbList","@id":"https:\/\/www.noticiasradioreflejos.com.ar\/2021\/sumate-al-movimiento-inauguremos-juntos-un-circuito-turistico-de-arte-sustentable\/#breadcrumb","itemListElement":[{"@type":"ListItem","position":1,"name":"Portada","item":"https:\/\/www.noticiasradioreflejos.com.ar\/2021\/"},{"@type":"ListItem","position":2,"name":"Sumate al movimiento: inauguremos juntos un Circuito Tur\u00edstico de Arte Sustentable"}]},{"@type":"WebSite","@id":"https:\/\/www.noticiasradioreflejos.com.ar\/2021\/#website","url":"https:\/\/www.noticiasradioreflejos.com.ar\/2021\/","name":"Noticias Radio Reflejos","description":"Las noticias de mi comarca","potentialAction":[{"@type":"SearchAction","target":{"@type":"EntryPoint","urlTemplate":"https:\/\/www.noticiasradioreflejos.com.ar\/2021\/?s={search_term_string}"},"query-input":{"@type":"PropertyValueSpecification","valueRequired":true,"valueName":"search_term_string"}}],"inLanguage":"es"},{"@type":"Person","@id":"https:\/\/www.noticiasradioreflejos.com.ar\/2021\/#\/schema\/person\/ad82545263dcc5ec0996818884fd5fb1","name":"Arnaldo Botto","image":{"@type":"ImageObject","inLanguage":"es","@id":"https:\/\/www.noticiasradioreflejos.com.ar\/2021\/#\/schema\/person\/image\/","url":"https:\/\/secure.gravatar.com\/avatar\/55cb5e37c1efa326397366e6974cb338056df65cb50e7d64d1cf314e87504837?s=96&d=mm&r=g","contentUrl":"https:\/\/secure.gravatar.com\/avatar\/55cb5e37c1efa326397366e6974cb338056df65cb50e7d64d1cf314e87504837?s=96&d=mm&r=g","caption":"Arnaldo Botto"},"url":"https:\/\/www.noticiasradioreflejos.com.ar\/2021\/author\/arnaldo\/"}]}},"_links":{"self":[{"href":"https:\/\/www.noticiasradioreflejos.com.ar\/2021\/wp-json\/wp\/v2\/posts\/48133","targetHints":{"allow":["GET"]}}],"collection":[{"href":"https:\/\/www.noticiasradioreflejos.com.ar\/2021\/wp-json\/wp\/v2\/posts"}],"about":[{"href":"https:\/\/www.noticiasradioreflejos.com.ar\/2021\/wp-json\/wp\/v2\/types\/post"}],"author":[{"embeddable":true,"href":"https:\/\/www.noticiasradioreflejos.com.ar\/2021\/wp-json\/wp\/v2\/users\/3"}],"replies":[{"embeddable":true,"href":"https:\/\/www.noticiasradioreflejos.com.ar\/2021\/wp-json\/wp\/v2\/comments?post=48133"}],"version-history":[{"count":0,"href":"https:\/\/www.noticiasradioreflejos.com.ar\/2021\/wp-json\/wp\/v2\/posts\/48133\/revisions"}],"wp:attachment":[{"href":"https:\/\/www.noticiasradioreflejos.com.ar\/2021\/wp-json\/wp\/v2\/media?parent=48133"}],"wp:term":[{"taxonomy":"category","embeddable":true,"href":"https:\/\/www.noticiasradioreflejos.com.ar\/2021\/wp-json\/wp\/v2\/categories?post=48133"},{"taxonomy":"post_tag","embeddable":true,"href":"https:\/\/www.noticiasradioreflejos.com.ar\/2021\/wp-json\/wp\/v2\/tags?post=48133"}],"curies":[{"name":"wp","href":"https:\/\/api.w.org\/{rel}","templated":true}]}}