{"id":48129,"date":"2020-10-15T08:58:22","date_gmt":"2020-10-15T11:58:22","guid":{"rendered":"http:\/\/www.noticiasradioreflejos.com.ar\/noticias\/?p=48129"},"modified":"2020-10-15T08:58:22","modified_gmt":"2020-10-15T11:58:22","slug":"el-15-de-octubre-de-1938-se-inauguraban-las-obras-del-ingeniero-francisco-salamone","status":"publish","type":"post","link":"https:\/\/www.noticiasradioreflejos.com.ar\/2021\/el-15-de-octubre-de-1938-se-inauguraban-las-obras-del-ingeniero-francisco-salamone\/","title":{"rendered":"El 15 de Octubre de 1938 se inauguraban las obras del ingeniero Francisco Salamone"},"content":{"rendered":"<p><a title=\"foto-grande-sin-plaza-1.jpg_800\" href=\"http:\/\/live.staticflickr.com\/65535\/50488720027_6c4156b48a_s.jpg\" rel=\"\"><img loading=\"lazy\" decoding=\"async\" class=\"alignleft\" style=\"float: left;\" title=\"foto-grande-sin-plaza-1.jpg_800\" src=\"http:\/\/live.staticflickr.com\/65535\/50488720027_6c4156b48a_z.jpg\" alt=\"foto-grande-sin-plaza-1.jpg_800\" width=\"512\" height=\"640\" \/><\/a>Fue hace 82 a\u00f1os, la torre municipal de Tornquist y el imponente portal del cementerio de Saldungaray recib\u00edan la visita del gobernador Manuel Fresco.<!--more--><\/p>\n<p>Bajo el gobierno del Dr. Manuel Fresco y la Intendencia municipal de Pantale\u00f3n Echave, el 15 de Octubre de 1938, se inauguraron las obras del Ingeniero Francisco Salamone en el distrito.<\/p>\n<p>La comunidad toda, particip\u00f3 de ese trascendental evento con la llegada a nuestra ciudad en el tren del Gobernador Fresco su esposa Raquel Monasterio y autoridades que lo acompa\u00f1aban, como as\u00ed tambi\u00e9n el diputado Santiago Saldungaray.<\/p>\n<p>El primer acto tuvo lugar en la inauguraci\u00f3n del m\u00e1stil de la Plaza Ernesto Tornquist. En ese lugar el actual Secretario de Gobierno C\u00e9sar Saldungaray, brindo un emotivo discurso.<\/p>\n<p>M\u00e1s tarde el propio intendente Don Pantale\u00f3n Echave, dej\u00f3 formalmente inaugurado el edificio municipal con su actual torre.<\/p>\n<p>En la actual Avenida Sarmiento, por ese entonces sin boulevard se contempl\u00f3 el hermoso desfile de las escuelas del distrito.<\/p>\n<p>Culminada la ma\u00f1ana. La comitiva se dirigi\u00f3 al Prado Espa\u00f1ol donde se sirvi\u00f3 el almuerzo popular de camarader\u00eda, hablando el diputado Santiago Saldungaray. La delegaci\u00f3n parti\u00f3 tambi\u00e9n junto al Gobernador Manuel Fresco a la localidad de Saldungaray donde se dej\u00f3 inaugurado el imponente portal del cementerio, obra del gran ingeniero Francisco Salamone poco nombrado en su \u00e9poca y la actual delegaci\u00f3n municipal.<\/p>\n<p>Le compartimos una reliquia hist\u00f3rica que en su oportunidad public\u00f3 nuestro colega Arnaldo Botto de Sierra de la Ventana.<\/p>\n<p>\u201cVideo de la inauguraci\u00f3n de las obras del Ingeniero &#8211; Arquitecto Francisco Salamone en Tornquist y Saldungaray. Una reliquia que me entreg\u00f3 en mano, en cinta de VHS, Estela Saldungaray, nieta de Cesar Saldungaray, por entonces, secretario de gobierno de la Municipalidad de Tornquist , con Pantale\u00f3n Echave Intendente&#8230;..Octubre de 1938\u201d.<\/p>\n<div class=\"jeg_video_container jeg_video_content\"><iframe loading=\"lazy\" title=\"Video inauguraci\u00f3n de las obras de Salamone en Tornquist y Saldungaray en 1938.\" width=\"500\" height=\"375\" src=\"https:\/\/www.youtube.com\/embed\/YAmzsK2yzw8?feature=oembed\" frameborder=\"0\" allow=\"accelerometer; autoplay; clipboard-write; encrypted-media; gyroscope; picture-in-picture; web-share\" referrerpolicy=\"strict-origin-when-cross-origin\" allowfullscreen><\/iframe><\/div>\n","protected":false},"excerpt":{"rendered":"<p>Fue hace 82 a\u00f1os, la torre municipal de Tornquist y el imponente portal del cementerio de Saldungaray recib\u00edan la visita del gobernador Manuel Fresco.<\/p>\n","protected":false},"author":3,"featured_media":0,"comment_status":"closed","ping_status":"open","sticky":false,"template":"","format":"standard","meta":{"footnotes":""},"categories":[25],"tags":[],"class_list":["post-48129","post","type-post","status-publish","format-standard","hentry","category-uncategorized"],"yoast_head":"<!-- This site is optimized with the Yoast SEO plugin v25.9 - https:\/\/yoast.com\/wordpress\/plugins\/seo\/ -->\n<title>El 15 de Octubre de 1938 se inauguraban las obras del ingeniero Francisco Salamone - Noticias Radio Reflejos<\/title>\n<meta name=\"robots\" content=\"index, follow, max-snippet:-1, max-image-preview:large, max-video-preview:-1\" \/>\n<link rel=\"canonical\" href=\"https:\/\/www.noticiasradioreflejos.com.ar\/2021\/el-15-de-octubre-de-1938-se-inauguraban-las-obras-del-ingeniero-francisco-salamone\/\" \/>\n<meta property=\"og:locale\" content=\"es_ES\" \/>\n<meta property=\"og:type\" content=\"article\" \/>\n<meta property=\"og:title\" content=\"El 15 de Octubre de 1938 se inauguraban las obras del ingeniero Francisco Salamone - Noticias Radio Reflejos\" \/>\n<meta property=\"og:description\" content=\"Fue hace 82 a\u00f1os, la torre municipal de Tornquist y el imponente portal del cementerio de Saldungaray recib\u00edan la visita del gobernador Manuel Fresco.\" \/>\n<meta property=\"og:url\" content=\"https:\/\/www.noticiasradioreflejos.com.ar\/2021\/el-15-de-octubre-de-1938-se-inauguraban-las-obras-del-ingeniero-francisco-salamone\/\" \/>\n<meta property=\"og:site_name\" content=\"Noticias Radio Reflejos\" \/>\n<meta property=\"article:published_time\" content=\"2020-10-15T11:58:22+00:00\" \/>\n<meta property=\"og:image\" content=\"http:\/\/live.staticflickr.com\/65535\/50488720027_6c4156b48a_z.jpg\" \/>\n<meta name=\"author\" content=\"Arnaldo Botto\" \/>\n<meta name=\"twitter:card\" content=\"summary_large_image\" \/>\n<script type=\"application\/ld+json\" class=\"yoast-schema-graph\">{\"@context\":\"https:\/\/schema.org\",\"@graph\":[{\"@type\":\"WebPage\",\"@id\":\"https:\/\/www.noticiasradioreflejos.com.ar\/2021\/el-15-de-octubre-de-1938-se-inauguraban-las-obras-del-ingeniero-francisco-salamone\/\",\"url\":\"https:\/\/www.noticiasradioreflejos.com.ar\/2021\/el-15-de-octubre-de-1938-se-inauguraban-las-obras-del-ingeniero-francisco-salamone\/\",\"name\":\"El 15 de Octubre de 1938 se inauguraban las obras del ingeniero Francisco Salamone - Noticias Radio Reflejos\",\"isPartOf\":{\"@id\":\"https:\/\/www.noticiasradioreflejos.com.ar\/2021\/#website\"},\"primaryImageOfPage\":{\"@id\":\"https:\/\/www.noticiasradioreflejos.com.ar\/2021\/el-15-de-octubre-de-1938-se-inauguraban-las-obras-del-ingeniero-francisco-salamone\/#primaryimage\"},\"image\":{\"@id\":\"https:\/\/www.noticiasradioreflejos.com.ar\/2021\/el-15-de-octubre-de-1938-se-inauguraban-las-obras-del-ingeniero-francisco-salamone\/#primaryimage\"},\"thumbnailUrl\":\"http:\/\/live.staticflickr.com\/65535\/50488720027_6c4156b48a_z.jpg\",\"datePublished\":\"2020-10-15T11:58:22+00:00\",\"author\":{\"@id\":\"https:\/\/www.noticiasradioreflejos.com.ar\/2021\/#\/schema\/person\/ad82545263dcc5ec0996818884fd5fb1\"},\"breadcrumb\":{\"@id\":\"https:\/\/www.noticiasradioreflejos.com.ar\/2021\/el-15-de-octubre-de-1938-se-inauguraban-las-obras-del-ingeniero-francisco-salamone\/#breadcrumb\"},\"inLanguage\":\"es\",\"potentialAction\":[{\"@type\":\"ReadAction\",\"target\":[\"https:\/\/www.noticiasradioreflejos.com.ar\/2021\/el-15-de-octubre-de-1938-se-inauguraban-las-obras-del-ingeniero-francisco-salamone\/\"]}]},{\"@type\":\"ImageObject\",\"inLanguage\":\"es\",\"@id\":\"https:\/\/www.noticiasradioreflejos.com.ar\/2021\/el-15-de-octubre-de-1938-se-inauguraban-las-obras-del-ingeniero-francisco-salamone\/#primaryimage\",\"url\":\"http:\/\/live.staticflickr.com\/65535\/50488720027_6c4156b48a_z.jpg\",\"contentUrl\":\"http:\/\/live.staticflickr.com\/65535\/50488720027_6c4156b48a_z.jpg\"},{\"@type\":\"BreadcrumbList\",\"@id\":\"https:\/\/www.noticiasradioreflejos.com.ar\/2021\/el-15-de-octubre-de-1938-se-inauguraban-las-obras-del-ingeniero-francisco-salamone\/#breadcrumb\",\"itemListElement\":[{\"@type\":\"ListItem\",\"position\":1,\"name\":\"Portada\",\"item\":\"https:\/\/www.noticiasradioreflejos.com.ar\/2021\/\"},{\"@type\":\"ListItem\",\"position\":2,\"name\":\"El 15 de Octubre de 1938 se inauguraban las obras del ingeniero Francisco Salamone\"}]},{\"@type\":\"WebSite\",\"@id\":\"https:\/\/www.noticiasradioreflejos.com.ar\/2021\/#website\",\"url\":\"https:\/\/www.noticiasradioreflejos.com.ar\/2021\/\",\"name\":\"Noticias Radio Reflejos\",\"description\":\"Las noticias de mi comarca\",\"potentialAction\":[{\"@type\":\"SearchAction\",\"target\":{\"@type\":\"EntryPoint\",\"urlTemplate\":\"https:\/\/www.noticiasradioreflejos.com.ar\/2021\/?s={search_term_string}\"},\"query-input\":{\"@type\":\"PropertyValueSpecification\",\"valueRequired\":true,\"valueName\":\"search_term_string\"}}],\"inLanguage\":\"es\"},{\"@type\":\"Person\",\"@id\":\"https:\/\/www.noticiasradioreflejos.com.ar\/2021\/#\/schema\/person\/ad82545263dcc5ec0996818884fd5fb1\",\"name\":\"Arnaldo Botto\",\"image\":{\"@type\":\"ImageObject\",\"inLanguage\":\"es\",\"@id\":\"https:\/\/www.noticiasradioreflejos.com.ar\/2021\/#\/schema\/person\/image\/\",\"url\":\"https:\/\/secure.gravatar.com\/avatar\/55cb5e37c1efa326397366e6974cb338056df65cb50e7d64d1cf314e87504837?s=96&d=mm&r=g\",\"contentUrl\":\"https:\/\/secure.gravatar.com\/avatar\/55cb5e37c1efa326397366e6974cb338056df65cb50e7d64d1cf314e87504837?s=96&d=mm&r=g\",\"caption\":\"Arnaldo Botto\"},\"url\":\"https:\/\/www.noticiasradioreflejos.com.ar\/2021\/author\/arnaldo\/\"}]}<\/script>\n<!-- \/ Yoast SEO plugin. -->","yoast_head_json":{"title":"El 15 de Octubre de 1938 se inauguraban las obras del ingeniero Francisco Salamone - Noticias Radio Reflejos","robots":{"index":"index","follow":"follow","max-snippet":"max-snippet:-1","max-image-preview":"max-image-preview:large","max-video-preview":"max-video-preview:-1"},"canonical":"https:\/\/www.noticiasradioreflejos.com.ar\/2021\/el-15-de-octubre-de-1938-se-inauguraban-las-obras-del-ingeniero-francisco-salamone\/","og_locale":"es_ES","og_type":"article","og_title":"El 15 de Octubre de 1938 se inauguraban las obras del ingeniero Francisco Salamone - Noticias Radio Reflejos","og_description":"Fue hace 82 a\u00f1os, la torre municipal de Tornquist y el imponente portal del cementerio de Saldungaray recib\u00edan la visita del gobernador Manuel Fresco.","og_url":"https:\/\/www.noticiasradioreflejos.com.ar\/2021\/el-15-de-octubre-de-1938-se-inauguraban-las-obras-del-ingeniero-francisco-salamone\/","og_site_name":"Noticias Radio Reflejos","article_published_time":"2020-10-15T11:58:22+00:00","og_image":[{"url":"http:\/\/live.staticflickr.com\/65535\/50488720027_6c4156b48a_z.jpg","type":"","width":"","height":""}],"author":"Arnaldo Botto","twitter_card":"summary_large_image","schema":{"@context":"https:\/\/schema.org","@graph":[{"@type":"WebPage","@id":"https:\/\/www.noticiasradioreflejos.com.ar\/2021\/el-15-de-octubre-de-1938-se-inauguraban-las-obras-del-ingeniero-francisco-salamone\/","url":"https:\/\/www.noticiasradioreflejos.com.ar\/2021\/el-15-de-octubre-de-1938-se-inauguraban-las-obras-del-ingeniero-francisco-salamone\/","name":"El 15 de Octubre de 1938 se inauguraban las obras del ingeniero Francisco Salamone - Noticias Radio Reflejos","isPartOf":{"@id":"https:\/\/www.noticiasradioreflejos.com.ar\/2021\/#website"},"primaryImageOfPage":{"@id":"https:\/\/www.noticiasradioreflejos.com.ar\/2021\/el-15-de-octubre-de-1938-se-inauguraban-las-obras-del-ingeniero-francisco-salamone\/#primaryimage"},"image":{"@id":"https:\/\/www.noticiasradioreflejos.com.ar\/2021\/el-15-de-octubre-de-1938-se-inauguraban-las-obras-del-ingeniero-francisco-salamone\/#primaryimage"},"thumbnailUrl":"http:\/\/live.staticflickr.com\/65535\/50488720027_6c4156b48a_z.jpg","datePublished":"2020-10-15T11:58:22+00:00","author":{"@id":"https:\/\/www.noticiasradioreflejos.com.ar\/2021\/#\/schema\/person\/ad82545263dcc5ec0996818884fd5fb1"},"breadcrumb":{"@id":"https:\/\/www.noticiasradioreflejos.com.ar\/2021\/el-15-de-octubre-de-1938-se-inauguraban-las-obras-del-ingeniero-francisco-salamone\/#breadcrumb"},"inLanguage":"es","potentialAction":[{"@type":"ReadAction","target":["https:\/\/www.noticiasradioreflejos.com.ar\/2021\/el-15-de-octubre-de-1938-se-inauguraban-las-obras-del-ingeniero-francisco-salamone\/"]}]},{"@type":"ImageObject","inLanguage":"es","@id":"https:\/\/www.noticiasradioreflejos.com.ar\/2021\/el-15-de-octubre-de-1938-se-inauguraban-las-obras-del-ingeniero-francisco-salamone\/#primaryimage","url":"http:\/\/live.staticflickr.com\/65535\/50488720027_6c4156b48a_z.jpg","contentUrl":"http:\/\/live.staticflickr.com\/65535\/50488720027_6c4156b48a_z.jpg"},{"@type":"BreadcrumbList","@id":"https:\/\/www.noticiasradioreflejos.com.ar\/2021\/el-15-de-octubre-de-1938-se-inauguraban-las-obras-del-ingeniero-francisco-salamone\/#breadcrumb","itemListElement":[{"@type":"ListItem","position":1,"name":"Portada","item":"https:\/\/www.noticiasradioreflejos.com.ar\/2021\/"},{"@type":"ListItem","position":2,"name":"El 15 de Octubre de 1938 se inauguraban las obras del ingeniero Francisco Salamone"}]},{"@type":"WebSite","@id":"https:\/\/www.noticiasradioreflejos.com.ar\/2021\/#website","url":"https:\/\/www.noticiasradioreflejos.com.ar\/2021\/","name":"Noticias Radio Reflejos","description":"Las noticias de mi comarca","potentialAction":[{"@type":"SearchAction","target":{"@type":"EntryPoint","urlTemplate":"https:\/\/www.noticiasradioreflejos.com.ar\/2021\/?s={search_term_string}"},"query-input":{"@type":"PropertyValueSpecification","valueRequired":true,"valueName":"search_term_string"}}],"inLanguage":"es"},{"@type":"Person","@id":"https:\/\/www.noticiasradioreflejos.com.ar\/2021\/#\/schema\/person\/ad82545263dcc5ec0996818884fd5fb1","name":"Arnaldo Botto","image":{"@type":"ImageObject","inLanguage":"es","@id":"https:\/\/www.noticiasradioreflejos.com.ar\/2021\/#\/schema\/person\/image\/","url":"https:\/\/secure.gravatar.com\/avatar\/55cb5e37c1efa326397366e6974cb338056df65cb50e7d64d1cf314e87504837?s=96&d=mm&r=g","contentUrl":"https:\/\/secure.gravatar.com\/avatar\/55cb5e37c1efa326397366e6974cb338056df65cb50e7d64d1cf314e87504837?s=96&d=mm&r=g","caption":"Arnaldo Botto"},"url":"https:\/\/www.noticiasradioreflejos.com.ar\/2021\/author\/arnaldo\/"}]}},"_links":{"self":[{"href":"https:\/\/www.noticiasradioreflejos.com.ar\/2021\/wp-json\/wp\/v2\/posts\/48129","targetHints":{"allow":["GET"]}}],"collection":[{"href":"https:\/\/www.noticiasradioreflejos.com.ar\/2021\/wp-json\/wp\/v2\/posts"}],"about":[{"href":"https:\/\/www.noticiasradioreflejos.com.ar\/2021\/wp-json\/wp\/v2\/types\/post"}],"author":[{"embeddable":true,"href":"https:\/\/www.noticiasradioreflejos.com.ar\/2021\/wp-json\/wp\/v2\/users\/3"}],"replies":[{"embeddable":true,"href":"https:\/\/www.noticiasradioreflejos.com.ar\/2021\/wp-json\/wp\/v2\/comments?post=48129"}],"version-history":[{"count":0,"href":"https:\/\/www.noticiasradioreflejos.com.ar\/2021\/wp-json\/wp\/v2\/posts\/48129\/revisions"}],"wp:attachment":[{"href":"https:\/\/www.noticiasradioreflejos.com.ar\/2021\/wp-json\/wp\/v2\/media?parent=48129"}],"wp:term":[{"taxonomy":"category","embeddable":true,"href":"https:\/\/www.noticiasradioreflejos.com.ar\/2021\/wp-json\/wp\/v2\/categories?post=48129"},{"taxonomy":"post_tag","embeddable":true,"href":"https:\/\/www.noticiasradioreflejos.com.ar\/2021\/wp-json\/wp\/v2\/tags?post=48129"}],"curies":[{"name":"wp","href":"https:\/\/api.w.org\/{rel}","templated":true}]}}