{"id":48126,"date":"2020-10-15T08:38:01","date_gmt":"2020-10-15T11:38:01","guid":{"rendered":"http:\/\/www.noticiasradioreflejos.com.ar\/noticias\/?p=48126"},"modified":"2020-10-15T08:38:01","modified_gmt":"2020-10-15T11:38:01","slug":"llovio-en-cordoba-despues-de-cinco-meses-y-se-extinguieron-todos-los-focos-de-incendios-serranos","status":"publish","type":"post","link":"https:\/\/www.noticiasradioreflejos.com.ar\/2021\/llovio-en-cordoba-despues-de-cinco-meses-y-se-extinguieron-todos-los-focos-de-incendios-serranos\/","title":{"rendered":"Llovi\u00f3 en C\u00f3rdoba despu\u00e9s de cinco meses y se extinguieron todos los focos de incendios serranos"},"content":{"rendered":"<p>Las lluvias regresaron anoche a C\u00f3rdoba luego de cinco meses y se extinguieron todos los focos de incendios forestales que se encontraban activos en las zonas serranas del valle de Punilla, se inform\u00f3 oficialmente esta ma\u00f1ana.<!--more--><br \/>\nEn la tarde de ayer hab\u00eda comenzado a gestarse una fuerte tormenta el\u00e9ctrica en la zona noroeste del valle de Punilla, con la ca\u00edda de cuatro rayos en el cord\u00f3n serrano de Capilla del Monte, lo que ocasion\u00f3 varios focos de incendios en la seca vegetaci\u00f3n, que se extendieron hacia los alrededores.<br \/>\n\u201cLa cantidad de lluvia que est\u00e1 cayendo desde anoche es suficiente para extinguir totalmente los focos activos y calientes\u201d, dijo hoy a los medios locales el director de Defensa Civil de la provincia, Diego Concha.<br \/>\nEl funcionario a\u00f1adi\u00f3 que hoy se realizar\u00e1n recorridos por las distintas regiones para constatar y asegurar que todos los incendios est\u00e9n contenidos y extinguidos.<br \/>\nDe a acuerdo a publicaciones de los pobladores por redes sociales, esta ma\u00f1ana se registraban precipitaciones en los valles de Punilla, Calamuchita, Paravachasca, en los l\u00edmites de Traslasierra, norte provincial y en localidades de varios departamentos.<br \/>\nDe acuerdo a los datos preliminares oficiales, alrededor de 300.000 hect\u00e1reas de pastizales y montes nativos fueron alcanzadas por los incendios que desde junio se registraban en la provincia de C\u00f3rdoba.<\/p>\n","protected":false},"excerpt":{"rendered":"<p>Las lluvias regresaron anoche a C\u00f3rdoba luego de cinco meses y se extinguieron todos los focos de incendios forestales que se encontraban activos en las zonas serranas del valle de Punilla, se inform\u00f3 oficialmente esta ma\u00f1ana.<\/p>\n","protected":false},"author":3,"featured_media":0,"comment_status":"closed","ping_status":"open","sticky":false,"template":"","format":"standard","meta":{"footnotes":""},"categories":[26],"tags":[],"class_list":["post-48126","post","type-post","status-publish","format-standard","hentry","category-sociedad"],"yoast_head":"<!-- This site is optimized with the Yoast SEO plugin v25.9 - https:\/\/yoast.com\/wordpress\/plugins\/seo\/ -->\n<title>Llovi\u00f3 en C\u00f3rdoba despu\u00e9s de cinco meses y se extinguieron todos los focos de incendios serranos - Noticias Radio Reflejos<\/title>\n<meta name=\"robots\" content=\"index, follow, max-snippet:-1, max-image-preview:large, max-video-preview:-1\" \/>\n<link rel=\"canonical\" href=\"https:\/\/www.noticiasradioreflejos.com.ar\/2021\/llovio-en-cordoba-despues-de-cinco-meses-y-se-extinguieron-todos-los-focos-de-incendios-serranos\/\" \/>\n<meta property=\"og:locale\" content=\"es_ES\" \/>\n<meta property=\"og:type\" content=\"article\" \/>\n<meta property=\"og:title\" content=\"Llovi\u00f3 en C\u00f3rdoba despu\u00e9s de cinco meses y se extinguieron todos los focos de incendios serranos - Noticias Radio Reflejos\" \/>\n<meta property=\"og:description\" content=\"Las lluvias regresaron anoche a C\u00f3rdoba luego de cinco meses y se extinguieron todos los focos de incendios forestales que se encontraban activos en las zonas serranas del valle de Punilla, se inform\u00f3 oficialmente esta ma\u00f1ana.\" \/>\n<meta property=\"og:url\" content=\"https:\/\/www.noticiasradioreflejos.com.ar\/2021\/llovio-en-cordoba-despues-de-cinco-meses-y-se-extinguieron-todos-los-focos-de-incendios-serranos\/\" \/>\n<meta property=\"og:site_name\" content=\"Noticias Radio Reflejos\" \/>\n<meta property=\"article:published_time\" content=\"2020-10-15T11:38:01+00:00\" \/>\n<meta property=\"og:image\" content=\"https:\/\/www.noticiasradioreflejos.com.ar\/2021\/wp-content\/uploads\/2021\/07\/logosol300x200.png\" \/>\n\t<meta property=\"og:image:width\" content=\"300\" \/>\n\t<meta property=\"og:image:height\" content=\"200\" \/>\n\t<meta property=\"og:image:type\" content=\"image\/png\" \/>\n<meta name=\"author\" content=\"Arnaldo Botto\" \/>\n<meta name=\"twitter:card\" content=\"summary_large_image\" \/>\n<script type=\"application\/ld+json\" class=\"yoast-schema-graph\">{\"@context\":\"https:\/\/schema.org\",\"@graph\":[{\"@type\":\"WebPage\",\"@id\":\"https:\/\/www.noticiasradioreflejos.com.ar\/2021\/llovio-en-cordoba-despues-de-cinco-meses-y-se-extinguieron-todos-los-focos-de-incendios-serranos\/\",\"url\":\"https:\/\/www.noticiasradioreflejos.com.ar\/2021\/llovio-en-cordoba-despues-de-cinco-meses-y-se-extinguieron-todos-los-focos-de-incendios-serranos\/\",\"name\":\"Llovi\u00f3 en C\u00f3rdoba despu\u00e9s de cinco meses y se extinguieron todos los focos de incendios serranos - Noticias Radio Reflejos\",\"isPartOf\":{\"@id\":\"https:\/\/www.noticiasradioreflejos.com.ar\/2021\/#website\"},\"datePublished\":\"2020-10-15T11:38:01+00:00\",\"author\":{\"@id\":\"https:\/\/www.noticiasradioreflejos.com.ar\/2021\/#\/schema\/person\/ad82545263dcc5ec0996818884fd5fb1\"},\"breadcrumb\":{\"@id\":\"https:\/\/www.noticiasradioreflejos.com.ar\/2021\/llovio-en-cordoba-despues-de-cinco-meses-y-se-extinguieron-todos-los-focos-de-incendios-serranos\/#breadcrumb\"},\"inLanguage\":\"es\",\"potentialAction\":[{\"@type\":\"ReadAction\",\"target\":[\"https:\/\/www.noticiasradioreflejos.com.ar\/2021\/llovio-en-cordoba-despues-de-cinco-meses-y-se-extinguieron-todos-los-focos-de-incendios-serranos\/\"]}]},{\"@type\":\"BreadcrumbList\",\"@id\":\"https:\/\/www.noticiasradioreflejos.com.ar\/2021\/llovio-en-cordoba-despues-de-cinco-meses-y-se-extinguieron-todos-los-focos-de-incendios-serranos\/#breadcrumb\",\"itemListElement\":[{\"@type\":\"ListItem\",\"position\":1,\"name\":\"Portada\",\"item\":\"https:\/\/www.noticiasradioreflejos.com.ar\/2021\/\"},{\"@type\":\"ListItem\",\"position\":2,\"name\":\"Llovi\u00f3 en C\u00f3rdoba despu\u00e9s de cinco meses y se extinguieron todos los focos de incendios serranos\"}]},{\"@type\":\"WebSite\",\"@id\":\"https:\/\/www.noticiasradioreflejos.com.ar\/2021\/#website\",\"url\":\"https:\/\/www.noticiasradioreflejos.com.ar\/2021\/\",\"name\":\"Noticias Radio Reflejos\",\"description\":\"Las noticias de mi comarca\",\"potentialAction\":[{\"@type\":\"SearchAction\",\"target\":{\"@type\":\"EntryPoint\",\"urlTemplate\":\"https:\/\/www.noticiasradioreflejos.com.ar\/2021\/?s={search_term_string}\"},\"query-input\":{\"@type\":\"PropertyValueSpecification\",\"valueRequired\":true,\"valueName\":\"search_term_string\"}}],\"inLanguage\":\"es\"},{\"@type\":\"Person\",\"@id\":\"https:\/\/www.noticiasradioreflejos.com.ar\/2021\/#\/schema\/person\/ad82545263dcc5ec0996818884fd5fb1\",\"name\":\"Arnaldo Botto\",\"image\":{\"@type\":\"ImageObject\",\"inLanguage\":\"es\",\"@id\":\"https:\/\/www.noticiasradioreflejos.com.ar\/2021\/#\/schema\/person\/image\/\",\"url\":\"https:\/\/secure.gravatar.com\/avatar\/55cb5e37c1efa326397366e6974cb338056df65cb50e7d64d1cf314e87504837?s=96&d=mm&r=g\",\"contentUrl\":\"https:\/\/secure.gravatar.com\/avatar\/55cb5e37c1efa326397366e6974cb338056df65cb50e7d64d1cf314e87504837?s=96&d=mm&r=g\",\"caption\":\"Arnaldo Botto\"},\"url\":\"https:\/\/www.noticiasradioreflejos.com.ar\/2021\/author\/arnaldo\/\"}]}<\/script>\n<!-- \/ Yoast SEO plugin. -->","yoast_head_json":{"title":"Llovi\u00f3 en C\u00f3rdoba despu\u00e9s de cinco meses y se extinguieron todos los focos de incendios serranos - Noticias Radio Reflejos","robots":{"index":"index","follow":"follow","max-snippet":"max-snippet:-1","max-image-preview":"max-image-preview:large","max-video-preview":"max-video-preview:-1"},"canonical":"https:\/\/www.noticiasradioreflejos.com.ar\/2021\/llovio-en-cordoba-despues-de-cinco-meses-y-se-extinguieron-todos-los-focos-de-incendios-serranos\/","og_locale":"es_ES","og_type":"article","og_title":"Llovi\u00f3 en C\u00f3rdoba despu\u00e9s de cinco meses y se extinguieron todos los focos de incendios serranos - Noticias Radio Reflejos","og_description":"Las lluvias regresaron anoche a C\u00f3rdoba luego de cinco meses y se extinguieron todos los focos de incendios forestales que se encontraban activos en las zonas serranas del valle de Punilla, se inform\u00f3 oficialmente esta ma\u00f1ana.","og_url":"https:\/\/www.noticiasradioreflejos.com.ar\/2021\/llovio-en-cordoba-despues-de-cinco-meses-y-se-extinguieron-todos-los-focos-de-incendios-serranos\/","og_site_name":"Noticias Radio Reflejos","article_published_time":"2020-10-15T11:38:01+00:00","og_image":[{"width":300,"height":200,"url":"https:\/\/www.noticiasradioreflejos.com.ar\/2021\/wp-content\/uploads\/2021\/07\/logosol300x200.png","type":"image\/png"}],"author":"Arnaldo Botto","twitter_card":"summary_large_image","schema":{"@context":"https:\/\/schema.org","@graph":[{"@type":"WebPage","@id":"https:\/\/www.noticiasradioreflejos.com.ar\/2021\/llovio-en-cordoba-despues-de-cinco-meses-y-se-extinguieron-todos-los-focos-de-incendios-serranos\/","url":"https:\/\/www.noticiasradioreflejos.com.ar\/2021\/llovio-en-cordoba-despues-de-cinco-meses-y-se-extinguieron-todos-los-focos-de-incendios-serranos\/","name":"Llovi\u00f3 en C\u00f3rdoba despu\u00e9s de cinco meses y se extinguieron todos los focos de incendios serranos - Noticias Radio Reflejos","isPartOf":{"@id":"https:\/\/www.noticiasradioreflejos.com.ar\/2021\/#website"},"datePublished":"2020-10-15T11:38:01+00:00","author":{"@id":"https:\/\/www.noticiasradioreflejos.com.ar\/2021\/#\/schema\/person\/ad82545263dcc5ec0996818884fd5fb1"},"breadcrumb":{"@id":"https:\/\/www.noticiasradioreflejos.com.ar\/2021\/llovio-en-cordoba-despues-de-cinco-meses-y-se-extinguieron-todos-los-focos-de-incendios-serranos\/#breadcrumb"},"inLanguage":"es","potentialAction":[{"@type":"ReadAction","target":["https:\/\/www.noticiasradioreflejos.com.ar\/2021\/llovio-en-cordoba-despues-de-cinco-meses-y-se-extinguieron-todos-los-focos-de-incendios-serranos\/"]}]},{"@type":"BreadcrumbList","@id":"https:\/\/www.noticiasradioreflejos.com.ar\/2021\/llovio-en-cordoba-despues-de-cinco-meses-y-se-extinguieron-todos-los-focos-de-incendios-serranos\/#breadcrumb","itemListElement":[{"@type":"ListItem","position":1,"name":"Portada","item":"https:\/\/www.noticiasradioreflejos.com.ar\/2021\/"},{"@type":"ListItem","position":2,"name":"Llovi\u00f3 en C\u00f3rdoba despu\u00e9s de cinco meses y se extinguieron todos los focos de incendios serranos"}]},{"@type":"WebSite","@id":"https:\/\/www.noticiasradioreflejos.com.ar\/2021\/#website","url":"https:\/\/www.noticiasradioreflejos.com.ar\/2021\/","name":"Noticias Radio Reflejos","description":"Las noticias de mi comarca","potentialAction":[{"@type":"SearchAction","target":{"@type":"EntryPoint","urlTemplate":"https:\/\/www.noticiasradioreflejos.com.ar\/2021\/?s={search_term_string}"},"query-input":{"@type":"PropertyValueSpecification","valueRequired":true,"valueName":"search_term_string"}}],"inLanguage":"es"},{"@type":"Person","@id":"https:\/\/www.noticiasradioreflejos.com.ar\/2021\/#\/schema\/person\/ad82545263dcc5ec0996818884fd5fb1","name":"Arnaldo Botto","image":{"@type":"ImageObject","inLanguage":"es","@id":"https:\/\/www.noticiasradioreflejos.com.ar\/2021\/#\/schema\/person\/image\/","url":"https:\/\/secure.gravatar.com\/avatar\/55cb5e37c1efa326397366e6974cb338056df65cb50e7d64d1cf314e87504837?s=96&d=mm&r=g","contentUrl":"https:\/\/secure.gravatar.com\/avatar\/55cb5e37c1efa326397366e6974cb338056df65cb50e7d64d1cf314e87504837?s=96&d=mm&r=g","caption":"Arnaldo Botto"},"url":"https:\/\/www.noticiasradioreflejos.com.ar\/2021\/author\/arnaldo\/"}]}},"_links":{"self":[{"href":"https:\/\/www.noticiasradioreflejos.com.ar\/2021\/wp-json\/wp\/v2\/posts\/48126","targetHints":{"allow":["GET"]}}],"collection":[{"href":"https:\/\/www.noticiasradioreflejos.com.ar\/2021\/wp-json\/wp\/v2\/posts"}],"about":[{"href":"https:\/\/www.noticiasradioreflejos.com.ar\/2021\/wp-json\/wp\/v2\/types\/post"}],"author":[{"embeddable":true,"href":"https:\/\/www.noticiasradioreflejos.com.ar\/2021\/wp-json\/wp\/v2\/users\/3"}],"replies":[{"embeddable":true,"href":"https:\/\/www.noticiasradioreflejos.com.ar\/2021\/wp-json\/wp\/v2\/comments?post=48126"}],"version-history":[{"count":0,"href":"https:\/\/www.noticiasradioreflejos.com.ar\/2021\/wp-json\/wp\/v2\/posts\/48126\/revisions"}],"wp:attachment":[{"href":"https:\/\/www.noticiasradioreflejos.com.ar\/2021\/wp-json\/wp\/v2\/media?parent=48126"}],"wp:term":[{"taxonomy":"category","embeddable":true,"href":"https:\/\/www.noticiasradioreflejos.com.ar\/2021\/wp-json\/wp\/v2\/categories?post=48126"},{"taxonomy":"post_tag","embeddable":true,"href":"https:\/\/www.noticiasradioreflejos.com.ar\/2021\/wp-json\/wp\/v2\/tags?post=48126"}],"curies":[{"name":"wp","href":"https:\/\/api.w.org\/{rel}","templated":true}]}}