{"id":48083,"date":"2020-10-14T08:16:45","date_gmt":"2020-10-14T11:16:45","guid":{"rendered":"http:\/\/www.noticiasradioreflejos.com.ar\/noticias\/?p=48083"},"modified":"2020-10-14T08:16:45","modified_gmt":"2020-10-14T11:16:45","slug":"extienden-por-un-ano-el-vencimiento-de-las-licencias-de-conducir","status":"publish","type":"post","link":"https:\/\/www.noticiasradioreflejos.com.ar\/2021\/extienden-por-un-ano-el-vencimiento-de-las-licencias-de-conducir\/","title":{"rendered":"Extienden  el vencimiento de las licencias de conducir"},"content":{"rendered":"<p>La Direcci\u00f3n Provincial de Pol\u00edtica y Seguridad Vial prorrog\u00f3 por el t\u00e9rmino de un a\u00f1o el vencimientos de aquellas licencias cuya fecha de caducidad est\u00e9 comprendida entre el 15 de febrero y el 31 de diciembre de 2020, inclusive.<!--more--><\/p>\n<p>A trav\u00e9s de una resoluci\u00f3n emitida este martes, el gobierno de la Provincia de Buenos Aires a trav\u00e9s de la Direcci\u00f3n Provincial de Pol\u00edtica y Seguridad Vial dispuso la pr\u00f3rroga por un a\u00f1o de los vencimientos de las Licencias Nacionales de Conducir.<\/p>\n<p>La medida es v\u00e1lida para aquellas cuyo vencimiento se engloba entre el 15 de febrero y el 31 de diciembre del presente a\u00f1o. Seg\u00fan se estableci\u00f3, el objetivo es evitar la concurrencia masiva de personas a tramitar la renovaci\u00f3n de sus licencias.<\/p>\n<p>En el texto de resoluci\u00f3n (34\/2020) se indica adem\u00e1s que las sedes que est\u00e1n funcionando de manera normal, deber\u00e1n priorizar los tr\u00e1mites de ciudadanos que se encuentren comprendidos en la realizaci\u00f3n de actividades esenciales y que por su caracter\u00edstica requieran regularizar su Licencias de Conducir expeditivamente.<\/p>\n<p><strong>Ver disposici\u00f3n\u00a0<a href=\"https:\/\/drive.google.com\/file\/d\/1t1CdYF6MCDN7TyDCLL_uGplTmgG33VHS\/view\" target=\"_blank\" rel=\"noopener\"><span style=\"color: #ff6600;\">AQUI<\/span><\/a><\/strong><\/p>\n","protected":false},"excerpt":{"rendered":"<p>La Direcci\u00f3n Provincial de Pol\u00edtica y Seguridad Vial prorrog\u00f3 por el t\u00e9rmino de un a\u00f1o el vencimientos de aquellas licencias cuya fecha de caducidad est\u00e9 comprendida entre el 15 de febrero y el 31 de diciembre de 2020, inclusive.<\/p>\n","protected":false},"author":3,"featured_media":37510,"comment_status":"closed","ping_status":"open","sticky":false,"template":"","format":"standard","meta":{"footnotes":""},"categories":[26],"tags":[],"class_list":["post-48083","post","type-post","status-publish","format-standard","has-post-thumbnail","hentry","category-sociedad"],"yoast_head":"<!-- This site is optimized with the Yoast SEO plugin v25.9 - https:\/\/yoast.com\/wordpress\/plugins\/seo\/ -->\n<title>Extienden el vencimiento de las licencias de conducir - Noticias Radio Reflejos<\/title>\n<meta name=\"robots\" content=\"index, follow, max-snippet:-1, max-image-preview:large, max-video-preview:-1\" \/>\n<link rel=\"canonical\" href=\"https:\/\/www.noticiasradioreflejos.com.ar\/2021\/extienden-por-un-ano-el-vencimiento-de-las-licencias-de-conducir\/\" \/>\n<meta property=\"og:locale\" content=\"es_ES\" \/>\n<meta property=\"og:type\" content=\"article\" \/>\n<meta property=\"og:title\" content=\"Extienden el vencimiento de las licencias de conducir - Noticias Radio Reflejos\" \/>\n<meta property=\"og:description\" content=\"La Direcci\u00f3n Provincial de Pol\u00edtica y Seguridad Vial prorrog\u00f3 por el t\u00e9rmino de un a\u00f1o el vencimientos de aquellas licencias cuya fecha de caducidad est\u00e9 comprendida entre el 15 de febrero y el 31 de diciembre de 2020, inclusive.\" \/>\n<meta property=\"og:url\" content=\"https:\/\/www.noticiasradioreflejos.com.ar\/2021\/extienden-por-un-ano-el-vencimiento-de-las-licencias-de-conducir\/\" \/>\n<meta property=\"og:site_name\" content=\"Noticias Radio Reflejos\" \/>\n<meta property=\"article:published_time\" content=\"2020-10-14T11:16:45+00:00\" \/>\n<meta property=\"og:image\" content=\"https:\/\/www.noticiasradioreflejos.com.ar\/2021\/wp-content\/uploads\/2021\/07\/logosol300x200.png\" \/>\n\t<meta property=\"og:image:width\" content=\"300\" \/>\n\t<meta property=\"og:image:height\" content=\"200\" \/>\n\t<meta property=\"og:image:type\" content=\"image\/png\" \/>\n<meta name=\"author\" content=\"Arnaldo Botto\" \/>\n<meta name=\"twitter:card\" content=\"summary_large_image\" \/>\n<script type=\"application\/ld+json\" class=\"yoast-schema-graph\">{\"@context\":\"https:\/\/schema.org\",\"@graph\":[{\"@type\":\"WebPage\",\"@id\":\"https:\/\/www.noticiasradioreflejos.com.ar\/2021\/extienden-por-un-ano-el-vencimiento-de-las-licencias-de-conducir\/\",\"url\":\"https:\/\/www.noticiasradioreflejos.com.ar\/2021\/extienden-por-un-ano-el-vencimiento-de-las-licencias-de-conducir\/\",\"name\":\"Extienden el vencimiento de las licencias de conducir - Noticias Radio Reflejos\",\"isPartOf\":{\"@id\":\"https:\/\/www.noticiasradioreflejos.com.ar\/2021\/#website\"},\"primaryImageOfPage\":{\"@id\":\"https:\/\/www.noticiasradioreflejos.com.ar\/2021\/extienden-por-un-ano-el-vencimiento-de-las-licencias-de-conducir\/#primaryimage\"},\"image\":{\"@id\":\"https:\/\/www.noticiasradioreflejos.com.ar\/2021\/extienden-por-un-ano-el-vencimiento-de-las-licencias-de-conducir\/#primaryimage\"},\"thumbnailUrl\":\"\",\"datePublished\":\"2020-10-14T11:16:45+00:00\",\"author\":{\"@id\":\"https:\/\/www.noticiasradioreflejos.com.ar\/2021\/#\/schema\/person\/ad82545263dcc5ec0996818884fd5fb1\"},\"breadcrumb\":{\"@id\":\"https:\/\/www.noticiasradioreflejos.com.ar\/2021\/extienden-por-un-ano-el-vencimiento-de-las-licencias-de-conducir\/#breadcrumb\"},\"inLanguage\":\"es\",\"potentialAction\":[{\"@type\":\"ReadAction\",\"target\":[\"https:\/\/www.noticiasradioreflejos.com.ar\/2021\/extienden-por-un-ano-el-vencimiento-de-las-licencias-de-conducir\/\"]}]},{\"@type\":\"ImageObject\",\"inLanguage\":\"es\",\"@id\":\"https:\/\/www.noticiasradioreflejos.com.ar\/2021\/extienden-por-un-ano-el-vencimiento-de-las-licencias-de-conducir\/#primaryimage\",\"url\":\"\",\"contentUrl\":\"\"},{\"@type\":\"BreadcrumbList\",\"@id\":\"https:\/\/www.noticiasradioreflejos.com.ar\/2021\/extienden-por-un-ano-el-vencimiento-de-las-licencias-de-conducir\/#breadcrumb\",\"itemListElement\":[{\"@type\":\"ListItem\",\"position\":1,\"name\":\"Portada\",\"item\":\"https:\/\/www.noticiasradioreflejos.com.ar\/2021\/\"},{\"@type\":\"ListItem\",\"position\":2,\"name\":\"Extienden el vencimiento de las licencias de conducir\"}]},{\"@type\":\"WebSite\",\"@id\":\"https:\/\/www.noticiasradioreflejos.com.ar\/2021\/#website\",\"url\":\"https:\/\/www.noticiasradioreflejos.com.ar\/2021\/\",\"name\":\"Noticias Radio Reflejos\",\"description\":\"Las noticias de mi comarca\",\"potentialAction\":[{\"@type\":\"SearchAction\",\"target\":{\"@type\":\"EntryPoint\",\"urlTemplate\":\"https:\/\/www.noticiasradioreflejos.com.ar\/2021\/?s={search_term_string}\"},\"query-input\":{\"@type\":\"PropertyValueSpecification\",\"valueRequired\":true,\"valueName\":\"search_term_string\"}}],\"inLanguage\":\"es\"},{\"@type\":\"Person\",\"@id\":\"https:\/\/www.noticiasradioreflejos.com.ar\/2021\/#\/schema\/person\/ad82545263dcc5ec0996818884fd5fb1\",\"name\":\"Arnaldo Botto\",\"image\":{\"@type\":\"ImageObject\",\"inLanguage\":\"es\",\"@id\":\"https:\/\/www.noticiasradioreflejos.com.ar\/2021\/#\/schema\/person\/image\/\",\"url\":\"https:\/\/secure.gravatar.com\/avatar\/55cb5e37c1efa326397366e6974cb338056df65cb50e7d64d1cf314e87504837?s=96&d=mm&r=g\",\"contentUrl\":\"https:\/\/secure.gravatar.com\/avatar\/55cb5e37c1efa326397366e6974cb338056df65cb50e7d64d1cf314e87504837?s=96&d=mm&r=g\",\"caption\":\"Arnaldo Botto\"},\"url\":\"https:\/\/www.noticiasradioreflejos.com.ar\/2021\/author\/arnaldo\/\"}]}<\/script>\n<!-- \/ Yoast SEO plugin. -->","yoast_head_json":{"title":"Extienden el vencimiento de las licencias de conducir - Noticias Radio Reflejos","robots":{"index":"index","follow":"follow","max-snippet":"max-snippet:-1","max-image-preview":"max-image-preview:large","max-video-preview":"max-video-preview:-1"},"canonical":"https:\/\/www.noticiasradioreflejos.com.ar\/2021\/extienden-por-un-ano-el-vencimiento-de-las-licencias-de-conducir\/","og_locale":"es_ES","og_type":"article","og_title":"Extienden el vencimiento de las licencias de conducir - Noticias Radio Reflejos","og_description":"La Direcci\u00f3n Provincial de Pol\u00edtica y Seguridad Vial prorrog\u00f3 por el t\u00e9rmino de un a\u00f1o el vencimientos de aquellas licencias cuya fecha de caducidad est\u00e9 comprendida entre el 15 de febrero y el 31 de diciembre de 2020, inclusive.","og_url":"https:\/\/www.noticiasradioreflejos.com.ar\/2021\/extienden-por-un-ano-el-vencimiento-de-las-licencias-de-conducir\/","og_site_name":"Noticias Radio Reflejos","article_published_time":"2020-10-14T11:16:45+00:00","og_image":[{"width":300,"height":200,"url":"https:\/\/www.noticiasradioreflejos.com.ar\/2021\/wp-content\/uploads\/2021\/07\/logosol300x200.png","type":"image\/png"}],"author":"Arnaldo Botto","twitter_card":"summary_large_image","schema":{"@context":"https:\/\/schema.org","@graph":[{"@type":"WebPage","@id":"https:\/\/www.noticiasradioreflejos.com.ar\/2021\/extienden-por-un-ano-el-vencimiento-de-las-licencias-de-conducir\/","url":"https:\/\/www.noticiasradioreflejos.com.ar\/2021\/extienden-por-un-ano-el-vencimiento-de-las-licencias-de-conducir\/","name":"Extienden el vencimiento de las licencias de conducir - Noticias Radio Reflejos","isPartOf":{"@id":"https:\/\/www.noticiasradioreflejos.com.ar\/2021\/#website"},"primaryImageOfPage":{"@id":"https:\/\/www.noticiasradioreflejos.com.ar\/2021\/extienden-por-un-ano-el-vencimiento-de-las-licencias-de-conducir\/#primaryimage"},"image":{"@id":"https:\/\/www.noticiasradioreflejos.com.ar\/2021\/extienden-por-un-ano-el-vencimiento-de-las-licencias-de-conducir\/#primaryimage"},"thumbnailUrl":"","datePublished":"2020-10-14T11:16:45+00:00","author":{"@id":"https:\/\/www.noticiasradioreflejos.com.ar\/2021\/#\/schema\/person\/ad82545263dcc5ec0996818884fd5fb1"},"breadcrumb":{"@id":"https:\/\/www.noticiasradioreflejos.com.ar\/2021\/extienden-por-un-ano-el-vencimiento-de-las-licencias-de-conducir\/#breadcrumb"},"inLanguage":"es","potentialAction":[{"@type":"ReadAction","target":["https:\/\/www.noticiasradioreflejos.com.ar\/2021\/extienden-por-un-ano-el-vencimiento-de-las-licencias-de-conducir\/"]}]},{"@type":"ImageObject","inLanguage":"es","@id":"https:\/\/www.noticiasradioreflejos.com.ar\/2021\/extienden-por-un-ano-el-vencimiento-de-las-licencias-de-conducir\/#primaryimage","url":"","contentUrl":""},{"@type":"BreadcrumbList","@id":"https:\/\/www.noticiasradioreflejos.com.ar\/2021\/extienden-por-un-ano-el-vencimiento-de-las-licencias-de-conducir\/#breadcrumb","itemListElement":[{"@type":"ListItem","position":1,"name":"Portada","item":"https:\/\/www.noticiasradioreflejos.com.ar\/2021\/"},{"@type":"ListItem","position":2,"name":"Extienden el vencimiento de las licencias de conducir"}]},{"@type":"WebSite","@id":"https:\/\/www.noticiasradioreflejos.com.ar\/2021\/#website","url":"https:\/\/www.noticiasradioreflejos.com.ar\/2021\/","name":"Noticias Radio Reflejos","description":"Las noticias de mi comarca","potentialAction":[{"@type":"SearchAction","target":{"@type":"EntryPoint","urlTemplate":"https:\/\/www.noticiasradioreflejos.com.ar\/2021\/?s={search_term_string}"},"query-input":{"@type":"PropertyValueSpecification","valueRequired":true,"valueName":"search_term_string"}}],"inLanguage":"es"},{"@type":"Person","@id":"https:\/\/www.noticiasradioreflejos.com.ar\/2021\/#\/schema\/person\/ad82545263dcc5ec0996818884fd5fb1","name":"Arnaldo Botto","image":{"@type":"ImageObject","inLanguage":"es","@id":"https:\/\/www.noticiasradioreflejos.com.ar\/2021\/#\/schema\/person\/image\/","url":"https:\/\/secure.gravatar.com\/avatar\/55cb5e37c1efa326397366e6974cb338056df65cb50e7d64d1cf314e87504837?s=96&d=mm&r=g","contentUrl":"https:\/\/secure.gravatar.com\/avatar\/55cb5e37c1efa326397366e6974cb338056df65cb50e7d64d1cf314e87504837?s=96&d=mm&r=g","caption":"Arnaldo Botto"},"url":"https:\/\/www.noticiasradioreflejos.com.ar\/2021\/author\/arnaldo\/"}]}},"_links":{"self":[{"href":"https:\/\/www.noticiasradioreflejos.com.ar\/2021\/wp-json\/wp\/v2\/posts\/48083","targetHints":{"allow":["GET"]}}],"collection":[{"href":"https:\/\/www.noticiasradioreflejos.com.ar\/2021\/wp-json\/wp\/v2\/posts"}],"about":[{"href":"https:\/\/www.noticiasradioreflejos.com.ar\/2021\/wp-json\/wp\/v2\/types\/post"}],"author":[{"embeddable":true,"href":"https:\/\/www.noticiasradioreflejos.com.ar\/2021\/wp-json\/wp\/v2\/users\/3"}],"replies":[{"embeddable":true,"href":"https:\/\/www.noticiasradioreflejos.com.ar\/2021\/wp-json\/wp\/v2\/comments?post=48083"}],"version-history":[{"count":0,"href":"https:\/\/www.noticiasradioreflejos.com.ar\/2021\/wp-json\/wp\/v2\/posts\/48083\/revisions"}],"wp:featuredmedia":[{"embeddable":true,"href":"https:\/\/www.noticiasradioreflejos.com.ar\/2021\/wp-json\/"}],"wp:attachment":[{"href":"https:\/\/www.noticiasradioreflejos.com.ar\/2021\/wp-json\/wp\/v2\/media?parent=48083"}],"wp:term":[{"taxonomy":"category","embeddable":true,"href":"https:\/\/www.noticiasradioreflejos.com.ar\/2021\/wp-json\/wp\/v2\/categories?post=48083"},{"taxonomy":"post_tag","embeddable":true,"href":"https:\/\/www.noticiasradioreflejos.com.ar\/2021\/wp-json\/wp\/v2\/tags?post=48083"}],"curies":[{"name":"wp","href":"https:\/\/api.w.org\/{rel}","templated":true}]}}