{"id":48073,"date":"2020-10-13T20:02:01","date_gmt":"2020-10-13T23:02:01","guid":{"rendered":"http:\/\/www.noticiasradioreflejos.com.ar\/noticias\/?p=48073"},"modified":"2020-10-13T20:02:01","modified_gmt":"2020-10-13T23:02:01","slug":"reptiles-de-la-comarca-ellos-estan-aca-hace-muchisimo-tiempo-antes-que-las-personas-debemos-ponernos-en-un-rol-de-valoracion-y-respeto-samanta-cairo","status":"publish","type":"post","link":"https:\/\/www.noticiasradioreflejos.com.ar\/2021\/reptiles-de-la-comarca-ellos-estan-aca-hace-muchisimo-tiempo-antes-que-las-personas-debemos-ponernos-en-un-rol-de-valoracion-y-respeto-samanta-cairo\/","title":{"rendered":"Reptiles de la comarca: \u00abEllos est\u00e1n ac\u00e1 hace much\u00edsimo tiempo, antes que las personas. Debemos ponernos en un rol de valoraci\u00f3n y respeto\u00bb &#8211; Samanta Cairo."},"content":{"rendered":"<p><a href=\"http:\/\/www.noticiasradioreflejos.com.ar\/noticias\/wp-content\/uploads\/2020\/10\/WhatsApp-Image-2020-10-06-at-11.12.07.jpeg\"><img loading=\"lazy\" decoding=\"async\" class=\"alignleft size-medium wp-image-47728\" src=\"http:\/\/www.noticiasradioreflejos.com.ar\/noticias\/wp-content\/uploads\/2020\/10\/WhatsApp-Image-2020-10-06-at-11.12.07-255x300.jpeg\" alt=\"WhatsApp Image 2020-10-06 at 11.12.07\" width=\"255\" height=\"300\" \/><\/a>Le otorgamos el espacio de nuestra radio a la Dra. En Biolog\u00eda Samanta Cairo, quien, en esta nota, nos explica algunas cuestiones que nos ayudar\u00e1n a relacionarnos con la vida silvestre, especialmente con los reptiles aut\u00f3ctonos de nuestra zona.<!--more--><\/p>\n<p>\u00abTanto los anfibios como los reptiles forman parte de nuestra fauna silvestre, son parte de nuestro patrimonio natural\u00bb comenz\u00f3 resaltando la Dra. sobre el tema en cuesti\u00f3n, ya que muchas personas suelen temerle a estos animales y otras, a veces, los toman como mascotas.<\/p>\n<p><a title=\"IMG_20201013_195049\" href=\"http:\/\/live.staticflickr.com\/65535\/50473250933_7d25ca99d9_s.jpg\" rel=\"\"><img loading=\"lazy\" decoding=\"async\" class=\"aligncenter\" title=\"IMG_20201013_195049\" src=\"http:\/\/live.staticflickr.com\/65535\/50473250933_7d25ca99d9_c.jpg\" alt=\"IMG_20201013_195049\" width=\"800\" height=\"590\" \/><\/a><\/p>\n<p>\u00abM\u00e1s all\u00e1 de que tienen una utilidad en el ecosistema, ellos est\u00e1n ac\u00e1 hace much\u00edsimo tiempo, antes que las personas. Debemos ponernos en un rol de valoraci\u00f3n y respeto\u00bb transmiti\u00f3 para destacar que si estos individuos, por diversas razones, son sacados del ambiente, el ecosistema pierde elementos fundamentales para funcionar en equilibrio.<\/p>\n<p>\u00abLa yarar\u00e1 es el \u00fanico animal que, si lo pisamos, puede llevarnos al hospital. Pero ning\u00fan otro reptil de nuestra zona tiene alguna peligrosidad\u00bb explic\u00f3 para los m\u00e1s temerosos.<\/p>\n<p><a title=\"IMG_20201013_195024\" href=\"http:\/\/live.staticflickr.com\/65535\/50473957176_38c52e28d0_s.jpg\" rel=\"\"><img loading=\"lazy\" decoding=\"async\" class=\"aligncenter\" title=\"IMG_20201013_195024\" src=\"http:\/\/live.staticflickr.com\/65535\/50473957176_38c52e28d0_c.jpg\" alt=\"IMG_20201013_195024\" width=\"800\" height=\"612\" \/><\/a><\/p>\n<p>La Dra. explic\u00f3 que todos estos animales que se arrastran y no tienen patas pertenecen al grupo de las serpientes, que son reptiles. \u00abDentro del grupo de las serpientes hay una familia que se llaman v\u00edboras, que son las que pueden ser venenosas. Est\u00e1 mal llamar v\u00edbora a todo\u00bb aclar\u00f3. Tambi\u00e9n explic\u00f3 que, algunas especies que no son aut\u00f3ctonas pueden convertirse en invasoras, poniendo en riesgo la fauna silvestre nativa. Tal es el caso de la serpiente de cascabel, que se ha avistado en algunas ocasiones en nuestra zona.<\/p>\n<p>\u00abHay una gu\u00eda virtual \u00abSerpientes bonaerenses de Giambelluca\u00bb, que se descarga gratuitamente, es un PDF y podes ver todas las especies de serpientes de nuestra regi\u00f3n. Se empieza por casa el conocer y valorar la fauna\u00bb sostuvo.<\/p>\n<p><a title=\"IMG_20201013_195146\" href=\"http:\/\/live.staticflickr.com\/65535\/50473250913_6d9590b608_s.jpg\" rel=\"\"><img loading=\"lazy\" decoding=\"async\" class=\"aligncenter\" title=\"IMG_20201013_195146\" src=\"http:\/\/live.staticflickr.com\/65535\/50473250913_6d9590b608_c.jpg\" alt=\"IMG_20201013_195146\" width=\"800\" height=\"670\" \/><\/a><\/p>\n<p>Samanta aclara que, adem\u00e1s de no tomar los individuos como mascotas o matarlos porque les tenemos miedo, tampoco deber\u00edamos alimentar a los reptiles que se aparecen en algunos patios o terrenos. \u00abEllos ya saben buscar comida. Al alimentarlos con otra cosa, atentamos contra su salud. Son animales oportunistas, habr\u00eda que tratar de tener los patios cerrados y si nos encontramos con alg\u00fan lagarto, simplemente ser cuidadosos, porque ellos intentan agredir, esa es la actitud que toman cuando se sienten amenazados\u00bb aclar\u00f3.<\/p>\n<p>Finalmente, transmiti\u00f3: \u00ablos invito a descargarse la gu\u00eda de Giabelluca y a comunicarse si tienen dudas\u00bb.<\/p>\n<p>Nota completa a continuaci\u00f3n:<br \/>\n<iframe loading=\"lazy\" src=\"https:\/\/w.soundcloud.com\/player\/?url=https%3A\/\/api.soundcloud.com\/tracks\/909889786&amp;color=%23ff5500&amp;auto_play=false&amp;hide_related=false&amp;show_comments=true&amp;show_user=true&amp;show_reposts=false&amp;show_teaser=true\" width=\"100%\" height=\"166\" frameborder=\"no\" scrolling=\"no\"><\/iframe><\/p>\n<div style=\"font-size: 10px; color: #cccccc; line-break: anywhere; word-break: normal; overflow: hidden; white-space: nowrap; text-overflow: ellipsis; font-family: Interstate,Lucida Grande,Lucida Sans Unicode,Lucida Sans,Garuda,Verdana,Tahoma,sans-serif; font-weight: 100;\"><a style=\"color: #cccccc; text-decoration: none;\" title=\"fmreflejos 103.7\" href=\"https:\/\/soundcloud.com\/fmreflejos-103-7\" target=\"_blank\" rel=\"noopener\">fmreflejos 103.7<\/a> \u00b7 <a style=\"color: #cccccc; text-decoration: none;\" title=\"Samanta Cairo\" href=\"https:\/\/soundcloud.com\/fmreflejos-103-7\/samanta-cairo-1\" target=\"_blank\" rel=\"noopener\">Samanta Cairo<\/a><\/div>\n<p><a title=\"IMG_20201013_194854\" href=\"http:\/\/live.staticflickr.com\/65535\/50473253093_f68f29cce6_s.jpg\" rel=\"\"><img loading=\"lazy\" decoding=\"async\" class=\"aligncenter\" title=\"IMG_20201013_194854\" src=\"http:\/\/live.staticflickr.com\/65535\/50473253093_f68f29cce6_b.jpg\" alt=\"IMG_20201013_194854\" width=\"981\" height=\"864\" \/><\/a><\/p>\n","protected":false},"excerpt":{"rendered":"<p>Le otorgamos el espacio de nuestra radio a la Dra. En Biolog\u00eda Samanta Cairo, quien, en esta nota, nos explica algunas cuestiones que nos ayudar\u00e1n a relacionarnos con la vida silvestre, especialmente con los reptiles aut\u00f3ctonos de nuestra zona.<\/p>\n","protected":false},"author":3,"featured_media":0,"comment_status":"closed","ping_status":"open","sticky":false,"template":"","format":"standard","meta":{"footnotes":""},"categories":[34,26],"tags":[],"class_list":["post-48073","post","type-post","status-publish","format-standard","hentry","category-educacion","category-sociedad"],"yoast_head":"<!-- This site is optimized with the Yoast SEO plugin v25.9 - https:\/\/yoast.com\/wordpress\/plugins\/seo\/ -->\n<title>Reptiles de la comarca: &quot;Ellos est\u00e1n ac\u00e1 hace much\u00edsimo tiempo, antes que las personas. Debemos ponernos en un rol de valoraci\u00f3n y respeto&quot; - Samanta Cairo. - Noticias Radio Reflejos<\/title>\n<meta name=\"robots\" content=\"index, follow, max-snippet:-1, max-image-preview:large, max-video-preview:-1\" \/>\n<link rel=\"canonical\" href=\"https:\/\/www.noticiasradioreflejos.com.ar\/2021\/reptiles-de-la-comarca-ellos-estan-aca-hace-muchisimo-tiempo-antes-que-las-personas-debemos-ponernos-en-un-rol-de-valoracion-y-respeto-samanta-cairo\/\" \/>\n<meta property=\"og:locale\" content=\"es_ES\" \/>\n<meta property=\"og:type\" content=\"article\" \/>\n<meta property=\"og:title\" content=\"Reptiles de la comarca: &quot;Ellos est\u00e1n ac\u00e1 hace much\u00edsimo tiempo, antes que las personas. Debemos ponernos en un rol de valoraci\u00f3n y respeto&quot; - Samanta Cairo. - Noticias Radio Reflejos\" \/>\n<meta property=\"og:description\" content=\"Le otorgamos el espacio de nuestra radio a la Dra. En Biolog\u00eda Samanta Cairo, quien, en esta nota, nos explica algunas cuestiones que nos ayudar\u00e1n a relacionarnos con la vida silvestre, especialmente con los reptiles aut\u00f3ctonos de nuestra zona.\" \/>\n<meta property=\"og:url\" content=\"https:\/\/www.noticiasradioreflejos.com.ar\/2021\/reptiles-de-la-comarca-ellos-estan-aca-hace-muchisimo-tiempo-antes-que-las-personas-debemos-ponernos-en-un-rol-de-valoracion-y-respeto-samanta-cairo\/\" \/>\n<meta property=\"og:site_name\" content=\"Noticias Radio Reflejos\" \/>\n<meta property=\"article:published_time\" content=\"2020-10-13T23:02:01+00:00\" \/>\n<meta property=\"og:image\" content=\"https:\/\/www.noticiasradioreflejos.com.ar\/2021\/wp-content\/uploads\/2021\/07\/logosol300x200.png\" \/>\n\t<meta property=\"og:image:width\" content=\"300\" \/>\n\t<meta property=\"og:image:height\" content=\"200\" \/>\n\t<meta property=\"og:image:type\" content=\"image\/png\" \/>\n<meta name=\"author\" content=\"Arnaldo Botto\" \/>\n<meta name=\"twitter:card\" content=\"summary_large_image\" \/>\n<script type=\"application\/ld+json\" class=\"yoast-schema-graph\">{\"@context\":\"https:\/\/schema.org\",\"@graph\":[{\"@type\":\"WebPage\",\"@id\":\"https:\/\/www.noticiasradioreflejos.com.ar\/2021\/reptiles-de-la-comarca-ellos-estan-aca-hace-muchisimo-tiempo-antes-que-las-personas-debemos-ponernos-en-un-rol-de-valoracion-y-respeto-samanta-cairo\/\",\"url\":\"https:\/\/www.noticiasradioreflejos.com.ar\/2021\/reptiles-de-la-comarca-ellos-estan-aca-hace-muchisimo-tiempo-antes-que-las-personas-debemos-ponernos-en-un-rol-de-valoracion-y-respeto-samanta-cairo\/\",\"name\":\"Reptiles de la comarca: \\\"Ellos est\u00e1n ac\u00e1 hace much\u00edsimo tiempo, antes que las personas. Debemos ponernos en un rol de valoraci\u00f3n y respeto\\\" - Samanta Cairo. - Noticias Radio Reflejos\",\"isPartOf\":{\"@id\":\"https:\/\/www.noticiasradioreflejos.com.ar\/2021\/#website\"},\"primaryImageOfPage\":{\"@id\":\"https:\/\/www.noticiasradioreflejos.com.ar\/2021\/reptiles-de-la-comarca-ellos-estan-aca-hace-muchisimo-tiempo-antes-que-las-personas-debemos-ponernos-en-un-rol-de-valoracion-y-respeto-samanta-cairo\/#primaryimage\"},\"image\":{\"@id\":\"https:\/\/www.noticiasradioreflejos.com.ar\/2021\/reptiles-de-la-comarca-ellos-estan-aca-hace-muchisimo-tiempo-antes-que-las-personas-debemos-ponernos-en-un-rol-de-valoracion-y-respeto-samanta-cairo\/#primaryimage\"},\"thumbnailUrl\":\"http:\/\/www.noticiasradioreflejos.com.ar\/noticias\/wp-content\/uploads\/2020\/10\/WhatsApp-Image-2020-10-06-at-11.12.07-255x300.jpeg\",\"datePublished\":\"2020-10-13T23:02:01+00:00\",\"author\":{\"@id\":\"https:\/\/www.noticiasradioreflejos.com.ar\/2021\/#\/schema\/person\/ad82545263dcc5ec0996818884fd5fb1\"},\"breadcrumb\":{\"@id\":\"https:\/\/www.noticiasradioreflejos.com.ar\/2021\/reptiles-de-la-comarca-ellos-estan-aca-hace-muchisimo-tiempo-antes-que-las-personas-debemos-ponernos-en-un-rol-de-valoracion-y-respeto-samanta-cairo\/#breadcrumb\"},\"inLanguage\":\"es\",\"potentialAction\":[{\"@type\":\"ReadAction\",\"target\":[\"https:\/\/www.noticiasradioreflejos.com.ar\/2021\/reptiles-de-la-comarca-ellos-estan-aca-hace-muchisimo-tiempo-antes-que-las-personas-debemos-ponernos-en-un-rol-de-valoracion-y-respeto-samanta-cairo\/\"]}]},{\"@type\":\"ImageObject\",\"inLanguage\":\"es\",\"@id\":\"https:\/\/www.noticiasradioreflejos.com.ar\/2021\/reptiles-de-la-comarca-ellos-estan-aca-hace-muchisimo-tiempo-antes-que-las-personas-debemos-ponernos-en-un-rol-de-valoracion-y-respeto-samanta-cairo\/#primaryimage\",\"url\":\"http:\/\/www.noticiasradioreflejos.com.ar\/noticias\/wp-content\/uploads\/2020\/10\/WhatsApp-Image-2020-10-06-at-11.12.07-255x300.jpeg\",\"contentUrl\":\"http:\/\/www.noticiasradioreflejos.com.ar\/noticias\/wp-content\/uploads\/2020\/10\/WhatsApp-Image-2020-10-06-at-11.12.07-255x300.jpeg\"},{\"@type\":\"BreadcrumbList\",\"@id\":\"https:\/\/www.noticiasradioreflejos.com.ar\/2021\/reptiles-de-la-comarca-ellos-estan-aca-hace-muchisimo-tiempo-antes-que-las-personas-debemos-ponernos-en-un-rol-de-valoracion-y-respeto-samanta-cairo\/#breadcrumb\",\"itemListElement\":[{\"@type\":\"ListItem\",\"position\":1,\"name\":\"Portada\",\"item\":\"https:\/\/www.noticiasradioreflejos.com.ar\/2021\/\"},{\"@type\":\"ListItem\",\"position\":2,\"name\":\"Reptiles de la comarca: \u00abEllos est\u00e1n ac\u00e1 hace much\u00edsimo tiempo, antes que las personas. Debemos ponernos en un rol de valoraci\u00f3n y respeto\u00bb &#8211; Samanta Cairo.\"}]},{\"@type\":\"WebSite\",\"@id\":\"https:\/\/www.noticiasradioreflejos.com.ar\/2021\/#website\",\"url\":\"https:\/\/www.noticiasradioreflejos.com.ar\/2021\/\",\"name\":\"Noticias Radio Reflejos\",\"description\":\"Las noticias de mi comarca\",\"potentialAction\":[{\"@type\":\"SearchAction\",\"target\":{\"@type\":\"EntryPoint\",\"urlTemplate\":\"https:\/\/www.noticiasradioreflejos.com.ar\/2021\/?s={search_term_string}\"},\"query-input\":{\"@type\":\"PropertyValueSpecification\",\"valueRequired\":true,\"valueName\":\"search_term_string\"}}],\"inLanguage\":\"es\"},{\"@type\":\"Person\",\"@id\":\"https:\/\/www.noticiasradioreflejos.com.ar\/2021\/#\/schema\/person\/ad82545263dcc5ec0996818884fd5fb1\",\"name\":\"Arnaldo Botto\",\"image\":{\"@type\":\"ImageObject\",\"inLanguage\":\"es\",\"@id\":\"https:\/\/www.noticiasradioreflejos.com.ar\/2021\/#\/schema\/person\/image\/\",\"url\":\"https:\/\/secure.gravatar.com\/avatar\/55cb5e37c1efa326397366e6974cb338056df65cb50e7d64d1cf314e87504837?s=96&d=mm&r=g\",\"contentUrl\":\"https:\/\/secure.gravatar.com\/avatar\/55cb5e37c1efa326397366e6974cb338056df65cb50e7d64d1cf314e87504837?s=96&d=mm&r=g\",\"caption\":\"Arnaldo Botto\"},\"url\":\"https:\/\/www.noticiasradioreflejos.com.ar\/2021\/author\/arnaldo\/\"}]}<\/script>\n<!-- \/ Yoast SEO plugin. -->","yoast_head_json":{"title":"Reptiles de la comarca: \"Ellos est\u00e1n ac\u00e1 hace much\u00edsimo tiempo, antes que las personas. Debemos ponernos en un rol de valoraci\u00f3n y respeto\" - Samanta Cairo. - Noticias Radio Reflejos","robots":{"index":"index","follow":"follow","max-snippet":"max-snippet:-1","max-image-preview":"max-image-preview:large","max-video-preview":"max-video-preview:-1"},"canonical":"https:\/\/www.noticiasradioreflejos.com.ar\/2021\/reptiles-de-la-comarca-ellos-estan-aca-hace-muchisimo-tiempo-antes-que-las-personas-debemos-ponernos-en-un-rol-de-valoracion-y-respeto-samanta-cairo\/","og_locale":"es_ES","og_type":"article","og_title":"Reptiles de la comarca: \"Ellos est\u00e1n ac\u00e1 hace much\u00edsimo tiempo, antes que las personas. Debemos ponernos en un rol de valoraci\u00f3n y respeto\" - Samanta Cairo. - Noticias Radio Reflejos","og_description":"Le otorgamos el espacio de nuestra radio a la Dra. En Biolog\u00eda Samanta Cairo, quien, en esta nota, nos explica algunas cuestiones que nos ayudar\u00e1n a relacionarnos con la vida silvestre, especialmente con los reptiles aut\u00f3ctonos de nuestra zona.","og_url":"https:\/\/www.noticiasradioreflejos.com.ar\/2021\/reptiles-de-la-comarca-ellos-estan-aca-hace-muchisimo-tiempo-antes-que-las-personas-debemos-ponernos-en-un-rol-de-valoracion-y-respeto-samanta-cairo\/","og_site_name":"Noticias Radio Reflejos","article_published_time":"2020-10-13T23:02:01+00:00","og_image":[{"width":300,"height":200,"url":"https:\/\/www.noticiasradioreflejos.com.ar\/2021\/wp-content\/uploads\/2021\/07\/logosol300x200.png","type":"image\/png"}],"author":"Arnaldo Botto","twitter_card":"summary_large_image","schema":{"@context":"https:\/\/schema.org","@graph":[{"@type":"WebPage","@id":"https:\/\/www.noticiasradioreflejos.com.ar\/2021\/reptiles-de-la-comarca-ellos-estan-aca-hace-muchisimo-tiempo-antes-que-las-personas-debemos-ponernos-en-un-rol-de-valoracion-y-respeto-samanta-cairo\/","url":"https:\/\/www.noticiasradioreflejos.com.ar\/2021\/reptiles-de-la-comarca-ellos-estan-aca-hace-muchisimo-tiempo-antes-que-las-personas-debemos-ponernos-en-un-rol-de-valoracion-y-respeto-samanta-cairo\/","name":"Reptiles de la comarca: \"Ellos est\u00e1n ac\u00e1 hace much\u00edsimo tiempo, antes que las personas. Debemos ponernos en un rol de valoraci\u00f3n y respeto\" - Samanta Cairo. - Noticias Radio Reflejos","isPartOf":{"@id":"https:\/\/www.noticiasradioreflejos.com.ar\/2021\/#website"},"primaryImageOfPage":{"@id":"https:\/\/www.noticiasradioreflejos.com.ar\/2021\/reptiles-de-la-comarca-ellos-estan-aca-hace-muchisimo-tiempo-antes-que-las-personas-debemos-ponernos-en-un-rol-de-valoracion-y-respeto-samanta-cairo\/#primaryimage"},"image":{"@id":"https:\/\/www.noticiasradioreflejos.com.ar\/2021\/reptiles-de-la-comarca-ellos-estan-aca-hace-muchisimo-tiempo-antes-que-las-personas-debemos-ponernos-en-un-rol-de-valoracion-y-respeto-samanta-cairo\/#primaryimage"},"thumbnailUrl":"http:\/\/www.noticiasradioreflejos.com.ar\/noticias\/wp-content\/uploads\/2020\/10\/WhatsApp-Image-2020-10-06-at-11.12.07-255x300.jpeg","datePublished":"2020-10-13T23:02:01+00:00","author":{"@id":"https:\/\/www.noticiasradioreflejos.com.ar\/2021\/#\/schema\/person\/ad82545263dcc5ec0996818884fd5fb1"},"breadcrumb":{"@id":"https:\/\/www.noticiasradioreflejos.com.ar\/2021\/reptiles-de-la-comarca-ellos-estan-aca-hace-muchisimo-tiempo-antes-que-las-personas-debemos-ponernos-en-un-rol-de-valoracion-y-respeto-samanta-cairo\/#breadcrumb"},"inLanguage":"es","potentialAction":[{"@type":"ReadAction","target":["https:\/\/www.noticiasradioreflejos.com.ar\/2021\/reptiles-de-la-comarca-ellos-estan-aca-hace-muchisimo-tiempo-antes-que-las-personas-debemos-ponernos-en-un-rol-de-valoracion-y-respeto-samanta-cairo\/"]}]},{"@type":"ImageObject","inLanguage":"es","@id":"https:\/\/www.noticiasradioreflejos.com.ar\/2021\/reptiles-de-la-comarca-ellos-estan-aca-hace-muchisimo-tiempo-antes-que-las-personas-debemos-ponernos-en-un-rol-de-valoracion-y-respeto-samanta-cairo\/#primaryimage","url":"http:\/\/www.noticiasradioreflejos.com.ar\/noticias\/wp-content\/uploads\/2020\/10\/WhatsApp-Image-2020-10-06-at-11.12.07-255x300.jpeg","contentUrl":"http:\/\/www.noticiasradioreflejos.com.ar\/noticias\/wp-content\/uploads\/2020\/10\/WhatsApp-Image-2020-10-06-at-11.12.07-255x300.jpeg"},{"@type":"BreadcrumbList","@id":"https:\/\/www.noticiasradioreflejos.com.ar\/2021\/reptiles-de-la-comarca-ellos-estan-aca-hace-muchisimo-tiempo-antes-que-las-personas-debemos-ponernos-en-un-rol-de-valoracion-y-respeto-samanta-cairo\/#breadcrumb","itemListElement":[{"@type":"ListItem","position":1,"name":"Portada","item":"https:\/\/www.noticiasradioreflejos.com.ar\/2021\/"},{"@type":"ListItem","position":2,"name":"Reptiles de la comarca: \u00abEllos est\u00e1n ac\u00e1 hace much\u00edsimo tiempo, antes que las personas. Debemos ponernos en un rol de valoraci\u00f3n y respeto\u00bb &#8211; Samanta Cairo."}]},{"@type":"WebSite","@id":"https:\/\/www.noticiasradioreflejos.com.ar\/2021\/#website","url":"https:\/\/www.noticiasradioreflejos.com.ar\/2021\/","name":"Noticias Radio Reflejos","description":"Las noticias de mi comarca","potentialAction":[{"@type":"SearchAction","target":{"@type":"EntryPoint","urlTemplate":"https:\/\/www.noticiasradioreflejos.com.ar\/2021\/?s={search_term_string}"},"query-input":{"@type":"PropertyValueSpecification","valueRequired":true,"valueName":"search_term_string"}}],"inLanguage":"es"},{"@type":"Person","@id":"https:\/\/www.noticiasradioreflejos.com.ar\/2021\/#\/schema\/person\/ad82545263dcc5ec0996818884fd5fb1","name":"Arnaldo Botto","image":{"@type":"ImageObject","inLanguage":"es","@id":"https:\/\/www.noticiasradioreflejos.com.ar\/2021\/#\/schema\/person\/image\/","url":"https:\/\/secure.gravatar.com\/avatar\/55cb5e37c1efa326397366e6974cb338056df65cb50e7d64d1cf314e87504837?s=96&d=mm&r=g","contentUrl":"https:\/\/secure.gravatar.com\/avatar\/55cb5e37c1efa326397366e6974cb338056df65cb50e7d64d1cf314e87504837?s=96&d=mm&r=g","caption":"Arnaldo Botto"},"url":"https:\/\/www.noticiasradioreflejos.com.ar\/2021\/author\/arnaldo\/"}]}},"_links":{"self":[{"href":"https:\/\/www.noticiasradioreflejos.com.ar\/2021\/wp-json\/wp\/v2\/posts\/48073","targetHints":{"allow":["GET"]}}],"collection":[{"href":"https:\/\/www.noticiasradioreflejos.com.ar\/2021\/wp-json\/wp\/v2\/posts"}],"about":[{"href":"https:\/\/www.noticiasradioreflejos.com.ar\/2021\/wp-json\/wp\/v2\/types\/post"}],"author":[{"embeddable":true,"href":"https:\/\/www.noticiasradioreflejos.com.ar\/2021\/wp-json\/wp\/v2\/users\/3"}],"replies":[{"embeddable":true,"href":"https:\/\/www.noticiasradioreflejos.com.ar\/2021\/wp-json\/wp\/v2\/comments?post=48073"}],"version-history":[{"count":0,"href":"https:\/\/www.noticiasradioreflejos.com.ar\/2021\/wp-json\/wp\/v2\/posts\/48073\/revisions"}],"wp:attachment":[{"href":"https:\/\/www.noticiasradioreflejos.com.ar\/2021\/wp-json\/wp\/v2\/media?parent=48073"}],"wp:term":[{"taxonomy":"category","embeddable":true,"href":"https:\/\/www.noticiasradioreflejos.com.ar\/2021\/wp-json\/wp\/v2\/categories?post=48073"},{"taxonomy":"post_tag","embeddable":true,"href":"https:\/\/www.noticiasradioreflejos.com.ar\/2021\/wp-json\/wp\/v2\/tags?post=48073"}],"curies":[{"name":"wp","href":"https:\/\/api.w.org\/{rel}","templated":true}]}}