{"id":4802,"date":"2016-12-15T15:34:33","date_gmt":"2016-12-15T15:34:33","guid":{"rendered":"http:\/\/noticiasradioreflejos.com.ar\/noticias\/?p=4802"},"modified":"2016-12-15T15:34:33","modified_gmt":"2016-12-15T15:34:33","slug":"informacion-para-beneficiarios-del-credito-procrear","status":"publish","type":"post","link":"https:\/\/www.noticiasradioreflejos.com.ar\/2021\/informacion-para-beneficiarios-del-credito-procrear\/","title":{"rendered":"Informaci\u00f3n para beneficiarios del Credito PROCREAR"},"content":{"rendered":"<p>La Secretaria de Obras y Servicios P\u00fablicos informa a los beneficiarios del Cr\u00e9dito Procrear del programa Lotes con Servicios (Manzana 45) que deber\u00e1n ponerse en contacto con el Banco Hipotecario, ya que el programa ha sufrido ciertas modificaciones.\u00a0<!--more--><br \/>\nEstimado Beneficiario:<br \/>\nDesde PROCREAR queremos hacerles llegar la siguiente informaci\u00f3n a los beneficiarios de los sorteos de la l\u00ednea lotes con servicios pendientes de entrega en los distintos predios del pa\u00eds.<br \/>\n1- El Comit\u00e9 Ejecutivo de PROCREAR resolvi\u00f3 actualizar: (i) los rangos de segmentos de ingresos de la l\u00ednea Lotes con Servicios y (ii) los montos m\u00e1ximos prestables para as\u00ed brindar una mayor accesibilidad a las familias que buscan solucionar su d\u00e9ficit habitacional.<br \/>\n2- Por su parte, tambi\u00e9n resolvi\u00f3 aprobar la ampliaci\u00f3n del financiamiento del terreno por hasta el 100% de su valor. El tipo de financiamiento para los beneficiarios sorteados es con cuota escalonada con tasa fija en dos tramos.<br \/>\nA continuaci\u00f3n encontrar\u00e1s la tabla de segmentos que se tomar\u00e1n como referencia para el an\u00e1lisis crediticio al momento del financiamiento de tu cr\u00e9dito:<br \/>\n3-\u00a0En el comunicado enviado el d\u00eda 31 de agosto del corriente a\u00f1o mostramos los modelos de casas disponibles para que tengas de referencia al momento de presentar tu carpeta. Te incluimos aqu\u00ed el link a esos modelos:<br \/>\nBICENTENARIA 1 DORMITORIO<br \/>\nCRIOLLA 1 DORMITORIO<br \/>\nCRIOLLA 2 DORMITORIO<br \/>\nAZUCENA 1 DORMITORIO<br \/>\nMODERNA 1 DORMITORIO<br \/>\nCL\u00c1SICA TECHO INCLINADO 1 DORMITORIO (8,66M frente terreno)<br \/>\nCL\u00c1SICA TECHO INCLINADO 2 DORMITORIO (8,66M frente terreno)<br \/>\nCL\u00c1SICA TECHO PLANO 1 DORMITORIO (8,66M frente terreno)<br \/>\nCL\u00c1SICA TECHO PLANO 2 DORMITORIOS (8,66M frente terreno)<br \/>\nCL\u00c1SICA TECHO INCLINADO 1 DORMITORIO (10M frente terreno)<br \/>\nCL\u00c1SICA TECHO INCLINADO 2 DORMITORIO (10M frente terreno)<br \/>\nCL\u00c1SICA TECHO PLANO 1 DORMITORIO (10M frente terreno)<br \/>\nCL\u00c1SICA TECHO PLANO 2 DORMITORIO (10M frente terreno)<br \/>\nURBANA FRENTE EN UNA PLANTA 1 DORMITORIO<br \/>\nURBANA FRENTE EN DOS PLANTAS 1 DORMITORIO<br \/>\nCONTEMPOR\u00c1NEA TECHO CURVO 1 DORMITORIO<br \/>\nCONTEMPOR\u00c1NEA TECHO INCLINADO 1 DORMITORIO<br \/>\nMEDITERR\u00c1NEA TECHO PLANO 1 DORMITORIO<br \/>\nMEDITERR\u00c1NEA TECHO INCLINADO 1 DORMITORIO<br \/>\nEsperamos esta informaci\u00f3n te haya resultado de utilidad.<br \/>\nPROCREAR continua reafirmando su compromiso para que m\u00e1s familias cumplan el sue\u00f1o de su casa propia.<\/p>\n","protected":false},"excerpt":{"rendered":"<p>La Secretaria de Obras y Servicios P\u00fablicos informa a los beneficiarios del Cr\u00e9dito Procrear del programa Lotes con Servicios (Manzana 45) que deber\u00e1n ponerse en contacto con el Banco Hipotecario, ya que el programa ha sufrido ciertas modificaciones.\u00a0<\/p>\n","protected":false},"author":3,"featured_media":0,"comment_status":"closed","ping_status":"open","sticky":false,"template":"","format":"standard","meta":{"footnotes":""},"categories":[24],"tags":[],"class_list":["post-4802","post","type-post","status-publish","format-standard","hentry","category-politica"],"yoast_head":"<!-- This site is optimized with the Yoast SEO plugin v25.9 - https:\/\/yoast.com\/wordpress\/plugins\/seo\/ -->\n<title>Informaci\u00f3n para beneficiarios del Credito PROCREAR - Noticias Radio Reflejos<\/title>\n<meta name=\"robots\" content=\"index, follow, max-snippet:-1, max-image-preview:large, max-video-preview:-1\" \/>\n<link rel=\"canonical\" href=\"https:\/\/www.noticiasradioreflejos.com.ar\/2021\/informacion-para-beneficiarios-del-credito-procrear\/\" \/>\n<meta property=\"og:locale\" content=\"es_ES\" \/>\n<meta property=\"og:type\" content=\"article\" \/>\n<meta property=\"og:title\" content=\"Informaci\u00f3n para beneficiarios del Credito PROCREAR - Noticias Radio Reflejos\" \/>\n<meta property=\"og:description\" content=\"La Secretaria de Obras y Servicios P\u00fablicos informa a los beneficiarios del Cr\u00e9dito Procrear del programa Lotes con Servicios (Manzana 45) que deber\u00e1n ponerse en contacto con el Banco Hipotecario, ya que el programa ha sufrido ciertas modificaciones.\u00a0\" \/>\n<meta property=\"og:url\" content=\"https:\/\/www.noticiasradioreflejos.com.ar\/2021\/informacion-para-beneficiarios-del-credito-procrear\/\" \/>\n<meta property=\"og:site_name\" content=\"Noticias Radio Reflejos\" \/>\n<meta property=\"article:published_time\" content=\"2016-12-15T15:34:33+00:00\" \/>\n<meta property=\"og:image\" content=\"https:\/\/www.noticiasradioreflejos.com.ar\/2021\/wp-content\/uploads\/2021\/07\/logosol300x200.png\" \/>\n\t<meta property=\"og:image:width\" content=\"300\" \/>\n\t<meta property=\"og:image:height\" content=\"200\" \/>\n\t<meta property=\"og:image:type\" content=\"image\/png\" \/>\n<meta name=\"author\" content=\"Arnaldo Botto\" \/>\n<meta name=\"twitter:card\" content=\"summary_large_image\" \/>\n<script type=\"application\/ld+json\" class=\"yoast-schema-graph\">{\"@context\":\"https:\/\/schema.org\",\"@graph\":[{\"@type\":\"WebPage\",\"@id\":\"https:\/\/www.noticiasradioreflejos.com.ar\/2021\/informacion-para-beneficiarios-del-credito-procrear\/\",\"url\":\"https:\/\/www.noticiasradioreflejos.com.ar\/2021\/informacion-para-beneficiarios-del-credito-procrear\/\",\"name\":\"Informaci\u00f3n para beneficiarios del Credito PROCREAR - Noticias Radio Reflejos\",\"isPartOf\":{\"@id\":\"https:\/\/www.noticiasradioreflejos.com.ar\/2021\/#website\"},\"datePublished\":\"2016-12-15T15:34:33+00:00\",\"author\":{\"@id\":\"https:\/\/www.noticiasradioreflejos.com.ar\/2021\/#\/schema\/person\/ad82545263dcc5ec0996818884fd5fb1\"},\"breadcrumb\":{\"@id\":\"https:\/\/www.noticiasradioreflejos.com.ar\/2021\/informacion-para-beneficiarios-del-credito-procrear\/#breadcrumb\"},\"inLanguage\":\"es\",\"potentialAction\":[{\"@type\":\"ReadAction\",\"target\":[\"https:\/\/www.noticiasradioreflejos.com.ar\/2021\/informacion-para-beneficiarios-del-credito-procrear\/\"]}]},{\"@type\":\"BreadcrumbList\",\"@id\":\"https:\/\/www.noticiasradioreflejos.com.ar\/2021\/informacion-para-beneficiarios-del-credito-procrear\/#breadcrumb\",\"itemListElement\":[{\"@type\":\"ListItem\",\"position\":1,\"name\":\"Portada\",\"item\":\"https:\/\/www.noticiasradioreflejos.com.ar\/2021\/\"},{\"@type\":\"ListItem\",\"position\":2,\"name\":\"Informaci\u00f3n para beneficiarios del Credito PROCREAR\"}]},{\"@type\":\"WebSite\",\"@id\":\"https:\/\/www.noticiasradioreflejos.com.ar\/2021\/#website\",\"url\":\"https:\/\/www.noticiasradioreflejos.com.ar\/2021\/\",\"name\":\"Noticias Radio Reflejos\",\"description\":\"Las noticias de mi comarca\",\"potentialAction\":[{\"@type\":\"SearchAction\",\"target\":{\"@type\":\"EntryPoint\",\"urlTemplate\":\"https:\/\/www.noticiasradioreflejos.com.ar\/2021\/?s={search_term_string}\"},\"query-input\":{\"@type\":\"PropertyValueSpecification\",\"valueRequired\":true,\"valueName\":\"search_term_string\"}}],\"inLanguage\":\"es\"},{\"@type\":\"Person\",\"@id\":\"https:\/\/www.noticiasradioreflejos.com.ar\/2021\/#\/schema\/person\/ad82545263dcc5ec0996818884fd5fb1\",\"name\":\"Arnaldo Botto\",\"image\":{\"@type\":\"ImageObject\",\"inLanguage\":\"es\",\"@id\":\"https:\/\/www.noticiasradioreflejos.com.ar\/2021\/#\/schema\/person\/image\/\",\"url\":\"https:\/\/secure.gravatar.com\/avatar\/55cb5e37c1efa326397366e6974cb338056df65cb50e7d64d1cf314e87504837?s=96&d=mm&r=g\",\"contentUrl\":\"https:\/\/secure.gravatar.com\/avatar\/55cb5e37c1efa326397366e6974cb338056df65cb50e7d64d1cf314e87504837?s=96&d=mm&r=g\",\"caption\":\"Arnaldo Botto\"},\"url\":\"https:\/\/www.noticiasradioreflejos.com.ar\/2021\/author\/arnaldo\/\"}]}<\/script>\n<!-- \/ Yoast SEO plugin. -->","yoast_head_json":{"title":"Informaci\u00f3n para beneficiarios del Credito PROCREAR - Noticias Radio Reflejos","robots":{"index":"index","follow":"follow","max-snippet":"max-snippet:-1","max-image-preview":"max-image-preview:large","max-video-preview":"max-video-preview:-1"},"canonical":"https:\/\/www.noticiasradioreflejos.com.ar\/2021\/informacion-para-beneficiarios-del-credito-procrear\/","og_locale":"es_ES","og_type":"article","og_title":"Informaci\u00f3n para beneficiarios del Credito PROCREAR - Noticias Radio Reflejos","og_description":"La Secretaria de Obras y Servicios P\u00fablicos informa a los beneficiarios del Cr\u00e9dito Procrear del programa Lotes con Servicios (Manzana 45) que deber\u00e1n ponerse en contacto con el Banco Hipotecario, ya que el programa ha sufrido ciertas modificaciones.\u00a0","og_url":"https:\/\/www.noticiasradioreflejos.com.ar\/2021\/informacion-para-beneficiarios-del-credito-procrear\/","og_site_name":"Noticias Radio Reflejos","article_published_time":"2016-12-15T15:34:33+00:00","og_image":[{"width":300,"height":200,"url":"https:\/\/www.noticiasradioreflejos.com.ar\/2021\/wp-content\/uploads\/2021\/07\/logosol300x200.png","type":"image\/png"}],"author":"Arnaldo Botto","twitter_card":"summary_large_image","schema":{"@context":"https:\/\/schema.org","@graph":[{"@type":"WebPage","@id":"https:\/\/www.noticiasradioreflejos.com.ar\/2021\/informacion-para-beneficiarios-del-credito-procrear\/","url":"https:\/\/www.noticiasradioreflejos.com.ar\/2021\/informacion-para-beneficiarios-del-credito-procrear\/","name":"Informaci\u00f3n para beneficiarios del Credito PROCREAR - Noticias Radio Reflejos","isPartOf":{"@id":"https:\/\/www.noticiasradioreflejos.com.ar\/2021\/#website"},"datePublished":"2016-12-15T15:34:33+00:00","author":{"@id":"https:\/\/www.noticiasradioreflejos.com.ar\/2021\/#\/schema\/person\/ad82545263dcc5ec0996818884fd5fb1"},"breadcrumb":{"@id":"https:\/\/www.noticiasradioreflejos.com.ar\/2021\/informacion-para-beneficiarios-del-credito-procrear\/#breadcrumb"},"inLanguage":"es","potentialAction":[{"@type":"ReadAction","target":["https:\/\/www.noticiasradioreflejos.com.ar\/2021\/informacion-para-beneficiarios-del-credito-procrear\/"]}]},{"@type":"BreadcrumbList","@id":"https:\/\/www.noticiasradioreflejos.com.ar\/2021\/informacion-para-beneficiarios-del-credito-procrear\/#breadcrumb","itemListElement":[{"@type":"ListItem","position":1,"name":"Portada","item":"https:\/\/www.noticiasradioreflejos.com.ar\/2021\/"},{"@type":"ListItem","position":2,"name":"Informaci\u00f3n para beneficiarios del Credito PROCREAR"}]},{"@type":"WebSite","@id":"https:\/\/www.noticiasradioreflejos.com.ar\/2021\/#website","url":"https:\/\/www.noticiasradioreflejos.com.ar\/2021\/","name":"Noticias Radio Reflejos","description":"Las noticias de mi comarca","potentialAction":[{"@type":"SearchAction","target":{"@type":"EntryPoint","urlTemplate":"https:\/\/www.noticiasradioreflejos.com.ar\/2021\/?s={search_term_string}"},"query-input":{"@type":"PropertyValueSpecification","valueRequired":true,"valueName":"search_term_string"}}],"inLanguage":"es"},{"@type":"Person","@id":"https:\/\/www.noticiasradioreflejos.com.ar\/2021\/#\/schema\/person\/ad82545263dcc5ec0996818884fd5fb1","name":"Arnaldo Botto","image":{"@type":"ImageObject","inLanguage":"es","@id":"https:\/\/www.noticiasradioreflejos.com.ar\/2021\/#\/schema\/person\/image\/","url":"https:\/\/secure.gravatar.com\/avatar\/55cb5e37c1efa326397366e6974cb338056df65cb50e7d64d1cf314e87504837?s=96&d=mm&r=g","contentUrl":"https:\/\/secure.gravatar.com\/avatar\/55cb5e37c1efa326397366e6974cb338056df65cb50e7d64d1cf314e87504837?s=96&d=mm&r=g","caption":"Arnaldo Botto"},"url":"https:\/\/www.noticiasradioreflejos.com.ar\/2021\/author\/arnaldo\/"}]}},"_links":{"self":[{"href":"https:\/\/www.noticiasradioreflejos.com.ar\/2021\/wp-json\/wp\/v2\/posts\/4802","targetHints":{"allow":["GET"]}}],"collection":[{"href":"https:\/\/www.noticiasradioreflejos.com.ar\/2021\/wp-json\/wp\/v2\/posts"}],"about":[{"href":"https:\/\/www.noticiasradioreflejos.com.ar\/2021\/wp-json\/wp\/v2\/types\/post"}],"author":[{"embeddable":true,"href":"https:\/\/www.noticiasradioreflejos.com.ar\/2021\/wp-json\/wp\/v2\/users\/3"}],"replies":[{"embeddable":true,"href":"https:\/\/www.noticiasradioreflejos.com.ar\/2021\/wp-json\/wp\/v2\/comments?post=4802"}],"version-history":[{"count":0,"href":"https:\/\/www.noticiasradioreflejos.com.ar\/2021\/wp-json\/wp\/v2\/posts\/4802\/revisions"}],"wp:attachment":[{"href":"https:\/\/www.noticiasradioreflejos.com.ar\/2021\/wp-json\/wp\/v2\/media?parent=4802"}],"wp:term":[{"taxonomy":"category","embeddable":true,"href":"https:\/\/www.noticiasradioreflejos.com.ar\/2021\/wp-json\/wp\/v2\/categories?post=4802"},{"taxonomy":"post_tag","embeddable":true,"href":"https:\/\/www.noticiasradioreflejos.com.ar\/2021\/wp-json\/wp\/v2\/tags?post=4802"}],"curies":[{"name":"wp","href":"https:\/\/api.w.org\/{rel}","templated":true}]}}