{"id":47991,"date":"2020-10-11T23:02:25","date_gmt":"2020-10-12T02:02:25","guid":{"rendered":"http:\/\/www.noticiasradioreflejos.com.ar\/noticias\/?p=47991"},"modified":"2020-10-11T23:02:25","modified_gmt":"2020-10-12T02:02:25","slug":"el-coronavirus-ya-no-es-una-pandemia-por-que-algunos-expertos-creen-que-ahora-es-una-sindemia-y-que-significa","status":"publish","type":"post","link":"https:\/\/www.noticiasradioreflejos.com.ar\/2021\/el-coronavirus-ya-no-es-una-pandemia-por-que-algunos-expertos-creen-que-ahora-es-una-sindemia-y-que-significa\/","title":{"rendered":"El coronavirus ya no es una pandemia: por qu\u00e9 algunos expertos creen que ahora es una &#8216;sindemia&#8217; y qu\u00e9 significa"},"content":{"rendered":"<p>Un art\u00edculo de Richard Horton, el prestigioso m\u00e9dico editor de la revista inglesa The Lancet, propone una mirada abarcativa de la problem\u00e1tica mundial a partir del cambio de definici\u00f3n.<br \/>\n<!--more--><br \/>\nEl 11 de marzo pasado, la Organizaci\u00f3n Mundial de la Salud (OMS) declar\u00f3 como pandemia el brote global de coronavirus. De hecho, el t\u00e9rmino pandemia se usa tanto en los medios como en el calle.<br \/>\nSin embargo, un grupo de expertos considera que la expresi\u00f3n no se ajusta mucho a la realidad y que, en rigor, habr\u00eda que considerar al Covid-19 como una &#8216;sindemia&#8217;.<br \/>\nRichard Horton, editor jefe de la prestigiosa revista m\u00e9dica The Lancet, public\u00f3 hace unos d\u00edas un art\u00edculo en el que explica por qu\u00e9 se debe usar este concepto, que fue acu\u00f1ado en los \u00b490 por el m\u00e9dico estadounidense Merrill Singer.<\/p>\n<p>Se habla de &#8216;sindemia&#8217; (palabra que une los conceptos de sinergia y pandemia), cuando \u00abdos o m\u00e1s enfermedades interact\u00faan de forma tal que causan un da\u00f1o mayor que la mera suma de estas dos enfermedades\u00bb. Seg\u00fan Horton, el coronavirus es una &#8216;sindemia&#8217; porque el SARS-CoV-2 interact\u00faa con enfermedades no transmisibles (diabetes, c\u00e1ncer, problemas cardiacos, etc.) y adem\u00e1s lo hace en un contexto social y ambiental caracterizado por la inequidad o desigualdad social.<\/p>\n<p>El propio Merrill Singer, en declaraciones a la BBC, explica que en el caso del Covid-19, \u00abse ve un \u00edndice desproporcionado de resultados adversos en comunidades empobrecidas, de bajos ingresos y minor\u00edas \u00e9tnicas\u00bb.<br \/>\nTiff-Annie Kenny, investigadora de la Universidad Laval, en Canad\u00e1, a\u00f1ade que enfermedades como la diabetes o la obesidad, factores de riesgo para el coronavirus, son m\u00e1s comunes en personas de bajos recursos.<\/p>\n<p>Kenny explica, adem\u00e1s, que el caso del Covid-19 no es comparable al de otros virus: \u00abHay evidencia creciente de que la gripe y el resfriado com\u00fan son contrasind\u00e9micos. Es decir: la situaci\u00f3n no empeora. Si una persona est\u00e1 infectada con los dos virus, una de las enfermedades no se desarrolla\u00bb.<\/p>\n<p>Estos expertos creen que si se empieza a considerar al coronavirus como una &#8216;sindemia&#8217;, hay que cambiar la estrategia: para frenar el avance y el impacto del coronavirus es fundamental fijarse en las condiciones sociales que hacen que algunos grupos sean m\u00e1s vulnerables que otros.<\/p>\n<p>\u00abTenemos que abordar los factores estructurales que hacen que a los pobres les resulte m\u00e1s dif\u00edcil acceder a la salud o a una dieta adecuada\u00bb, dice Merrill Singer.<\/p>\n<p>Richard Horton da un paso m\u00e1s: \u00abNo importa cu\u00e1n efectivo sea un tratamiento o cu\u00e1n protectora sea una vacuna, la b\u00fasqueda de una soluci\u00f3n para el Covid-19 puramente biom\u00e9dica fracasar\u00e1\u00bb.<\/p>\n<p>\u00abA menos que los gobiernos dise\u00f1en pol\u00edticas y programas para revertir disparidades profundas, nuestras sociedades nunca estar\u00e1n verdaderamente seguras frente al coronavirus\u00bb, concluye Horton.<\/p>\n","protected":false},"excerpt":{"rendered":"<p>Un art\u00edculo de Richard Horton, el prestigioso m\u00e9dico editor de la revista inglesa The Lancet, propone una mirada abarcativa de la problem\u00e1tica mundial a partir del cambio de definici\u00f3n.<\/p>\n","protected":false},"author":3,"featured_media":0,"comment_status":"closed","ping_status":"open","sticky":false,"template":"","format":"standard","meta":{"footnotes":""},"categories":[30],"tags":[],"class_list":["post-47991","post","type-post","status-publish","format-standard","hentry","category-salud"],"yoast_head":"<!-- This site is optimized with the Yoast SEO plugin v25.9 - https:\/\/yoast.com\/wordpress\/plugins\/seo\/ -->\n<title>El coronavirus ya no es una pandemia: por qu\u00e9 algunos expertos creen que ahora es una &#039;sindemia&#039; y qu\u00e9 significa - Noticias Radio Reflejos<\/title>\n<meta name=\"robots\" content=\"index, follow, max-snippet:-1, max-image-preview:large, max-video-preview:-1\" \/>\n<link rel=\"canonical\" href=\"https:\/\/www.noticiasradioreflejos.com.ar\/2021\/el-coronavirus-ya-no-es-una-pandemia-por-que-algunos-expertos-creen-que-ahora-es-una-sindemia-y-que-significa\/\" \/>\n<meta property=\"og:locale\" content=\"es_ES\" \/>\n<meta property=\"og:type\" content=\"article\" \/>\n<meta property=\"og:title\" content=\"El coronavirus ya no es una pandemia: por qu\u00e9 algunos expertos creen que ahora es una &#039;sindemia&#039; y qu\u00e9 significa - Noticias Radio Reflejos\" \/>\n<meta property=\"og:description\" content=\"Un art\u00edculo de Richard Horton, el prestigioso m\u00e9dico editor de la revista inglesa The Lancet, propone una mirada abarcativa de la problem\u00e1tica mundial a partir del cambio de definici\u00f3n.\" \/>\n<meta property=\"og:url\" content=\"https:\/\/www.noticiasradioreflejos.com.ar\/2021\/el-coronavirus-ya-no-es-una-pandemia-por-que-algunos-expertos-creen-que-ahora-es-una-sindemia-y-que-significa\/\" \/>\n<meta property=\"og:site_name\" content=\"Noticias Radio Reflejos\" \/>\n<meta property=\"article:published_time\" content=\"2020-10-12T02:02:25+00:00\" \/>\n<meta property=\"og:image\" content=\"https:\/\/www.noticiasradioreflejos.com.ar\/2021\/wp-content\/uploads\/2021\/07\/logosol300x200.png\" \/>\n\t<meta property=\"og:image:width\" content=\"300\" \/>\n\t<meta property=\"og:image:height\" content=\"200\" \/>\n\t<meta property=\"og:image:type\" content=\"image\/png\" \/>\n<meta name=\"author\" content=\"Arnaldo Botto\" \/>\n<meta name=\"twitter:card\" content=\"summary_large_image\" \/>\n<script type=\"application\/ld+json\" class=\"yoast-schema-graph\">{\"@context\":\"https:\/\/schema.org\",\"@graph\":[{\"@type\":\"WebPage\",\"@id\":\"https:\/\/www.noticiasradioreflejos.com.ar\/2021\/el-coronavirus-ya-no-es-una-pandemia-por-que-algunos-expertos-creen-que-ahora-es-una-sindemia-y-que-significa\/\",\"url\":\"https:\/\/www.noticiasradioreflejos.com.ar\/2021\/el-coronavirus-ya-no-es-una-pandemia-por-que-algunos-expertos-creen-que-ahora-es-una-sindemia-y-que-significa\/\",\"name\":\"El coronavirus ya no es una pandemia: por qu\u00e9 algunos expertos creen que ahora es una 'sindemia' y qu\u00e9 significa - Noticias Radio Reflejos\",\"isPartOf\":{\"@id\":\"https:\/\/www.noticiasradioreflejos.com.ar\/2021\/#website\"},\"datePublished\":\"2020-10-12T02:02:25+00:00\",\"author\":{\"@id\":\"https:\/\/www.noticiasradioreflejos.com.ar\/2021\/#\/schema\/person\/ad82545263dcc5ec0996818884fd5fb1\"},\"breadcrumb\":{\"@id\":\"https:\/\/www.noticiasradioreflejos.com.ar\/2021\/el-coronavirus-ya-no-es-una-pandemia-por-que-algunos-expertos-creen-que-ahora-es-una-sindemia-y-que-significa\/#breadcrumb\"},\"inLanguage\":\"es\",\"potentialAction\":[{\"@type\":\"ReadAction\",\"target\":[\"https:\/\/www.noticiasradioreflejos.com.ar\/2021\/el-coronavirus-ya-no-es-una-pandemia-por-que-algunos-expertos-creen-que-ahora-es-una-sindemia-y-que-significa\/\"]}]},{\"@type\":\"BreadcrumbList\",\"@id\":\"https:\/\/www.noticiasradioreflejos.com.ar\/2021\/el-coronavirus-ya-no-es-una-pandemia-por-que-algunos-expertos-creen-que-ahora-es-una-sindemia-y-que-significa\/#breadcrumb\",\"itemListElement\":[{\"@type\":\"ListItem\",\"position\":1,\"name\":\"Portada\",\"item\":\"https:\/\/www.noticiasradioreflejos.com.ar\/2021\/\"},{\"@type\":\"ListItem\",\"position\":2,\"name\":\"El coronavirus ya no es una pandemia: por qu\u00e9 algunos expertos creen que ahora es una &#8216;sindemia&#8217; y qu\u00e9 significa\"}]},{\"@type\":\"WebSite\",\"@id\":\"https:\/\/www.noticiasradioreflejos.com.ar\/2021\/#website\",\"url\":\"https:\/\/www.noticiasradioreflejos.com.ar\/2021\/\",\"name\":\"Noticias Radio Reflejos\",\"description\":\"Las noticias de mi comarca\",\"potentialAction\":[{\"@type\":\"SearchAction\",\"target\":{\"@type\":\"EntryPoint\",\"urlTemplate\":\"https:\/\/www.noticiasradioreflejos.com.ar\/2021\/?s={search_term_string}\"},\"query-input\":{\"@type\":\"PropertyValueSpecification\",\"valueRequired\":true,\"valueName\":\"search_term_string\"}}],\"inLanguage\":\"es\"},{\"@type\":\"Person\",\"@id\":\"https:\/\/www.noticiasradioreflejos.com.ar\/2021\/#\/schema\/person\/ad82545263dcc5ec0996818884fd5fb1\",\"name\":\"Arnaldo Botto\",\"image\":{\"@type\":\"ImageObject\",\"inLanguage\":\"es\",\"@id\":\"https:\/\/www.noticiasradioreflejos.com.ar\/2021\/#\/schema\/person\/image\/\",\"url\":\"https:\/\/secure.gravatar.com\/avatar\/55cb5e37c1efa326397366e6974cb338056df65cb50e7d64d1cf314e87504837?s=96&d=mm&r=g\",\"contentUrl\":\"https:\/\/secure.gravatar.com\/avatar\/55cb5e37c1efa326397366e6974cb338056df65cb50e7d64d1cf314e87504837?s=96&d=mm&r=g\",\"caption\":\"Arnaldo Botto\"},\"url\":\"https:\/\/www.noticiasradioreflejos.com.ar\/2021\/author\/arnaldo\/\"}]}<\/script>\n<!-- \/ Yoast SEO plugin. -->","yoast_head_json":{"title":"El coronavirus ya no es una pandemia: por qu\u00e9 algunos expertos creen que ahora es una 'sindemia' y qu\u00e9 significa - Noticias Radio Reflejos","robots":{"index":"index","follow":"follow","max-snippet":"max-snippet:-1","max-image-preview":"max-image-preview:large","max-video-preview":"max-video-preview:-1"},"canonical":"https:\/\/www.noticiasradioreflejos.com.ar\/2021\/el-coronavirus-ya-no-es-una-pandemia-por-que-algunos-expertos-creen-que-ahora-es-una-sindemia-y-que-significa\/","og_locale":"es_ES","og_type":"article","og_title":"El coronavirus ya no es una pandemia: por qu\u00e9 algunos expertos creen que ahora es una 'sindemia' y qu\u00e9 significa - Noticias Radio Reflejos","og_description":"Un art\u00edculo de Richard Horton, el prestigioso m\u00e9dico editor de la revista inglesa The Lancet, propone una mirada abarcativa de la problem\u00e1tica mundial a partir del cambio de definici\u00f3n.","og_url":"https:\/\/www.noticiasradioreflejos.com.ar\/2021\/el-coronavirus-ya-no-es-una-pandemia-por-que-algunos-expertos-creen-que-ahora-es-una-sindemia-y-que-significa\/","og_site_name":"Noticias Radio Reflejos","article_published_time":"2020-10-12T02:02:25+00:00","og_image":[{"width":300,"height":200,"url":"https:\/\/www.noticiasradioreflejos.com.ar\/2021\/wp-content\/uploads\/2021\/07\/logosol300x200.png","type":"image\/png"}],"author":"Arnaldo Botto","twitter_card":"summary_large_image","schema":{"@context":"https:\/\/schema.org","@graph":[{"@type":"WebPage","@id":"https:\/\/www.noticiasradioreflejos.com.ar\/2021\/el-coronavirus-ya-no-es-una-pandemia-por-que-algunos-expertos-creen-que-ahora-es-una-sindemia-y-que-significa\/","url":"https:\/\/www.noticiasradioreflejos.com.ar\/2021\/el-coronavirus-ya-no-es-una-pandemia-por-que-algunos-expertos-creen-que-ahora-es-una-sindemia-y-que-significa\/","name":"El coronavirus ya no es una pandemia: por qu\u00e9 algunos expertos creen que ahora es una 'sindemia' y qu\u00e9 significa - Noticias Radio Reflejos","isPartOf":{"@id":"https:\/\/www.noticiasradioreflejos.com.ar\/2021\/#website"},"datePublished":"2020-10-12T02:02:25+00:00","author":{"@id":"https:\/\/www.noticiasradioreflejos.com.ar\/2021\/#\/schema\/person\/ad82545263dcc5ec0996818884fd5fb1"},"breadcrumb":{"@id":"https:\/\/www.noticiasradioreflejos.com.ar\/2021\/el-coronavirus-ya-no-es-una-pandemia-por-que-algunos-expertos-creen-que-ahora-es-una-sindemia-y-que-significa\/#breadcrumb"},"inLanguage":"es","potentialAction":[{"@type":"ReadAction","target":["https:\/\/www.noticiasradioreflejos.com.ar\/2021\/el-coronavirus-ya-no-es-una-pandemia-por-que-algunos-expertos-creen-que-ahora-es-una-sindemia-y-que-significa\/"]}]},{"@type":"BreadcrumbList","@id":"https:\/\/www.noticiasradioreflejos.com.ar\/2021\/el-coronavirus-ya-no-es-una-pandemia-por-que-algunos-expertos-creen-que-ahora-es-una-sindemia-y-que-significa\/#breadcrumb","itemListElement":[{"@type":"ListItem","position":1,"name":"Portada","item":"https:\/\/www.noticiasradioreflejos.com.ar\/2021\/"},{"@type":"ListItem","position":2,"name":"El coronavirus ya no es una pandemia: por qu\u00e9 algunos expertos creen que ahora es una &#8216;sindemia&#8217; y qu\u00e9 significa"}]},{"@type":"WebSite","@id":"https:\/\/www.noticiasradioreflejos.com.ar\/2021\/#website","url":"https:\/\/www.noticiasradioreflejos.com.ar\/2021\/","name":"Noticias Radio Reflejos","description":"Las noticias de mi comarca","potentialAction":[{"@type":"SearchAction","target":{"@type":"EntryPoint","urlTemplate":"https:\/\/www.noticiasradioreflejos.com.ar\/2021\/?s={search_term_string}"},"query-input":{"@type":"PropertyValueSpecification","valueRequired":true,"valueName":"search_term_string"}}],"inLanguage":"es"},{"@type":"Person","@id":"https:\/\/www.noticiasradioreflejos.com.ar\/2021\/#\/schema\/person\/ad82545263dcc5ec0996818884fd5fb1","name":"Arnaldo Botto","image":{"@type":"ImageObject","inLanguage":"es","@id":"https:\/\/www.noticiasradioreflejos.com.ar\/2021\/#\/schema\/person\/image\/","url":"https:\/\/secure.gravatar.com\/avatar\/55cb5e37c1efa326397366e6974cb338056df65cb50e7d64d1cf314e87504837?s=96&d=mm&r=g","contentUrl":"https:\/\/secure.gravatar.com\/avatar\/55cb5e37c1efa326397366e6974cb338056df65cb50e7d64d1cf314e87504837?s=96&d=mm&r=g","caption":"Arnaldo Botto"},"url":"https:\/\/www.noticiasradioreflejos.com.ar\/2021\/author\/arnaldo\/"}]}},"_links":{"self":[{"href":"https:\/\/www.noticiasradioreflejos.com.ar\/2021\/wp-json\/wp\/v2\/posts\/47991","targetHints":{"allow":["GET"]}}],"collection":[{"href":"https:\/\/www.noticiasradioreflejos.com.ar\/2021\/wp-json\/wp\/v2\/posts"}],"about":[{"href":"https:\/\/www.noticiasradioreflejos.com.ar\/2021\/wp-json\/wp\/v2\/types\/post"}],"author":[{"embeddable":true,"href":"https:\/\/www.noticiasradioreflejos.com.ar\/2021\/wp-json\/wp\/v2\/users\/3"}],"replies":[{"embeddable":true,"href":"https:\/\/www.noticiasradioreflejos.com.ar\/2021\/wp-json\/wp\/v2\/comments?post=47991"}],"version-history":[{"count":0,"href":"https:\/\/www.noticiasradioreflejos.com.ar\/2021\/wp-json\/wp\/v2\/posts\/47991\/revisions"}],"wp:attachment":[{"href":"https:\/\/www.noticiasradioreflejos.com.ar\/2021\/wp-json\/wp\/v2\/media?parent=47991"}],"wp:term":[{"taxonomy":"category","embeddable":true,"href":"https:\/\/www.noticiasradioreflejos.com.ar\/2021\/wp-json\/wp\/v2\/categories?post=47991"},{"taxonomy":"post_tag","embeddable":true,"href":"https:\/\/www.noticiasradioreflejos.com.ar\/2021\/wp-json\/wp\/v2\/tags?post=47991"}],"curies":[{"name":"wp","href":"https:\/\/api.w.org\/{rel}","templated":true}]}}