{"id":47983,"date":"2020-10-11T21:29:45","date_gmt":"2020-10-12T00:29:45","guid":{"rendered":"http:\/\/www.noticiasradioreflejos.com.ar\/noticias\/?p=47983"},"modified":"2020-10-11T21:29:45","modified_gmt":"2020-10-12T00:29:45","slug":"regreso-a-clases-tornquist-no-esta-entre-los-distritos-que-empezarian","status":"publish","type":"post","link":"https:\/\/www.noticiasradioreflejos.com.ar\/2021\/regreso-a-clases-tornquist-no-esta-entre-los-distritos-que-empezarian\/","title":{"rendered":"Regreso a clases: Tornquist  no est\u00e1 entre los distritos que empezar\u00edan."},"content":{"rendered":"<section class=\"detail-note_news-article container\">\n<div class=\"detail-note_body\" data-twitter-link=\"\">\n<p class=\"detail-note_lead\">El gobernador Axel Kicillof anunci\u00f3 este s\u00e1bado las definiciones respecto a la continuidad del aislamento y detall\u00f3 que 24 ser\u00e1n los municipios que pueden volver a la presencialidad educativa.<!--more--><\/p>\n<p>Adem\u00e1s de anunciar la apertura gradual de actividades en el AMBA y la continuidad del sistema de fases en el interior provincial, el\u00a0gobernador bonaerense Axel\u00a0Kicillof\u00a0, anunci\u00f3 que\u00a0en 24\u00a0distritos\u00a0de la provincia de Buenos Aires\u00a0\u00abse va a iniciar el retorno seguro a la presencialidad \u00abde las\u00a0clases\u00a0en las escuelas.<\/p>\n<p>Esos distritos se basan en \u201cun consenso entre todas las provincias en el Consejo Federal de Educaci\u00f3n que implica determinar distritos de riesgo epidemiol\u00f3gico alto, medio y bajo\u201d, y ser\u00e1n los de bajo riesgo los que vuelvan a las clases presenciales<\/p>\n<p>Los 24 distritos con \u201criesgo bajo\u201d, hijo\u00a0: Adolfo Alsina, 9 de Julio, Adolfo Gonzales Chaves, Alberti, Daireaux, Florentino Ameghino, General La madrid, General Lavalle, Monte Hermoso, Pu\u00e1n, Salliquel\u00f3, Saavedra, Tordillo, Tres Lomas, 25 de mayo, Bragado, Carlos Tejedor, Chascom\u00fas, Chivilcoy, Guamin\u00ed, Lezama, Lobos y Monte.<\/p>\n<p>\u201cDesde el gobierno provincial vamos a respetar los compromisos que se hicieron con el Ministerio nacional y las jurisdicciones, les pedimos a todos que hagan lo mismo, que honren esos acuerdos, dijo Kicillof quien reafirm\u00f3:\u201c En los 24 distritos donde hay riesgo bajo se va a retornar el retorno seguro a la presencialidad \u201d.<\/p>\n<p>Adem\u00e1s, record\u00f3 que\u00a0la semana pr\u00f3xima se pondr\u00e1 en marcha el programa ATR,\u00a0por medio del cual unos 45 mil maestros y estudiantes avanzados \u00abvan a ir a buscar a la casa a los chicos que tuvieron problemas\u00bb para conectarse con su escuela.<\/p>\n<p>El\u00a0ATR\u00a0busca revincular en los 135 municipios a aquellos que tuvieron problemas de continuidad pedag\u00f3gica educativa.<\/p>\n<p>Ser\u00e1 para \u00abdar un impulso a esa actividad y de revinculaci\u00f3n\u00bb con dos visitas semanales, donde un docente o estudiante avanzado en formaci\u00f3n docente.\u00a0Cada uno tendr\u00e1 a cargo seis estudiantes.\u00a0Estar\u00e1 vigente en los 135 municipios y las visitas consistir\u00e1n en instancias de orientaci\u00f3n pedag\u00f3gica para la realizaci\u00f3n de las tareas y de contenci\u00f3n ya que tambi\u00e9n se podr\u00edan detectar conflictos extraescolares.<\/p>\n<\/div>\n<\/section>\n","protected":false},"excerpt":{"rendered":"<p>El gobernador Axel Kicillof anunci\u00f3 este s\u00e1bado las definiciones respecto a la continuidad del aislamento y detall\u00f3 que 24 ser\u00e1n los municipios que pueden volver a la presencialidad educativa.<\/p>\n","protected":false},"author":3,"featured_media":0,"comment_status":"closed","ping_status":"open","sticky":false,"template":"","format":"standard","meta":{"footnotes":""},"categories":[34],"tags":[],"class_list":["post-47983","post","type-post","status-publish","format-standard","hentry","category-educacion"],"yoast_head":"<!-- This site is optimized with the Yoast SEO plugin v25.9 - https:\/\/yoast.com\/wordpress\/plugins\/seo\/ -->\n<title>Regreso a clases: Tornquist no est\u00e1 entre los distritos que empezar\u00edan. - Noticias Radio Reflejos<\/title>\n<meta name=\"robots\" content=\"index, follow, max-snippet:-1, max-image-preview:large, max-video-preview:-1\" \/>\n<link rel=\"canonical\" href=\"https:\/\/www.noticiasradioreflejos.com.ar\/2021\/regreso-a-clases-tornquist-no-esta-entre-los-distritos-que-empezarian\/\" \/>\n<meta property=\"og:locale\" content=\"es_ES\" \/>\n<meta property=\"og:type\" content=\"article\" \/>\n<meta property=\"og:title\" content=\"Regreso a clases: Tornquist no est\u00e1 entre los distritos que empezar\u00edan. - Noticias Radio Reflejos\" \/>\n<meta property=\"og:description\" content=\"El gobernador Axel Kicillof anunci\u00f3 este s\u00e1bado las definiciones respecto a la continuidad del aislamento y detall\u00f3 que 24 ser\u00e1n los municipios que pueden volver a la presencialidad educativa.\" \/>\n<meta property=\"og:url\" content=\"https:\/\/www.noticiasradioreflejos.com.ar\/2021\/regreso-a-clases-tornquist-no-esta-entre-los-distritos-que-empezarian\/\" \/>\n<meta property=\"og:site_name\" content=\"Noticias Radio Reflejos\" \/>\n<meta property=\"article:published_time\" content=\"2020-10-12T00:29:45+00:00\" \/>\n<meta property=\"og:image\" content=\"https:\/\/www.noticiasradioreflejos.com.ar\/2021\/wp-content\/uploads\/2021\/07\/logosol300x200.png\" \/>\n\t<meta property=\"og:image:width\" content=\"300\" \/>\n\t<meta property=\"og:image:height\" content=\"200\" \/>\n\t<meta property=\"og:image:type\" content=\"image\/png\" \/>\n<meta name=\"author\" content=\"Arnaldo Botto\" \/>\n<meta name=\"twitter:card\" content=\"summary_large_image\" \/>\n<script type=\"application\/ld+json\" class=\"yoast-schema-graph\">{\"@context\":\"https:\/\/schema.org\",\"@graph\":[{\"@type\":\"WebPage\",\"@id\":\"https:\/\/www.noticiasradioreflejos.com.ar\/2021\/regreso-a-clases-tornquist-no-esta-entre-los-distritos-que-empezarian\/\",\"url\":\"https:\/\/www.noticiasradioreflejos.com.ar\/2021\/regreso-a-clases-tornquist-no-esta-entre-los-distritos-que-empezarian\/\",\"name\":\"Regreso a clases: Tornquist no est\u00e1 entre los distritos que empezar\u00edan. - Noticias Radio Reflejos\",\"isPartOf\":{\"@id\":\"https:\/\/www.noticiasradioreflejos.com.ar\/2021\/#website\"},\"datePublished\":\"2020-10-12T00:29:45+00:00\",\"author\":{\"@id\":\"https:\/\/www.noticiasradioreflejos.com.ar\/2021\/#\/schema\/person\/ad82545263dcc5ec0996818884fd5fb1\"},\"breadcrumb\":{\"@id\":\"https:\/\/www.noticiasradioreflejos.com.ar\/2021\/regreso-a-clases-tornquist-no-esta-entre-los-distritos-que-empezarian\/#breadcrumb\"},\"inLanguage\":\"es\",\"potentialAction\":[{\"@type\":\"ReadAction\",\"target\":[\"https:\/\/www.noticiasradioreflejos.com.ar\/2021\/regreso-a-clases-tornquist-no-esta-entre-los-distritos-que-empezarian\/\"]}]},{\"@type\":\"BreadcrumbList\",\"@id\":\"https:\/\/www.noticiasradioreflejos.com.ar\/2021\/regreso-a-clases-tornquist-no-esta-entre-los-distritos-que-empezarian\/#breadcrumb\",\"itemListElement\":[{\"@type\":\"ListItem\",\"position\":1,\"name\":\"Portada\",\"item\":\"https:\/\/www.noticiasradioreflejos.com.ar\/2021\/\"},{\"@type\":\"ListItem\",\"position\":2,\"name\":\"Regreso a clases: Tornquist no est\u00e1 entre los distritos que empezar\u00edan.\"}]},{\"@type\":\"WebSite\",\"@id\":\"https:\/\/www.noticiasradioreflejos.com.ar\/2021\/#website\",\"url\":\"https:\/\/www.noticiasradioreflejos.com.ar\/2021\/\",\"name\":\"Noticias Radio Reflejos\",\"description\":\"Las noticias de mi comarca\",\"potentialAction\":[{\"@type\":\"SearchAction\",\"target\":{\"@type\":\"EntryPoint\",\"urlTemplate\":\"https:\/\/www.noticiasradioreflejos.com.ar\/2021\/?s={search_term_string}\"},\"query-input\":{\"@type\":\"PropertyValueSpecification\",\"valueRequired\":true,\"valueName\":\"search_term_string\"}}],\"inLanguage\":\"es\"},{\"@type\":\"Person\",\"@id\":\"https:\/\/www.noticiasradioreflejos.com.ar\/2021\/#\/schema\/person\/ad82545263dcc5ec0996818884fd5fb1\",\"name\":\"Arnaldo Botto\",\"image\":{\"@type\":\"ImageObject\",\"inLanguage\":\"es\",\"@id\":\"https:\/\/www.noticiasradioreflejos.com.ar\/2021\/#\/schema\/person\/image\/\",\"url\":\"https:\/\/secure.gravatar.com\/avatar\/55cb5e37c1efa326397366e6974cb338056df65cb50e7d64d1cf314e87504837?s=96&d=mm&r=g\",\"contentUrl\":\"https:\/\/secure.gravatar.com\/avatar\/55cb5e37c1efa326397366e6974cb338056df65cb50e7d64d1cf314e87504837?s=96&d=mm&r=g\",\"caption\":\"Arnaldo Botto\"},\"url\":\"https:\/\/www.noticiasradioreflejos.com.ar\/2021\/author\/arnaldo\/\"}]}<\/script>\n<!-- \/ Yoast SEO plugin. -->","yoast_head_json":{"title":"Regreso a clases: Tornquist no est\u00e1 entre los distritos que empezar\u00edan. - Noticias Radio Reflejos","robots":{"index":"index","follow":"follow","max-snippet":"max-snippet:-1","max-image-preview":"max-image-preview:large","max-video-preview":"max-video-preview:-1"},"canonical":"https:\/\/www.noticiasradioreflejos.com.ar\/2021\/regreso-a-clases-tornquist-no-esta-entre-los-distritos-que-empezarian\/","og_locale":"es_ES","og_type":"article","og_title":"Regreso a clases: Tornquist no est\u00e1 entre los distritos que empezar\u00edan. - Noticias Radio Reflejos","og_description":"El gobernador Axel Kicillof anunci\u00f3 este s\u00e1bado las definiciones respecto a la continuidad del aislamento y detall\u00f3 que 24 ser\u00e1n los municipios que pueden volver a la presencialidad educativa.","og_url":"https:\/\/www.noticiasradioreflejos.com.ar\/2021\/regreso-a-clases-tornquist-no-esta-entre-los-distritos-que-empezarian\/","og_site_name":"Noticias Radio Reflejos","article_published_time":"2020-10-12T00:29:45+00:00","og_image":[{"width":300,"height":200,"url":"https:\/\/www.noticiasradioreflejos.com.ar\/2021\/wp-content\/uploads\/2021\/07\/logosol300x200.png","type":"image\/png"}],"author":"Arnaldo Botto","twitter_card":"summary_large_image","schema":{"@context":"https:\/\/schema.org","@graph":[{"@type":"WebPage","@id":"https:\/\/www.noticiasradioreflejos.com.ar\/2021\/regreso-a-clases-tornquist-no-esta-entre-los-distritos-que-empezarian\/","url":"https:\/\/www.noticiasradioreflejos.com.ar\/2021\/regreso-a-clases-tornquist-no-esta-entre-los-distritos-que-empezarian\/","name":"Regreso a clases: Tornquist no est\u00e1 entre los distritos que empezar\u00edan. - Noticias Radio Reflejos","isPartOf":{"@id":"https:\/\/www.noticiasradioreflejos.com.ar\/2021\/#website"},"datePublished":"2020-10-12T00:29:45+00:00","author":{"@id":"https:\/\/www.noticiasradioreflejos.com.ar\/2021\/#\/schema\/person\/ad82545263dcc5ec0996818884fd5fb1"},"breadcrumb":{"@id":"https:\/\/www.noticiasradioreflejos.com.ar\/2021\/regreso-a-clases-tornquist-no-esta-entre-los-distritos-que-empezarian\/#breadcrumb"},"inLanguage":"es","potentialAction":[{"@type":"ReadAction","target":["https:\/\/www.noticiasradioreflejos.com.ar\/2021\/regreso-a-clases-tornquist-no-esta-entre-los-distritos-que-empezarian\/"]}]},{"@type":"BreadcrumbList","@id":"https:\/\/www.noticiasradioreflejos.com.ar\/2021\/regreso-a-clases-tornquist-no-esta-entre-los-distritos-que-empezarian\/#breadcrumb","itemListElement":[{"@type":"ListItem","position":1,"name":"Portada","item":"https:\/\/www.noticiasradioreflejos.com.ar\/2021\/"},{"@type":"ListItem","position":2,"name":"Regreso a clases: Tornquist no est\u00e1 entre los distritos que empezar\u00edan."}]},{"@type":"WebSite","@id":"https:\/\/www.noticiasradioreflejos.com.ar\/2021\/#website","url":"https:\/\/www.noticiasradioreflejos.com.ar\/2021\/","name":"Noticias Radio Reflejos","description":"Las noticias de mi comarca","potentialAction":[{"@type":"SearchAction","target":{"@type":"EntryPoint","urlTemplate":"https:\/\/www.noticiasradioreflejos.com.ar\/2021\/?s={search_term_string}"},"query-input":{"@type":"PropertyValueSpecification","valueRequired":true,"valueName":"search_term_string"}}],"inLanguage":"es"},{"@type":"Person","@id":"https:\/\/www.noticiasradioreflejos.com.ar\/2021\/#\/schema\/person\/ad82545263dcc5ec0996818884fd5fb1","name":"Arnaldo Botto","image":{"@type":"ImageObject","inLanguage":"es","@id":"https:\/\/www.noticiasradioreflejos.com.ar\/2021\/#\/schema\/person\/image\/","url":"https:\/\/secure.gravatar.com\/avatar\/55cb5e37c1efa326397366e6974cb338056df65cb50e7d64d1cf314e87504837?s=96&d=mm&r=g","contentUrl":"https:\/\/secure.gravatar.com\/avatar\/55cb5e37c1efa326397366e6974cb338056df65cb50e7d64d1cf314e87504837?s=96&d=mm&r=g","caption":"Arnaldo Botto"},"url":"https:\/\/www.noticiasradioreflejos.com.ar\/2021\/author\/arnaldo\/"}]}},"_links":{"self":[{"href":"https:\/\/www.noticiasradioreflejos.com.ar\/2021\/wp-json\/wp\/v2\/posts\/47983","targetHints":{"allow":["GET"]}}],"collection":[{"href":"https:\/\/www.noticiasradioreflejos.com.ar\/2021\/wp-json\/wp\/v2\/posts"}],"about":[{"href":"https:\/\/www.noticiasradioreflejos.com.ar\/2021\/wp-json\/wp\/v2\/types\/post"}],"author":[{"embeddable":true,"href":"https:\/\/www.noticiasradioreflejos.com.ar\/2021\/wp-json\/wp\/v2\/users\/3"}],"replies":[{"embeddable":true,"href":"https:\/\/www.noticiasradioreflejos.com.ar\/2021\/wp-json\/wp\/v2\/comments?post=47983"}],"version-history":[{"count":0,"href":"https:\/\/www.noticiasradioreflejos.com.ar\/2021\/wp-json\/wp\/v2\/posts\/47983\/revisions"}],"wp:attachment":[{"href":"https:\/\/www.noticiasradioreflejos.com.ar\/2021\/wp-json\/wp\/v2\/media?parent=47983"}],"wp:term":[{"taxonomy":"category","embeddable":true,"href":"https:\/\/www.noticiasradioreflejos.com.ar\/2021\/wp-json\/wp\/v2\/categories?post=47983"},{"taxonomy":"post_tag","embeddable":true,"href":"https:\/\/www.noticiasradioreflejos.com.ar\/2021\/wp-json\/wp\/v2\/tags?post=47983"}],"curies":[{"name":"wp","href":"https:\/\/api.w.org\/{rel}","templated":true}]}}