{"id":47979,"date":"2020-10-11T20:18:35","date_gmt":"2020-10-11T23:18:35","guid":{"rendered":"http:\/\/www.noticiasradioreflejos.com.ar\/noticias\/?p=47979"},"modified":"2020-10-11T20:18:35","modified_gmt":"2020-10-11T23:18:35","slug":"asi-fue-la-explosion-fatal-en-el-bar-de-san-miguel-donde-una-joven-de-19-anos-murio-y-otras-ocho-personas-resultaron-heridas","status":"publish","type":"post","link":"https:\/\/www.noticiasradioreflejos.com.ar\/2021\/asi-fue-la-explosion-fatal-en-el-bar-de-san-miguel-donde-una-joven-de-19-anos-murio-y-otras-ocho-personas-resultaron-heridas\/","title":{"rendered":"As\u00ed fue la explosi\u00f3n fatal en el bar de San Miguel, donde una joven de 19 a\u00f1os muri\u00f3 y otras ocho personas resultaron heridas"},"content":{"rendered":"<p>El siniestro se produjo cuando una empleada del local intent\u00f3 recargar con alcohol un artefacto utilizado para calefaccionar las mesas. La familia pide que se cambie la car\u00e1tula de la investigaci\u00f3n a homicidio culposo.<!--more--><\/p>\n<article class=\"article | col widescreen-8 desktop-8 tablet-12 width_full\">\n<p class=\"font_tertiary paragraph\"><mark class=\"hl_yellow\"><b>El viernes a la noche una joven de 19 a\u00f1os muri\u00f3, y otras ocho personas sufrieron quemaduras de diversa gravedad, luego de que estallara un artefacto utilizado para calefaccionar las mesas en el patio de un bar de la localidad bonaerense de San Miguel.<\/b><\/mark><\/p>\n<p class=\"font_tertiary paragraph\">Tal como confirmaron los testigos, el incidente se produjo cuando una empleada intentaba recargar el calentador con un bid\u00f3n de alcohol. Las c\u00e1maras de seguridad registraron el momento del tr\u00e1gico siniestro.<\/p>\n<div class=\"jeg_video_container jeg_video_content\"><iframe loading=\"lazy\" title=\"11 de octubre de 2020\" width=\"500\" height=\"281\" src=\"https:\/\/www.youtube.com\/embed\/jaJOcHInRTw?feature=oembed\" frameborder=\"0\" allow=\"accelerometer; autoplay; clipboard-write; encrypted-media; gyroscope; picture-in-picture; web-share\" referrerpolicy=\"strict-origin-when-cross-origin\" allowfullscreen><\/iframe><\/div>\n<\/article>\n<article class=\"article | col widescreen-8 desktop-8 tablet-12 width_full\">\n<p class=\"font_tertiary paragraph\">Esta tarde, el padre de la v\u00edctima fatal denunci\u00f3 que los due\u00f1os del bar Zar Burgers \u201cnunca dieron la cara\u201d.<mark class=\"hl_yellow\"><b>\u00a0\u201cEn todos lados se prende una velita de parafina dentro de un frasco, ac\u00e1 llenaban el frasco de alcohol y lo prend\u00edan fuego\u201d<\/b><\/mark>, denunci\u00f3 Pablo en la puerta del lugar antes las c\u00e1maras de TN y lament\u00f3 que a Luc\u00eda\u00a0<b>\u201cla dejaron dos horas tirada\u201d.<\/b><\/p>\n<p class=\"font_tertiary paragraph\">Adem\u00e1s, tres j\u00f3venes, todos de entre 16 y 19 a\u00f1os, se encuentran en grave estado en el Hospital Larcade. Otros cuatro tienen quemaduras de menor gravedad. Lucia fue llevada de urgencia al Hospital Arcade de San Miguel, con\u00a0<mark class=\"hl_yellow\"><b>quemaduras en el 40 por ciento del cuerpo y compromiso de las v\u00edas respiratorias.<\/b><\/mark><\/p>\n<p class=\"font_tertiary paragraph\">El abogado de la familia detall\u00f3 que las fotos que Luc\u00eda mand\u00f3 con su celular antes del accidente se puede ver con claridad que hab\u00eda muchas m\u00e1s mesas de las correspondientes y que tampoco hab\u00eda salida de emergencia.<\/p>\n<p class=\"font_tertiary paragraph\"><mark class=\"hl_yellow\"><b>\u201cPor lo que dicen los testigos, los due\u00f1os del local se preocuparon por apagar las mesas para que no se prendan fuego, de las personas ni se ocuparon\u201d, se\u00f1al\u00f3.<\/b><\/mark><\/p>\n<\/article>\n<article class=\"article | col widescreen-8 desktop-8 tablet-12 width_full\">\n<p class=\"font_tertiary paragraph\">Seg\u00fan el letrado, la causa por el momento est\u00e1 caratulada como lesiones culposas, pero el martes se presentar\u00e1n en la Fiscal\u00eda con el objetivo de que sea modificada a homicidio culposo.<\/p>\n<picture class=\"font_tertiary visual__image\"><img loading=\"lazy\" decoding=\"async\" src=\"https:\/\/www.infobae.com\/new-resizer\/sdbwQZtXJBJ9QMCvTVU6ysJE9OM=\/420x236\/filters:format(jpg):quality(85)\/\/cloudfront-us-east-1.images.arcpublishing.com\/infobae\/CUF5TINBQZDXFL5BVB57TCTR6Y.jpg\" alt=\"infobae-image\" width=\"1920\" height=\"1080\" \/><\/picture>\n<p class=\"font_tertiary paragraph\">La familia de Lucia tambi\u00e9n reclama la devoluci\u00f3n de sus objetos personales -la cartera y el celular- que hasta el momento no aparecieron. Tambi\u00e9n pidieron que cualquier testigo del hecho que no haya aportado su testimonio se acerque a la Justicia.<\/p>\n<p class=\"font_tertiary paragraph\">La denuncia del hecho qued\u00f3 radicada en la Comisar\u00eda N\u00b0 1 de San Miguel, que dio intervenci\u00f3n a la Unidad Funcional de Instrucci\u00f3n (UFI) N\u00ba 4 de delitos culposos de San Mart\u00edn, para que contin\u00fae la investigaci\u00f3n de lo ocurrido.<\/p>\n<p class=\"font_tertiary paragraph\">Por su parte, el bar emiti\u00f3 un comunicado en el que sus propietarios manifestaron que lamentan \u201cprofundamente los hechos sucedidos\u201d en la noche del viernes y acompa\u00f1an a la familia de la v\u00edctima.<\/p>\n<p class=\"font_tertiary paragraph\">\u201cEsperamos el pronto restablecimiento de los chicos heridos. Desde el primer momento, enfocamos todo nuestro esfuerzo para el esclarecimiento de lo ocurrido, colaborando con la Justicia\u201d, expresaron los due\u00f1os del lugar que, de acuerdo con lo que trascendi\u00f3, permanec\u00eda clausurado de forma preventiva por el municipio.<\/p>\n<p class=\"font_tertiary paragraph\"><mark class=\"hl_yellow\"><b>Los familiares de la chica organizaron una marcha para pedir justicia a realizarse el pr\u00f3ximo mi\u00e9rcoles a las 16:00, en la Plaza San Mart\u00edn.<\/b><\/mark><\/p>\n<p class=\"font_tertiary paragraph\">En un comunicado que fue difundido a trav\u00e9s de redes sociales se\u00f1alan que \u201chicieron abandono de persona\u201d con la joven. \u201cA Lucy la dejaron morir, con ella hicieron abandono de persona, los mismos amigos de la mesa confirman que intentaron apagarle el fuego de su cuerpo con camperas que nos terminan entregando como pertenencias de ella\u201d, se\u00f1alaron.<\/p>\n<\/article>\n<p class=\"font_tertiary paragraph\" style=\"text-align: left;\"><span style=\"color: #ff6600;\"><strong>Fuente Infobae<\/strong><\/span><\/p>\n","protected":false},"excerpt":{"rendered":"<p>El siniestro se produjo cuando una empleada del local intent\u00f3 recargar con alcohol un artefacto utilizado para calefaccionar las mesas. La familia pide que se cambie la car\u00e1tula de la investigaci\u00f3n a homicidio culposo.<\/p>\n","protected":false},"author":3,"featured_media":0,"comment_status":"closed","ping_status":"open","sticky":false,"template":"","format":"standard","meta":{"footnotes":""},"categories":[24],"tags":[],"class_list":["post-47979","post","type-post","status-publish","format-standard","hentry","category-politica"],"yoast_head":"<!-- This site is optimized with the Yoast SEO plugin v25.9 - https:\/\/yoast.com\/wordpress\/plugins\/seo\/ -->\n<title>As\u00ed fue la explosi\u00f3n fatal en el bar de San Miguel, donde una joven de 19 a\u00f1os muri\u00f3 y otras ocho personas resultaron heridas - Noticias Radio Reflejos<\/title>\n<meta name=\"robots\" content=\"index, follow, max-snippet:-1, max-image-preview:large, max-video-preview:-1\" \/>\n<link rel=\"canonical\" href=\"https:\/\/www.noticiasradioreflejos.com.ar\/2021\/asi-fue-la-explosion-fatal-en-el-bar-de-san-miguel-donde-una-joven-de-19-anos-murio-y-otras-ocho-personas-resultaron-heridas\/\" \/>\n<meta property=\"og:locale\" content=\"es_ES\" \/>\n<meta property=\"og:type\" content=\"article\" \/>\n<meta property=\"og:title\" content=\"As\u00ed fue la explosi\u00f3n fatal en el bar de San Miguel, donde una joven de 19 a\u00f1os muri\u00f3 y otras ocho personas resultaron heridas - Noticias Radio Reflejos\" \/>\n<meta property=\"og:description\" content=\"El siniestro se produjo cuando una empleada del local intent\u00f3 recargar con alcohol un artefacto utilizado para calefaccionar las mesas. La familia pide que se cambie la car\u00e1tula de la investigaci\u00f3n a homicidio culposo.\" \/>\n<meta property=\"og:url\" content=\"https:\/\/www.noticiasradioreflejos.com.ar\/2021\/asi-fue-la-explosion-fatal-en-el-bar-de-san-miguel-donde-una-joven-de-19-anos-murio-y-otras-ocho-personas-resultaron-heridas\/\" \/>\n<meta property=\"og:site_name\" content=\"Noticias Radio Reflejos\" \/>\n<meta property=\"article:published_time\" content=\"2020-10-11T23:18:35+00:00\" \/>\n<meta property=\"og:image\" content=\"https:\/\/www.infobae.com\/new-resizer\/sdbwQZtXJBJ9QMCvTVU6ysJE9OM=\/420x236\/filters:format(jpg):quality(85)\/\/cloudfront-us-east-1.images.arcpublishing.com\/infobae\/CUF5TINBQZDXFL5BVB57TCTR6Y.jpg\" \/>\n<meta name=\"author\" content=\"Arnaldo Botto\" \/>\n<meta name=\"twitter:card\" content=\"summary_large_image\" \/>\n<script type=\"application\/ld+json\" class=\"yoast-schema-graph\">{\"@context\":\"https:\/\/schema.org\",\"@graph\":[{\"@type\":\"WebPage\",\"@id\":\"https:\/\/www.noticiasradioreflejos.com.ar\/2021\/asi-fue-la-explosion-fatal-en-el-bar-de-san-miguel-donde-una-joven-de-19-anos-murio-y-otras-ocho-personas-resultaron-heridas\/\",\"url\":\"https:\/\/www.noticiasradioreflejos.com.ar\/2021\/asi-fue-la-explosion-fatal-en-el-bar-de-san-miguel-donde-una-joven-de-19-anos-murio-y-otras-ocho-personas-resultaron-heridas\/\",\"name\":\"As\u00ed fue la explosi\u00f3n fatal en el bar de San Miguel, donde una joven de 19 a\u00f1os muri\u00f3 y otras ocho personas resultaron heridas - Noticias Radio Reflejos\",\"isPartOf\":{\"@id\":\"https:\/\/www.noticiasradioreflejos.com.ar\/2021\/#website\"},\"primaryImageOfPage\":{\"@id\":\"https:\/\/www.noticiasradioreflejos.com.ar\/2021\/asi-fue-la-explosion-fatal-en-el-bar-de-san-miguel-donde-una-joven-de-19-anos-murio-y-otras-ocho-personas-resultaron-heridas\/#primaryimage\"},\"image\":{\"@id\":\"https:\/\/www.noticiasradioreflejos.com.ar\/2021\/asi-fue-la-explosion-fatal-en-el-bar-de-san-miguel-donde-una-joven-de-19-anos-murio-y-otras-ocho-personas-resultaron-heridas\/#primaryimage\"},\"thumbnailUrl\":\"https:\/\/www.infobae.com\/new-resizer\/sdbwQZtXJBJ9QMCvTVU6ysJE9OM=\/420x236\/filters:format(jpg):quality(85)\/\/cloudfront-us-east-1.images.arcpublishing.com\/infobae\/CUF5TINBQZDXFL5BVB57TCTR6Y.jpg\",\"datePublished\":\"2020-10-11T23:18:35+00:00\",\"author\":{\"@id\":\"https:\/\/www.noticiasradioreflejos.com.ar\/2021\/#\/schema\/person\/ad82545263dcc5ec0996818884fd5fb1\"},\"breadcrumb\":{\"@id\":\"https:\/\/www.noticiasradioreflejos.com.ar\/2021\/asi-fue-la-explosion-fatal-en-el-bar-de-san-miguel-donde-una-joven-de-19-anos-murio-y-otras-ocho-personas-resultaron-heridas\/#breadcrumb\"},\"inLanguage\":\"es\",\"potentialAction\":[{\"@type\":\"ReadAction\",\"target\":[\"https:\/\/www.noticiasradioreflejos.com.ar\/2021\/asi-fue-la-explosion-fatal-en-el-bar-de-san-miguel-donde-una-joven-de-19-anos-murio-y-otras-ocho-personas-resultaron-heridas\/\"]}]},{\"@type\":\"ImageObject\",\"inLanguage\":\"es\",\"@id\":\"https:\/\/www.noticiasradioreflejos.com.ar\/2021\/asi-fue-la-explosion-fatal-en-el-bar-de-san-miguel-donde-una-joven-de-19-anos-murio-y-otras-ocho-personas-resultaron-heridas\/#primaryimage\",\"url\":\"https:\/\/www.infobae.com\/new-resizer\/sdbwQZtXJBJ9QMCvTVU6ysJE9OM=\/420x236\/filters:format(jpg):quality(85)\/\/cloudfront-us-east-1.images.arcpublishing.com\/infobae\/CUF5TINBQZDXFL5BVB57TCTR6Y.jpg\",\"contentUrl\":\"https:\/\/www.infobae.com\/new-resizer\/sdbwQZtXJBJ9QMCvTVU6ysJE9OM=\/420x236\/filters:format(jpg):quality(85)\/\/cloudfront-us-east-1.images.arcpublishing.com\/infobae\/CUF5TINBQZDXFL5BVB57TCTR6Y.jpg\"},{\"@type\":\"BreadcrumbList\",\"@id\":\"https:\/\/www.noticiasradioreflejos.com.ar\/2021\/asi-fue-la-explosion-fatal-en-el-bar-de-san-miguel-donde-una-joven-de-19-anos-murio-y-otras-ocho-personas-resultaron-heridas\/#breadcrumb\",\"itemListElement\":[{\"@type\":\"ListItem\",\"position\":1,\"name\":\"Portada\",\"item\":\"https:\/\/www.noticiasradioreflejos.com.ar\/2021\/\"},{\"@type\":\"ListItem\",\"position\":2,\"name\":\"As\u00ed fue la explosi\u00f3n fatal en el bar de San Miguel, donde una joven de 19 a\u00f1os muri\u00f3 y otras ocho personas resultaron heridas\"}]},{\"@type\":\"WebSite\",\"@id\":\"https:\/\/www.noticiasradioreflejos.com.ar\/2021\/#website\",\"url\":\"https:\/\/www.noticiasradioreflejos.com.ar\/2021\/\",\"name\":\"Noticias Radio Reflejos\",\"description\":\"Las noticias de mi comarca\",\"potentialAction\":[{\"@type\":\"SearchAction\",\"target\":{\"@type\":\"EntryPoint\",\"urlTemplate\":\"https:\/\/www.noticiasradioreflejos.com.ar\/2021\/?s={search_term_string}\"},\"query-input\":{\"@type\":\"PropertyValueSpecification\",\"valueRequired\":true,\"valueName\":\"search_term_string\"}}],\"inLanguage\":\"es\"},{\"@type\":\"Person\",\"@id\":\"https:\/\/www.noticiasradioreflejos.com.ar\/2021\/#\/schema\/person\/ad82545263dcc5ec0996818884fd5fb1\",\"name\":\"Arnaldo Botto\",\"image\":{\"@type\":\"ImageObject\",\"inLanguage\":\"es\",\"@id\":\"https:\/\/www.noticiasradioreflejos.com.ar\/2021\/#\/schema\/person\/image\/\",\"url\":\"https:\/\/secure.gravatar.com\/avatar\/55cb5e37c1efa326397366e6974cb338056df65cb50e7d64d1cf314e87504837?s=96&d=mm&r=g\",\"contentUrl\":\"https:\/\/secure.gravatar.com\/avatar\/55cb5e37c1efa326397366e6974cb338056df65cb50e7d64d1cf314e87504837?s=96&d=mm&r=g\",\"caption\":\"Arnaldo Botto\"},\"url\":\"https:\/\/www.noticiasradioreflejos.com.ar\/2021\/author\/arnaldo\/\"}]}<\/script>\n<!-- \/ Yoast SEO plugin. -->","yoast_head_json":{"title":"As\u00ed fue la explosi\u00f3n fatal en el bar de San Miguel, donde una joven de 19 a\u00f1os muri\u00f3 y otras ocho personas resultaron heridas - Noticias Radio Reflejos","robots":{"index":"index","follow":"follow","max-snippet":"max-snippet:-1","max-image-preview":"max-image-preview:large","max-video-preview":"max-video-preview:-1"},"canonical":"https:\/\/www.noticiasradioreflejos.com.ar\/2021\/asi-fue-la-explosion-fatal-en-el-bar-de-san-miguel-donde-una-joven-de-19-anos-murio-y-otras-ocho-personas-resultaron-heridas\/","og_locale":"es_ES","og_type":"article","og_title":"As\u00ed fue la explosi\u00f3n fatal en el bar de San Miguel, donde una joven de 19 a\u00f1os muri\u00f3 y otras ocho personas resultaron heridas - Noticias Radio Reflejos","og_description":"El siniestro se produjo cuando una empleada del local intent\u00f3 recargar con alcohol un artefacto utilizado para calefaccionar las mesas. La familia pide que se cambie la car\u00e1tula de la investigaci\u00f3n a homicidio culposo.","og_url":"https:\/\/www.noticiasradioreflejos.com.ar\/2021\/asi-fue-la-explosion-fatal-en-el-bar-de-san-miguel-donde-una-joven-de-19-anos-murio-y-otras-ocho-personas-resultaron-heridas\/","og_site_name":"Noticias Radio Reflejos","article_published_time":"2020-10-11T23:18:35+00:00","og_image":[{"url":"https:\/\/www.infobae.com\/new-resizer\/sdbwQZtXJBJ9QMCvTVU6ysJE9OM=\/420x236\/filters:format(jpg):quality(85)\/\/cloudfront-us-east-1.images.arcpublishing.com\/infobae\/CUF5TINBQZDXFL5BVB57TCTR6Y.jpg","type":"","width":"","height":""}],"author":"Arnaldo Botto","twitter_card":"summary_large_image","schema":{"@context":"https:\/\/schema.org","@graph":[{"@type":"WebPage","@id":"https:\/\/www.noticiasradioreflejos.com.ar\/2021\/asi-fue-la-explosion-fatal-en-el-bar-de-san-miguel-donde-una-joven-de-19-anos-murio-y-otras-ocho-personas-resultaron-heridas\/","url":"https:\/\/www.noticiasradioreflejos.com.ar\/2021\/asi-fue-la-explosion-fatal-en-el-bar-de-san-miguel-donde-una-joven-de-19-anos-murio-y-otras-ocho-personas-resultaron-heridas\/","name":"As\u00ed fue la explosi\u00f3n fatal en el bar de San Miguel, donde una joven de 19 a\u00f1os muri\u00f3 y otras ocho personas resultaron heridas - Noticias Radio Reflejos","isPartOf":{"@id":"https:\/\/www.noticiasradioreflejos.com.ar\/2021\/#website"},"primaryImageOfPage":{"@id":"https:\/\/www.noticiasradioreflejos.com.ar\/2021\/asi-fue-la-explosion-fatal-en-el-bar-de-san-miguel-donde-una-joven-de-19-anos-murio-y-otras-ocho-personas-resultaron-heridas\/#primaryimage"},"image":{"@id":"https:\/\/www.noticiasradioreflejos.com.ar\/2021\/asi-fue-la-explosion-fatal-en-el-bar-de-san-miguel-donde-una-joven-de-19-anos-murio-y-otras-ocho-personas-resultaron-heridas\/#primaryimage"},"thumbnailUrl":"https:\/\/www.infobae.com\/new-resizer\/sdbwQZtXJBJ9QMCvTVU6ysJE9OM=\/420x236\/filters:format(jpg):quality(85)\/\/cloudfront-us-east-1.images.arcpublishing.com\/infobae\/CUF5TINBQZDXFL5BVB57TCTR6Y.jpg","datePublished":"2020-10-11T23:18:35+00:00","author":{"@id":"https:\/\/www.noticiasradioreflejos.com.ar\/2021\/#\/schema\/person\/ad82545263dcc5ec0996818884fd5fb1"},"breadcrumb":{"@id":"https:\/\/www.noticiasradioreflejos.com.ar\/2021\/asi-fue-la-explosion-fatal-en-el-bar-de-san-miguel-donde-una-joven-de-19-anos-murio-y-otras-ocho-personas-resultaron-heridas\/#breadcrumb"},"inLanguage":"es","potentialAction":[{"@type":"ReadAction","target":["https:\/\/www.noticiasradioreflejos.com.ar\/2021\/asi-fue-la-explosion-fatal-en-el-bar-de-san-miguel-donde-una-joven-de-19-anos-murio-y-otras-ocho-personas-resultaron-heridas\/"]}]},{"@type":"ImageObject","inLanguage":"es","@id":"https:\/\/www.noticiasradioreflejos.com.ar\/2021\/asi-fue-la-explosion-fatal-en-el-bar-de-san-miguel-donde-una-joven-de-19-anos-murio-y-otras-ocho-personas-resultaron-heridas\/#primaryimage","url":"https:\/\/www.infobae.com\/new-resizer\/sdbwQZtXJBJ9QMCvTVU6ysJE9OM=\/420x236\/filters:format(jpg):quality(85)\/\/cloudfront-us-east-1.images.arcpublishing.com\/infobae\/CUF5TINBQZDXFL5BVB57TCTR6Y.jpg","contentUrl":"https:\/\/www.infobae.com\/new-resizer\/sdbwQZtXJBJ9QMCvTVU6ysJE9OM=\/420x236\/filters:format(jpg):quality(85)\/\/cloudfront-us-east-1.images.arcpublishing.com\/infobae\/CUF5TINBQZDXFL5BVB57TCTR6Y.jpg"},{"@type":"BreadcrumbList","@id":"https:\/\/www.noticiasradioreflejos.com.ar\/2021\/asi-fue-la-explosion-fatal-en-el-bar-de-san-miguel-donde-una-joven-de-19-anos-murio-y-otras-ocho-personas-resultaron-heridas\/#breadcrumb","itemListElement":[{"@type":"ListItem","position":1,"name":"Portada","item":"https:\/\/www.noticiasradioreflejos.com.ar\/2021\/"},{"@type":"ListItem","position":2,"name":"As\u00ed fue la explosi\u00f3n fatal en el bar de San Miguel, donde una joven de 19 a\u00f1os muri\u00f3 y otras ocho personas resultaron heridas"}]},{"@type":"WebSite","@id":"https:\/\/www.noticiasradioreflejos.com.ar\/2021\/#website","url":"https:\/\/www.noticiasradioreflejos.com.ar\/2021\/","name":"Noticias Radio Reflejos","description":"Las noticias de mi comarca","potentialAction":[{"@type":"SearchAction","target":{"@type":"EntryPoint","urlTemplate":"https:\/\/www.noticiasradioreflejos.com.ar\/2021\/?s={search_term_string}"},"query-input":{"@type":"PropertyValueSpecification","valueRequired":true,"valueName":"search_term_string"}}],"inLanguage":"es"},{"@type":"Person","@id":"https:\/\/www.noticiasradioreflejos.com.ar\/2021\/#\/schema\/person\/ad82545263dcc5ec0996818884fd5fb1","name":"Arnaldo Botto","image":{"@type":"ImageObject","inLanguage":"es","@id":"https:\/\/www.noticiasradioreflejos.com.ar\/2021\/#\/schema\/person\/image\/","url":"https:\/\/secure.gravatar.com\/avatar\/55cb5e37c1efa326397366e6974cb338056df65cb50e7d64d1cf314e87504837?s=96&d=mm&r=g","contentUrl":"https:\/\/secure.gravatar.com\/avatar\/55cb5e37c1efa326397366e6974cb338056df65cb50e7d64d1cf314e87504837?s=96&d=mm&r=g","caption":"Arnaldo Botto"},"url":"https:\/\/www.noticiasradioreflejos.com.ar\/2021\/author\/arnaldo\/"}]}},"_links":{"self":[{"href":"https:\/\/www.noticiasradioreflejos.com.ar\/2021\/wp-json\/wp\/v2\/posts\/47979","targetHints":{"allow":["GET"]}}],"collection":[{"href":"https:\/\/www.noticiasradioreflejos.com.ar\/2021\/wp-json\/wp\/v2\/posts"}],"about":[{"href":"https:\/\/www.noticiasradioreflejos.com.ar\/2021\/wp-json\/wp\/v2\/types\/post"}],"author":[{"embeddable":true,"href":"https:\/\/www.noticiasradioreflejos.com.ar\/2021\/wp-json\/wp\/v2\/users\/3"}],"replies":[{"embeddable":true,"href":"https:\/\/www.noticiasradioreflejos.com.ar\/2021\/wp-json\/wp\/v2\/comments?post=47979"}],"version-history":[{"count":0,"href":"https:\/\/www.noticiasradioreflejos.com.ar\/2021\/wp-json\/wp\/v2\/posts\/47979\/revisions"}],"wp:attachment":[{"href":"https:\/\/www.noticiasradioreflejos.com.ar\/2021\/wp-json\/wp\/v2\/media?parent=47979"}],"wp:term":[{"taxonomy":"category","embeddable":true,"href":"https:\/\/www.noticiasradioreflejos.com.ar\/2021\/wp-json\/wp\/v2\/categories?post=47979"},{"taxonomy":"post_tag","embeddable":true,"href":"https:\/\/www.noticiasradioreflejos.com.ar\/2021\/wp-json\/wp\/v2\/tags?post=47979"}],"curies":[{"name":"wp","href":"https:\/\/api.w.org\/{rel}","templated":true}]}}