{"id":47974,"date":"2020-10-11T16:35:26","date_gmt":"2020-10-11T19:35:26","guid":{"rendered":"http:\/\/www.noticiasradioreflejos.com.ar\/noticias\/?p=47974"},"modified":"2020-10-11T16:35:26","modified_gmt":"2020-10-11T19:35:26","slug":"caso-neuss-en-el-femicido-hubo-un-forcejeo-y-detectan-signos-de-defensa-en-la-mujer","status":"publish","type":"post","link":"https:\/\/www.noticiasradioreflejos.com.ar\/2021\/caso-neuss-en-el-femicido-hubo-un-forcejeo-y-detectan-signos-de-defensa-en-la-mujer\/","title":{"rendered":"Caso Neuss: En el femicido hubo un forcejeo y detectan signos de defensa en la mujer."},"content":{"rendered":"<p>Los m\u00e9dicos forenses confirmaron que el empresario Jorge Neuss asesin\u00f3 ayer en el country Martindale de Pilar a su esposa Silvia Saravia de un \u00fanico disparo en la cabeza luego de un forcejeo que dej\u00f3 signos de defensa en la mujer y un roce de bala en una mano del propio femicida, informaron hoy fuentes de la investigaci\u00f3n.<!--more--><\/p>\n<p>As\u00ed se desprende de los primeros resultados de las autopsias realizadas esta madrugada en la morgue que funciona en el Hospital de San Fernando y de acuerdo a lo que los peritos le adelantaron a la fiscal de la causa, Mar\u00eda Jos\u00e9 Basiglio, todo indica que se trat\u00f3 de un femicidio seguido de suicidio.<\/p>\n<p>\u00abEst\u00e1 pr\u00e1cticamente descartada la hip\u00f3tesis de un pacto suicida. Las autopsias y lo que se vio en la escena nos hacen pensar en que Neuss sorprendi\u00f3 a su mujer cuando ella fue al ba\u00f1o, luch\u00f3, la domin\u00f3 tom\u00e1ndola del cabello, la asesin\u00f3 y luego se dispar\u00f3 en la cabeza\u00bb, confi\u00f3 a T\u00e9lam una fuente judicial.<\/p>\n<p>En el caso de Saravia (69), los m\u00e9dicos detectaron que el disparo ingres\u00f3 por la regi\u00f3n posterior lateral derecha del cr\u00e1neo (por detr\u00e1s y arriba de la oreja), sali\u00f3 por detr\u00e1s de la oreja izquierda, volvi\u00f3 a ingresar al cuerpo por el hombro izquierdo y el proyectil qued\u00f3 alojado en el brazo, de donde fue extra\u00eddo con una gran deformaci\u00f3n.<\/p>\n<p>Seg\u00fan las fuentes de la investigaci\u00f3n consultadas por T\u00e9lam, el disparo fue realizado con el rev\u00f3lver calibre .357 Magnum apoyado y que Saravia ten\u00eda la cabeza reclinada sobre su hombro izquierdo cuando recibi\u00f3 el tiro.<\/p>\n<p>Adem\u00e1s, los pesquisas obtuvieron una serie de indicios que refuerzan la hip\u00f3tesis de que la mujer fue sorprendida cuando se encontraba en el ba\u00f1o.<\/p>\n<p>\u00abTen\u00eda algunos hematomas y signos de defensa en las manos y los antebrazos\u00bb, agreg\u00f3 uno de los investigadores que detall\u00f3 que la data de muerte de Saravia se estim\u00f3 entre las 11.30 y las 12 de ayer.<\/p>\n<p>Respecto a Neuss (73), quien muri\u00f3 a las 14.20 en el Hospital Austral de Pilar, los peritos confirmaron que se peg\u00f3 el tiro en el vestidor-antesala del ba\u00f1o en suite, mirando hacia su mujer ya asesinada.<\/p>\n<p>El disparo suicida ingres\u00f3 por la sien derecha, su trayectoria fue de derecha a izquierda y con una inclinaci\u00f3n de arriba hacia abajo; sali\u00f3 por el lado opuesto del cr\u00e1neo y se incrust\u00f3 en el lateral izquierdo del techo a dos aguas de madera de ese sector de la habitaci\u00f3n.<\/p>\n<p>En la autopsia los m\u00e9dicos forenses tambi\u00e9n detectaron que al dispararle a su esposa, el empresario se autolesion\u00f3 con ese mismo disparo en su mano izquierda, en la regi\u00f3n del dedo pulgar, lo que hace presumir que la ten\u00eda tomada del cabello cuando forcejeaba, le apoy\u00f3 el arma y gatill\u00f3.<\/p>\n<p>El rev\u00f3lver calibre .357 qued\u00f3 tirado a los pies de Neuss y al ser secuestrado se detect\u00f3 que de las seis balas que carga, dos quedaron percutadas en el tambor.<\/p>\n<p>Por su parte, la fiscal Basiglio, de la Unidad Funcional de Instrucci\u00f3n (UFI) de Violencia de G\u00e9nero de Pilar, ya solicit\u00f3 a la Agencia Nacional de Materiales Controlados (Anmac) un informe sobre ese rev\u00f3lver para saber si Neuss era su propietario y leg\u00edtimo tenedor de armas.<\/p>\n<p>En tanto, a pedido de la fiscal, un grupo de la divisi\u00f3n Casos Especiales de la Superintendencia de Polic\u00eda Cient\u00edfica de la polic\u00eda bonaerense, regres\u00f3 esta ma\u00f1ana a la casa para hacer un segundo relevamiento de la escena y para ver si lograban encontrar el proyectil suicida de Neuss incrustado en el techo.<\/p>\n<p>A su vez, la instructora judicial les tom\u00f3 declaraci\u00f3n testimonial a las dos empeladas dom\u00e9sticas que se encontraban en el lugar del hecho y que coincidieron en que al escuchar los disparos subieron a la planta alta y advirtieron que la puerta de la suite matrimonial estaba trabada.<\/p>\n<p>Ante esta situaci\u00f3n, las testigos dijeron que llamaron llamaron al hijo de la pareja, de 35 a\u00f1os y que reside en otra propiedad del mismo country, y \u00e9ste fue quien forz\u00f3 la puerta para poder entrara a la habitaci\u00f3n y hallar a sus padres baleados.<\/p>\n<p>El hecho ocurri\u00f3 ayer al mediod\u00eda en el barrio cerrado Martindale, ubicado en la localidad de Presidente Derqui, de Pilar, en la zona norte del conurbano.<\/p>\n<p>Tras un llamado al 911, la mujer fue encontrada muerta de un balazo en el ba\u00f1o en suite, mientras que el empresario tambi\u00e9n presentaba un tiro pero a\u00fan viv\u00eda, por lo que fue llevado al Hospital Austral donde muri\u00f3 poco despu\u00e9s.<\/p>\n<p>Neuss era uno de los due\u00f1os de un conglomerado que hace 120 a\u00f1os desarrolla sus actividades en el pa\u00eds, cuyo inicio fue la fundaci\u00f3n, en 1881, de Soda Neuss Belgrano.<\/p>\n<p>En la d\u00e9cada del 80, Jorge Neuss (h) continu\u00f3 los negocios relacionados con la energ\u00eda y los servicios financieros e incorpor\u00f3 al rubro inmobiliario.<\/p>\n<p>Por su parte, Saravia era hija del due\u00f1o de una joyer\u00eda ubicada en el barrio porte\u00f1o de Recoleta y hab\u00eda sido amiga y compa\u00f1era de cursada en la carrera de Sociolog\u00eda de Mar\u00eda Marta Garc\u00eda Belsunce (50), asesinada en 2002 en el country Carmel de Pilar.<\/p>\n<p>Mientras que en el mismo barrio cerrado Martindale, el 21 de agosto de 2015 Fernando Farr\u00e9 asesin\u00f3 a cuchilladas a su mujer Claudia Schaefer (44) por el cual fue condenado a prisi\u00f3n perpetua.<\/p>\n","protected":false},"excerpt":{"rendered":"<p>Los m\u00e9dicos forenses confirmaron que el empresario Jorge Neuss asesin\u00f3 ayer en el country Martindale de Pilar a su esposa Silvia Saravia de un \u00fanico disparo en la cabeza luego de un forcejeo que dej\u00f3 signos de defensa en la mujer y un roce de bala en una mano del propio femicida, informaron hoy fuentes [&hellip;]<\/p>\n","protected":false},"author":3,"featured_media":0,"comment_status":"closed","ping_status":"open","sticky":false,"template":"","format":"standard","meta":{"footnotes":""},"categories":[29],"tags":[],"class_list":["post-47974","post","type-post","status-publish","format-standard","hentry","category-policiales"],"yoast_head":"<!-- This site is optimized with the Yoast SEO plugin v25.9 - https:\/\/yoast.com\/wordpress\/plugins\/seo\/ -->\n<title>Caso Neuss: En el femicido hubo un forcejeo y detectan signos de defensa en la mujer. - Noticias Radio Reflejos<\/title>\n<meta name=\"robots\" content=\"index, follow, max-snippet:-1, max-image-preview:large, max-video-preview:-1\" \/>\n<link rel=\"canonical\" href=\"https:\/\/www.noticiasradioreflejos.com.ar\/2021\/caso-neuss-en-el-femicido-hubo-un-forcejeo-y-detectan-signos-de-defensa-en-la-mujer\/\" \/>\n<meta property=\"og:locale\" content=\"es_ES\" \/>\n<meta property=\"og:type\" content=\"article\" \/>\n<meta property=\"og:title\" content=\"Caso Neuss: En el femicido hubo un forcejeo y detectan signos de defensa en la mujer. - Noticias Radio Reflejos\" \/>\n<meta property=\"og:description\" content=\"Los m\u00e9dicos forenses confirmaron que el empresario Jorge Neuss asesin\u00f3 ayer en el country Martindale de Pilar a su esposa Silvia Saravia de un \u00fanico disparo en la cabeza luego de un forcejeo que dej\u00f3 signos de defensa en la mujer y un roce de bala en una mano del propio femicida, informaron hoy fuentes [&hellip;]\" \/>\n<meta property=\"og:url\" content=\"https:\/\/www.noticiasradioreflejos.com.ar\/2021\/caso-neuss-en-el-femicido-hubo-un-forcejeo-y-detectan-signos-de-defensa-en-la-mujer\/\" \/>\n<meta property=\"og:site_name\" content=\"Noticias Radio Reflejos\" \/>\n<meta property=\"article:published_time\" content=\"2020-10-11T19:35:26+00:00\" \/>\n<meta property=\"og:image\" content=\"https:\/\/www.noticiasradioreflejos.com.ar\/2021\/wp-content\/uploads\/2021\/07\/logosol300x200.png\" \/>\n\t<meta property=\"og:image:width\" content=\"300\" \/>\n\t<meta property=\"og:image:height\" content=\"200\" \/>\n\t<meta property=\"og:image:type\" content=\"image\/png\" \/>\n<meta name=\"author\" content=\"Arnaldo Botto\" \/>\n<meta name=\"twitter:card\" content=\"summary_large_image\" \/>\n<script type=\"application\/ld+json\" class=\"yoast-schema-graph\">{\"@context\":\"https:\/\/schema.org\",\"@graph\":[{\"@type\":\"WebPage\",\"@id\":\"https:\/\/www.noticiasradioreflejos.com.ar\/2021\/caso-neuss-en-el-femicido-hubo-un-forcejeo-y-detectan-signos-de-defensa-en-la-mujer\/\",\"url\":\"https:\/\/www.noticiasradioreflejos.com.ar\/2021\/caso-neuss-en-el-femicido-hubo-un-forcejeo-y-detectan-signos-de-defensa-en-la-mujer\/\",\"name\":\"Caso Neuss: En el femicido hubo un forcejeo y detectan signos de defensa en la mujer. - Noticias Radio Reflejos\",\"isPartOf\":{\"@id\":\"https:\/\/www.noticiasradioreflejos.com.ar\/2021\/#website\"},\"datePublished\":\"2020-10-11T19:35:26+00:00\",\"author\":{\"@id\":\"https:\/\/www.noticiasradioreflejos.com.ar\/2021\/#\/schema\/person\/ad82545263dcc5ec0996818884fd5fb1\"},\"breadcrumb\":{\"@id\":\"https:\/\/www.noticiasradioreflejos.com.ar\/2021\/caso-neuss-en-el-femicido-hubo-un-forcejeo-y-detectan-signos-de-defensa-en-la-mujer\/#breadcrumb\"},\"inLanguage\":\"es\",\"potentialAction\":[{\"@type\":\"ReadAction\",\"target\":[\"https:\/\/www.noticiasradioreflejos.com.ar\/2021\/caso-neuss-en-el-femicido-hubo-un-forcejeo-y-detectan-signos-de-defensa-en-la-mujer\/\"]}]},{\"@type\":\"BreadcrumbList\",\"@id\":\"https:\/\/www.noticiasradioreflejos.com.ar\/2021\/caso-neuss-en-el-femicido-hubo-un-forcejeo-y-detectan-signos-de-defensa-en-la-mujer\/#breadcrumb\",\"itemListElement\":[{\"@type\":\"ListItem\",\"position\":1,\"name\":\"Portada\",\"item\":\"https:\/\/www.noticiasradioreflejos.com.ar\/2021\/\"},{\"@type\":\"ListItem\",\"position\":2,\"name\":\"Caso Neuss: En el femicido hubo un forcejeo y detectan signos de defensa en la mujer.\"}]},{\"@type\":\"WebSite\",\"@id\":\"https:\/\/www.noticiasradioreflejos.com.ar\/2021\/#website\",\"url\":\"https:\/\/www.noticiasradioreflejos.com.ar\/2021\/\",\"name\":\"Noticias Radio Reflejos\",\"description\":\"Las noticias de mi comarca\",\"potentialAction\":[{\"@type\":\"SearchAction\",\"target\":{\"@type\":\"EntryPoint\",\"urlTemplate\":\"https:\/\/www.noticiasradioreflejos.com.ar\/2021\/?s={search_term_string}\"},\"query-input\":{\"@type\":\"PropertyValueSpecification\",\"valueRequired\":true,\"valueName\":\"search_term_string\"}}],\"inLanguage\":\"es\"},{\"@type\":\"Person\",\"@id\":\"https:\/\/www.noticiasradioreflejos.com.ar\/2021\/#\/schema\/person\/ad82545263dcc5ec0996818884fd5fb1\",\"name\":\"Arnaldo Botto\",\"image\":{\"@type\":\"ImageObject\",\"inLanguage\":\"es\",\"@id\":\"https:\/\/www.noticiasradioreflejos.com.ar\/2021\/#\/schema\/person\/image\/\",\"url\":\"https:\/\/secure.gravatar.com\/avatar\/55cb5e37c1efa326397366e6974cb338056df65cb50e7d64d1cf314e87504837?s=96&d=mm&r=g\",\"contentUrl\":\"https:\/\/secure.gravatar.com\/avatar\/55cb5e37c1efa326397366e6974cb338056df65cb50e7d64d1cf314e87504837?s=96&d=mm&r=g\",\"caption\":\"Arnaldo Botto\"},\"url\":\"https:\/\/www.noticiasradioreflejos.com.ar\/2021\/author\/arnaldo\/\"}]}<\/script>\n<!-- \/ Yoast SEO plugin. -->","yoast_head_json":{"title":"Caso Neuss: En el femicido hubo un forcejeo y detectan signos de defensa en la mujer. - Noticias Radio Reflejos","robots":{"index":"index","follow":"follow","max-snippet":"max-snippet:-1","max-image-preview":"max-image-preview:large","max-video-preview":"max-video-preview:-1"},"canonical":"https:\/\/www.noticiasradioreflejos.com.ar\/2021\/caso-neuss-en-el-femicido-hubo-un-forcejeo-y-detectan-signos-de-defensa-en-la-mujer\/","og_locale":"es_ES","og_type":"article","og_title":"Caso Neuss: En el femicido hubo un forcejeo y detectan signos de defensa en la mujer. - Noticias Radio Reflejos","og_description":"Los m\u00e9dicos forenses confirmaron que el empresario Jorge Neuss asesin\u00f3 ayer en el country Martindale de Pilar a su esposa Silvia Saravia de un \u00fanico disparo en la cabeza luego de un forcejeo que dej\u00f3 signos de defensa en la mujer y un roce de bala en una mano del propio femicida, informaron hoy fuentes [&hellip;]","og_url":"https:\/\/www.noticiasradioreflejos.com.ar\/2021\/caso-neuss-en-el-femicido-hubo-un-forcejeo-y-detectan-signos-de-defensa-en-la-mujer\/","og_site_name":"Noticias Radio Reflejos","article_published_time":"2020-10-11T19:35:26+00:00","og_image":[{"width":300,"height":200,"url":"https:\/\/www.noticiasradioreflejos.com.ar\/2021\/wp-content\/uploads\/2021\/07\/logosol300x200.png","type":"image\/png"}],"author":"Arnaldo Botto","twitter_card":"summary_large_image","schema":{"@context":"https:\/\/schema.org","@graph":[{"@type":"WebPage","@id":"https:\/\/www.noticiasradioreflejos.com.ar\/2021\/caso-neuss-en-el-femicido-hubo-un-forcejeo-y-detectan-signos-de-defensa-en-la-mujer\/","url":"https:\/\/www.noticiasradioreflejos.com.ar\/2021\/caso-neuss-en-el-femicido-hubo-un-forcejeo-y-detectan-signos-de-defensa-en-la-mujer\/","name":"Caso Neuss: En el femicido hubo un forcejeo y detectan signos de defensa en la mujer. - Noticias Radio Reflejos","isPartOf":{"@id":"https:\/\/www.noticiasradioreflejos.com.ar\/2021\/#website"},"datePublished":"2020-10-11T19:35:26+00:00","author":{"@id":"https:\/\/www.noticiasradioreflejos.com.ar\/2021\/#\/schema\/person\/ad82545263dcc5ec0996818884fd5fb1"},"breadcrumb":{"@id":"https:\/\/www.noticiasradioreflejos.com.ar\/2021\/caso-neuss-en-el-femicido-hubo-un-forcejeo-y-detectan-signos-de-defensa-en-la-mujer\/#breadcrumb"},"inLanguage":"es","potentialAction":[{"@type":"ReadAction","target":["https:\/\/www.noticiasradioreflejos.com.ar\/2021\/caso-neuss-en-el-femicido-hubo-un-forcejeo-y-detectan-signos-de-defensa-en-la-mujer\/"]}]},{"@type":"BreadcrumbList","@id":"https:\/\/www.noticiasradioreflejos.com.ar\/2021\/caso-neuss-en-el-femicido-hubo-un-forcejeo-y-detectan-signos-de-defensa-en-la-mujer\/#breadcrumb","itemListElement":[{"@type":"ListItem","position":1,"name":"Portada","item":"https:\/\/www.noticiasradioreflejos.com.ar\/2021\/"},{"@type":"ListItem","position":2,"name":"Caso Neuss: En el femicido hubo un forcejeo y detectan signos de defensa en la mujer."}]},{"@type":"WebSite","@id":"https:\/\/www.noticiasradioreflejos.com.ar\/2021\/#website","url":"https:\/\/www.noticiasradioreflejos.com.ar\/2021\/","name":"Noticias Radio Reflejos","description":"Las noticias de mi comarca","potentialAction":[{"@type":"SearchAction","target":{"@type":"EntryPoint","urlTemplate":"https:\/\/www.noticiasradioreflejos.com.ar\/2021\/?s={search_term_string}"},"query-input":{"@type":"PropertyValueSpecification","valueRequired":true,"valueName":"search_term_string"}}],"inLanguage":"es"},{"@type":"Person","@id":"https:\/\/www.noticiasradioreflejos.com.ar\/2021\/#\/schema\/person\/ad82545263dcc5ec0996818884fd5fb1","name":"Arnaldo Botto","image":{"@type":"ImageObject","inLanguage":"es","@id":"https:\/\/www.noticiasradioreflejos.com.ar\/2021\/#\/schema\/person\/image\/","url":"https:\/\/secure.gravatar.com\/avatar\/55cb5e37c1efa326397366e6974cb338056df65cb50e7d64d1cf314e87504837?s=96&d=mm&r=g","contentUrl":"https:\/\/secure.gravatar.com\/avatar\/55cb5e37c1efa326397366e6974cb338056df65cb50e7d64d1cf314e87504837?s=96&d=mm&r=g","caption":"Arnaldo Botto"},"url":"https:\/\/www.noticiasradioreflejos.com.ar\/2021\/author\/arnaldo\/"}]}},"_links":{"self":[{"href":"https:\/\/www.noticiasradioreflejos.com.ar\/2021\/wp-json\/wp\/v2\/posts\/47974","targetHints":{"allow":["GET"]}}],"collection":[{"href":"https:\/\/www.noticiasradioreflejos.com.ar\/2021\/wp-json\/wp\/v2\/posts"}],"about":[{"href":"https:\/\/www.noticiasradioreflejos.com.ar\/2021\/wp-json\/wp\/v2\/types\/post"}],"author":[{"embeddable":true,"href":"https:\/\/www.noticiasradioreflejos.com.ar\/2021\/wp-json\/wp\/v2\/users\/3"}],"replies":[{"embeddable":true,"href":"https:\/\/www.noticiasradioreflejos.com.ar\/2021\/wp-json\/wp\/v2\/comments?post=47974"}],"version-history":[{"count":0,"href":"https:\/\/www.noticiasradioreflejos.com.ar\/2021\/wp-json\/wp\/v2\/posts\/47974\/revisions"}],"wp:attachment":[{"href":"https:\/\/www.noticiasradioreflejos.com.ar\/2021\/wp-json\/wp\/v2\/media?parent=47974"}],"wp:term":[{"taxonomy":"category","embeddable":true,"href":"https:\/\/www.noticiasradioreflejos.com.ar\/2021\/wp-json\/wp\/v2\/categories?post=47974"},{"taxonomy":"post_tag","embeddable":true,"href":"https:\/\/www.noticiasradioreflejos.com.ar\/2021\/wp-json\/wp\/v2\/tags?post=47974"}],"curies":[{"name":"wp","href":"https:\/\/api.w.org\/{rel}","templated":true}]}}