{"id":47966,"date":"2020-10-11T11:34:09","date_gmt":"2020-10-11T14:34:09","guid":{"rendered":"http:\/\/www.noticiasradioreflejos.com.ar\/noticias\/?p=47966"},"modified":"2020-10-11T11:34:09","modified_gmt":"2020-10-11T14:34:09","slug":"lammens-confia-en-una-buena-temporada-de-verano-con-los-cuidados-necesarios","status":"publish","type":"post","link":"https:\/\/www.noticiasradioreflejos.com.ar\/2021\/lammens-confia-en-una-buena-temporada-de-verano-con-los-cuidados-necesarios\/","title":{"rendered":"Lammens conf\u00eda en \u00abuna buena temporada de verano\u00bb con los cuidados necesarios."},"content":{"rendered":"<p>El ministro de Turismo y Deportes, Mat\u00edas Lammens, dijo que conf\u00eda en que exista \u00abuna buena temporada de verano\u00bb con todos los cuidados necesarios en el marco de la pandemia de coronavirus, aunque se\u00f1al\u00f3 que no se ver\u00e1 \u00abesa foto de las playas repletas\u00bb, ya que \u00abeso en lugar de ser un \u00e9xito, ser\u00eda un fracaso\u00bb.<!--more--><\/p>\n<p>\u00abUna temporada buena significa alrededor de 250 mil millones de pesos de movimiento que hoy la situaci\u00f3n econ\u00f3mica del pa\u00eds no se puede permitir que no exista\u00bb, se\u00f1al\u00f3 Lammens en una entrevista publicada hoy por el diario La Capital de Mar del Plata.<\/p>\n<p>El ministro consider\u00f3 adem\u00e1s que esa localidad balnearia bonaerense \u00abva a ser una de las grandes beneficiadas\u00bb por el programa Previaje, lanzado d\u00edas atr\u00e1s, con el que el Gobierno prev\u00e9 destinar cerca de 15.000 millones de pesos al sector tur\u00edstico,<\/p>\n<p>En ese sentido, destac\u00f3 la necesidad \u00abtrabajar con promotores tur\u00edsticos, que observen el cumplimiento de las medidas protocolares\u00bb en el distintos sitios de veraneo, y anunci\u00f3 que se desplegar\u00e1 \u00abun plan Detectar en cada uno de los destinos\u00bb.<\/p>\n<p>\u00abCon todos los cuidados del caso e inclusive pensando en adelantarla y que la gente pueda ir antes y evitar mucha concentraci\u00f3n, podemos tener una buena temporada que ser\u00eda importante para muchos lugares que en gran parte dependen del turismo\u00bb, explic\u00f3.<\/p>\n<p>En esa l\u00ednea, subray\u00f3 la necesidad de \u00abconvocar a todas las partes, los gobiernos nacional, provincial y municipal para que efectivamente podamos tener ese control y pongamos los recursos que est\u00e9n a nuestro alcance para que el control se haga y los protocolos se cumplan\u00bb.<\/p>\n<p>\u00abSi nosotros en la primera semana tenemos una foto de las playas de Mar del Plata desbordada, con aglomeraci\u00f3n y sin distanciamiento, vamos a tener que suspender la temporada porque esto significar\u00eda un gran riesgo de contagio\u00bb, dijo.<\/p>\n<p>En cuanto a las actividades en espacios cerrados, como teatros o cines, indic\u00f3: \u00abVa a ser dif\u00edcil que existan porque uno inclusive ve c\u00f3mo ha ido evolucionando la situaci\u00f3n en pa\u00edses que han tenido circulaci\u00f3n comunitaria antes que nosotros y todav\u00eda esas actividades no han vuelto. Hoy digo que lo veo muy dif\u00edcil\u00bb.<\/p>\n","protected":false},"excerpt":{"rendered":"<p>El ministro de Turismo y Deportes, Mat\u00edas Lammens, dijo que conf\u00eda en que exista \u00abuna buena temporada de verano\u00bb con todos los cuidados necesarios en el marco de la pandemia de coronavirus, aunque se\u00f1al\u00f3 que no se ver\u00e1 \u00abesa foto de las playas repletas\u00bb, ya que \u00abeso en lugar de ser un \u00e9xito, ser\u00eda un [&hellip;]<\/p>\n","protected":false},"author":3,"featured_media":0,"comment_status":"closed","ping_status":"open","sticky":false,"template":"","format":"standard","meta":{"footnotes":""},"categories":[33],"tags":[],"class_list":["post-47966","post","type-post","status-publish","format-standard","hentry","category-turismo"],"yoast_head":"<!-- This site is optimized with the Yoast SEO plugin v25.9 - https:\/\/yoast.com\/wordpress\/plugins\/seo\/ -->\n<title>Lammens conf\u00eda en &quot;una buena temporada de verano&quot; con los cuidados necesarios. - Noticias Radio Reflejos<\/title>\n<meta name=\"robots\" content=\"index, follow, max-snippet:-1, max-image-preview:large, max-video-preview:-1\" \/>\n<link rel=\"canonical\" href=\"https:\/\/www.noticiasradioreflejos.com.ar\/2021\/lammens-confia-en-una-buena-temporada-de-verano-con-los-cuidados-necesarios\/\" \/>\n<meta property=\"og:locale\" content=\"es_ES\" \/>\n<meta property=\"og:type\" content=\"article\" \/>\n<meta property=\"og:title\" content=\"Lammens conf\u00eda en &quot;una buena temporada de verano&quot; con los cuidados necesarios. - Noticias Radio Reflejos\" \/>\n<meta property=\"og:description\" content=\"El ministro de Turismo y Deportes, Mat\u00edas Lammens, dijo que conf\u00eda en que exista \u00abuna buena temporada de verano\u00bb con todos los cuidados necesarios en el marco de la pandemia de coronavirus, aunque se\u00f1al\u00f3 que no se ver\u00e1 \u00abesa foto de las playas repletas\u00bb, ya que \u00abeso en lugar de ser un \u00e9xito, ser\u00eda un [&hellip;]\" \/>\n<meta property=\"og:url\" content=\"https:\/\/www.noticiasradioreflejos.com.ar\/2021\/lammens-confia-en-una-buena-temporada-de-verano-con-los-cuidados-necesarios\/\" \/>\n<meta property=\"og:site_name\" content=\"Noticias Radio Reflejos\" \/>\n<meta property=\"article:published_time\" content=\"2020-10-11T14:34:09+00:00\" \/>\n<meta property=\"og:image\" content=\"https:\/\/www.noticiasradioreflejos.com.ar\/2021\/wp-content\/uploads\/2021\/07\/logosol300x200.png\" \/>\n\t<meta property=\"og:image:width\" content=\"300\" \/>\n\t<meta property=\"og:image:height\" content=\"200\" \/>\n\t<meta property=\"og:image:type\" content=\"image\/png\" \/>\n<meta name=\"author\" content=\"Arnaldo Botto\" \/>\n<meta name=\"twitter:card\" content=\"summary_large_image\" \/>\n<script type=\"application\/ld+json\" class=\"yoast-schema-graph\">{\"@context\":\"https:\/\/schema.org\",\"@graph\":[{\"@type\":\"WebPage\",\"@id\":\"https:\/\/www.noticiasradioreflejos.com.ar\/2021\/lammens-confia-en-una-buena-temporada-de-verano-con-los-cuidados-necesarios\/\",\"url\":\"https:\/\/www.noticiasradioreflejos.com.ar\/2021\/lammens-confia-en-una-buena-temporada-de-verano-con-los-cuidados-necesarios\/\",\"name\":\"Lammens conf\u00eda en \\\"una buena temporada de verano\\\" con los cuidados necesarios. - Noticias Radio Reflejos\",\"isPartOf\":{\"@id\":\"https:\/\/www.noticiasradioreflejos.com.ar\/2021\/#website\"},\"datePublished\":\"2020-10-11T14:34:09+00:00\",\"author\":{\"@id\":\"https:\/\/www.noticiasradioreflejos.com.ar\/2021\/#\/schema\/person\/ad82545263dcc5ec0996818884fd5fb1\"},\"breadcrumb\":{\"@id\":\"https:\/\/www.noticiasradioreflejos.com.ar\/2021\/lammens-confia-en-una-buena-temporada-de-verano-con-los-cuidados-necesarios\/#breadcrumb\"},\"inLanguage\":\"es\",\"potentialAction\":[{\"@type\":\"ReadAction\",\"target\":[\"https:\/\/www.noticiasradioreflejos.com.ar\/2021\/lammens-confia-en-una-buena-temporada-de-verano-con-los-cuidados-necesarios\/\"]}]},{\"@type\":\"BreadcrumbList\",\"@id\":\"https:\/\/www.noticiasradioreflejos.com.ar\/2021\/lammens-confia-en-una-buena-temporada-de-verano-con-los-cuidados-necesarios\/#breadcrumb\",\"itemListElement\":[{\"@type\":\"ListItem\",\"position\":1,\"name\":\"Portada\",\"item\":\"https:\/\/www.noticiasradioreflejos.com.ar\/2021\/\"},{\"@type\":\"ListItem\",\"position\":2,\"name\":\"Lammens conf\u00eda en \u00abuna buena temporada de verano\u00bb con los cuidados necesarios.\"}]},{\"@type\":\"WebSite\",\"@id\":\"https:\/\/www.noticiasradioreflejos.com.ar\/2021\/#website\",\"url\":\"https:\/\/www.noticiasradioreflejos.com.ar\/2021\/\",\"name\":\"Noticias Radio Reflejos\",\"description\":\"Las noticias de mi comarca\",\"potentialAction\":[{\"@type\":\"SearchAction\",\"target\":{\"@type\":\"EntryPoint\",\"urlTemplate\":\"https:\/\/www.noticiasradioreflejos.com.ar\/2021\/?s={search_term_string}\"},\"query-input\":{\"@type\":\"PropertyValueSpecification\",\"valueRequired\":true,\"valueName\":\"search_term_string\"}}],\"inLanguage\":\"es\"},{\"@type\":\"Person\",\"@id\":\"https:\/\/www.noticiasradioreflejos.com.ar\/2021\/#\/schema\/person\/ad82545263dcc5ec0996818884fd5fb1\",\"name\":\"Arnaldo Botto\",\"image\":{\"@type\":\"ImageObject\",\"inLanguage\":\"es\",\"@id\":\"https:\/\/www.noticiasradioreflejos.com.ar\/2021\/#\/schema\/person\/image\/\",\"url\":\"https:\/\/secure.gravatar.com\/avatar\/55cb5e37c1efa326397366e6974cb338056df65cb50e7d64d1cf314e87504837?s=96&d=mm&r=g\",\"contentUrl\":\"https:\/\/secure.gravatar.com\/avatar\/55cb5e37c1efa326397366e6974cb338056df65cb50e7d64d1cf314e87504837?s=96&d=mm&r=g\",\"caption\":\"Arnaldo Botto\"},\"url\":\"https:\/\/www.noticiasradioreflejos.com.ar\/2021\/author\/arnaldo\/\"}]}<\/script>\n<!-- \/ Yoast SEO plugin. -->","yoast_head_json":{"title":"Lammens conf\u00eda en \"una buena temporada de verano\" con los cuidados necesarios. - Noticias Radio Reflejos","robots":{"index":"index","follow":"follow","max-snippet":"max-snippet:-1","max-image-preview":"max-image-preview:large","max-video-preview":"max-video-preview:-1"},"canonical":"https:\/\/www.noticiasradioreflejos.com.ar\/2021\/lammens-confia-en-una-buena-temporada-de-verano-con-los-cuidados-necesarios\/","og_locale":"es_ES","og_type":"article","og_title":"Lammens conf\u00eda en \"una buena temporada de verano\" con los cuidados necesarios. - Noticias Radio Reflejos","og_description":"El ministro de Turismo y Deportes, Mat\u00edas Lammens, dijo que conf\u00eda en que exista \u00abuna buena temporada de verano\u00bb con todos los cuidados necesarios en el marco de la pandemia de coronavirus, aunque se\u00f1al\u00f3 que no se ver\u00e1 \u00abesa foto de las playas repletas\u00bb, ya que \u00abeso en lugar de ser un \u00e9xito, ser\u00eda un [&hellip;]","og_url":"https:\/\/www.noticiasradioreflejos.com.ar\/2021\/lammens-confia-en-una-buena-temporada-de-verano-con-los-cuidados-necesarios\/","og_site_name":"Noticias Radio Reflejos","article_published_time":"2020-10-11T14:34:09+00:00","og_image":[{"width":300,"height":200,"url":"https:\/\/www.noticiasradioreflejos.com.ar\/2021\/wp-content\/uploads\/2021\/07\/logosol300x200.png","type":"image\/png"}],"author":"Arnaldo Botto","twitter_card":"summary_large_image","schema":{"@context":"https:\/\/schema.org","@graph":[{"@type":"WebPage","@id":"https:\/\/www.noticiasradioreflejos.com.ar\/2021\/lammens-confia-en-una-buena-temporada-de-verano-con-los-cuidados-necesarios\/","url":"https:\/\/www.noticiasradioreflejos.com.ar\/2021\/lammens-confia-en-una-buena-temporada-de-verano-con-los-cuidados-necesarios\/","name":"Lammens conf\u00eda en \"una buena temporada de verano\" con los cuidados necesarios. - Noticias Radio Reflejos","isPartOf":{"@id":"https:\/\/www.noticiasradioreflejos.com.ar\/2021\/#website"},"datePublished":"2020-10-11T14:34:09+00:00","author":{"@id":"https:\/\/www.noticiasradioreflejos.com.ar\/2021\/#\/schema\/person\/ad82545263dcc5ec0996818884fd5fb1"},"breadcrumb":{"@id":"https:\/\/www.noticiasradioreflejos.com.ar\/2021\/lammens-confia-en-una-buena-temporada-de-verano-con-los-cuidados-necesarios\/#breadcrumb"},"inLanguage":"es","potentialAction":[{"@type":"ReadAction","target":["https:\/\/www.noticiasradioreflejos.com.ar\/2021\/lammens-confia-en-una-buena-temporada-de-verano-con-los-cuidados-necesarios\/"]}]},{"@type":"BreadcrumbList","@id":"https:\/\/www.noticiasradioreflejos.com.ar\/2021\/lammens-confia-en-una-buena-temporada-de-verano-con-los-cuidados-necesarios\/#breadcrumb","itemListElement":[{"@type":"ListItem","position":1,"name":"Portada","item":"https:\/\/www.noticiasradioreflejos.com.ar\/2021\/"},{"@type":"ListItem","position":2,"name":"Lammens conf\u00eda en \u00abuna buena temporada de verano\u00bb con los cuidados necesarios."}]},{"@type":"WebSite","@id":"https:\/\/www.noticiasradioreflejos.com.ar\/2021\/#website","url":"https:\/\/www.noticiasradioreflejos.com.ar\/2021\/","name":"Noticias Radio Reflejos","description":"Las noticias de mi comarca","potentialAction":[{"@type":"SearchAction","target":{"@type":"EntryPoint","urlTemplate":"https:\/\/www.noticiasradioreflejos.com.ar\/2021\/?s={search_term_string}"},"query-input":{"@type":"PropertyValueSpecification","valueRequired":true,"valueName":"search_term_string"}}],"inLanguage":"es"},{"@type":"Person","@id":"https:\/\/www.noticiasradioreflejos.com.ar\/2021\/#\/schema\/person\/ad82545263dcc5ec0996818884fd5fb1","name":"Arnaldo Botto","image":{"@type":"ImageObject","inLanguage":"es","@id":"https:\/\/www.noticiasradioreflejos.com.ar\/2021\/#\/schema\/person\/image\/","url":"https:\/\/secure.gravatar.com\/avatar\/55cb5e37c1efa326397366e6974cb338056df65cb50e7d64d1cf314e87504837?s=96&d=mm&r=g","contentUrl":"https:\/\/secure.gravatar.com\/avatar\/55cb5e37c1efa326397366e6974cb338056df65cb50e7d64d1cf314e87504837?s=96&d=mm&r=g","caption":"Arnaldo Botto"},"url":"https:\/\/www.noticiasradioreflejos.com.ar\/2021\/author\/arnaldo\/"}]}},"_links":{"self":[{"href":"https:\/\/www.noticiasradioreflejos.com.ar\/2021\/wp-json\/wp\/v2\/posts\/47966","targetHints":{"allow":["GET"]}}],"collection":[{"href":"https:\/\/www.noticiasradioreflejos.com.ar\/2021\/wp-json\/wp\/v2\/posts"}],"about":[{"href":"https:\/\/www.noticiasradioreflejos.com.ar\/2021\/wp-json\/wp\/v2\/types\/post"}],"author":[{"embeddable":true,"href":"https:\/\/www.noticiasradioreflejos.com.ar\/2021\/wp-json\/wp\/v2\/users\/3"}],"replies":[{"embeddable":true,"href":"https:\/\/www.noticiasradioreflejos.com.ar\/2021\/wp-json\/wp\/v2\/comments?post=47966"}],"version-history":[{"count":0,"href":"https:\/\/www.noticiasradioreflejos.com.ar\/2021\/wp-json\/wp\/v2\/posts\/47966\/revisions"}],"wp:attachment":[{"href":"https:\/\/www.noticiasradioreflejos.com.ar\/2021\/wp-json\/wp\/v2\/media?parent=47966"}],"wp:term":[{"taxonomy":"category","embeddable":true,"href":"https:\/\/www.noticiasradioreflejos.com.ar\/2021\/wp-json\/wp\/v2\/categories?post=47966"},{"taxonomy":"post_tag","embeddable":true,"href":"https:\/\/www.noticiasradioreflejos.com.ar\/2021\/wp-json\/wp\/v2\/tags?post=47966"}],"curies":[{"name":"wp","href":"https:\/\/api.w.org\/{rel}","templated":true}]}}