{"id":47960,"date":"2020-10-11T10:35:45","date_gmt":"2020-10-11T13:35:45","guid":{"rendered":"http:\/\/www.noticiasradioreflejos.com.ar\/noticias\/?p=47960"},"modified":"2020-10-11T10:35:45","modified_gmt":"2020-10-11T13:35:45","slug":"lanzan-un-nuevo-espacio-politico-en-suelo-bonaerense-referenciado-en-juntos-por-el-cambio","status":"publish","type":"post","link":"https:\/\/www.noticiasradioreflejos.com.ar\/2021\/lanzan-un-nuevo-espacio-politico-en-suelo-bonaerense-referenciado-en-juntos-por-el-cambio\/","title":{"rendered":"Lanzan un nuevo espacio pol\u00edtico en suelo bonaerense, referenciado en Juntos por el Cambio"},"content":{"rendered":"<p>Los senadores bonaerenses de Juntos por el Cambio Roberto Costa y Lucas Fiorini lanzaron un nuevo espacio denominado \u00abUnidos\u00bb, durante un encuentro virtual que reuni\u00f3 a unos mil vecinos y que aspira sumar a sectores por fuera de los tres partidos que integran la coalici\u00f3n opositora, informaron allegados a los legisladores.<!--more--><\/p>\n<p>\u00abSe trata del armado pol\u00edtico que nuclea a peronistas, radicales, desarrollistas, vecinalistas e independientes con representaci\u00f3n en toda la provincia de Buenos Aires y para fortalecer Juntos por el Cambio\u00bb, indicaron los organizadores.<\/p>\n<p>La idea de ambos referentes es \u00abhablar con todos los sectores\u00bb, y procurar sumarlos pero por fuera de estructuras partidarias, ampliando la base de sustentaci\u00f3n de JXC, por eso Unidos est\u00e1 pensado como un movimiento vecinal.<\/p>\n<p>\u00abBuscamos fortalecer a Juntos por el Cambio d\u00e1ndole prioridad y respetando la territorialidad. Esta construcci\u00f3n naci\u00f3 de abajo hacia arriba, desde las localidades y junto a los vecinos\u00bb, sostuvo Costa tras el encuentro, realizado ayer por zoom.<\/p>\n<p>\u00abEste espacio es plural y abierto, y hoy dimos el primer paso para encontrarnos y reivindicar esta construcci\u00f3n en la Provincia con bases s\u00f3lidas, territorialidad y compromiso para ampliar las bases y dar sustento a Juntos por el Cambio\u00bb, mencion\u00f3 Fiorini.<\/p>\n","protected":false},"excerpt":{"rendered":"<p>Los senadores bonaerenses de Juntos por el Cambio Roberto Costa y Lucas Fiorini lanzaron un nuevo espacio denominado \u00abUnidos\u00bb, durante un encuentro virtual que reuni\u00f3 a unos mil vecinos y que aspira sumar a sectores por fuera de los tres partidos que integran la coalici\u00f3n opositora, informaron allegados a los legisladores.<\/p>\n","protected":false},"author":3,"featured_media":0,"comment_status":"closed","ping_status":"open","sticky":false,"template":"","format":"standard","meta":{"footnotes":""},"categories":[24],"tags":[],"class_list":["post-47960","post","type-post","status-publish","format-standard","hentry","category-politica"],"yoast_head":"<!-- This site is optimized with the Yoast SEO plugin v25.9 - https:\/\/yoast.com\/wordpress\/plugins\/seo\/ -->\n<title>Lanzan un nuevo espacio pol\u00edtico en suelo bonaerense, referenciado en Juntos por el Cambio - Noticias Radio Reflejos<\/title>\n<meta name=\"robots\" content=\"index, follow, max-snippet:-1, max-image-preview:large, max-video-preview:-1\" \/>\n<link rel=\"canonical\" href=\"https:\/\/www.noticiasradioreflejos.com.ar\/2021\/lanzan-un-nuevo-espacio-politico-en-suelo-bonaerense-referenciado-en-juntos-por-el-cambio\/\" \/>\n<meta property=\"og:locale\" content=\"es_ES\" \/>\n<meta property=\"og:type\" content=\"article\" \/>\n<meta property=\"og:title\" content=\"Lanzan un nuevo espacio pol\u00edtico en suelo bonaerense, referenciado en Juntos por el Cambio - Noticias Radio Reflejos\" \/>\n<meta property=\"og:description\" content=\"Los senadores bonaerenses de Juntos por el Cambio Roberto Costa y Lucas Fiorini lanzaron un nuevo espacio denominado \u00abUnidos\u00bb, durante un encuentro virtual que reuni\u00f3 a unos mil vecinos y que aspira sumar a sectores por fuera de los tres partidos que integran la coalici\u00f3n opositora, informaron allegados a los legisladores.\" \/>\n<meta property=\"og:url\" content=\"https:\/\/www.noticiasradioreflejos.com.ar\/2021\/lanzan-un-nuevo-espacio-politico-en-suelo-bonaerense-referenciado-en-juntos-por-el-cambio\/\" \/>\n<meta property=\"og:site_name\" content=\"Noticias Radio Reflejos\" \/>\n<meta property=\"article:published_time\" content=\"2020-10-11T13:35:45+00:00\" \/>\n<meta property=\"og:image\" content=\"https:\/\/www.noticiasradioreflejos.com.ar\/2021\/wp-content\/uploads\/2021\/07\/logosol300x200.png\" \/>\n\t<meta property=\"og:image:width\" content=\"300\" \/>\n\t<meta property=\"og:image:height\" content=\"200\" \/>\n\t<meta property=\"og:image:type\" content=\"image\/png\" \/>\n<meta name=\"author\" content=\"Arnaldo Botto\" \/>\n<meta name=\"twitter:card\" content=\"summary_large_image\" \/>\n<script type=\"application\/ld+json\" class=\"yoast-schema-graph\">{\"@context\":\"https:\/\/schema.org\",\"@graph\":[{\"@type\":\"WebPage\",\"@id\":\"https:\/\/www.noticiasradioreflejos.com.ar\/2021\/lanzan-un-nuevo-espacio-politico-en-suelo-bonaerense-referenciado-en-juntos-por-el-cambio\/\",\"url\":\"https:\/\/www.noticiasradioreflejos.com.ar\/2021\/lanzan-un-nuevo-espacio-politico-en-suelo-bonaerense-referenciado-en-juntos-por-el-cambio\/\",\"name\":\"Lanzan un nuevo espacio pol\u00edtico en suelo bonaerense, referenciado en Juntos por el Cambio - Noticias Radio Reflejos\",\"isPartOf\":{\"@id\":\"https:\/\/www.noticiasradioreflejos.com.ar\/2021\/#website\"},\"datePublished\":\"2020-10-11T13:35:45+00:00\",\"author\":{\"@id\":\"https:\/\/www.noticiasradioreflejos.com.ar\/2021\/#\/schema\/person\/ad82545263dcc5ec0996818884fd5fb1\"},\"breadcrumb\":{\"@id\":\"https:\/\/www.noticiasradioreflejos.com.ar\/2021\/lanzan-un-nuevo-espacio-politico-en-suelo-bonaerense-referenciado-en-juntos-por-el-cambio\/#breadcrumb\"},\"inLanguage\":\"es\",\"potentialAction\":[{\"@type\":\"ReadAction\",\"target\":[\"https:\/\/www.noticiasradioreflejos.com.ar\/2021\/lanzan-un-nuevo-espacio-politico-en-suelo-bonaerense-referenciado-en-juntos-por-el-cambio\/\"]}]},{\"@type\":\"BreadcrumbList\",\"@id\":\"https:\/\/www.noticiasradioreflejos.com.ar\/2021\/lanzan-un-nuevo-espacio-politico-en-suelo-bonaerense-referenciado-en-juntos-por-el-cambio\/#breadcrumb\",\"itemListElement\":[{\"@type\":\"ListItem\",\"position\":1,\"name\":\"Portada\",\"item\":\"https:\/\/www.noticiasradioreflejos.com.ar\/2021\/\"},{\"@type\":\"ListItem\",\"position\":2,\"name\":\"Lanzan un nuevo espacio pol\u00edtico en suelo bonaerense, referenciado en Juntos por el Cambio\"}]},{\"@type\":\"WebSite\",\"@id\":\"https:\/\/www.noticiasradioreflejos.com.ar\/2021\/#website\",\"url\":\"https:\/\/www.noticiasradioreflejos.com.ar\/2021\/\",\"name\":\"Noticias Radio Reflejos\",\"description\":\"Las noticias de mi comarca\",\"potentialAction\":[{\"@type\":\"SearchAction\",\"target\":{\"@type\":\"EntryPoint\",\"urlTemplate\":\"https:\/\/www.noticiasradioreflejos.com.ar\/2021\/?s={search_term_string}\"},\"query-input\":{\"@type\":\"PropertyValueSpecification\",\"valueRequired\":true,\"valueName\":\"search_term_string\"}}],\"inLanguage\":\"es\"},{\"@type\":\"Person\",\"@id\":\"https:\/\/www.noticiasradioreflejos.com.ar\/2021\/#\/schema\/person\/ad82545263dcc5ec0996818884fd5fb1\",\"name\":\"Arnaldo Botto\",\"image\":{\"@type\":\"ImageObject\",\"inLanguage\":\"es\",\"@id\":\"https:\/\/www.noticiasradioreflejos.com.ar\/2021\/#\/schema\/person\/image\/\",\"url\":\"https:\/\/secure.gravatar.com\/avatar\/55cb5e37c1efa326397366e6974cb338056df65cb50e7d64d1cf314e87504837?s=96&d=mm&r=g\",\"contentUrl\":\"https:\/\/secure.gravatar.com\/avatar\/55cb5e37c1efa326397366e6974cb338056df65cb50e7d64d1cf314e87504837?s=96&d=mm&r=g\",\"caption\":\"Arnaldo Botto\"},\"url\":\"https:\/\/www.noticiasradioreflejos.com.ar\/2021\/author\/arnaldo\/\"}]}<\/script>\n<!-- \/ Yoast SEO plugin. -->","yoast_head_json":{"title":"Lanzan un nuevo espacio pol\u00edtico en suelo bonaerense, referenciado en Juntos por el Cambio - Noticias Radio Reflejos","robots":{"index":"index","follow":"follow","max-snippet":"max-snippet:-1","max-image-preview":"max-image-preview:large","max-video-preview":"max-video-preview:-1"},"canonical":"https:\/\/www.noticiasradioreflejos.com.ar\/2021\/lanzan-un-nuevo-espacio-politico-en-suelo-bonaerense-referenciado-en-juntos-por-el-cambio\/","og_locale":"es_ES","og_type":"article","og_title":"Lanzan un nuevo espacio pol\u00edtico en suelo bonaerense, referenciado en Juntos por el Cambio - Noticias Radio Reflejos","og_description":"Los senadores bonaerenses de Juntos por el Cambio Roberto Costa y Lucas Fiorini lanzaron un nuevo espacio denominado \u00abUnidos\u00bb, durante un encuentro virtual que reuni\u00f3 a unos mil vecinos y que aspira sumar a sectores por fuera de los tres partidos que integran la coalici\u00f3n opositora, informaron allegados a los legisladores.","og_url":"https:\/\/www.noticiasradioreflejos.com.ar\/2021\/lanzan-un-nuevo-espacio-politico-en-suelo-bonaerense-referenciado-en-juntos-por-el-cambio\/","og_site_name":"Noticias Radio Reflejos","article_published_time":"2020-10-11T13:35:45+00:00","og_image":[{"width":300,"height":200,"url":"https:\/\/www.noticiasradioreflejos.com.ar\/2021\/wp-content\/uploads\/2021\/07\/logosol300x200.png","type":"image\/png"}],"author":"Arnaldo Botto","twitter_card":"summary_large_image","schema":{"@context":"https:\/\/schema.org","@graph":[{"@type":"WebPage","@id":"https:\/\/www.noticiasradioreflejos.com.ar\/2021\/lanzan-un-nuevo-espacio-politico-en-suelo-bonaerense-referenciado-en-juntos-por-el-cambio\/","url":"https:\/\/www.noticiasradioreflejos.com.ar\/2021\/lanzan-un-nuevo-espacio-politico-en-suelo-bonaerense-referenciado-en-juntos-por-el-cambio\/","name":"Lanzan un nuevo espacio pol\u00edtico en suelo bonaerense, referenciado en Juntos por el Cambio - Noticias Radio Reflejos","isPartOf":{"@id":"https:\/\/www.noticiasradioreflejos.com.ar\/2021\/#website"},"datePublished":"2020-10-11T13:35:45+00:00","author":{"@id":"https:\/\/www.noticiasradioreflejos.com.ar\/2021\/#\/schema\/person\/ad82545263dcc5ec0996818884fd5fb1"},"breadcrumb":{"@id":"https:\/\/www.noticiasradioreflejos.com.ar\/2021\/lanzan-un-nuevo-espacio-politico-en-suelo-bonaerense-referenciado-en-juntos-por-el-cambio\/#breadcrumb"},"inLanguage":"es","potentialAction":[{"@type":"ReadAction","target":["https:\/\/www.noticiasradioreflejos.com.ar\/2021\/lanzan-un-nuevo-espacio-politico-en-suelo-bonaerense-referenciado-en-juntos-por-el-cambio\/"]}]},{"@type":"BreadcrumbList","@id":"https:\/\/www.noticiasradioreflejos.com.ar\/2021\/lanzan-un-nuevo-espacio-politico-en-suelo-bonaerense-referenciado-en-juntos-por-el-cambio\/#breadcrumb","itemListElement":[{"@type":"ListItem","position":1,"name":"Portada","item":"https:\/\/www.noticiasradioreflejos.com.ar\/2021\/"},{"@type":"ListItem","position":2,"name":"Lanzan un nuevo espacio pol\u00edtico en suelo bonaerense, referenciado en Juntos por el Cambio"}]},{"@type":"WebSite","@id":"https:\/\/www.noticiasradioreflejos.com.ar\/2021\/#website","url":"https:\/\/www.noticiasradioreflejos.com.ar\/2021\/","name":"Noticias Radio Reflejos","description":"Las noticias de mi comarca","potentialAction":[{"@type":"SearchAction","target":{"@type":"EntryPoint","urlTemplate":"https:\/\/www.noticiasradioreflejos.com.ar\/2021\/?s={search_term_string}"},"query-input":{"@type":"PropertyValueSpecification","valueRequired":true,"valueName":"search_term_string"}}],"inLanguage":"es"},{"@type":"Person","@id":"https:\/\/www.noticiasradioreflejos.com.ar\/2021\/#\/schema\/person\/ad82545263dcc5ec0996818884fd5fb1","name":"Arnaldo Botto","image":{"@type":"ImageObject","inLanguage":"es","@id":"https:\/\/www.noticiasradioreflejos.com.ar\/2021\/#\/schema\/person\/image\/","url":"https:\/\/secure.gravatar.com\/avatar\/55cb5e37c1efa326397366e6974cb338056df65cb50e7d64d1cf314e87504837?s=96&d=mm&r=g","contentUrl":"https:\/\/secure.gravatar.com\/avatar\/55cb5e37c1efa326397366e6974cb338056df65cb50e7d64d1cf314e87504837?s=96&d=mm&r=g","caption":"Arnaldo Botto"},"url":"https:\/\/www.noticiasradioreflejos.com.ar\/2021\/author\/arnaldo\/"}]}},"_links":{"self":[{"href":"https:\/\/www.noticiasradioreflejos.com.ar\/2021\/wp-json\/wp\/v2\/posts\/47960","targetHints":{"allow":["GET"]}}],"collection":[{"href":"https:\/\/www.noticiasradioreflejos.com.ar\/2021\/wp-json\/wp\/v2\/posts"}],"about":[{"href":"https:\/\/www.noticiasradioreflejos.com.ar\/2021\/wp-json\/wp\/v2\/types\/post"}],"author":[{"embeddable":true,"href":"https:\/\/www.noticiasradioreflejos.com.ar\/2021\/wp-json\/wp\/v2\/users\/3"}],"replies":[{"embeddable":true,"href":"https:\/\/www.noticiasradioreflejos.com.ar\/2021\/wp-json\/wp\/v2\/comments?post=47960"}],"version-history":[{"count":0,"href":"https:\/\/www.noticiasradioreflejos.com.ar\/2021\/wp-json\/wp\/v2\/posts\/47960\/revisions"}],"wp:attachment":[{"href":"https:\/\/www.noticiasradioreflejos.com.ar\/2021\/wp-json\/wp\/v2\/media?parent=47960"}],"wp:term":[{"taxonomy":"category","embeddable":true,"href":"https:\/\/www.noticiasradioreflejos.com.ar\/2021\/wp-json\/wp\/v2\/categories?post=47960"},{"taxonomy":"post_tag","embeddable":true,"href":"https:\/\/www.noticiasradioreflejos.com.ar\/2021\/wp-json\/wp\/v2\/tags?post=47960"}],"curies":[{"name":"wp","href":"https:\/\/api.w.org\/{rel}","templated":true}]}}