{"id":47957,"date":"2020-10-11T10:30:59","date_gmt":"2020-10-11T13:30:59","guid":{"rendered":"http:\/\/www.noticiasradioreflejos.com.ar\/noticias\/?p=47957"},"modified":"2020-10-11T10:30:59","modified_gmt":"2020-10-11T13:30:59","slug":"los-docentes-bonaerenses-aceptaron-un-aumento-salarial-escalonado-del-15-por-ciento","status":"publish","type":"post","link":"https:\/\/www.noticiasradioreflejos.com.ar\/2021\/los-docentes-bonaerenses-aceptaron-un-aumento-salarial-escalonado-del-15-por-ciento\/","title":{"rendered":"Los docentes bonaerenses aceptaron un aumento salarial escalonado del 15 por ciento."},"content":{"rendered":"<p>Los gremios docentes de la provincia de Buenos Aires aceptaron hoy \u00abpor amplia mayor\u00eda\u00bb la propuesta de recomposici\u00f3n salarial formulada por el gobierno de Axel Kicillof, que consiste en un aumento escalonado del 15 por ciento para el segundo semestre de 2020.<!--more-->Los dirigentes gremiales dieron a conocer hoy p\u00fablicamente la aceptaci\u00f3n del ofrecimiento que hicieron la ministra de Trabajo, Mara Ruiz Malec; junto al ministro de Hacienda y Finanzas, Pablo L\u00f3pez; y la directora general de Cultura y Educaci\u00f3n, Agustina Vila, informaron fuentes del Ejecutivo bonaerense.<\/p>\n<p>La propuesta consiste en una suba del 6,5%, retroactivo a septiembre, m\u00e1s un 8,6% que se efectivizar\u00e1 en diciembre y, adem\u00e1s, aumentos diferenciados, apuntalando el salario del maestro inicial de grado con jornada simple, que llegar\u00e1 a $36.003 a fin de a\u00f1o.<\/p>\n<p>Adem\u00e1s, se incluy\u00f3 \u00abun incremento del 30%, en los montos de las asignaciones familiares y el monitoreo de las partes de la evoluci\u00f3n de la econom\u00eda y los salarios para evaluar el resultado del acuerdo\u00bb, indic\u00f3 la informaci\u00f3n oficial.<\/p>\n<p>\u201cHubo una relaci\u00f3n de di\u00e1logo real y contin\u00fao entre ambas partes y tambi\u00e9n de honestidad al mostrar el estado financiero actual de la Provincia, pero con claras intenciones de, en la medida de lo posible, mejorar los salarios de los maestros y maestras, sobre todo de quienes se inician\u201d, se\u00f1al\u00f3 Ru\u00edz Malec.<\/p>\n<p>El ministro de Hacienda y Finanzas manifest\u00f3 su satisfacci\u00f3n por haber alcanzado este acuerdo y asegur\u00f3 que \u201ces producto del di\u00e1logo constructivo mantenido durante toda la negociaci\u00f3n salarial con el sector docente\u00bb<\/p>\n<p>\u201cEste nuevo acuerdo paritario es una muestra m\u00e1s del trabajo que estamos realizando junto con las organizaciones que representan a los trabajadores docentes. En estos meses dif\u00edciles, junto con las organizaciones gremiales pudimos ir construyendo una agenda de di\u00e1logo y de trabajo que nos permiti\u00f3 encarar de manera conjunta los diferentes desaf\u00edos que nos present\u00f3 la pandemia\u00bb, se\u00f1al\u00f3 Vila.<\/p>\n<p>Desde el Ejecutivo bonaerense se\u00f1alaron que el martes se oficializar\u00e1 el acuerdo, una vez que las entidades gremiales que representan a los docentes notifiquen formalmente al ministerio de Trabajo de la provincia la aceptaci\u00f3n de la propuesta.<\/p>\n<p>La propuesta fue aceptada por los gremios de Suteba, FEB, Udocba, AMET, Sadop y UDA, que integran el dominado Frente de Unidad Docente, en tanto que resta la respuesta de ATE, que representa a los auxiliares de la educaci\u00f3n.<\/p>\n<p>Un Plenario de secretarios generales de la Uni\u00f3n de Docentes de la Provincia de Buenos Aires (Udocba), reunido en una sesi\u00f3n virtual, resolvi\u00f3 hoy aceptar el ofrecimiento salarial del Ejecutivo de la provincia de Buenos Aires.<\/p>\n<p>\u00abDadas las circunstancias de este particular contexto de pandemia, entendemos el esfuerzo del Gobierno provincial por acompa\u00f1ar el ritmo inflacionario y comenzar a recuperar el deteriorado salario docente por medio de un incremento al b\u00e1sico y en asignaciones familiares\u00bb, se\u00f1al\u00f3 la organizaci\u00f3n sindical trav\u00e9s de un comunicado.<\/p>\n<p>En ese sentido, la entidad gremial consider\u00f3 que \u00abresulta indispensable generar en lo inmediato una estrategia gradual y sistem\u00e1tica de blanqueo de sumas en negro\u00bb.<\/p>\n<p>\u00abLos docentes de la provincia somos un sector rezagado en el plano salarial. No obstante, en este tiempo de aislamiento preventivo hemos demostrado la vocaci\u00f3n y el compromiso con el que somos capaces de trabajar, garantizando la continuidad educativa para as\u00ed aportar al bien com\u00fan\u00bb, remarcaron.<\/p>\n<p>Y en el comunicado se se\u00f1al\u00f3 que \u00abes oportuno y necesario continuar con este camino de reconocimiento y valoraci\u00f3n hacia la profesi\u00f3n\u00bb de los educadores de la provincia de Buenos Aires.<\/p>\n<p>Dentro del paquete, el Ejecutivo ofreci\u00f3 un incremento del 30% para los montos y topes de las asignaciones familiares, un pedido que manten\u00edan los representantes de los maestros.<\/p>\n<p>\u00abLa suba de las asignaciones familiares es importante, si bien falta bastante para equiparar con Naci\u00f3n, se empieza a recuperar el retraso que gener\u00f3 el gobierno de (Mar\u00eda Eugenia) Vidal\u201d, se\u00f1al\u00f3 en declaraciones period\u00edsticas el secretario general adjunto de Uodcba, Alejandro Salcedo.<\/p>\n<p>En tanto que por mayor\u00eda, el Congreso extraordinario de la Federaci\u00f3n de Educadores Bonarenses (FEB) tambi\u00e9n acept\u00f3 la propuesta salarial del Gobierno bonaerense.<\/p>\n<p>Horas atr\u00e1s, Mirta Petrocini, m\u00e1xima referente de la FEB, hab\u00eda declarado que \u00abesta propuesta contempla un incremento del b\u00e1sico, el aumento del 30% de las Asignaciones Familiares y el impacto en los haberes de los jubilados\u00bb.<\/p>\n","protected":false},"excerpt":{"rendered":"<p>Los gremios docentes de la provincia de Buenos Aires aceptaron hoy \u00abpor amplia mayor\u00eda\u00bb la propuesta de recomposici\u00f3n salarial formulada por el gobierno de Axel Kicillof, que consiste en un aumento escalonado del 15 por ciento para el segundo semestre de 2020.<\/p>\n","protected":false},"author":3,"featured_media":0,"comment_status":"closed","ping_status":"open","sticky":false,"template":"","format":"standard","meta":{"footnotes":""},"categories":[34],"tags":[],"class_list":["post-47957","post","type-post","status-publish","format-standard","hentry","category-educacion"],"yoast_head":"<!-- This site is optimized with the Yoast SEO plugin v25.9 - https:\/\/yoast.com\/wordpress\/plugins\/seo\/ -->\n<title>Los docentes bonaerenses aceptaron un aumento salarial escalonado del 15 por ciento. - Noticias Radio Reflejos<\/title>\n<meta name=\"robots\" content=\"index, follow, max-snippet:-1, max-image-preview:large, max-video-preview:-1\" \/>\n<link rel=\"canonical\" href=\"https:\/\/www.noticiasradioreflejos.com.ar\/2021\/los-docentes-bonaerenses-aceptaron-un-aumento-salarial-escalonado-del-15-por-ciento\/\" \/>\n<meta property=\"og:locale\" content=\"es_ES\" \/>\n<meta property=\"og:type\" content=\"article\" \/>\n<meta property=\"og:title\" content=\"Los docentes bonaerenses aceptaron un aumento salarial escalonado del 15 por ciento. - Noticias Radio Reflejos\" \/>\n<meta property=\"og:description\" content=\"Los gremios docentes de la provincia de Buenos Aires aceptaron hoy \u00abpor amplia mayor\u00eda\u00bb la propuesta de recomposici\u00f3n salarial formulada por el gobierno de Axel Kicillof, que consiste en un aumento escalonado del 15 por ciento para el segundo semestre de 2020.\" \/>\n<meta property=\"og:url\" content=\"https:\/\/www.noticiasradioreflejos.com.ar\/2021\/los-docentes-bonaerenses-aceptaron-un-aumento-salarial-escalonado-del-15-por-ciento\/\" \/>\n<meta property=\"og:site_name\" content=\"Noticias Radio Reflejos\" \/>\n<meta property=\"article:published_time\" content=\"2020-10-11T13:30:59+00:00\" \/>\n<meta property=\"og:image\" content=\"https:\/\/www.noticiasradioreflejos.com.ar\/2021\/wp-content\/uploads\/2021\/07\/logosol300x200.png\" \/>\n\t<meta property=\"og:image:width\" content=\"300\" \/>\n\t<meta property=\"og:image:height\" content=\"200\" \/>\n\t<meta property=\"og:image:type\" content=\"image\/png\" \/>\n<meta name=\"author\" content=\"Arnaldo Botto\" \/>\n<meta name=\"twitter:card\" content=\"summary_large_image\" \/>\n<script type=\"application\/ld+json\" class=\"yoast-schema-graph\">{\"@context\":\"https:\/\/schema.org\",\"@graph\":[{\"@type\":\"WebPage\",\"@id\":\"https:\/\/www.noticiasradioreflejos.com.ar\/2021\/los-docentes-bonaerenses-aceptaron-un-aumento-salarial-escalonado-del-15-por-ciento\/\",\"url\":\"https:\/\/www.noticiasradioreflejos.com.ar\/2021\/los-docentes-bonaerenses-aceptaron-un-aumento-salarial-escalonado-del-15-por-ciento\/\",\"name\":\"Los docentes bonaerenses aceptaron un aumento salarial escalonado del 15 por ciento. - Noticias Radio Reflejos\",\"isPartOf\":{\"@id\":\"https:\/\/www.noticiasradioreflejos.com.ar\/2021\/#website\"},\"datePublished\":\"2020-10-11T13:30:59+00:00\",\"author\":{\"@id\":\"https:\/\/www.noticiasradioreflejos.com.ar\/2021\/#\/schema\/person\/ad82545263dcc5ec0996818884fd5fb1\"},\"breadcrumb\":{\"@id\":\"https:\/\/www.noticiasradioreflejos.com.ar\/2021\/los-docentes-bonaerenses-aceptaron-un-aumento-salarial-escalonado-del-15-por-ciento\/#breadcrumb\"},\"inLanguage\":\"es\",\"potentialAction\":[{\"@type\":\"ReadAction\",\"target\":[\"https:\/\/www.noticiasradioreflejos.com.ar\/2021\/los-docentes-bonaerenses-aceptaron-un-aumento-salarial-escalonado-del-15-por-ciento\/\"]}]},{\"@type\":\"BreadcrumbList\",\"@id\":\"https:\/\/www.noticiasradioreflejos.com.ar\/2021\/los-docentes-bonaerenses-aceptaron-un-aumento-salarial-escalonado-del-15-por-ciento\/#breadcrumb\",\"itemListElement\":[{\"@type\":\"ListItem\",\"position\":1,\"name\":\"Portada\",\"item\":\"https:\/\/www.noticiasradioreflejos.com.ar\/2021\/\"},{\"@type\":\"ListItem\",\"position\":2,\"name\":\"Los docentes bonaerenses aceptaron un aumento salarial escalonado del 15 por ciento.\"}]},{\"@type\":\"WebSite\",\"@id\":\"https:\/\/www.noticiasradioreflejos.com.ar\/2021\/#website\",\"url\":\"https:\/\/www.noticiasradioreflejos.com.ar\/2021\/\",\"name\":\"Noticias Radio Reflejos\",\"description\":\"Las noticias de mi comarca\",\"potentialAction\":[{\"@type\":\"SearchAction\",\"target\":{\"@type\":\"EntryPoint\",\"urlTemplate\":\"https:\/\/www.noticiasradioreflejos.com.ar\/2021\/?s={search_term_string}\"},\"query-input\":{\"@type\":\"PropertyValueSpecification\",\"valueRequired\":true,\"valueName\":\"search_term_string\"}}],\"inLanguage\":\"es\"},{\"@type\":\"Person\",\"@id\":\"https:\/\/www.noticiasradioreflejos.com.ar\/2021\/#\/schema\/person\/ad82545263dcc5ec0996818884fd5fb1\",\"name\":\"Arnaldo Botto\",\"image\":{\"@type\":\"ImageObject\",\"inLanguage\":\"es\",\"@id\":\"https:\/\/www.noticiasradioreflejos.com.ar\/2021\/#\/schema\/person\/image\/\",\"url\":\"https:\/\/secure.gravatar.com\/avatar\/55cb5e37c1efa326397366e6974cb338056df65cb50e7d64d1cf314e87504837?s=96&d=mm&r=g\",\"contentUrl\":\"https:\/\/secure.gravatar.com\/avatar\/55cb5e37c1efa326397366e6974cb338056df65cb50e7d64d1cf314e87504837?s=96&d=mm&r=g\",\"caption\":\"Arnaldo Botto\"},\"url\":\"https:\/\/www.noticiasradioreflejos.com.ar\/2021\/author\/arnaldo\/\"}]}<\/script>\n<!-- \/ Yoast SEO plugin. -->","yoast_head_json":{"title":"Los docentes bonaerenses aceptaron un aumento salarial escalonado del 15 por ciento. - Noticias Radio Reflejos","robots":{"index":"index","follow":"follow","max-snippet":"max-snippet:-1","max-image-preview":"max-image-preview:large","max-video-preview":"max-video-preview:-1"},"canonical":"https:\/\/www.noticiasradioreflejos.com.ar\/2021\/los-docentes-bonaerenses-aceptaron-un-aumento-salarial-escalonado-del-15-por-ciento\/","og_locale":"es_ES","og_type":"article","og_title":"Los docentes bonaerenses aceptaron un aumento salarial escalonado del 15 por ciento. - Noticias Radio Reflejos","og_description":"Los gremios docentes de la provincia de Buenos Aires aceptaron hoy \u00abpor amplia mayor\u00eda\u00bb la propuesta de recomposici\u00f3n salarial formulada por el gobierno de Axel Kicillof, que consiste en un aumento escalonado del 15 por ciento para el segundo semestre de 2020.","og_url":"https:\/\/www.noticiasradioreflejos.com.ar\/2021\/los-docentes-bonaerenses-aceptaron-un-aumento-salarial-escalonado-del-15-por-ciento\/","og_site_name":"Noticias Radio Reflejos","article_published_time":"2020-10-11T13:30:59+00:00","og_image":[{"width":300,"height":200,"url":"https:\/\/www.noticiasradioreflejos.com.ar\/2021\/wp-content\/uploads\/2021\/07\/logosol300x200.png","type":"image\/png"}],"author":"Arnaldo Botto","twitter_card":"summary_large_image","schema":{"@context":"https:\/\/schema.org","@graph":[{"@type":"WebPage","@id":"https:\/\/www.noticiasradioreflejos.com.ar\/2021\/los-docentes-bonaerenses-aceptaron-un-aumento-salarial-escalonado-del-15-por-ciento\/","url":"https:\/\/www.noticiasradioreflejos.com.ar\/2021\/los-docentes-bonaerenses-aceptaron-un-aumento-salarial-escalonado-del-15-por-ciento\/","name":"Los docentes bonaerenses aceptaron un aumento salarial escalonado del 15 por ciento. - Noticias Radio Reflejos","isPartOf":{"@id":"https:\/\/www.noticiasradioreflejos.com.ar\/2021\/#website"},"datePublished":"2020-10-11T13:30:59+00:00","author":{"@id":"https:\/\/www.noticiasradioreflejos.com.ar\/2021\/#\/schema\/person\/ad82545263dcc5ec0996818884fd5fb1"},"breadcrumb":{"@id":"https:\/\/www.noticiasradioreflejos.com.ar\/2021\/los-docentes-bonaerenses-aceptaron-un-aumento-salarial-escalonado-del-15-por-ciento\/#breadcrumb"},"inLanguage":"es","potentialAction":[{"@type":"ReadAction","target":["https:\/\/www.noticiasradioreflejos.com.ar\/2021\/los-docentes-bonaerenses-aceptaron-un-aumento-salarial-escalonado-del-15-por-ciento\/"]}]},{"@type":"BreadcrumbList","@id":"https:\/\/www.noticiasradioreflejos.com.ar\/2021\/los-docentes-bonaerenses-aceptaron-un-aumento-salarial-escalonado-del-15-por-ciento\/#breadcrumb","itemListElement":[{"@type":"ListItem","position":1,"name":"Portada","item":"https:\/\/www.noticiasradioreflejos.com.ar\/2021\/"},{"@type":"ListItem","position":2,"name":"Los docentes bonaerenses aceptaron un aumento salarial escalonado del 15 por ciento."}]},{"@type":"WebSite","@id":"https:\/\/www.noticiasradioreflejos.com.ar\/2021\/#website","url":"https:\/\/www.noticiasradioreflejos.com.ar\/2021\/","name":"Noticias Radio Reflejos","description":"Las noticias de mi comarca","potentialAction":[{"@type":"SearchAction","target":{"@type":"EntryPoint","urlTemplate":"https:\/\/www.noticiasradioreflejos.com.ar\/2021\/?s={search_term_string}"},"query-input":{"@type":"PropertyValueSpecification","valueRequired":true,"valueName":"search_term_string"}}],"inLanguage":"es"},{"@type":"Person","@id":"https:\/\/www.noticiasradioreflejos.com.ar\/2021\/#\/schema\/person\/ad82545263dcc5ec0996818884fd5fb1","name":"Arnaldo Botto","image":{"@type":"ImageObject","inLanguage":"es","@id":"https:\/\/www.noticiasradioreflejos.com.ar\/2021\/#\/schema\/person\/image\/","url":"https:\/\/secure.gravatar.com\/avatar\/55cb5e37c1efa326397366e6974cb338056df65cb50e7d64d1cf314e87504837?s=96&d=mm&r=g","contentUrl":"https:\/\/secure.gravatar.com\/avatar\/55cb5e37c1efa326397366e6974cb338056df65cb50e7d64d1cf314e87504837?s=96&d=mm&r=g","caption":"Arnaldo Botto"},"url":"https:\/\/www.noticiasradioreflejos.com.ar\/2021\/author\/arnaldo\/"}]}},"_links":{"self":[{"href":"https:\/\/www.noticiasradioreflejos.com.ar\/2021\/wp-json\/wp\/v2\/posts\/47957","targetHints":{"allow":["GET"]}}],"collection":[{"href":"https:\/\/www.noticiasradioreflejos.com.ar\/2021\/wp-json\/wp\/v2\/posts"}],"about":[{"href":"https:\/\/www.noticiasradioreflejos.com.ar\/2021\/wp-json\/wp\/v2\/types\/post"}],"author":[{"embeddable":true,"href":"https:\/\/www.noticiasradioreflejos.com.ar\/2021\/wp-json\/wp\/v2\/users\/3"}],"replies":[{"embeddable":true,"href":"https:\/\/www.noticiasradioreflejos.com.ar\/2021\/wp-json\/wp\/v2\/comments?post=47957"}],"version-history":[{"count":0,"href":"https:\/\/www.noticiasradioreflejos.com.ar\/2021\/wp-json\/wp\/v2\/posts\/47957\/revisions"}],"wp:attachment":[{"href":"https:\/\/www.noticiasradioreflejos.com.ar\/2021\/wp-json\/wp\/v2\/media?parent=47957"}],"wp:term":[{"taxonomy":"category","embeddable":true,"href":"https:\/\/www.noticiasradioreflejos.com.ar\/2021\/wp-json\/wp\/v2\/categories?post=47957"},{"taxonomy":"post_tag","embeddable":true,"href":"https:\/\/www.noticiasradioreflejos.com.ar\/2021\/wp-json\/wp\/v2\/tags?post=47957"}],"curies":[{"name":"wp","href":"https:\/\/api.w.org\/{rel}","templated":true}]}}