{"id":47953,"date":"2020-10-11T10:19:20","date_gmt":"2020-10-11T13:19:20","guid":{"rendered":"http:\/\/www.noticiasradioreflejos.com.ar\/noticias\/?p=47953"},"modified":"2020-10-11T10:19:20","modified_gmt":"2020-10-11T13:19:20","slug":"lluvias-en-las-sierras-y-un-domingo-inestable","status":"publish","type":"post","link":"https:\/\/www.noticiasradioreflejos.com.ar\/2021\/lluvias-en-las-sierras-y-un-domingo-inestable\/","title":{"rendered":"Lluvias en las sierras y un domingo inestable."},"content":{"rendered":"<p>A pesar del alerta emitido por el S.M.N. en el mediod\u00eda de ayer, las lluvias llegaron a la comarca en forma suave.<!--more--><\/p>\n<p>Luego de un s\u00e1bado muy agradable con temperaturas que alcanzaron los 25.3 grados y una t\u00e9rmica que lleg\u00f3 hasta los 27 grados cent\u00edgrados, durante la tarde comenz\u00f3 a cubrirse el cielo serrano y cerca de las 19 horas se pronunci\u00f3 la llegada de las lluvias con algunas descargas el\u00e9ctricas, truenos y rel\u00e1mpagos que posteriormente dejaron en el la zona urbana de Sierra de la Ventana, 30 mm de precipitaci\u00f3n.<br \/>\nLas lluvias fueron m\u00e1s abundantes en el sector del valle interserrano del R\u00edo Sauce Grande, en tanto que en la regi\u00f3n, los mil\u00edmetros acumulados fueron de diferente intensidad y todos en menor medida.<br \/>\nPara este domingo 11 de octubre se espera una jornada de cielo mayormente cubiertos, habr\u00e1 chaparrones aislados hasta horas de la tarde, el viento predominante ser\u00e1 del sector sur de forma suave a moderado y se prev\u00e9 una m\u00e1xima de 15 grados cent\u00edgrados.<\/p>\n<p><span style=\"color: #0000ff;\"><strong>Estos son los datos de lluvia de la zona:<\/strong><\/span><br \/>\n30 mm en Sierra de la Ventana.<br \/>\n20 mm en Calquin<br \/>\n29 m en Villa Ventana.<br \/>\n21 mm en Tornquist<br \/>\n17.5 mm en Pig\u00fc\u00e9<br \/>\n27 mm en Saavedra<br \/>\n10 mm en Espartillar<br \/>\n13 mm en Goyena<br \/>\n7 mm en Carhu\u00e9<br \/>\n16 mm en Cura Malal<br \/>\n4 mm en Huanguel\u00e9n<br \/>\n4 mm en Cnel Pringles<br \/>\n18 mm en Pu\u00e1n<br \/>\n20 mm en Chasic\u00f3<br \/>\n3 mm en Bonifacio<\/p>\n","protected":false},"excerpt":{"rendered":"<p>A pesar del alerta emitido por el S.M.N. en el mediod\u00eda de ayer, las lluvias llegaron a la comarca en forma suave.<\/p>\n","protected":false},"author":3,"featured_media":10464,"comment_status":"closed","ping_status":"open","sticky":false,"template":"","format":"standard","meta":{"footnotes":""},"categories":[26],"tags":[],"class_list":["post-47953","post","type-post","status-publish","format-standard","has-post-thumbnail","hentry","category-sociedad"],"yoast_head":"<!-- This site is optimized with the Yoast SEO plugin v25.9 - https:\/\/yoast.com\/wordpress\/plugins\/seo\/ -->\n<title>Lluvias en las sierras y un domingo inestable. - Noticias Radio Reflejos<\/title>\n<meta name=\"robots\" content=\"index, follow, max-snippet:-1, max-image-preview:large, max-video-preview:-1\" \/>\n<link rel=\"canonical\" href=\"https:\/\/www.noticiasradioreflejos.com.ar\/2021\/lluvias-en-las-sierras-y-un-domingo-inestable\/\" \/>\n<meta property=\"og:locale\" content=\"es_ES\" \/>\n<meta property=\"og:type\" content=\"article\" \/>\n<meta property=\"og:title\" content=\"Lluvias en las sierras y un domingo inestable. - Noticias Radio Reflejos\" \/>\n<meta property=\"og:description\" content=\"A pesar del alerta emitido por el S.M.N. en el mediod\u00eda de ayer, las lluvias llegaron a la comarca en forma suave.\" \/>\n<meta property=\"og:url\" content=\"https:\/\/www.noticiasradioreflejos.com.ar\/2021\/lluvias-en-las-sierras-y-un-domingo-inestable\/\" \/>\n<meta property=\"og:site_name\" content=\"Noticias Radio Reflejos\" \/>\n<meta property=\"article:published_time\" content=\"2020-10-11T13:19:20+00:00\" \/>\n<meta property=\"og:image\" content=\"https:\/\/www.noticiasradioreflejos.com.ar\/2021\/wp-content\/uploads\/2017\/05\/18664141_1630282370345180_7395103689963925422_n-e1586704812114.jpg\" \/>\n\t<meta property=\"og:image:width\" content=\"960\" \/>\n\t<meta property=\"og:image:height\" content=\"538\" \/>\n\t<meta property=\"og:image:type\" content=\"image\/jpeg\" \/>\n<meta name=\"author\" content=\"Arnaldo Botto\" \/>\n<meta name=\"twitter:card\" content=\"summary_large_image\" \/>\n<script type=\"application\/ld+json\" class=\"yoast-schema-graph\">{\"@context\":\"https:\/\/schema.org\",\"@graph\":[{\"@type\":\"WebPage\",\"@id\":\"https:\/\/www.noticiasradioreflejos.com.ar\/2021\/lluvias-en-las-sierras-y-un-domingo-inestable\/\",\"url\":\"https:\/\/www.noticiasradioreflejos.com.ar\/2021\/lluvias-en-las-sierras-y-un-domingo-inestable\/\",\"name\":\"Lluvias en las sierras y un domingo inestable. - Noticias Radio Reflejos\",\"isPartOf\":{\"@id\":\"https:\/\/www.noticiasradioreflejos.com.ar\/2021\/#website\"},\"primaryImageOfPage\":{\"@id\":\"https:\/\/www.noticiasradioreflejos.com.ar\/2021\/lluvias-en-las-sierras-y-un-domingo-inestable\/#primaryimage\"},\"image\":{\"@id\":\"https:\/\/www.noticiasradioreflejos.com.ar\/2021\/lluvias-en-las-sierras-y-un-domingo-inestable\/#primaryimage\"},\"thumbnailUrl\":\"https:\/\/www.noticiasradioreflejos.com.ar\/2021\/wp-content\/uploads\/2017\/05\/18664141_1630282370345180_7395103689963925422_n-e1586704812114.jpg\",\"datePublished\":\"2020-10-11T13:19:20+00:00\",\"author\":{\"@id\":\"https:\/\/www.noticiasradioreflejos.com.ar\/2021\/#\/schema\/person\/ad82545263dcc5ec0996818884fd5fb1\"},\"breadcrumb\":{\"@id\":\"https:\/\/www.noticiasradioreflejos.com.ar\/2021\/lluvias-en-las-sierras-y-un-domingo-inestable\/#breadcrumb\"},\"inLanguage\":\"es\",\"potentialAction\":[{\"@type\":\"ReadAction\",\"target\":[\"https:\/\/www.noticiasradioreflejos.com.ar\/2021\/lluvias-en-las-sierras-y-un-domingo-inestable\/\"]}]},{\"@type\":\"ImageObject\",\"inLanguage\":\"es\",\"@id\":\"https:\/\/www.noticiasradioreflejos.com.ar\/2021\/lluvias-en-las-sierras-y-un-domingo-inestable\/#primaryimage\",\"url\":\"https:\/\/www.noticiasradioreflejos.com.ar\/2021\/wp-content\/uploads\/2017\/05\/18664141_1630282370345180_7395103689963925422_n-e1586704812114.jpg\",\"contentUrl\":\"https:\/\/www.noticiasradioreflejos.com.ar\/2021\/wp-content\/uploads\/2017\/05\/18664141_1630282370345180_7395103689963925422_n-e1586704812114.jpg\",\"width\":960,\"height\":538},{\"@type\":\"BreadcrumbList\",\"@id\":\"https:\/\/www.noticiasradioreflejos.com.ar\/2021\/lluvias-en-las-sierras-y-un-domingo-inestable\/#breadcrumb\",\"itemListElement\":[{\"@type\":\"ListItem\",\"position\":1,\"name\":\"Portada\",\"item\":\"https:\/\/www.noticiasradioreflejos.com.ar\/2021\/\"},{\"@type\":\"ListItem\",\"position\":2,\"name\":\"Lluvias en las sierras y un domingo inestable.\"}]},{\"@type\":\"WebSite\",\"@id\":\"https:\/\/www.noticiasradioreflejos.com.ar\/2021\/#website\",\"url\":\"https:\/\/www.noticiasradioreflejos.com.ar\/2021\/\",\"name\":\"Noticias Radio Reflejos\",\"description\":\"Las noticias de mi comarca\",\"potentialAction\":[{\"@type\":\"SearchAction\",\"target\":{\"@type\":\"EntryPoint\",\"urlTemplate\":\"https:\/\/www.noticiasradioreflejos.com.ar\/2021\/?s={search_term_string}\"},\"query-input\":{\"@type\":\"PropertyValueSpecification\",\"valueRequired\":true,\"valueName\":\"search_term_string\"}}],\"inLanguage\":\"es\"},{\"@type\":\"Person\",\"@id\":\"https:\/\/www.noticiasradioreflejos.com.ar\/2021\/#\/schema\/person\/ad82545263dcc5ec0996818884fd5fb1\",\"name\":\"Arnaldo Botto\",\"image\":{\"@type\":\"ImageObject\",\"inLanguage\":\"es\",\"@id\":\"https:\/\/www.noticiasradioreflejos.com.ar\/2021\/#\/schema\/person\/image\/\",\"url\":\"https:\/\/secure.gravatar.com\/avatar\/55cb5e37c1efa326397366e6974cb338056df65cb50e7d64d1cf314e87504837?s=96&d=mm&r=g\",\"contentUrl\":\"https:\/\/secure.gravatar.com\/avatar\/55cb5e37c1efa326397366e6974cb338056df65cb50e7d64d1cf314e87504837?s=96&d=mm&r=g\",\"caption\":\"Arnaldo Botto\"},\"url\":\"https:\/\/www.noticiasradioreflejos.com.ar\/2021\/author\/arnaldo\/\"}]}<\/script>\n<!-- \/ Yoast SEO plugin. -->","yoast_head_json":{"title":"Lluvias en las sierras y un domingo inestable. - Noticias Radio Reflejos","robots":{"index":"index","follow":"follow","max-snippet":"max-snippet:-1","max-image-preview":"max-image-preview:large","max-video-preview":"max-video-preview:-1"},"canonical":"https:\/\/www.noticiasradioreflejos.com.ar\/2021\/lluvias-en-las-sierras-y-un-domingo-inestable\/","og_locale":"es_ES","og_type":"article","og_title":"Lluvias en las sierras y un domingo inestable. - Noticias Radio Reflejos","og_description":"A pesar del alerta emitido por el S.M.N. en el mediod\u00eda de ayer, las lluvias llegaron a la comarca en forma suave.","og_url":"https:\/\/www.noticiasradioreflejos.com.ar\/2021\/lluvias-en-las-sierras-y-un-domingo-inestable\/","og_site_name":"Noticias Radio Reflejos","article_published_time":"2020-10-11T13:19:20+00:00","og_image":[{"width":960,"height":538,"url":"https:\/\/www.noticiasradioreflejos.com.ar\/2021\/wp-content\/uploads\/2017\/05\/18664141_1630282370345180_7395103689963925422_n-e1586704812114.jpg","type":"image\/jpeg"}],"author":"Arnaldo Botto","twitter_card":"summary_large_image","schema":{"@context":"https:\/\/schema.org","@graph":[{"@type":"WebPage","@id":"https:\/\/www.noticiasradioreflejos.com.ar\/2021\/lluvias-en-las-sierras-y-un-domingo-inestable\/","url":"https:\/\/www.noticiasradioreflejos.com.ar\/2021\/lluvias-en-las-sierras-y-un-domingo-inestable\/","name":"Lluvias en las sierras y un domingo inestable. - Noticias Radio Reflejos","isPartOf":{"@id":"https:\/\/www.noticiasradioreflejos.com.ar\/2021\/#website"},"primaryImageOfPage":{"@id":"https:\/\/www.noticiasradioreflejos.com.ar\/2021\/lluvias-en-las-sierras-y-un-domingo-inestable\/#primaryimage"},"image":{"@id":"https:\/\/www.noticiasradioreflejos.com.ar\/2021\/lluvias-en-las-sierras-y-un-domingo-inestable\/#primaryimage"},"thumbnailUrl":"https:\/\/www.noticiasradioreflejos.com.ar\/2021\/wp-content\/uploads\/2017\/05\/18664141_1630282370345180_7395103689963925422_n-e1586704812114.jpg","datePublished":"2020-10-11T13:19:20+00:00","author":{"@id":"https:\/\/www.noticiasradioreflejos.com.ar\/2021\/#\/schema\/person\/ad82545263dcc5ec0996818884fd5fb1"},"breadcrumb":{"@id":"https:\/\/www.noticiasradioreflejos.com.ar\/2021\/lluvias-en-las-sierras-y-un-domingo-inestable\/#breadcrumb"},"inLanguage":"es","potentialAction":[{"@type":"ReadAction","target":["https:\/\/www.noticiasradioreflejos.com.ar\/2021\/lluvias-en-las-sierras-y-un-domingo-inestable\/"]}]},{"@type":"ImageObject","inLanguage":"es","@id":"https:\/\/www.noticiasradioreflejos.com.ar\/2021\/lluvias-en-las-sierras-y-un-domingo-inestable\/#primaryimage","url":"https:\/\/www.noticiasradioreflejos.com.ar\/2021\/wp-content\/uploads\/2017\/05\/18664141_1630282370345180_7395103689963925422_n-e1586704812114.jpg","contentUrl":"https:\/\/www.noticiasradioreflejos.com.ar\/2021\/wp-content\/uploads\/2017\/05\/18664141_1630282370345180_7395103689963925422_n-e1586704812114.jpg","width":960,"height":538},{"@type":"BreadcrumbList","@id":"https:\/\/www.noticiasradioreflejos.com.ar\/2021\/lluvias-en-las-sierras-y-un-domingo-inestable\/#breadcrumb","itemListElement":[{"@type":"ListItem","position":1,"name":"Portada","item":"https:\/\/www.noticiasradioreflejos.com.ar\/2021\/"},{"@type":"ListItem","position":2,"name":"Lluvias en las sierras y un domingo inestable."}]},{"@type":"WebSite","@id":"https:\/\/www.noticiasradioreflejos.com.ar\/2021\/#website","url":"https:\/\/www.noticiasradioreflejos.com.ar\/2021\/","name":"Noticias Radio Reflejos","description":"Las noticias de mi comarca","potentialAction":[{"@type":"SearchAction","target":{"@type":"EntryPoint","urlTemplate":"https:\/\/www.noticiasradioreflejos.com.ar\/2021\/?s={search_term_string}"},"query-input":{"@type":"PropertyValueSpecification","valueRequired":true,"valueName":"search_term_string"}}],"inLanguage":"es"},{"@type":"Person","@id":"https:\/\/www.noticiasradioreflejos.com.ar\/2021\/#\/schema\/person\/ad82545263dcc5ec0996818884fd5fb1","name":"Arnaldo Botto","image":{"@type":"ImageObject","inLanguage":"es","@id":"https:\/\/www.noticiasradioreflejos.com.ar\/2021\/#\/schema\/person\/image\/","url":"https:\/\/secure.gravatar.com\/avatar\/55cb5e37c1efa326397366e6974cb338056df65cb50e7d64d1cf314e87504837?s=96&d=mm&r=g","contentUrl":"https:\/\/secure.gravatar.com\/avatar\/55cb5e37c1efa326397366e6974cb338056df65cb50e7d64d1cf314e87504837?s=96&d=mm&r=g","caption":"Arnaldo Botto"},"url":"https:\/\/www.noticiasradioreflejos.com.ar\/2021\/author\/arnaldo\/"}]}},"_links":{"self":[{"href":"https:\/\/www.noticiasradioreflejos.com.ar\/2021\/wp-json\/wp\/v2\/posts\/47953","targetHints":{"allow":["GET"]}}],"collection":[{"href":"https:\/\/www.noticiasradioreflejos.com.ar\/2021\/wp-json\/wp\/v2\/posts"}],"about":[{"href":"https:\/\/www.noticiasradioreflejos.com.ar\/2021\/wp-json\/wp\/v2\/types\/post"}],"author":[{"embeddable":true,"href":"https:\/\/www.noticiasradioreflejos.com.ar\/2021\/wp-json\/wp\/v2\/users\/3"}],"replies":[{"embeddable":true,"href":"https:\/\/www.noticiasradioreflejos.com.ar\/2021\/wp-json\/wp\/v2\/comments?post=47953"}],"version-history":[{"count":0,"href":"https:\/\/www.noticiasradioreflejos.com.ar\/2021\/wp-json\/wp\/v2\/posts\/47953\/revisions"}],"wp:featuredmedia":[{"embeddable":true,"href":"https:\/\/www.noticiasradioreflejos.com.ar\/2021\/wp-json\/wp\/v2\/media\/10464"}],"wp:attachment":[{"href":"https:\/\/www.noticiasradioreflejos.com.ar\/2021\/wp-json\/wp\/v2\/media?parent=47953"}],"wp:term":[{"taxonomy":"category","embeddable":true,"href":"https:\/\/www.noticiasradioreflejos.com.ar\/2021\/wp-json\/wp\/v2\/categories?post=47953"},{"taxonomy":"post_tag","embeddable":true,"href":"https:\/\/www.noticiasradioreflejos.com.ar\/2021\/wp-json\/wp\/v2\/tags?post=47953"}],"curies":[{"name":"wp","href":"https:\/\/api.w.org\/{rel}","templated":true}]}}