{"id":47951,"date":"2020-10-10T18:21:44","date_gmt":"2020-10-10T21:21:44","guid":{"rendered":"http:\/\/www.noticiasradioreflejos.com.ar\/noticias\/?p=47951"},"modified":"2020-10-10T18:21:44","modified_gmt":"2020-10-10T21:21:44","slug":"3-entrega-audiovisual-que-es-una-biblioteca-popular","status":"publish","type":"post","link":"https:\/\/www.noticiasradioreflejos.com.ar\/2021\/3-entrega-audiovisual-que-es-una-biblioteca-popular\/","title":{"rendered":"3\u00b0 entrega audiovisual \u00abQu\u00e9 es una Biblioteca Popular\u00bb"},"content":{"rendered":"<p><b>3\u00b0 entrega audiovisual: \u00bfQu\u00e9 es una Biblioteca Popular? \u00bfQu\u00e9 es la Macedonio?\u00a0<\/b><!--more--><\/p>\n<p><b><a id=\"m_7244081552127511864LPlnk\" href=\"https:\/\/www.facebook.com\/macedonio.fernandez.96\/videos\/3432255980187988\" target=\"_blank\" rel=\"noreferrer noopener\" data-saferedirecturl=\"https:\/\/www.google.com\/url?q=https:\/\/www.facebook.com\/macedonio.fernandez.96\/videos\/3432255980187988&amp;source=gmail&amp;ust=1602423528402000&amp;usg=AFQjCNEuQ46wyRU1hYHNLGQbGY_IvuW_zg\">https:\/\/www.facebook.com\/<wbr \/>macedonio.fernandez.96\/videos\/<wbr \/>3432255980187988<\/a><br \/>\n<\/b><\/p>\n<div>\n<div id=\"m_7244081552127511864LPBorder_GTaHR0cHM6Ly93d3cuZmFjZWJvb2suY29tL21hY2Vkb25pby5mZXJuYW5kZXouOTYvdmlkZW9zLzM0MzIyNTU5ODAxODc5ODg.\">\n<table id=\"m_7244081552127511864LPContainer334629\" class=\"zoom-out\" data-zoom=\"1\">\n<tbody>\n<tr valign=\"top\">\n<td class=\"\">\n<div id=\"m_7244081552127511864LPImageContainer334629\"><a id=\"m_7244081552127511864LPImageAnchor334629\" href=\"https:\/\/www.facebook.com\/macedonio.fernandez.96\/videos\/3432255980187988\" target=\"_blank\" rel=\"noreferrer noopener\" data-saferedirecturl=\"https:\/\/www.google.com\/url?q=https:\/\/www.facebook.com\/macedonio.fernandez.96\/videos\/3432255980187988&amp;source=gmail&amp;ust=1602423528402000&amp;usg=AFQjCNEuQ46wyRU1hYHNLGQbGY_IvuW_zg\"><img loading=\"lazy\" decoding=\"async\" id=\"m_7244081552127511864LPThumbnailImageId334629\" src=\"https:\/\/ci5.googleusercontent.com\/proxy\/2wMaTHEtbatY_Gj1_3r1gafvnYS2CIKVSed-NlRCczpIp2jM3NjQSkLx66nKN9k4IcTANn0LMjFiKTcz8QHYUclDiQDJNPZVUWol4f1ILcPyc1gSUTtcA6TOgRV3DzlMeBnXrE6rAXE6n1mHSlB_I-o6gz4PgWOHpc8RmD5J879KNhILBsMDqu081fHlH9UKvwREncnnWDs9NGWOhPwzG7C2uUlgTMY3JhtotHgVAW0_weM2UO9I9annvnleCh4JtGQeCG5xlG0Vd0bHanbTLgpMaIUwWTNBgUmI77j52OfWNg1Dft2PGLGo8dcAsmTUYR87ihdKt_9pC3rI0n1GmrqNQybK=s0-d-e1-ft#https:\/\/scontent-sea1-1.xx.fbcdn.net\/v\/t15.5256-10\/p206x206\/120903629_3432295443517375_1894514098785305856_n.jpg?_nc_cat=111&amp;_nc_sid=1055be&amp;_nc_ohc=5qrlz7CYUtEAX8TIosP&amp;_nc_ht=scontent-sea1-1.xx&amp;oh=b9111cd1e259f05e6e0ad95ab7e394b8&amp;oe=5FA6EB33\" alt=\"\" width=\"240\" height=\"135\" \/><\/a><\/div>\n<\/td>\n<td class=\"\">\n<div id=\"m_7244081552127511864LPTitle334629\"><a id=\"m_7244081552127511864LPUrlAnchor334629\" href=\"https:\/\/www.facebook.com\/macedonio.fernandez.96\/videos\/3432255980187988\" target=\"_blank\" rel=\"noreferrer noopener\" data-saferedirecturl=\"https:\/\/www.google.com\/url?q=https:\/\/www.facebook.com\/macedonio.fernandez.96\/videos\/3432255980187988&amp;source=gmail&amp;ust=1602423528402000&amp;usg=AFQjCNEuQ46wyRU1hYHNLGQbGY_IvuW_zg\">Macedonio<\/a><\/div>\n<div id=\"m_7244081552127511864LPDescription334629\">3&amp;#xb0; entrega audiovisual: &amp;#xbf;Qu&amp;#xe9; es una Biblioteca Popular? &amp;#xbf;Qu&amp;#xe9; es la Macedonio? Nuestro especial agradecimiento a todas las personas que participaron en&#8230;<\/div>\n<div id=\"m_7244081552127511864LPMetadata334629\"><a href=\"http:\/\/www.facebook.com\/\" target=\"_blank\" rel=\"noreferrer noopener\" data-saferedirecturl=\"https:\/\/www.google.com\/url?q=http:\/\/www.facebook.com&amp;source=gmail&amp;ust=1602423528402000&amp;usg=AFQjCNEorKowSZGgBwNAbAgHMD4h-QN8PQ\">www.facebook.com<\/a><\/div>\n<\/td>\n<\/tr>\n<\/tbody>\n<\/table>\n<\/div>\n<\/div>\n<p>&nbsp;<\/p>\n<p><b>\u00a0<\/b><\/p>\n<p><b>Nuestro especial agradecimiento a todas las personas que participaron en estos tres audiovisuales por el D\u00eda de las Bibliotecas Populares y en relaci\u00f3n a La Macedonio. \u00a0<\/b><\/p>\n<p><b>\u00a0<\/b><\/p>\n<p><b>Para esta ocasi\u00f3n, nuestra gratitud a:\u00a0<\/b><\/p>\n<p><b>\u00a0<\/b><\/p>\n<p><b>Julio Alonso Ar\u00e9valo.\u00a0<\/b>Salamanca, Espa\u00f1a<b>.\u00a0<\/b><\/p>\n<p>Bibliotecario de la Facultad de Traducci\u00f3n y Doc. de la USAL.\u00a0Ex-Miembro del Grupo de Investigaci\u00f3n E-LECTRA. Premio Nacional de Investigaci\u00f3n por la UNE Premio mejor Profesional Social Media INFOAWARDS 2019. Creador y editor del repositorio E-LIS. M\u00e1s de 80 art\u00edculos cient\u00edficos publicados \u2026 Link :\u00a0<a href=\"https:\/\/universoabierto.org\/author\/infotra\/\" target=\"_blank\" rel=\"noreferrer noopener\" data-saferedirecturl=\"https:\/\/www.google.com\/url?q=https:\/\/universoabierto.org\/author\/infotra\/&amp;source=gmail&amp;ust=1602423528402000&amp;usg=AFQjCNFzUF-ptxyT3WE2CXqasKXU08xG9g\">https:\/\/universoabierto.org\/<wbr \/>author\/infotra\/<\/a><\/p>\n<p>&nbsp;<\/p>\n<p><b>Edgardo Civallero:<\/b>\u00a0(Buenos Aires, 1973), Licenciado en Bibliotecolog\u00eda y Documentaci\u00f3n por la Universidad Nacional de C\u00f3rdoba.\u00a0Ha trabajado en el desarrollo de bibliotecas en comunidades ind\u00edgenas sudamericanas, recuperando tradici\u00f3n oral y lenguas amenazadas.<\/p>\n<p><b>Y a Agostina, Julieta, Klara, Vecky, Irene, Roberta, Emma, Donato, Nilda y El\u00a0\u00a0P\u00e1jaro que expresaron su parecer y sentir con respecto a nuestra Biblio<\/b>.<\/p>\n<p>&nbsp;<\/p>\n<p><b><u>\u00a0\u00a0Para ver la trilog\u00eda completa:\u00a0<\/u><\/b><\/p>\n<p><b>1\u00b0 :\u00a0<\/b><a href=\"https:\/\/www.facebook.com\/macedonio.fernandez.96\/videos\/3402024799877773\" target=\"_blank\" rel=\"noreferrer noopener\" data-saferedirecturl=\"https:\/\/www.google.com\/url?q=https:\/\/www.facebook.com\/macedonio.fernandez.96\/videos\/3402024799877773&amp;source=gmail&amp;ust=1602423528402000&amp;usg=AFQjCNH9LjnnjgpsqlyhGbeRD7VwOS3vWA\">https:\/\/www.facebook.com\/<wbr \/>macedonio.fernandez.96\/videos\/<wbr \/>3402024799877773<\/a><b>\u00a0<\/b><\/p>\n<p><b>\u00a02\u00b0:<\/b>\u00a0\u00a0<a href=\"https:\/\/www.facebook.com\/macedonio.fernandez.96\/videos\/3410687795678140\" target=\"_blank\" rel=\"noreferrer noopener\" data-saferedirecturl=\"https:\/\/www.google.com\/url?q=https:\/\/www.facebook.com\/macedonio.fernandez.96\/videos\/3410687795678140&amp;source=gmail&amp;ust=1602423528402000&amp;usg=AFQjCNGzb0zuoEbx8pybpiRO5_0JTxc3qA\">https:\/\/www.facebook.com\/<wbr \/>macedonio.fernandez.96\/videos\/<wbr \/>3410687795678140<\/a>\u00a0\u00a0\u00a0\u00a0\u00a0\u00a0\u00a0\u00a0\u00a0\u00a0\u00a0\u00a0\u00a0\u00a0<wbr \/><\/p>\n","protected":false},"excerpt":{"rendered":"<p>3\u00b0 entrega audiovisual: \u00bfQu\u00e9 es una Biblioteca Popular? \u00bfQu\u00e9 es la Macedonio?\u00a0<\/p>\n","protected":false},"author":3,"featured_media":0,"comment_status":"closed","ping_status":"open","sticky":false,"template":"","format":"standard","meta":{"footnotes":""},"categories":[35],"tags":[],"class_list":["post-47951","post","type-post","status-publish","format-standard","hentry","category-cultura"],"yoast_head":"<!-- This site is optimized with the Yoast SEO plugin v25.9 - https:\/\/yoast.com\/wordpress\/plugins\/seo\/ -->\n<title>3\u00b0 entrega audiovisual &quot;Qu\u00e9 es una Biblioteca Popular&quot; - Noticias Radio Reflejos<\/title>\n<meta name=\"robots\" content=\"index, follow, max-snippet:-1, max-image-preview:large, max-video-preview:-1\" \/>\n<link rel=\"canonical\" href=\"https:\/\/www.noticiasradioreflejos.com.ar\/2021\/3-entrega-audiovisual-que-es-una-biblioteca-popular\/\" \/>\n<meta property=\"og:locale\" content=\"es_ES\" \/>\n<meta property=\"og:type\" content=\"article\" \/>\n<meta property=\"og:title\" content=\"3\u00b0 entrega audiovisual &quot;Qu\u00e9 es una Biblioteca Popular&quot; - Noticias Radio Reflejos\" \/>\n<meta property=\"og:description\" content=\"3\u00b0 entrega audiovisual: \u00bfQu\u00e9 es una Biblioteca Popular? \u00bfQu\u00e9 es la Macedonio?\u00a0\" \/>\n<meta property=\"og:url\" content=\"https:\/\/www.noticiasradioreflejos.com.ar\/2021\/3-entrega-audiovisual-que-es-una-biblioteca-popular\/\" \/>\n<meta property=\"og:site_name\" content=\"Noticias Radio Reflejos\" \/>\n<meta property=\"article:published_time\" content=\"2020-10-10T21:21:44+00:00\" \/>\n<meta property=\"og:image\" content=\"https:\/\/ci5.googleusercontent.com\/proxy\/2wMaTHEtbatY_Gj1_3r1gafvnYS2CIKVSed-NlRCczpIp2jM3NjQSkLx66nKN9k4IcTANn0LMjFiKTcz8QHYUclDiQDJNPZVUWol4f1ILcPyc1gSUTtcA6TOgRV3DzlMeBnXrE6rAXE6n1mHSlB_I-o6gz4PgWOHpc8RmD5J879KNhILBsMDqu081fHlH9UKvwREncnnWDs9NGWOhPwzG7C2uUlgTMY3JhtotHgVAW0_weM2UO9I9annvnleCh4JtGQeCG5xlG0Vd0bHanbTLgpMaIUwWTNBgUmI77j52OfWNg1Dft2PGLGo8dcAsmTUYR87ihdKt_9pC3rI0n1GmrqNQybK=s0-d-e1-ft#https:\/\/scontent-sea1-1.xx.fbcdn.net\/v\/t15.5256-10\/p206x206\/120903629_3432295443517375_1894514098785305856_n.jpg?_nc_cat=111&amp;_nc_sid=1055be&amp;_nc_ohc=5qrlz7CYUtEAX8TIosP&amp;_nc_ht=scontent-sea1-1.xx&amp;oh=b9111cd1e259f05e6e0ad95ab7e394b8&amp;oe=5FA6EB33\" \/>\n<meta name=\"author\" content=\"Arnaldo Botto\" \/>\n<meta name=\"twitter:card\" content=\"summary_large_image\" \/>\n<script type=\"application\/ld+json\" class=\"yoast-schema-graph\">{\"@context\":\"https:\/\/schema.org\",\"@graph\":[{\"@type\":\"WebPage\",\"@id\":\"https:\/\/www.noticiasradioreflejos.com.ar\/2021\/3-entrega-audiovisual-que-es-una-biblioteca-popular\/\",\"url\":\"https:\/\/www.noticiasradioreflejos.com.ar\/2021\/3-entrega-audiovisual-que-es-una-biblioteca-popular\/\",\"name\":\"3\u00b0 entrega audiovisual \\\"Qu\u00e9 es una Biblioteca Popular\\\" - Noticias Radio Reflejos\",\"isPartOf\":{\"@id\":\"https:\/\/www.noticiasradioreflejos.com.ar\/2021\/#website\"},\"primaryImageOfPage\":{\"@id\":\"https:\/\/www.noticiasradioreflejos.com.ar\/2021\/3-entrega-audiovisual-que-es-una-biblioteca-popular\/#primaryimage\"},\"image\":{\"@id\":\"https:\/\/www.noticiasradioreflejos.com.ar\/2021\/3-entrega-audiovisual-que-es-una-biblioteca-popular\/#primaryimage\"},\"thumbnailUrl\":\"https:\/\/ci5.googleusercontent.com\/proxy\/2wMaTHEtbatY_Gj1_3r1gafvnYS2CIKVSed-NlRCczpIp2jM3NjQSkLx66nKN9k4IcTANn0LMjFiKTcz8QHYUclDiQDJNPZVUWol4f1ILcPyc1gSUTtcA6TOgRV3DzlMeBnXrE6rAXE6n1mHSlB_I-o6gz4PgWOHpc8RmD5J879KNhILBsMDqu081fHlH9UKvwREncnnWDs9NGWOhPwzG7C2uUlgTMY3JhtotHgVAW0_weM2UO9I9annvnleCh4JtGQeCG5xlG0Vd0bHanbTLgpMaIUwWTNBgUmI77j52OfWNg1Dft2PGLGo8dcAsmTUYR87ihdKt_9pC3rI0n1GmrqNQybK=s0-d-e1-ft#https:\/\/scontent-sea1-1.xx.fbcdn.net\/v\/t15.5256-10\/p206x206\/120903629_3432295443517375_1894514098785305856_n.jpg?_nc_cat=111&amp;_nc_sid=1055be&amp;_nc_ohc=5qrlz7CYUtEAX8TIosP&amp;_nc_ht=scontent-sea1-1.xx&amp;oh=b9111cd1e259f05e6e0ad95ab7e394b8&amp;oe=5FA6EB33\",\"datePublished\":\"2020-10-10T21:21:44+00:00\",\"author\":{\"@id\":\"https:\/\/www.noticiasradioreflejos.com.ar\/2021\/#\/schema\/person\/ad82545263dcc5ec0996818884fd5fb1\"},\"breadcrumb\":{\"@id\":\"https:\/\/www.noticiasradioreflejos.com.ar\/2021\/3-entrega-audiovisual-que-es-una-biblioteca-popular\/#breadcrumb\"},\"inLanguage\":\"es\",\"potentialAction\":[{\"@type\":\"ReadAction\",\"target\":[\"https:\/\/www.noticiasradioreflejos.com.ar\/2021\/3-entrega-audiovisual-que-es-una-biblioteca-popular\/\"]}]},{\"@type\":\"ImageObject\",\"inLanguage\":\"es\",\"@id\":\"https:\/\/www.noticiasradioreflejos.com.ar\/2021\/3-entrega-audiovisual-que-es-una-biblioteca-popular\/#primaryimage\",\"url\":\"https:\/\/ci5.googleusercontent.com\/proxy\/2wMaTHEtbatY_Gj1_3r1gafvnYS2CIKVSed-NlRCczpIp2jM3NjQSkLx66nKN9k4IcTANn0LMjFiKTcz8QHYUclDiQDJNPZVUWol4f1ILcPyc1gSUTtcA6TOgRV3DzlMeBnXrE6rAXE6n1mHSlB_I-o6gz4PgWOHpc8RmD5J879KNhILBsMDqu081fHlH9UKvwREncnnWDs9NGWOhPwzG7C2uUlgTMY3JhtotHgVAW0_weM2UO9I9annvnleCh4JtGQeCG5xlG0Vd0bHanbTLgpMaIUwWTNBgUmI77j52OfWNg1Dft2PGLGo8dcAsmTUYR87ihdKt_9pC3rI0n1GmrqNQybK=s0-d-e1-ft#https:\/\/scontent-sea1-1.xx.fbcdn.net\/v\/t15.5256-10\/p206x206\/120903629_3432295443517375_1894514098785305856_n.jpg?_nc_cat=111&amp;_nc_sid=1055be&amp;_nc_ohc=5qrlz7CYUtEAX8TIosP&amp;_nc_ht=scontent-sea1-1.xx&amp;oh=b9111cd1e259f05e6e0ad95ab7e394b8&amp;oe=5FA6EB33\",\"contentUrl\":\"https:\/\/ci5.googleusercontent.com\/proxy\/2wMaTHEtbatY_Gj1_3r1gafvnYS2CIKVSed-NlRCczpIp2jM3NjQSkLx66nKN9k4IcTANn0LMjFiKTcz8QHYUclDiQDJNPZVUWol4f1ILcPyc1gSUTtcA6TOgRV3DzlMeBnXrE6rAXE6n1mHSlB_I-o6gz4PgWOHpc8RmD5J879KNhILBsMDqu081fHlH9UKvwREncnnWDs9NGWOhPwzG7C2uUlgTMY3JhtotHgVAW0_weM2UO9I9annvnleCh4JtGQeCG5xlG0Vd0bHanbTLgpMaIUwWTNBgUmI77j52OfWNg1Dft2PGLGo8dcAsmTUYR87ihdKt_9pC3rI0n1GmrqNQybK=s0-d-e1-ft#https:\/\/scontent-sea1-1.xx.fbcdn.net\/v\/t15.5256-10\/p206x206\/120903629_3432295443517375_1894514098785305856_n.jpg?_nc_cat=111&amp;_nc_sid=1055be&amp;_nc_ohc=5qrlz7CYUtEAX8TIosP&amp;_nc_ht=scontent-sea1-1.xx&amp;oh=b9111cd1e259f05e6e0ad95ab7e394b8&amp;oe=5FA6EB33\"},{\"@type\":\"BreadcrumbList\",\"@id\":\"https:\/\/www.noticiasradioreflejos.com.ar\/2021\/3-entrega-audiovisual-que-es-una-biblioteca-popular\/#breadcrumb\",\"itemListElement\":[{\"@type\":\"ListItem\",\"position\":1,\"name\":\"Portada\",\"item\":\"https:\/\/www.noticiasradioreflejos.com.ar\/2021\/\"},{\"@type\":\"ListItem\",\"position\":2,\"name\":\"3\u00b0 entrega audiovisual \u00abQu\u00e9 es una Biblioteca Popular\u00bb\"}]},{\"@type\":\"WebSite\",\"@id\":\"https:\/\/www.noticiasradioreflejos.com.ar\/2021\/#website\",\"url\":\"https:\/\/www.noticiasradioreflejos.com.ar\/2021\/\",\"name\":\"Noticias Radio Reflejos\",\"description\":\"Las noticias de mi comarca\",\"potentialAction\":[{\"@type\":\"SearchAction\",\"target\":{\"@type\":\"EntryPoint\",\"urlTemplate\":\"https:\/\/www.noticiasradioreflejos.com.ar\/2021\/?s={search_term_string}\"},\"query-input\":{\"@type\":\"PropertyValueSpecification\",\"valueRequired\":true,\"valueName\":\"search_term_string\"}}],\"inLanguage\":\"es\"},{\"@type\":\"Person\",\"@id\":\"https:\/\/www.noticiasradioreflejos.com.ar\/2021\/#\/schema\/person\/ad82545263dcc5ec0996818884fd5fb1\",\"name\":\"Arnaldo Botto\",\"image\":{\"@type\":\"ImageObject\",\"inLanguage\":\"es\",\"@id\":\"https:\/\/www.noticiasradioreflejos.com.ar\/2021\/#\/schema\/person\/image\/\",\"url\":\"https:\/\/secure.gravatar.com\/avatar\/55cb5e37c1efa326397366e6974cb338056df65cb50e7d64d1cf314e87504837?s=96&d=mm&r=g\",\"contentUrl\":\"https:\/\/secure.gravatar.com\/avatar\/55cb5e37c1efa326397366e6974cb338056df65cb50e7d64d1cf314e87504837?s=96&d=mm&r=g\",\"caption\":\"Arnaldo Botto\"},\"url\":\"https:\/\/www.noticiasradioreflejos.com.ar\/2021\/author\/arnaldo\/\"}]}<\/script>\n<!-- \/ Yoast SEO plugin. -->","yoast_head_json":{"title":"3\u00b0 entrega audiovisual \"Qu\u00e9 es una Biblioteca Popular\" - Noticias Radio Reflejos","robots":{"index":"index","follow":"follow","max-snippet":"max-snippet:-1","max-image-preview":"max-image-preview:large","max-video-preview":"max-video-preview:-1"},"canonical":"https:\/\/www.noticiasradioreflejos.com.ar\/2021\/3-entrega-audiovisual-que-es-una-biblioteca-popular\/","og_locale":"es_ES","og_type":"article","og_title":"3\u00b0 entrega audiovisual \"Qu\u00e9 es una Biblioteca Popular\" - Noticias Radio Reflejos","og_description":"3\u00b0 entrega audiovisual: \u00bfQu\u00e9 es una Biblioteca Popular? \u00bfQu\u00e9 es la Macedonio?\u00a0","og_url":"https:\/\/www.noticiasradioreflejos.com.ar\/2021\/3-entrega-audiovisual-que-es-una-biblioteca-popular\/","og_site_name":"Noticias Radio Reflejos","article_published_time":"2020-10-10T21:21:44+00:00","og_image":[{"url":"https:\/\/ci5.googleusercontent.com\/proxy\/2wMaTHEtbatY_Gj1_3r1gafvnYS2CIKVSed-NlRCczpIp2jM3NjQSkLx66nKN9k4IcTANn0LMjFiKTcz8QHYUclDiQDJNPZVUWol4f1ILcPyc1gSUTtcA6TOgRV3DzlMeBnXrE6rAXE6n1mHSlB_I-o6gz4PgWOHpc8RmD5J879KNhILBsMDqu081fHlH9UKvwREncnnWDs9NGWOhPwzG7C2uUlgTMY3JhtotHgVAW0_weM2UO9I9annvnleCh4JtGQeCG5xlG0Vd0bHanbTLgpMaIUwWTNBgUmI77j52OfWNg1Dft2PGLGo8dcAsmTUYR87ihdKt_9pC3rI0n1GmrqNQybK=s0-d-e1-ft#https:\/\/scontent-sea1-1.xx.fbcdn.net\/v\/t15.5256-10\/p206x206\/120903629_3432295443517375_1894514098785305856_n.jpg?_nc_cat=111&amp;_nc_sid=1055be&amp;_nc_ohc=5qrlz7CYUtEAX8TIosP&amp;_nc_ht=scontent-sea1-1.xx&amp;oh=b9111cd1e259f05e6e0ad95ab7e394b8&amp;oe=5FA6EB33","type":"","width":"","height":""}],"author":"Arnaldo Botto","twitter_card":"summary_large_image","schema":{"@context":"https:\/\/schema.org","@graph":[{"@type":"WebPage","@id":"https:\/\/www.noticiasradioreflejos.com.ar\/2021\/3-entrega-audiovisual-que-es-una-biblioteca-popular\/","url":"https:\/\/www.noticiasradioreflejos.com.ar\/2021\/3-entrega-audiovisual-que-es-una-biblioteca-popular\/","name":"3\u00b0 entrega audiovisual \"Qu\u00e9 es una Biblioteca Popular\" - Noticias Radio Reflejos","isPartOf":{"@id":"https:\/\/www.noticiasradioreflejos.com.ar\/2021\/#website"},"primaryImageOfPage":{"@id":"https:\/\/www.noticiasradioreflejos.com.ar\/2021\/3-entrega-audiovisual-que-es-una-biblioteca-popular\/#primaryimage"},"image":{"@id":"https:\/\/www.noticiasradioreflejos.com.ar\/2021\/3-entrega-audiovisual-que-es-una-biblioteca-popular\/#primaryimage"},"thumbnailUrl":"https:\/\/ci5.googleusercontent.com\/proxy\/2wMaTHEtbatY_Gj1_3r1gafvnYS2CIKVSed-NlRCczpIp2jM3NjQSkLx66nKN9k4IcTANn0LMjFiKTcz8QHYUclDiQDJNPZVUWol4f1ILcPyc1gSUTtcA6TOgRV3DzlMeBnXrE6rAXE6n1mHSlB_I-o6gz4PgWOHpc8RmD5J879KNhILBsMDqu081fHlH9UKvwREncnnWDs9NGWOhPwzG7C2uUlgTMY3JhtotHgVAW0_weM2UO9I9annvnleCh4JtGQeCG5xlG0Vd0bHanbTLgpMaIUwWTNBgUmI77j52OfWNg1Dft2PGLGo8dcAsmTUYR87ihdKt_9pC3rI0n1GmrqNQybK=s0-d-e1-ft#https:\/\/scontent-sea1-1.xx.fbcdn.net\/v\/t15.5256-10\/p206x206\/120903629_3432295443517375_1894514098785305856_n.jpg?_nc_cat=111&amp;_nc_sid=1055be&amp;_nc_ohc=5qrlz7CYUtEAX8TIosP&amp;_nc_ht=scontent-sea1-1.xx&amp;oh=b9111cd1e259f05e6e0ad95ab7e394b8&amp;oe=5FA6EB33","datePublished":"2020-10-10T21:21:44+00:00","author":{"@id":"https:\/\/www.noticiasradioreflejos.com.ar\/2021\/#\/schema\/person\/ad82545263dcc5ec0996818884fd5fb1"},"breadcrumb":{"@id":"https:\/\/www.noticiasradioreflejos.com.ar\/2021\/3-entrega-audiovisual-que-es-una-biblioteca-popular\/#breadcrumb"},"inLanguage":"es","potentialAction":[{"@type":"ReadAction","target":["https:\/\/www.noticiasradioreflejos.com.ar\/2021\/3-entrega-audiovisual-que-es-una-biblioteca-popular\/"]}]},{"@type":"ImageObject","inLanguage":"es","@id":"https:\/\/www.noticiasradioreflejos.com.ar\/2021\/3-entrega-audiovisual-que-es-una-biblioteca-popular\/#primaryimage","url":"https:\/\/ci5.googleusercontent.com\/proxy\/2wMaTHEtbatY_Gj1_3r1gafvnYS2CIKVSed-NlRCczpIp2jM3NjQSkLx66nKN9k4IcTANn0LMjFiKTcz8QHYUclDiQDJNPZVUWol4f1ILcPyc1gSUTtcA6TOgRV3DzlMeBnXrE6rAXE6n1mHSlB_I-o6gz4PgWOHpc8RmD5J879KNhILBsMDqu081fHlH9UKvwREncnnWDs9NGWOhPwzG7C2uUlgTMY3JhtotHgVAW0_weM2UO9I9annvnleCh4JtGQeCG5xlG0Vd0bHanbTLgpMaIUwWTNBgUmI77j52OfWNg1Dft2PGLGo8dcAsmTUYR87ihdKt_9pC3rI0n1GmrqNQybK=s0-d-e1-ft#https:\/\/scontent-sea1-1.xx.fbcdn.net\/v\/t15.5256-10\/p206x206\/120903629_3432295443517375_1894514098785305856_n.jpg?_nc_cat=111&amp;_nc_sid=1055be&amp;_nc_ohc=5qrlz7CYUtEAX8TIosP&amp;_nc_ht=scontent-sea1-1.xx&amp;oh=b9111cd1e259f05e6e0ad95ab7e394b8&amp;oe=5FA6EB33","contentUrl":"https:\/\/ci5.googleusercontent.com\/proxy\/2wMaTHEtbatY_Gj1_3r1gafvnYS2CIKVSed-NlRCczpIp2jM3NjQSkLx66nKN9k4IcTANn0LMjFiKTcz8QHYUclDiQDJNPZVUWol4f1ILcPyc1gSUTtcA6TOgRV3DzlMeBnXrE6rAXE6n1mHSlB_I-o6gz4PgWOHpc8RmD5J879KNhILBsMDqu081fHlH9UKvwREncnnWDs9NGWOhPwzG7C2uUlgTMY3JhtotHgVAW0_weM2UO9I9annvnleCh4JtGQeCG5xlG0Vd0bHanbTLgpMaIUwWTNBgUmI77j52OfWNg1Dft2PGLGo8dcAsmTUYR87ihdKt_9pC3rI0n1GmrqNQybK=s0-d-e1-ft#https:\/\/scontent-sea1-1.xx.fbcdn.net\/v\/t15.5256-10\/p206x206\/120903629_3432295443517375_1894514098785305856_n.jpg?_nc_cat=111&amp;_nc_sid=1055be&amp;_nc_ohc=5qrlz7CYUtEAX8TIosP&amp;_nc_ht=scontent-sea1-1.xx&amp;oh=b9111cd1e259f05e6e0ad95ab7e394b8&amp;oe=5FA6EB33"},{"@type":"BreadcrumbList","@id":"https:\/\/www.noticiasradioreflejos.com.ar\/2021\/3-entrega-audiovisual-que-es-una-biblioteca-popular\/#breadcrumb","itemListElement":[{"@type":"ListItem","position":1,"name":"Portada","item":"https:\/\/www.noticiasradioreflejos.com.ar\/2021\/"},{"@type":"ListItem","position":2,"name":"3\u00b0 entrega audiovisual \u00abQu\u00e9 es una Biblioteca Popular\u00bb"}]},{"@type":"WebSite","@id":"https:\/\/www.noticiasradioreflejos.com.ar\/2021\/#website","url":"https:\/\/www.noticiasradioreflejos.com.ar\/2021\/","name":"Noticias Radio Reflejos","description":"Las noticias de mi comarca","potentialAction":[{"@type":"SearchAction","target":{"@type":"EntryPoint","urlTemplate":"https:\/\/www.noticiasradioreflejos.com.ar\/2021\/?s={search_term_string}"},"query-input":{"@type":"PropertyValueSpecification","valueRequired":true,"valueName":"search_term_string"}}],"inLanguage":"es"},{"@type":"Person","@id":"https:\/\/www.noticiasradioreflejos.com.ar\/2021\/#\/schema\/person\/ad82545263dcc5ec0996818884fd5fb1","name":"Arnaldo Botto","image":{"@type":"ImageObject","inLanguage":"es","@id":"https:\/\/www.noticiasradioreflejos.com.ar\/2021\/#\/schema\/person\/image\/","url":"https:\/\/secure.gravatar.com\/avatar\/55cb5e37c1efa326397366e6974cb338056df65cb50e7d64d1cf314e87504837?s=96&d=mm&r=g","contentUrl":"https:\/\/secure.gravatar.com\/avatar\/55cb5e37c1efa326397366e6974cb338056df65cb50e7d64d1cf314e87504837?s=96&d=mm&r=g","caption":"Arnaldo Botto"},"url":"https:\/\/www.noticiasradioreflejos.com.ar\/2021\/author\/arnaldo\/"}]}},"_links":{"self":[{"href":"https:\/\/www.noticiasradioreflejos.com.ar\/2021\/wp-json\/wp\/v2\/posts\/47951","targetHints":{"allow":["GET"]}}],"collection":[{"href":"https:\/\/www.noticiasradioreflejos.com.ar\/2021\/wp-json\/wp\/v2\/posts"}],"about":[{"href":"https:\/\/www.noticiasradioreflejos.com.ar\/2021\/wp-json\/wp\/v2\/types\/post"}],"author":[{"embeddable":true,"href":"https:\/\/www.noticiasradioreflejos.com.ar\/2021\/wp-json\/wp\/v2\/users\/3"}],"replies":[{"embeddable":true,"href":"https:\/\/www.noticiasradioreflejos.com.ar\/2021\/wp-json\/wp\/v2\/comments?post=47951"}],"version-history":[{"count":0,"href":"https:\/\/www.noticiasradioreflejos.com.ar\/2021\/wp-json\/wp\/v2\/posts\/47951\/revisions"}],"wp:attachment":[{"href":"https:\/\/www.noticiasradioreflejos.com.ar\/2021\/wp-json\/wp\/v2\/media?parent=47951"}],"wp:term":[{"taxonomy":"category","embeddable":true,"href":"https:\/\/www.noticiasradioreflejos.com.ar\/2021\/wp-json\/wp\/v2\/categories?post=47951"},{"taxonomy":"post_tag","embeddable":true,"href":"https:\/\/www.noticiasradioreflejos.com.ar\/2021\/wp-json\/wp\/v2\/tags?post=47951"}],"curies":[{"name":"wp","href":"https:\/\/api.w.org\/{rel}","templated":true}]}}