{"id":47943,"date":"2020-10-10T16:01:12","date_gmt":"2020-10-10T19:01:12","guid":{"rendered":"http:\/\/www.noticiasradioreflejos.com.ar\/noticias\/?p=47943"},"modified":"2020-10-10T16:01:12","modified_gmt":"2020-10-10T19:01:12","slug":"el-empresario-jorge-neuss-mato-a-su-esposa-y-se-quito-la-vida","status":"publish","type":"post","link":"https:\/\/www.noticiasradioreflejos.com.ar\/2021\/el-empresario-jorge-neuss-mato-a-su-esposa-y-se-quito-la-vida\/","title":{"rendered":"El empresario Jorge Neuss mat\u00f3 a su esposa y se quit\u00f3 la vida"},"content":{"rendered":"<p>El hecho ocurri\u00f3 en el country Martindale, ubicado en la zona norte del Gran Buenos Aires. El femicida muri\u00f3 en el hospital Austral<!--more--><\/p>\n<header class=\"header | col widescreen-12 desktop-12 tablet-12 width_full\">\n<div class=\"article-header font_tertiary\">\u00a0El empresario\u00a0<b>Jorge Justo Neuss, de 72 a\u00f1os de edad, mat\u00f3 este s\u00e1bado a su esposa Silvia Saravia de Neuss (69) y luego intent\u00f3 quitarse la vida<\/b>, confirmaron a\u00a0<b>Infobae<\/b>\u00a0fuentes judiciales. El hecho ocurri\u00f3 en la casa que ambos compart\u00edan en un barrio cerrado ubicado en una localidad del norte del Gran Buenos Aires.<\/div>\n<\/header>\n<article class=\"article | col widescreen-8 desktop-8 tablet-12 width_full\">\n<p class=\"font_tertiary paragraph\">El crimen dej\u00f3 en estado de conmoci\u00f3n a los vecinos del\u00a0<b>Martindale Country Club<\/b>\u00a0ubicado en la ciudad de\u00a0<b>Derqui<\/b>.<\/p>\n<p class=\"font_tertiary paragraph\">La investigaci\u00f3n del femicidio est\u00e1 a cargo de la fiscal\u00a0<b>Mar\u00eda Jos\u00e9 Basiglio<\/b>, que est\u00e1 en el lugar tras haber recibido una notificaci\u00f3n poco despu\u00e9s del mediod\u00eda, en\u00a0<b>un expediente bajo<\/b><b>la firma del juez de garant\u00edas Nicol\u00e1s Ceballos.<\/b><\/p>\n<p class=\"font_tertiary paragraph\">Seg\u00fan las fuentes, Neuss<b>\u00a0bale\u00f3 a su pareja y luego se efectu\u00f3 un disparo en la cabeza<\/b>, a la altura de la sien, aparentemente con la idea de quitarse la vida.\u00a0<mark class=\"hl_yellow\"><b>El femicida continuaba con vida tras ser trasladado al hospital Austral con heridas graves, pero su condici\u00f3n era cr\u00edtica.<\/b><\/mark><\/p>\n<p class=\"font_tertiary paragraph\"><mark class=\"hl_yellow\"><b>Neuss falleci\u00f3 poco despu\u00e9s de las 15.<\/b><\/mark><\/p>\n<picture class=\"font_tertiary visual__image\"><img loading=\"lazy\" decoding=\"async\" src=\"https:\/\/www.infobae.com\/new-resizer\/k8BKLkkU3brs3N8UvVjAIkVC5yY=\/420x236\/filters:format(jpg):quality(85)\/\/cloudfront-us-east-1.images.arcpublishing.com\/infobae\/A22XGMTFFRGLBBJX7R6A3GBGNQ.jpg\" alt=\"La calle donde se ubica la casa de la familia Neuss minutos despu\u00e9s del hecho: en el fondo, los patrulleros de la Bonaerense.\" width=\"1920\" height=\"1080\" \/>La calle donde se ubica la casa de la familia Neuss minutos despu\u00e9s del hecho: en el fondo, los patrulleros de la Bonaerense.<\/picture>\n<p class=\"font_tertiary paragraph\">La casa del empresario se encuentra rodeada de efectivos de polic\u00eda<b>,\u00a0<\/b>con\u00a0<b>al menos siete patrulleros en el lugar.<\/b>\u00a0La fiscal Basiglio ingres\u00f3 a la casa poco despu\u00e9s de las 15 horas.<mark class=\"hl_yellow\"><b>\u00a0Un vecino dio la alerta al 911 tras o\u00edr la conmoci\u00f3n.<\/b><\/mark><\/p>\n<p class=\"font_tertiary paragraph\"><b>Efectivos de la Polic\u00eda Cient\u00edfica comenzaron las pericias criminal\u00edsticas,<\/b>\u00a0mientras que un equipo interdisciplinario de la fiscal\u00eda est\u00e1 en el lugar con el objetivo de contener a los hijos del matrimonio. Interviene la Comisar\u00eda N\u00b02 de Pilar. La calificaci\u00f3n, por el momento,\u00a0<mark class=\"hl_yellow\"><b>es de homicidio y tentativa de suicidio.<\/b><\/mark><\/p>\n<p class=\"font_tertiary paragraph\">Seg\u00fan trascendi\u00f3,\u00a0<b>una de las hip\u00f3tesis sobre el m\u00f3vil del hecho\u00a0<\/b>que manejan los investigadores es un\u00a0<b>conflicto de pareja relacionado con la enfermedad de uno de los hijos del matrimonio. Juan Jorge, de 35 a\u00f1os, parte del conglomerado de empresas familiar, que fue supuestamente diagnosticado con c\u00e1ncer hace pocos d\u00edas y estaba en el inmueble cuando sucedi\u00f3 el hecho.<\/b>\u00a0De acuerdo a fuentes judiciales, ser\u00eda Juan Jorge, empresario como su padre quien comparti\u00f3 esa hip\u00f3tesis con los investigadores. En su declaraci\u00f3n, asegur\u00f3 que no hab\u00eda problemas de convivencia previos.<\/p>\n<div class=\"inline | ad-wrapper display_flex align_items_center width_full justify_center\"><\/div>\n<picture class=\"font_tertiary visual__image\"><img loading=\"lazy\" decoding=\"async\" src=\"https:\/\/www.infobae.com\/new-resizer\/OqdvZYPwY7Yd5YJ1DYCgch03lDU=\/420x236\/filters:format(jpg):quality(85)\/\/cloudfront-us-east-1.images.arcpublishing.com\/infobae\/MCVMXC6GTFAMRNIK7MAPCYQRHE.jpeg\" alt=\"El ingreso al country Martindale.\" width=\"1032\" height=\"581\" \/><\/picture>\n<\/article>\n<p class=\"font_tertiary paragraph\"><b>El Grupo Neuss es un conglomerado de 120 a\u00f1os de actuaci\u00f3n en el pa\u00eds<\/b>, cuyo precursor fue la fundaci\u00f3n, en\u00a0<b>1881<\/b>, de Soda Neuss Belgrano, por parte de Herman Neuss, el padre de Jorge Justo Neuss.\u00a0<b>Las gaseosas Neuss llegaron a liderar el mercado argentino.<\/b><\/p>\n<p class=\"font_tertiary paragraph\">Jorge inici\u00f3 una nueva rama de negocios: los servicios para el sector p\u00fablico, la energ\u00eda y los servicios financieros.\u00a0<b>En los a\u00f1os \u00b480, Jorge Justo Neuss (h) y German Neuss se hicieron cargo del grupo empresario siguiendo el modelo de negocios e incorporando el desarrollo inmobiliario al mismo.<\/b><\/p>\n<div class=\"Ad_4 | ad-wrapper display_flex align_items_center width_full justify_center\">\n<div class=\"dfpAd hidden-tablet hidden-desktop display_inline_block ad_margin_wrapper ad_big_margin_bottom_wrapper text--center\">\n<div id=\"infobae\/sociedad\/policiales\/nota\/Ad_4\" class=\"infobae\/sociedad\/policiales\/nota\/Ad_4 arcad\" data-google-query-id=\"CK7L2MLYquwCFdYIuQYdzZ8Lrg\">\n<div id=\"google_ads_iframe_\/1058609\/infobae\/sociedad\/policiales\/nota\/Ad_4_0__container__\"><iframe id=\"google_ads_iframe_\/1058609\/infobae\/sociedad\/policiales\/nota\/Ad_4_0\" title=\"3rd party ad content\" name=\"google_ads_iframe_\/1058609\/infobae\/sociedad\/policiales\/nota\/Ad_4_0\" width=\"300\" height=\"250\" frameborder=\"0\" marginwidth=\"0\" marginheight=\"0\" scrolling=\"no\" data-google-container-id=\"6\" data-load-complete=\"true\"><\/iframe><\/div>\n<\/div>\n<\/div>\n<\/div>\n<p class=\"font_tertiary paragraph\"><b>La p\u00e1gina de Neuss Capital lo define actualmente como un fondo de inversi\u00f3n especializado en la adquisici\u00f3n y start-up de empresas de servicios y soluciones tecnol\u00f3gicas para el sector p\u00fablico o privado.<\/b>\u00a0\u201cInvertimos en empresas innovadoras que capitalizan la irrupci\u00f3n de tecnolog\u00eda y que est\u00e1n posicionadas para un r\u00e1pido crecimiento y liderazgo en el mercado en el mercado\u201d dice un pasaje en su p\u00e1gina Web, en la que el grupo declara\u00a0<b>\u201cestar preparado para dar servicio, mejorar la operaci\u00f3n y maximizar el crecimiento de las organizaciones mediante una combinaci\u00f3n estrat\u00e9gica del capital y del conocimiento operacional\u201d.<\/b><\/p>\n<picture class=\"font_tertiary visual__image\"><source srcset=\"https:\/\/www.infobae.com\/new-resizer\/rhyWlhDq-9lDCVkTdaKGTtC18uM=\/768x1024\/filters:format(jpg):quality(85)\/cloudfront-us-east-1.images.arcpublishing.com\/infobae\/IBJKOXEFSNDGZPP2PHB3H45VKI.jpg 1200w\" type=\"image\/jpg\" \/><source srcset=\"https:\/\/www.infobae.com\/new-resizer\/rhyWlhDq-9lDCVkTdaKGTtC18uM=\/768x1024\/filters:format(jpg):quality(85)\/cloudfront-us-east-1.images.arcpublishing.com\/infobae\/IBJKOXEFSNDGZPP2PHB3H45VKI.jpg 992w\" type=\"image\/jpg\" \/><source srcset=\"https:\/\/www.infobae.com\/new-resizer\/rhyWlhDq-9lDCVkTdaKGTtC18uM=\/768x1024\/filters:format(jpg):quality(85)\/cloudfront-us-east-1.images.arcpublishing.com\/infobae\/IBJKOXEFSNDGZPP2PHB3H45VKI.jpg 768w\" type=\"image\/jpg\" \/><source srcset=\"https:\/\/www.infobae.com\/new-resizer\/fIwEfCTuVrBeOse-4rbMkHUzf-M=\/420x560\/filters:format(jpg):quality(85)\/cloudfront-us-east-1.images.arcpublishing.com\/infobae\/IBJKOXEFSNDGZPP2PHB3H45VKI.jpg 420w\" type=\"image\/jpg\" \/><img loading=\"lazy\" decoding=\"async\" src=\"https:\/\/www.infobae.com\/new-resizer\/fIwEfCTuVrBeOse-4rbMkHUzf-M=\/420x560\/filters:format(jpg):quality(85)\/\/cloudfront-us-east-1.images.arcpublishing.com\/infobae\/IBJKOXEFSNDGZPP2PHB3H45VKI.jpg\" alt=\"Jorge Neuss y S\u00edlvia Saravia de Neuss \" width=\"1920\" height=\"2543\" \/><\/picture>\n<p class=\"font_tertiary paragraph\">El Fondo es dirigido por un equipo integrado de inversores y operadores que cuentan con la experiencia y la tecnolog\u00eda necesarias para realizar inversiones de capital privado.<\/p>\n<div class=\"Ad_5 | ad-wrapper display_flex align_items_center width_full justify_center\"><\/div>\n<p class=\"font_tertiary paragraph\">Neuss, empleado del holding familiar,\u00a0<b>hab\u00eda integrado varias sociedades del entramado Neuss de acuerdo al Bolet\u00edn Oficial<\/b>\u00a0desde fines de los 90 como Opera House, Neuss Agropecuaria.\u00a0<mark class=\"hl_yellow\"><b>Silvia Mar\u00eda Saravia, su v\u00edctima, era parte de la corporaci\u00f3n: fue directora suplente de Neuss Sociedad An\u00f3nima, adem\u00e1s de su socia en otras empresas como Mar del Sur Polo Club.<\/b><\/mark><\/p>\n<p class=\"font_tertiary paragraph\">En el entorno de Neuss, algunas voces<b>\u00a0sugieren la existencia de un pacto suicida\u00a0<\/b>entre el empresario y su mujer, aunque informaci\u00f3n de fuentes policiales\u00a0<b>indica lo contrario.<\/b><\/p>\n<p>Fuente Infobae<\/p>\n","protected":false},"excerpt":{"rendered":"<p>El hecho ocurri\u00f3 en el country Martindale, ubicado en la zona norte del Gran Buenos Aires. El femicida muri\u00f3 en el hospital Austral<\/p>\n","protected":false},"author":3,"featured_media":0,"comment_status":"closed","ping_status":"open","sticky":false,"template":"","format":"standard","meta":{"footnotes":""},"categories":[29],"tags":[],"class_list":["post-47943","post","type-post","status-publish","format-standard","hentry","category-policiales"],"yoast_head":"<!-- This site is optimized with the Yoast SEO plugin v25.9 - https:\/\/yoast.com\/wordpress\/plugins\/seo\/ -->\n<title>El empresario Jorge Neuss mat\u00f3 a su esposa y se quit\u00f3 la vida - Noticias Radio Reflejos<\/title>\n<meta name=\"robots\" content=\"index, follow, max-snippet:-1, max-image-preview:large, max-video-preview:-1\" \/>\n<link rel=\"canonical\" href=\"https:\/\/www.noticiasradioreflejos.com.ar\/2021\/el-empresario-jorge-neuss-mato-a-su-esposa-y-se-quito-la-vida\/\" \/>\n<meta property=\"og:locale\" content=\"es_ES\" \/>\n<meta property=\"og:type\" content=\"article\" \/>\n<meta property=\"og:title\" content=\"El empresario Jorge Neuss mat\u00f3 a su esposa y se quit\u00f3 la vida - Noticias Radio Reflejos\" \/>\n<meta property=\"og:description\" content=\"El hecho ocurri\u00f3 en el country Martindale, ubicado en la zona norte del Gran Buenos Aires. El femicida muri\u00f3 en el hospital Austral\" \/>\n<meta property=\"og:url\" content=\"https:\/\/www.noticiasradioreflejos.com.ar\/2021\/el-empresario-jorge-neuss-mato-a-su-esposa-y-se-quito-la-vida\/\" \/>\n<meta property=\"og:site_name\" content=\"Noticias Radio Reflejos\" \/>\n<meta property=\"article:published_time\" content=\"2020-10-10T19:01:12+00:00\" \/>\n<meta property=\"og:image\" content=\"https:\/\/www.infobae.com\/new-resizer\/k8BKLkkU3brs3N8UvVjAIkVC5yY=\/420x236\/filters:format(jpg):quality(85)\/\/cloudfront-us-east-1.images.arcpublishing.com\/infobae\/A22XGMTFFRGLBBJX7R6A3GBGNQ.jpg\" \/>\n<meta name=\"author\" content=\"Arnaldo Botto\" \/>\n<meta name=\"twitter:card\" content=\"summary_large_image\" \/>\n<script type=\"application\/ld+json\" class=\"yoast-schema-graph\">{\"@context\":\"https:\/\/schema.org\",\"@graph\":[{\"@type\":\"WebPage\",\"@id\":\"https:\/\/www.noticiasradioreflejos.com.ar\/2021\/el-empresario-jorge-neuss-mato-a-su-esposa-y-se-quito-la-vida\/\",\"url\":\"https:\/\/www.noticiasradioreflejos.com.ar\/2021\/el-empresario-jorge-neuss-mato-a-su-esposa-y-se-quito-la-vida\/\",\"name\":\"El empresario Jorge Neuss mat\u00f3 a su esposa y se quit\u00f3 la vida - Noticias Radio Reflejos\",\"isPartOf\":{\"@id\":\"https:\/\/www.noticiasradioreflejos.com.ar\/2021\/#website\"},\"primaryImageOfPage\":{\"@id\":\"https:\/\/www.noticiasradioreflejos.com.ar\/2021\/el-empresario-jorge-neuss-mato-a-su-esposa-y-se-quito-la-vida\/#primaryimage\"},\"image\":{\"@id\":\"https:\/\/www.noticiasradioreflejos.com.ar\/2021\/el-empresario-jorge-neuss-mato-a-su-esposa-y-se-quito-la-vida\/#primaryimage\"},\"thumbnailUrl\":\"https:\/\/www.infobae.com\/new-resizer\/k8BKLkkU3brs3N8UvVjAIkVC5yY=\/420x236\/filters:format(jpg):quality(85)\/\/cloudfront-us-east-1.images.arcpublishing.com\/infobae\/A22XGMTFFRGLBBJX7R6A3GBGNQ.jpg\",\"datePublished\":\"2020-10-10T19:01:12+00:00\",\"author\":{\"@id\":\"https:\/\/www.noticiasradioreflejos.com.ar\/2021\/#\/schema\/person\/ad82545263dcc5ec0996818884fd5fb1\"},\"breadcrumb\":{\"@id\":\"https:\/\/www.noticiasradioreflejos.com.ar\/2021\/el-empresario-jorge-neuss-mato-a-su-esposa-y-se-quito-la-vida\/#breadcrumb\"},\"inLanguage\":\"es\",\"potentialAction\":[{\"@type\":\"ReadAction\",\"target\":[\"https:\/\/www.noticiasradioreflejos.com.ar\/2021\/el-empresario-jorge-neuss-mato-a-su-esposa-y-se-quito-la-vida\/\"]}]},{\"@type\":\"ImageObject\",\"inLanguage\":\"es\",\"@id\":\"https:\/\/www.noticiasradioreflejos.com.ar\/2021\/el-empresario-jorge-neuss-mato-a-su-esposa-y-se-quito-la-vida\/#primaryimage\",\"url\":\"https:\/\/www.infobae.com\/new-resizer\/k8BKLkkU3brs3N8UvVjAIkVC5yY=\/420x236\/filters:format(jpg):quality(85)\/\/cloudfront-us-east-1.images.arcpublishing.com\/infobae\/A22XGMTFFRGLBBJX7R6A3GBGNQ.jpg\",\"contentUrl\":\"https:\/\/www.infobae.com\/new-resizer\/k8BKLkkU3brs3N8UvVjAIkVC5yY=\/420x236\/filters:format(jpg):quality(85)\/\/cloudfront-us-east-1.images.arcpublishing.com\/infobae\/A22XGMTFFRGLBBJX7R6A3GBGNQ.jpg\"},{\"@type\":\"BreadcrumbList\",\"@id\":\"https:\/\/www.noticiasradioreflejos.com.ar\/2021\/el-empresario-jorge-neuss-mato-a-su-esposa-y-se-quito-la-vida\/#breadcrumb\",\"itemListElement\":[{\"@type\":\"ListItem\",\"position\":1,\"name\":\"Portada\",\"item\":\"https:\/\/www.noticiasradioreflejos.com.ar\/2021\/\"},{\"@type\":\"ListItem\",\"position\":2,\"name\":\"El empresario Jorge Neuss mat\u00f3 a su esposa y se quit\u00f3 la vida\"}]},{\"@type\":\"WebSite\",\"@id\":\"https:\/\/www.noticiasradioreflejos.com.ar\/2021\/#website\",\"url\":\"https:\/\/www.noticiasradioreflejos.com.ar\/2021\/\",\"name\":\"Noticias Radio Reflejos\",\"description\":\"Las noticias de mi comarca\",\"potentialAction\":[{\"@type\":\"SearchAction\",\"target\":{\"@type\":\"EntryPoint\",\"urlTemplate\":\"https:\/\/www.noticiasradioreflejos.com.ar\/2021\/?s={search_term_string}\"},\"query-input\":{\"@type\":\"PropertyValueSpecification\",\"valueRequired\":true,\"valueName\":\"search_term_string\"}}],\"inLanguage\":\"es\"},{\"@type\":\"Person\",\"@id\":\"https:\/\/www.noticiasradioreflejos.com.ar\/2021\/#\/schema\/person\/ad82545263dcc5ec0996818884fd5fb1\",\"name\":\"Arnaldo Botto\",\"image\":{\"@type\":\"ImageObject\",\"inLanguage\":\"es\",\"@id\":\"https:\/\/www.noticiasradioreflejos.com.ar\/2021\/#\/schema\/person\/image\/\",\"url\":\"https:\/\/secure.gravatar.com\/avatar\/55cb5e37c1efa326397366e6974cb338056df65cb50e7d64d1cf314e87504837?s=96&d=mm&r=g\",\"contentUrl\":\"https:\/\/secure.gravatar.com\/avatar\/55cb5e37c1efa326397366e6974cb338056df65cb50e7d64d1cf314e87504837?s=96&d=mm&r=g\",\"caption\":\"Arnaldo Botto\"},\"url\":\"https:\/\/www.noticiasradioreflejos.com.ar\/2021\/author\/arnaldo\/\"}]}<\/script>\n<!-- \/ Yoast SEO plugin. -->","yoast_head_json":{"title":"El empresario Jorge Neuss mat\u00f3 a su esposa y se quit\u00f3 la vida - Noticias Radio Reflejos","robots":{"index":"index","follow":"follow","max-snippet":"max-snippet:-1","max-image-preview":"max-image-preview:large","max-video-preview":"max-video-preview:-1"},"canonical":"https:\/\/www.noticiasradioreflejos.com.ar\/2021\/el-empresario-jorge-neuss-mato-a-su-esposa-y-se-quito-la-vida\/","og_locale":"es_ES","og_type":"article","og_title":"El empresario Jorge Neuss mat\u00f3 a su esposa y se quit\u00f3 la vida - Noticias Radio Reflejos","og_description":"El hecho ocurri\u00f3 en el country Martindale, ubicado en la zona norte del Gran Buenos Aires. El femicida muri\u00f3 en el hospital Austral","og_url":"https:\/\/www.noticiasradioreflejos.com.ar\/2021\/el-empresario-jorge-neuss-mato-a-su-esposa-y-se-quito-la-vida\/","og_site_name":"Noticias Radio Reflejos","article_published_time":"2020-10-10T19:01:12+00:00","og_image":[{"url":"https:\/\/www.infobae.com\/new-resizer\/k8BKLkkU3brs3N8UvVjAIkVC5yY=\/420x236\/filters:format(jpg):quality(85)\/\/cloudfront-us-east-1.images.arcpublishing.com\/infobae\/A22XGMTFFRGLBBJX7R6A3GBGNQ.jpg","type":"","width":"","height":""}],"author":"Arnaldo Botto","twitter_card":"summary_large_image","schema":{"@context":"https:\/\/schema.org","@graph":[{"@type":"WebPage","@id":"https:\/\/www.noticiasradioreflejos.com.ar\/2021\/el-empresario-jorge-neuss-mato-a-su-esposa-y-se-quito-la-vida\/","url":"https:\/\/www.noticiasradioreflejos.com.ar\/2021\/el-empresario-jorge-neuss-mato-a-su-esposa-y-se-quito-la-vida\/","name":"El empresario Jorge Neuss mat\u00f3 a su esposa y se quit\u00f3 la vida - Noticias Radio Reflejos","isPartOf":{"@id":"https:\/\/www.noticiasradioreflejos.com.ar\/2021\/#website"},"primaryImageOfPage":{"@id":"https:\/\/www.noticiasradioreflejos.com.ar\/2021\/el-empresario-jorge-neuss-mato-a-su-esposa-y-se-quito-la-vida\/#primaryimage"},"image":{"@id":"https:\/\/www.noticiasradioreflejos.com.ar\/2021\/el-empresario-jorge-neuss-mato-a-su-esposa-y-se-quito-la-vida\/#primaryimage"},"thumbnailUrl":"https:\/\/www.infobae.com\/new-resizer\/k8BKLkkU3brs3N8UvVjAIkVC5yY=\/420x236\/filters:format(jpg):quality(85)\/\/cloudfront-us-east-1.images.arcpublishing.com\/infobae\/A22XGMTFFRGLBBJX7R6A3GBGNQ.jpg","datePublished":"2020-10-10T19:01:12+00:00","author":{"@id":"https:\/\/www.noticiasradioreflejos.com.ar\/2021\/#\/schema\/person\/ad82545263dcc5ec0996818884fd5fb1"},"breadcrumb":{"@id":"https:\/\/www.noticiasradioreflejos.com.ar\/2021\/el-empresario-jorge-neuss-mato-a-su-esposa-y-se-quito-la-vida\/#breadcrumb"},"inLanguage":"es","potentialAction":[{"@type":"ReadAction","target":["https:\/\/www.noticiasradioreflejos.com.ar\/2021\/el-empresario-jorge-neuss-mato-a-su-esposa-y-se-quito-la-vida\/"]}]},{"@type":"ImageObject","inLanguage":"es","@id":"https:\/\/www.noticiasradioreflejos.com.ar\/2021\/el-empresario-jorge-neuss-mato-a-su-esposa-y-se-quito-la-vida\/#primaryimage","url":"https:\/\/www.infobae.com\/new-resizer\/k8BKLkkU3brs3N8UvVjAIkVC5yY=\/420x236\/filters:format(jpg):quality(85)\/\/cloudfront-us-east-1.images.arcpublishing.com\/infobae\/A22XGMTFFRGLBBJX7R6A3GBGNQ.jpg","contentUrl":"https:\/\/www.infobae.com\/new-resizer\/k8BKLkkU3brs3N8UvVjAIkVC5yY=\/420x236\/filters:format(jpg):quality(85)\/\/cloudfront-us-east-1.images.arcpublishing.com\/infobae\/A22XGMTFFRGLBBJX7R6A3GBGNQ.jpg"},{"@type":"BreadcrumbList","@id":"https:\/\/www.noticiasradioreflejos.com.ar\/2021\/el-empresario-jorge-neuss-mato-a-su-esposa-y-se-quito-la-vida\/#breadcrumb","itemListElement":[{"@type":"ListItem","position":1,"name":"Portada","item":"https:\/\/www.noticiasradioreflejos.com.ar\/2021\/"},{"@type":"ListItem","position":2,"name":"El empresario Jorge Neuss mat\u00f3 a su esposa y se quit\u00f3 la vida"}]},{"@type":"WebSite","@id":"https:\/\/www.noticiasradioreflejos.com.ar\/2021\/#website","url":"https:\/\/www.noticiasradioreflejos.com.ar\/2021\/","name":"Noticias Radio Reflejos","description":"Las noticias de mi comarca","potentialAction":[{"@type":"SearchAction","target":{"@type":"EntryPoint","urlTemplate":"https:\/\/www.noticiasradioreflejos.com.ar\/2021\/?s={search_term_string}"},"query-input":{"@type":"PropertyValueSpecification","valueRequired":true,"valueName":"search_term_string"}}],"inLanguage":"es"},{"@type":"Person","@id":"https:\/\/www.noticiasradioreflejos.com.ar\/2021\/#\/schema\/person\/ad82545263dcc5ec0996818884fd5fb1","name":"Arnaldo Botto","image":{"@type":"ImageObject","inLanguage":"es","@id":"https:\/\/www.noticiasradioreflejos.com.ar\/2021\/#\/schema\/person\/image\/","url":"https:\/\/secure.gravatar.com\/avatar\/55cb5e37c1efa326397366e6974cb338056df65cb50e7d64d1cf314e87504837?s=96&d=mm&r=g","contentUrl":"https:\/\/secure.gravatar.com\/avatar\/55cb5e37c1efa326397366e6974cb338056df65cb50e7d64d1cf314e87504837?s=96&d=mm&r=g","caption":"Arnaldo Botto"},"url":"https:\/\/www.noticiasradioreflejos.com.ar\/2021\/author\/arnaldo\/"}]}},"_links":{"self":[{"href":"https:\/\/www.noticiasradioreflejos.com.ar\/2021\/wp-json\/wp\/v2\/posts\/47943","targetHints":{"allow":["GET"]}}],"collection":[{"href":"https:\/\/www.noticiasradioreflejos.com.ar\/2021\/wp-json\/wp\/v2\/posts"}],"about":[{"href":"https:\/\/www.noticiasradioreflejos.com.ar\/2021\/wp-json\/wp\/v2\/types\/post"}],"author":[{"embeddable":true,"href":"https:\/\/www.noticiasradioreflejos.com.ar\/2021\/wp-json\/wp\/v2\/users\/3"}],"replies":[{"embeddable":true,"href":"https:\/\/www.noticiasradioreflejos.com.ar\/2021\/wp-json\/wp\/v2\/comments?post=47943"}],"version-history":[{"count":0,"href":"https:\/\/www.noticiasradioreflejos.com.ar\/2021\/wp-json\/wp\/v2\/posts\/47943\/revisions"}],"wp:attachment":[{"href":"https:\/\/www.noticiasradioreflejos.com.ar\/2021\/wp-json\/wp\/v2\/media?parent=47943"}],"wp:term":[{"taxonomy":"category","embeddable":true,"href":"https:\/\/www.noticiasradioreflejos.com.ar\/2021\/wp-json\/wp\/v2\/categories?post=47943"},{"taxonomy":"post_tag","embeddable":true,"href":"https:\/\/www.noticiasradioreflejos.com.ar\/2021\/wp-json\/wp\/v2\/tags?post=47943"}],"curies":[{"name":"wp","href":"https:\/\/api.w.org\/{rel}","templated":true}]}}