{"id":4790,"date":"2016-12-14T21:49:38","date_gmt":"2016-12-14T21:49:38","guid":{"rendered":"http:\/\/noticiasradioreflejos.com.ar\/noticias\/?p=4790"},"modified":"2016-12-14T21:49:38","modified_gmt":"2016-12-14T21:49:38","slug":"los-chicos-de-automoto-tuvieron-su-cierre-de-ano","status":"publish","type":"post","link":"https:\/\/www.noticiasradioreflejos.com.ar\/2021\/los-chicos-de-automoto-tuvieron-su-cierre-de-ano\/","title":{"rendered":"Los chicos de Automoto tuvieron su cierre de a\u00f1o"},"content":{"rendered":"<p>Sonrisas, gambetas, festejos y mucho amor por el deporte\u2026 Despu\u00e9s de un a\u00f1o cargado de actividad, los chicos de la Escuelita y las Inferiores del Automoto Club Deportivo disfrutaron de un hermoso cierre de actividades, que incluy\u00f3 la disputa de partidos, un campeonato de penales, un refrigerio, sorteos y un obsequio para todos.<!--more-->Los m\u00e1s peque\u00f1os del club animaron un encuentro frente a Juventud Unidad de Punta Alta, en una iniciativa que se desarroll\u00f3 en tres canchas armadas en el campo de juego principal de la instituci\u00f3n. Los m\u00e1s grandes, de las Inferiores, participaron de un campeonato de penales.<br \/>\nUna vez finalizada la actividad deportiva, los chicos se trasladaron al Polideportivo \u201cMario Gandini\u201d, donde se les sirvi\u00f3 el almuerzo y se efectu\u00f3 la entrega de presentes y el sorteo de pelotas y tazas, llaveros, cuellitos, gorras y camisetas del club.<br \/>\nLos ganadores de los sorteos fueron: Tob\u00edas Sandoval, Fausto Dri, Valent\u00edn Alric, Francisco Meriggi, Juli\u00e1n Trankles, Juan Mart\u00edn Toy, Cristian Ferreira, Ian Borches, Juan Mart\u00edn Flores, Tom\u00e1s Oro\u00f1o, Santiago Fretes, Valentino Bucchi, El\u00edas Acu\u00f1a, Alessandro Marzialetti, Ger\u00f3nimo Kugler, Danilo Laurenco y Benjam\u00edn Hansel.<br \/>\nDesde el Automoto Club Deportivo se agradece a profesores, padres y familiares que participaron de la jornada, como tambi\u00e9n a todos aquellos que de una u otra manera colaboraron durante el a\u00f1o para que los ni\u00f1os pudieran desarrollar su actividad.<br \/>\nSeguramente, el pr\u00f3ximo a\u00f1os nos encontrar\u00e1 a todos compartiendo la alegr\u00eda de los chicos. \u00a1Felices Fiestas!<br \/>\n<a title=\"DSC_0020\" href=\"http:\/\/farm1.staticflickr.com\/441\/31502219922_723b51e4ce_c.jpg\" rel=\"\"><img loading=\"lazy\" decoding=\"async\" class=\"aligncenter\" title=\"DSC_0020\" src=\"http:\/\/farm1.staticflickr.com\/441\/31502219922_723b51e4ce_c.jpg\" alt=\"DSC_0020\" width=\"800\" height=\"533\" \/><\/a><br \/>\n<a title=\"DSC_0053\" href=\"http:\/\/farm6.staticflickr.com\/5540\/31648486105_629bb07c2a_c.jpg\" rel=\"\"><img loading=\"lazy\" decoding=\"async\" class=\"aligncenter\" title=\"DSC_0053\" src=\"http:\/\/farm6.staticflickr.com\/5540\/31648486105_629bb07c2a_c.jpg\" alt=\"DSC_0053\" width=\"800\" height=\"580\" \/><\/a><br \/>\n<a title=\"DSC_0116\" href=\"http:\/\/farm1.staticflickr.com\/636\/31611662196_2300d4ffd6_c.jpg\" rel=\"\"><img loading=\"lazy\" decoding=\"async\" class=\"aligncenter\" title=\"DSC_0116\" src=\"http:\/\/farm1.staticflickr.com\/636\/31611662196_2300d4ffd6_c.jpg\" alt=\"DSC_0116\" width=\"800\" height=\"533\" \/><\/a><br \/>\n<a title=\"DSC_0012\" href=\"http:\/\/farm1.staticflickr.com\/704\/30838426933_928164d467_c.jpg\" rel=\"\"><img loading=\"lazy\" decoding=\"async\" class=\"aligncenter\" title=\"DSC_0012\" src=\"http:\/\/farm1.staticflickr.com\/704\/30838426933_928164d467_c.jpg\" alt=\"DSC_0012\" width=\"800\" height=\"455\" \/><\/a><\/p>\n","protected":false},"excerpt":{"rendered":"<p>Sonrisas, gambetas, festejos y mucho amor por el deporte\u2026 Despu\u00e9s de un a\u00f1o cargado de actividad, los chicos de la Escuelita y las Inferiores del Automoto Club Deportivo disfrutaron de un hermoso cierre de actividades, que incluy\u00f3 la disputa de partidos, un campeonato de penales, un refrigerio, sorteos y un obsequio para todos.<\/p>\n","protected":false},"author":3,"featured_media":0,"comment_status":"closed","ping_status":"open","sticky":false,"template":"","format":"standard","meta":{"footnotes":""},"categories":[27],"tags":[],"class_list":["post-4790","post","type-post","status-publish","format-standard","hentry","category-deportes"],"yoast_head":"<!-- This site is optimized with the Yoast SEO plugin v25.9 - https:\/\/yoast.com\/wordpress\/plugins\/seo\/ -->\n<title>Los chicos de Automoto tuvieron su cierre de a\u00f1o - Noticias Radio Reflejos<\/title>\n<meta name=\"robots\" content=\"index, follow, max-snippet:-1, max-image-preview:large, max-video-preview:-1\" \/>\n<link rel=\"canonical\" href=\"https:\/\/www.noticiasradioreflejos.com.ar\/2021\/los-chicos-de-automoto-tuvieron-su-cierre-de-ano\/\" \/>\n<meta property=\"og:locale\" content=\"es_ES\" \/>\n<meta property=\"og:type\" content=\"article\" \/>\n<meta property=\"og:title\" content=\"Los chicos de Automoto tuvieron su cierre de a\u00f1o - Noticias Radio Reflejos\" \/>\n<meta property=\"og:description\" content=\"Sonrisas, gambetas, festejos y mucho amor por el deporte\u2026 Despu\u00e9s de un a\u00f1o cargado de actividad, los chicos de la Escuelita y las Inferiores del Automoto Club Deportivo disfrutaron de un hermoso cierre de actividades, que incluy\u00f3 la disputa de partidos, un campeonato de penales, un refrigerio, sorteos y un obsequio para todos.\" \/>\n<meta property=\"og:url\" content=\"https:\/\/www.noticiasradioreflejos.com.ar\/2021\/los-chicos-de-automoto-tuvieron-su-cierre-de-ano\/\" \/>\n<meta property=\"og:site_name\" content=\"Noticias Radio Reflejos\" \/>\n<meta property=\"article:published_time\" content=\"2016-12-14T21:49:38+00:00\" \/>\n<meta property=\"og:image\" content=\"http:\/\/farm1.staticflickr.com\/441\/31502219922_723b51e4ce_c.jpg\" \/>\n<meta name=\"author\" content=\"Arnaldo Botto\" \/>\n<meta name=\"twitter:card\" content=\"summary_large_image\" \/>\n<script type=\"application\/ld+json\" class=\"yoast-schema-graph\">{\"@context\":\"https:\/\/schema.org\",\"@graph\":[{\"@type\":\"WebPage\",\"@id\":\"https:\/\/www.noticiasradioreflejos.com.ar\/2021\/los-chicos-de-automoto-tuvieron-su-cierre-de-ano\/\",\"url\":\"https:\/\/www.noticiasradioreflejos.com.ar\/2021\/los-chicos-de-automoto-tuvieron-su-cierre-de-ano\/\",\"name\":\"Los chicos de Automoto tuvieron su cierre de a\u00f1o - Noticias Radio Reflejos\",\"isPartOf\":{\"@id\":\"https:\/\/www.noticiasradioreflejos.com.ar\/2021\/#website\"},\"primaryImageOfPage\":{\"@id\":\"https:\/\/www.noticiasradioreflejos.com.ar\/2021\/los-chicos-de-automoto-tuvieron-su-cierre-de-ano\/#primaryimage\"},\"image\":{\"@id\":\"https:\/\/www.noticiasradioreflejos.com.ar\/2021\/los-chicos-de-automoto-tuvieron-su-cierre-de-ano\/#primaryimage\"},\"thumbnailUrl\":\"http:\/\/farm1.staticflickr.com\/441\/31502219922_723b51e4ce_c.jpg\",\"datePublished\":\"2016-12-14T21:49:38+00:00\",\"author\":{\"@id\":\"https:\/\/www.noticiasradioreflejos.com.ar\/2021\/#\/schema\/person\/ad82545263dcc5ec0996818884fd5fb1\"},\"breadcrumb\":{\"@id\":\"https:\/\/www.noticiasradioreflejos.com.ar\/2021\/los-chicos-de-automoto-tuvieron-su-cierre-de-ano\/#breadcrumb\"},\"inLanguage\":\"es\",\"potentialAction\":[{\"@type\":\"ReadAction\",\"target\":[\"https:\/\/www.noticiasradioreflejos.com.ar\/2021\/los-chicos-de-automoto-tuvieron-su-cierre-de-ano\/\"]}]},{\"@type\":\"ImageObject\",\"inLanguage\":\"es\",\"@id\":\"https:\/\/www.noticiasradioreflejos.com.ar\/2021\/los-chicos-de-automoto-tuvieron-su-cierre-de-ano\/#primaryimage\",\"url\":\"http:\/\/farm1.staticflickr.com\/441\/31502219922_723b51e4ce_c.jpg\",\"contentUrl\":\"http:\/\/farm1.staticflickr.com\/441\/31502219922_723b51e4ce_c.jpg\"},{\"@type\":\"BreadcrumbList\",\"@id\":\"https:\/\/www.noticiasradioreflejos.com.ar\/2021\/los-chicos-de-automoto-tuvieron-su-cierre-de-ano\/#breadcrumb\",\"itemListElement\":[{\"@type\":\"ListItem\",\"position\":1,\"name\":\"Portada\",\"item\":\"https:\/\/www.noticiasradioreflejos.com.ar\/2021\/\"},{\"@type\":\"ListItem\",\"position\":2,\"name\":\"Los chicos de Automoto tuvieron su cierre de a\u00f1o\"}]},{\"@type\":\"WebSite\",\"@id\":\"https:\/\/www.noticiasradioreflejos.com.ar\/2021\/#website\",\"url\":\"https:\/\/www.noticiasradioreflejos.com.ar\/2021\/\",\"name\":\"Noticias Radio Reflejos\",\"description\":\"Las noticias de mi comarca\",\"potentialAction\":[{\"@type\":\"SearchAction\",\"target\":{\"@type\":\"EntryPoint\",\"urlTemplate\":\"https:\/\/www.noticiasradioreflejos.com.ar\/2021\/?s={search_term_string}\"},\"query-input\":{\"@type\":\"PropertyValueSpecification\",\"valueRequired\":true,\"valueName\":\"search_term_string\"}}],\"inLanguage\":\"es\"},{\"@type\":\"Person\",\"@id\":\"https:\/\/www.noticiasradioreflejos.com.ar\/2021\/#\/schema\/person\/ad82545263dcc5ec0996818884fd5fb1\",\"name\":\"Arnaldo Botto\",\"image\":{\"@type\":\"ImageObject\",\"inLanguage\":\"es\",\"@id\":\"https:\/\/www.noticiasradioreflejos.com.ar\/2021\/#\/schema\/person\/image\/\",\"url\":\"https:\/\/secure.gravatar.com\/avatar\/55cb5e37c1efa326397366e6974cb338056df65cb50e7d64d1cf314e87504837?s=96&d=mm&r=g\",\"contentUrl\":\"https:\/\/secure.gravatar.com\/avatar\/55cb5e37c1efa326397366e6974cb338056df65cb50e7d64d1cf314e87504837?s=96&d=mm&r=g\",\"caption\":\"Arnaldo Botto\"},\"url\":\"https:\/\/www.noticiasradioreflejos.com.ar\/2021\/author\/arnaldo\/\"}]}<\/script>\n<!-- \/ Yoast SEO plugin. -->","yoast_head_json":{"title":"Los chicos de Automoto tuvieron su cierre de a\u00f1o - Noticias Radio Reflejos","robots":{"index":"index","follow":"follow","max-snippet":"max-snippet:-1","max-image-preview":"max-image-preview:large","max-video-preview":"max-video-preview:-1"},"canonical":"https:\/\/www.noticiasradioreflejos.com.ar\/2021\/los-chicos-de-automoto-tuvieron-su-cierre-de-ano\/","og_locale":"es_ES","og_type":"article","og_title":"Los chicos de Automoto tuvieron su cierre de a\u00f1o - Noticias Radio Reflejos","og_description":"Sonrisas, gambetas, festejos y mucho amor por el deporte\u2026 Despu\u00e9s de un a\u00f1o cargado de actividad, los chicos de la Escuelita y las Inferiores del Automoto Club Deportivo disfrutaron de un hermoso cierre de actividades, que incluy\u00f3 la disputa de partidos, un campeonato de penales, un refrigerio, sorteos y un obsequio para todos.","og_url":"https:\/\/www.noticiasradioreflejos.com.ar\/2021\/los-chicos-de-automoto-tuvieron-su-cierre-de-ano\/","og_site_name":"Noticias Radio Reflejos","article_published_time":"2016-12-14T21:49:38+00:00","og_image":[{"url":"http:\/\/farm1.staticflickr.com\/441\/31502219922_723b51e4ce_c.jpg","type":"","width":"","height":""}],"author":"Arnaldo Botto","twitter_card":"summary_large_image","schema":{"@context":"https:\/\/schema.org","@graph":[{"@type":"WebPage","@id":"https:\/\/www.noticiasradioreflejos.com.ar\/2021\/los-chicos-de-automoto-tuvieron-su-cierre-de-ano\/","url":"https:\/\/www.noticiasradioreflejos.com.ar\/2021\/los-chicos-de-automoto-tuvieron-su-cierre-de-ano\/","name":"Los chicos de Automoto tuvieron su cierre de a\u00f1o - Noticias Radio Reflejos","isPartOf":{"@id":"https:\/\/www.noticiasradioreflejos.com.ar\/2021\/#website"},"primaryImageOfPage":{"@id":"https:\/\/www.noticiasradioreflejos.com.ar\/2021\/los-chicos-de-automoto-tuvieron-su-cierre-de-ano\/#primaryimage"},"image":{"@id":"https:\/\/www.noticiasradioreflejos.com.ar\/2021\/los-chicos-de-automoto-tuvieron-su-cierre-de-ano\/#primaryimage"},"thumbnailUrl":"http:\/\/farm1.staticflickr.com\/441\/31502219922_723b51e4ce_c.jpg","datePublished":"2016-12-14T21:49:38+00:00","author":{"@id":"https:\/\/www.noticiasradioreflejos.com.ar\/2021\/#\/schema\/person\/ad82545263dcc5ec0996818884fd5fb1"},"breadcrumb":{"@id":"https:\/\/www.noticiasradioreflejos.com.ar\/2021\/los-chicos-de-automoto-tuvieron-su-cierre-de-ano\/#breadcrumb"},"inLanguage":"es","potentialAction":[{"@type":"ReadAction","target":["https:\/\/www.noticiasradioreflejos.com.ar\/2021\/los-chicos-de-automoto-tuvieron-su-cierre-de-ano\/"]}]},{"@type":"ImageObject","inLanguage":"es","@id":"https:\/\/www.noticiasradioreflejos.com.ar\/2021\/los-chicos-de-automoto-tuvieron-su-cierre-de-ano\/#primaryimage","url":"http:\/\/farm1.staticflickr.com\/441\/31502219922_723b51e4ce_c.jpg","contentUrl":"http:\/\/farm1.staticflickr.com\/441\/31502219922_723b51e4ce_c.jpg"},{"@type":"BreadcrumbList","@id":"https:\/\/www.noticiasradioreflejos.com.ar\/2021\/los-chicos-de-automoto-tuvieron-su-cierre-de-ano\/#breadcrumb","itemListElement":[{"@type":"ListItem","position":1,"name":"Portada","item":"https:\/\/www.noticiasradioreflejos.com.ar\/2021\/"},{"@type":"ListItem","position":2,"name":"Los chicos de Automoto tuvieron su cierre de a\u00f1o"}]},{"@type":"WebSite","@id":"https:\/\/www.noticiasradioreflejos.com.ar\/2021\/#website","url":"https:\/\/www.noticiasradioreflejos.com.ar\/2021\/","name":"Noticias Radio Reflejos","description":"Las noticias de mi comarca","potentialAction":[{"@type":"SearchAction","target":{"@type":"EntryPoint","urlTemplate":"https:\/\/www.noticiasradioreflejos.com.ar\/2021\/?s={search_term_string}"},"query-input":{"@type":"PropertyValueSpecification","valueRequired":true,"valueName":"search_term_string"}}],"inLanguage":"es"},{"@type":"Person","@id":"https:\/\/www.noticiasradioreflejos.com.ar\/2021\/#\/schema\/person\/ad82545263dcc5ec0996818884fd5fb1","name":"Arnaldo Botto","image":{"@type":"ImageObject","inLanguage":"es","@id":"https:\/\/www.noticiasradioreflejos.com.ar\/2021\/#\/schema\/person\/image\/","url":"https:\/\/secure.gravatar.com\/avatar\/55cb5e37c1efa326397366e6974cb338056df65cb50e7d64d1cf314e87504837?s=96&d=mm&r=g","contentUrl":"https:\/\/secure.gravatar.com\/avatar\/55cb5e37c1efa326397366e6974cb338056df65cb50e7d64d1cf314e87504837?s=96&d=mm&r=g","caption":"Arnaldo Botto"},"url":"https:\/\/www.noticiasradioreflejos.com.ar\/2021\/author\/arnaldo\/"}]}},"_links":{"self":[{"href":"https:\/\/www.noticiasradioreflejos.com.ar\/2021\/wp-json\/wp\/v2\/posts\/4790","targetHints":{"allow":["GET"]}}],"collection":[{"href":"https:\/\/www.noticiasradioreflejos.com.ar\/2021\/wp-json\/wp\/v2\/posts"}],"about":[{"href":"https:\/\/www.noticiasradioreflejos.com.ar\/2021\/wp-json\/wp\/v2\/types\/post"}],"author":[{"embeddable":true,"href":"https:\/\/www.noticiasradioreflejos.com.ar\/2021\/wp-json\/wp\/v2\/users\/3"}],"replies":[{"embeddable":true,"href":"https:\/\/www.noticiasradioreflejos.com.ar\/2021\/wp-json\/wp\/v2\/comments?post=4790"}],"version-history":[{"count":0,"href":"https:\/\/www.noticiasradioreflejos.com.ar\/2021\/wp-json\/wp\/v2\/posts\/4790\/revisions"}],"wp:attachment":[{"href":"https:\/\/www.noticiasradioreflejos.com.ar\/2021\/wp-json\/wp\/v2\/media?parent=4790"}],"wp:term":[{"taxonomy":"category","embeddable":true,"href":"https:\/\/www.noticiasradioreflejos.com.ar\/2021\/wp-json\/wp\/v2\/categories?post=4790"},{"taxonomy":"post_tag","embeddable":true,"href":"https:\/\/www.noticiasradioreflejos.com.ar\/2021\/wp-json\/wp\/v2\/tags?post=4790"}],"curies":[{"name":"wp","href":"https:\/\/api.w.org\/{rel}","templated":true}]}}