{"id":4789,"date":"2016-12-14T21:48:14","date_gmt":"2016-12-14T21:48:14","guid":{"rendered":"http:\/\/noticiasradioreflejos.com.ar\/noticias\/?p=4789"},"modified":"2016-12-14T21:48:14","modified_gmt":"2016-12-14T21:48:14","slug":"audiencia-publica-por-reforma-de-codigo-de-ordenamiento-territorial","status":"publish","type":"post","link":"https:\/\/www.noticiasradioreflejos.com.ar\/2021\/audiencia-publica-por-reforma-de-codigo-de-ordenamiento-territorial\/","title":{"rendered":"Audiencia P\u00fablica por reforma de c\u00f3digo de ordenamiento territorial"},"content":{"rendered":"<p>En el d\u00eda de ayer, se llev\u00f3 a cabo en la sala de situaciones del palacio municipal, una audiencia p\u00fablica a los fines de dar comienzo a las reformas en el plan de ordenamiento territorial.<!--more--><br \/>\nLa misma estuvo a cargo del Arquitecto Jos\u00e9 Zingoni, quien interioriz\u00f3 al p\u00fablico presente sobre los lineamientos a modificar en las distintas localidades.<br \/>\nReuniones como esta, se dar\u00e1n en los pr\u00f3ximos d\u00edas en todas las localidades del distrito, para que todos los vecinos tengan la posibilidad de evacuar sus inquietudes.<br \/>\n<a title=\"DSCN2856\" href=\"http:\/\/farm1.staticflickr.com\/718\/31611766936_8c145d30a0_c.jpg\" rel=\"\"><img loading=\"lazy\" decoding=\"async\" class=\"aligncenter\" title=\"DSCN2856\" src=\"http:\/\/farm1.staticflickr.com\/718\/31611766936_8c145d30a0_c.jpg\" alt=\"DSCN2856\" width=\"800\" height=\"600\" \/><\/a><br \/>\n<a title=\"DSCN2863\" href=\"http:\/\/farm1.staticflickr.com\/741\/30838316473_729c6f0198_c.jpg\" rel=\"\"><img loading=\"lazy\" decoding=\"async\" class=\"aligncenter\" title=\"DSCN2863\" src=\"http:\/\/farm1.staticflickr.com\/741\/30838316473_729c6f0198_c.jpg\" alt=\"DSCN2863\" width=\"800\" height=\"600\" \/><\/a><br \/>\n<a title=\"DSCN2865\" href=\"http:\/\/farm1.staticflickr.com\/400\/30806967554_99c375f081_c.jpg\" rel=\"\"><img loading=\"lazy\" decoding=\"async\" class=\"aligncenter\" title=\"DSCN2865\" src=\"http:\/\/farm1.staticflickr.com\/400\/30806967554_99c375f081_c.jpg\" alt=\"DSCN2865\" width=\"800\" height=\"600\" \/><\/a><\/p>\n","protected":false},"excerpt":{"rendered":"<p>En el d\u00eda de ayer, se llev\u00f3 a cabo en la sala de situaciones del palacio municipal, una audiencia p\u00fablica a los fines de dar comienzo a las reformas en el plan de ordenamiento territorial.<\/p>\n","protected":false},"author":3,"featured_media":0,"comment_status":"closed","ping_status":"open","sticky":false,"template":"","format":"standard","meta":{"footnotes":""},"categories":[28],"tags":[],"class_list":["post-4789","post","type-post","status-publish","format-standard","hentry","category-municipales"],"yoast_head":"<!-- This site is optimized with the Yoast SEO plugin v25.9 - https:\/\/yoast.com\/wordpress\/plugins\/seo\/ -->\n<title>Audiencia P\u00fablica por reforma de c\u00f3digo de ordenamiento territorial - Noticias Radio Reflejos<\/title>\n<meta name=\"robots\" content=\"index, follow, max-snippet:-1, max-image-preview:large, max-video-preview:-1\" \/>\n<link rel=\"canonical\" href=\"https:\/\/www.noticiasradioreflejos.com.ar\/2021\/audiencia-publica-por-reforma-de-codigo-de-ordenamiento-territorial\/\" \/>\n<meta property=\"og:locale\" content=\"es_ES\" \/>\n<meta property=\"og:type\" content=\"article\" \/>\n<meta property=\"og:title\" content=\"Audiencia P\u00fablica por reforma de c\u00f3digo de ordenamiento territorial - Noticias Radio Reflejos\" \/>\n<meta property=\"og:description\" content=\"En el d\u00eda de ayer, se llev\u00f3 a cabo en la sala de situaciones del palacio municipal, una audiencia p\u00fablica a los fines de dar comienzo a las reformas en el plan de ordenamiento territorial.\" \/>\n<meta property=\"og:url\" content=\"https:\/\/www.noticiasradioreflejos.com.ar\/2021\/audiencia-publica-por-reforma-de-codigo-de-ordenamiento-territorial\/\" \/>\n<meta property=\"og:site_name\" content=\"Noticias Radio Reflejos\" \/>\n<meta property=\"article:published_time\" content=\"2016-12-14T21:48:14+00:00\" \/>\n<meta property=\"og:image\" content=\"http:\/\/farm1.staticflickr.com\/718\/31611766936_8c145d30a0_c.jpg\" \/>\n<meta name=\"author\" content=\"Arnaldo Botto\" \/>\n<meta name=\"twitter:card\" content=\"summary_large_image\" \/>\n<script type=\"application\/ld+json\" class=\"yoast-schema-graph\">{\"@context\":\"https:\/\/schema.org\",\"@graph\":[{\"@type\":\"WebPage\",\"@id\":\"https:\/\/www.noticiasradioreflejos.com.ar\/2021\/audiencia-publica-por-reforma-de-codigo-de-ordenamiento-territorial\/\",\"url\":\"https:\/\/www.noticiasradioreflejos.com.ar\/2021\/audiencia-publica-por-reforma-de-codigo-de-ordenamiento-territorial\/\",\"name\":\"Audiencia P\u00fablica por reforma de c\u00f3digo de ordenamiento territorial - Noticias Radio Reflejos\",\"isPartOf\":{\"@id\":\"https:\/\/www.noticiasradioreflejos.com.ar\/2021\/#website\"},\"primaryImageOfPage\":{\"@id\":\"https:\/\/www.noticiasradioreflejos.com.ar\/2021\/audiencia-publica-por-reforma-de-codigo-de-ordenamiento-territorial\/#primaryimage\"},\"image\":{\"@id\":\"https:\/\/www.noticiasradioreflejos.com.ar\/2021\/audiencia-publica-por-reforma-de-codigo-de-ordenamiento-territorial\/#primaryimage\"},\"thumbnailUrl\":\"http:\/\/farm1.staticflickr.com\/718\/31611766936_8c145d30a0_c.jpg\",\"datePublished\":\"2016-12-14T21:48:14+00:00\",\"author\":{\"@id\":\"https:\/\/www.noticiasradioreflejos.com.ar\/2021\/#\/schema\/person\/ad82545263dcc5ec0996818884fd5fb1\"},\"breadcrumb\":{\"@id\":\"https:\/\/www.noticiasradioreflejos.com.ar\/2021\/audiencia-publica-por-reforma-de-codigo-de-ordenamiento-territorial\/#breadcrumb\"},\"inLanguage\":\"es\",\"potentialAction\":[{\"@type\":\"ReadAction\",\"target\":[\"https:\/\/www.noticiasradioreflejos.com.ar\/2021\/audiencia-publica-por-reforma-de-codigo-de-ordenamiento-territorial\/\"]}]},{\"@type\":\"ImageObject\",\"inLanguage\":\"es\",\"@id\":\"https:\/\/www.noticiasradioreflejos.com.ar\/2021\/audiencia-publica-por-reforma-de-codigo-de-ordenamiento-territorial\/#primaryimage\",\"url\":\"http:\/\/farm1.staticflickr.com\/718\/31611766936_8c145d30a0_c.jpg\",\"contentUrl\":\"http:\/\/farm1.staticflickr.com\/718\/31611766936_8c145d30a0_c.jpg\"},{\"@type\":\"BreadcrumbList\",\"@id\":\"https:\/\/www.noticiasradioreflejos.com.ar\/2021\/audiencia-publica-por-reforma-de-codigo-de-ordenamiento-territorial\/#breadcrumb\",\"itemListElement\":[{\"@type\":\"ListItem\",\"position\":1,\"name\":\"Portada\",\"item\":\"https:\/\/www.noticiasradioreflejos.com.ar\/2021\/\"},{\"@type\":\"ListItem\",\"position\":2,\"name\":\"Audiencia P\u00fablica por reforma de c\u00f3digo de ordenamiento territorial\"}]},{\"@type\":\"WebSite\",\"@id\":\"https:\/\/www.noticiasradioreflejos.com.ar\/2021\/#website\",\"url\":\"https:\/\/www.noticiasradioreflejos.com.ar\/2021\/\",\"name\":\"Noticias Radio Reflejos\",\"description\":\"Las noticias de mi comarca\",\"potentialAction\":[{\"@type\":\"SearchAction\",\"target\":{\"@type\":\"EntryPoint\",\"urlTemplate\":\"https:\/\/www.noticiasradioreflejos.com.ar\/2021\/?s={search_term_string}\"},\"query-input\":{\"@type\":\"PropertyValueSpecification\",\"valueRequired\":true,\"valueName\":\"search_term_string\"}}],\"inLanguage\":\"es\"},{\"@type\":\"Person\",\"@id\":\"https:\/\/www.noticiasradioreflejos.com.ar\/2021\/#\/schema\/person\/ad82545263dcc5ec0996818884fd5fb1\",\"name\":\"Arnaldo Botto\",\"image\":{\"@type\":\"ImageObject\",\"inLanguage\":\"es\",\"@id\":\"https:\/\/www.noticiasradioreflejos.com.ar\/2021\/#\/schema\/person\/image\/\",\"url\":\"https:\/\/secure.gravatar.com\/avatar\/55cb5e37c1efa326397366e6974cb338056df65cb50e7d64d1cf314e87504837?s=96&d=mm&r=g\",\"contentUrl\":\"https:\/\/secure.gravatar.com\/avatar\/55cb5e37c1efa326397366e6974cb338056df65cb50e7d64d1cf314e87504837?s=96&d=mm&r=g\",\"caption\":\"Arnaldo Botto\"},\"url\":\"https:\/\/www.noticiasradioreflejos.com.ar\/2021\/author\/arnaldo\/\"}]}<\/script>\n<!-- \/ Yoast SEO plugin. -->","yoast_head_json":{"title":"Audiencia P\u00fablica por reforma de c\u00f3digo de ordenamiento territorial - Noticias Radio Reflejos","robots":{"index":"index","follow":"follow","max-snippet":"max-snippet:-1","max-image-preview":"max-image-preview:large","max-video-preview":"max-video-preview:-1"},"canonical":"https:\/\/www.noticiasradioreflejos.com.ar\/2021\/audiencia-publica-por-reforma-de-codigo-de-ordenamiento-territorial\/","og_locale":"es_ES","og_type":"article","og_title":"Audiencia P\u00fablica por reforma de c\u00f3digo de ordenamiento territorial - Noticias Radio Reflejos","og_description":"En el d\u00eda de ayer, se llev\u00f3 a cabo en la sala de situaciones del palacio municipal, una audiencia p\u00fablica a los fines de dar comienzo a las reformas en el plan de ordenamiento territorial.","og_url":"https:\/\/www.noticiasradioreflejos.com.ar\/2021\/audiencia-publica-por-reforma-de-codigo-de-ordenamiento-territorial\/","og_site_name":"Noticias Radio Reflejos","article_published_time":"2016-12-14T21:48:14+00:00","og_image":[{"url":"http:\/\/farm1.staticflickr.com\/718\/31611766936_8c145d30a0_c.jpg","type":"","width":"","height":""}],"author":"Arnaldo Botto","twitter_card":"summary_large_image","schema":{"@context":"https:\/\/schema.org","@graph":[{"@type":"WebPage","@id":"https:\/\/www.noticiasradioreflejos.com.ar\/2021\/audiencia-publica-por-reforma-de-codigo-de-ordenamiento-territorial\/","url":"https:\/\/www.noticiasradioreflejos.com.ar\/2021\/audiencia-publica-por-reforma-de-codigo-de-ordenamiento-territorial\/","name":"Audiencia P\u00fablica por reforma de c\u00f3digo de ordenamiento territorial - Noticias Radio Reflejos","isPartOf":{"@id":"https:\/\/www.noticiasradioreflejos.com.ar\/2021\/#website"},"primaryImageOfPage":{"@id":"https:\/\/www.noticiasradioreflejos.com.ar\/2021\/audiencia-publica-por-reforma-de-codigo-de-ordenamiento-territorial\/#primaryimage"},"image":{"@id":"https:\/\/www.noticiasradioreflejos.com.ar\/2021\/audiencia-publica-por-reforma-de-codigo-de-ordenamiento-territorial\/#primaryimage"},"thumbnailUrl":"http:\/\/farm1.staticflickr.com\/718\/31611766936_8c145d30a0_c.jpg","datePublished":"2016-12-14T21:48:14+00:00","author":{"@id":"https:\/\/www.noticiasradioreflejos.com.ar\/2021\/#\/schema\/person\/ad82545263dcc5ec0996818884fd5fb1"},"breadcrumb":{"@id":"https:\/\/www.noticiasradioreflejos.com.ar\/2021\/audiencia-publica-por-reforma-de-codigo-de-ordenamiento-territorial\/#breadcrumb"},"inLanguage":"es","potentialAction":[{"@type":"ReadAction","target":["https:\/\/www.noticiasradioreflejos.com.ar\/2021\/audiencia-publica-por-reforma-de-codigo-de-ordenamiento-territorial\/"]}]},{"@type":"ImageObject","inLanguage":"es","@id":"https:\/\/www.noticiasradioreflejos.com.ar\/2021\/audiencia-publica-por-reforma-de-codigo-de-ordenamiento-territorial\/#primaryimage","url":"http:\/\/farm1.staticflickr.com\/718\/31611766936_8c145d30a0_c.jpg","contentUrl":"http:\/\/farm1.staticflickr.com\/718\/31611766936_8c145d30a0_c.jpg"},{"@type":"BreadcrumbList","@id":"https:\/\/www.noticiasradioreflejos.com.ar\/2021\/audiencia-publica-por-reforma-de-codigo-de-ordenamiento-territorial\/#breadcrumb","itemListElement":[{"@type":"ListItem","position":1,"name":"Portada","item":"https:\/\/www.noticiasradioreflejos.com.ar\/2021\/"},{"@type":"ListItem","position":2,"name":"Audiencia P\u00fablica por reforma de c\u00f3digo de ordenamiento territorial"}]},{"@type":"WebSite","@id":"https:\/\/www.noticiasradioreflejos.com.ar\/2021\/#website","url":"https:\/\/www.noticiasradioreflejos.com.ar\/2021\/","name":"Noticias Radio Reflejos","description":"Las noticias de mi comarca","potentialAction":[{"@type":"SearchAction","target":{"@type":"EntryPoint","urlTemplate":"https:\/\/www.noticiasradioreflejos.com.ar\/2021\/?s={search_term_string}"},"query-input":{"@type":"PropertyValueSpecification","valueRequired":true,"valueName":"search_term_string"}}],"inLanguage":"es"},{"@type":"Person","@id":"https:\/\/www.noticiasradioreflejos.com.ar\/2021\/#\/schema\/person\/ad82545263dcc5ec0996818884fd5fb1","name":"Arnaldo Botto","image":{"@type":"ImageObject","inLanguage":"es","@id":"https:\/\/www.noticiasradioreflejos.com.ar\/2021\/#\/schema\/person\/image\/","url":"https:\/\/secure.gravatar.com\/avatar\/55cb5e37c1efa326397366e6974cb338056df65cb50e7d64d1cf314e87504837?s=96&d=mm&r=g","contentUrl":"https:\/\/secure.gravatar.com\/avatar\/55cb5e37c1efa326397366e6974cb338056df65cb50e7d64d1cf314e87504837?s=96&d=mm&r=g","caption":"Arnaldo Botto"},"url":"https:\/\/www.noticiasradioreflejos.com.ar\/2021\/author\/arnaldo\/"}]}},"_links":{"self":[{"href":"https:\/\/www.noticiasradioreflejos.com.ar\/2021\/wp-json\/wp\/v2\/posts\/4789","targetHints":{"allow":["GET"]}}],"collection":[{"href":"https:\/\/www.noticiasradioreflejos.com.ar\/2021\/wp-json\/wp\/v2\/posts"}],"about":[{"href":"https:\/\/www.noticiasradioreflejos.com.ar\/2021\/wp-json\/wp\/v2\/types\/post"}],"author":[{"embeddable":true,"href":"https:\/\/www.noticiasradioreflejos.com.ar\/2021\/wp-json\/wp\/v2\/users\/3"}],"replies":[{"embeddable":true,"href":"https:\/\/www.noticiasradioreflejos.com.ar\/2021\/wp-json\/wp\/v2\/comments?post=4789"}],"version-history":[{"count":0,"href":"https:\/\/www.noticiasradioreflejos.com.ar\/2021\/wp-json\/wp\/v2\/posts\/4789\/revisions"}],"wp:attachment":[{"href":"https:\/\/www.noticiasradioreflejos.com.ar\/2021\/wp-json\/wp\/v2\/media?parent=4789"}],"wp:term":[{"taxonomy":"category","embeddable":true,"href":"https:\/\/www.noticiasradioreflejos.com.ar\/2021\/wp-json\/wp\/v2\/categories?post=4789"},{"taxonomy":"post_tag","embeddable":true,"href":"https:\/\/www.noticiasradioreflejos.com.ar\/2021\/wp-json\/wp\/v2\/tags?post=4789"}],"curies":[{"name":"wp","href":"https:\/\/api.w.org\/{rel}","templated":true}]}}