{"id":4785,"date":"2016-12-14T19:16:06","date_gmt":"2016-12-14T19:16:06","guid":{"rendered":"http:\/\/noticiasradioreflejos.com.ar\/noticias\/?p=4785"},"modified":"2016-12-14T19:16:06","modified_gmt":"2016-12-14T19:16:06","slug":"exitosa-jornada-de-pertenencia-en-el-club-hotel-de-villa-ventana","status":"publish","type":"post","link":"https:\/\/www.noticiasradioreflejos.com.ar\/2021\/exitosa-jornada-de-pertenencia-en-el-club-hotel-de-villa-ventana\/","title":{"rendered":"Exitosa jornada de pertenencia en el Club Hotel de Villa Ventana"},"content":{"rendered":"<p>El lunes 12 de Diciembre a las 9:00 horas, se vivi\u00f3 una intensa y ardua jornada de pertenencia dedicada al Ex Club Hotel de Villa Ventana con miras de embellecer uno de los principales atractivos tur\u00edsticos que tiene la Comarca.<!--more--><br \/>\nDicha convocatoria fue exitosa, a pesar de realizarse en horarios laborales, la participaci\u00f3n de la gente se expreso de forma numerosa y el factor clim\u00e1tico no fue condicionante para que puedan terminar a las 14:00 horas con las tareas de corte de c\u00e9sped, residuos y acondicionamiento del lugar.<br \/>\nEste proyecto fue una iniciativa que naci\u00f3 desde la Secretaria de Turismo, en conjunto con vecinos e instituciones de todo el distrito. Walter Mendez Director de Cultura agrega: \u00abEste a\u00f1o no se hab\u00eda echo mucho trabajo de cuidado, y era necesario hacerlo, por suerte estamos trabajando todos juntos. Tuvimos una respuesta muy buena de la gente. Ahora estamos trabajando en temas de cartelera, estamos lijando y pintando.\u00bb<br \/>\n\u00abEl ex-club hotel es importante, hist\u00f3ricamente es muy grande, y tenemos que tener en cuenta que es el primer lanzamiento tur\u00edstico. Hay que mantenerlo. Es nuestro. \u00bb comenta M\u00e9ndez.<br \/>\nEugenio Fhur Director de Turismo del Municipio de Tornquist acompa\u00f1o toda la jornada y adem\u00e1s dialogo con Fm reflejos y cont\u00f3 sus sensaciones sobre la jornada de pertenencia y la cantidad de gente que se acerco: \u00abLa Jornada nace de una propuesta en conjunto, y estamos haciendo tareas b\u00e1sicas para evitar en temporada alta que se acerquen vivoras u otros animales que sean peligrosos.\u00bb<br \/>\n\u00abGeneralmente cuando se hace una convocatoria la gente colabora m\u00e1s, siendo algo emblem\u00e1tico como es esto. La gente que vive en la comunidad de Villa tiene mucho cari\u00f1o por el lugar y siempre las exigencias de la Comunidad hacia nosotros son altas y tratamos en la medida de lo posible de responderles\u00bb. argumenta Eugenio.<br \/>\nHoy el ex-Club Hotel quedo en \u00f3ptimas condiciones, pero resta trabajo por realizar para embellecer ese patrimonio.<br \/>\n<iframe loading=\"lazy\" src=\"https:\/\/w.soundcloud.com\/player\/?url=https%3A\/\/api.soundcloud.com\/tracks\/297904195&amp;color=ff5500&amp;auto_play=false&amp;hide_related=false&amp;show_comments=true&amp;show_user=true&amp;show_reposts=false\" width=\"100%\" height=\"166\" frameborder=\"no\" scrolling=\"no\"><\/iframe><br \/>\n<iframe loading=\"lazy\" src=\"https:\/\/w.soundcloud.com\/player\/?url=https%3A\/\/api.soundcloud.com\/tracks\/297905690&amp;color=ff5500&amp;auto_play=false&amp;hide_related=false&amp;show_comments=true&amp;show_user=true&amp;show_reposts=false\" width=\"100%\" height=\"166\" frameborder=\"no\" scrolling=\"no\"><\/iframe><br \/>\n<a title=\"15400475_1613568758669091_5621089843681157168_n\" href=\"http:\/\/farm1.staticflickr.com\/772\/30804696604_4091197827.jpg\" rel=\"\"><img loading=\"lazy\" decoding=\"async\" class=\"aligncenter\" title=\"15400475_1613568758669091_5621089843681157168_n\" src=\"http:\/\/farm1.staticflickr.com\/772\/30804696604_4091197827_z.jpg\" alt=\"15400475_1613568758669091_5621089843681157168_n\" width=\"320\" height=\"533\" \/><\/a><br \/>\n<a title=\"15416028_10211380472686316_1458058538_n\" href=\"http:\/\/farm1.staticflickr.com\/686\/31499862422_136e29945e_c.jpg\" rel=\"\"><img loading=\"lazy\" decoding=\"async\" class=\"aligncenter\" title=\"15416028_10211380472686316_1458058538_n\" src=\"http:\/\/farm1.staticflickr.com\/686\/31499862422_136e29945e_c.jpg\" alt=\"15416028_10211380472686316_1458058538_n\" width=\"800\" height=\"450\" \/><\/a><br \/>\n<a title=\"15451298_10211380474166353_2083171736_n\" href=\"http:\/\/farm1.staticflickr.com\/552\/31499861692_5ffe912df8_c.jpg\" rel=\"\"><img loading=\"lazy\" decoding=\"async\" class=\"aligncenter\" title=\"15451298_10211380474166353_2083171736_n\" src=\"http:\/\/farm1.staticflickr.com\/552\/31499861692_5ffe912df8_c.jpg\" alt=\"15451298_10211380474166353_2083171736_n\" width=\"800\" height=\"450\" \/><\/a><br \/>\n<a title=\"15494110_10211380473086326_39168339_n\" href=\"http:\/\/farm1.staticflickr.com\/378\/31499861262_c70e3040e0_c.jpg\" rel=\"\"><img loading=\"lazy\" decoding=\"async\" class=\"aligncenter\" title=\"15494110_10211380473086326_39168339_n\" src=\"http:\/\/farm1.staticflickr.com\/378\/31499861262_c70e3040e0_c.jpg\" alt=\"15494110_10211380473086326_39168339_n\" width=\"800\" height=\"450\" \/><\/a><br \/>\n<a title=\"15541151_1613569308669036_8180184172130911302_n\" href=\"http:\/\/farm1.staticflickr.com\/506\/30836080443_8b6bce4a29_c.jpg\" rel=\"\"><img loading=\"lazy\" decoding=\"async\" class=\"aligncenter\" title=\"15541151_1613569308669036_8180184172130911302_n\" src=\"http:\/\/farm1.staticflickr.com\/506\/30836080443_8b6bce4a29_c.jpg\" alt=\"15541151_1613569308669036_8180184172130911302_n\" width=\"800\" height=\"480\" \/><\/a><br \/>\n<a title=\"15542386_1613569672002333_5209560271469377408_n\" href=\"http:\/\/farm6.staticflickr.com\/5584\/31499859512_161e8acb9a_c.jpg\" rel=\"\"><img loading=\"lazy\" decoding=\"async\" class=\"aligncenter\" title=\"15542386_1613569672002333_5209560271469377408_n\" src=\"http:\/\/farm6.staticflickr.com\/5584\/31499859512_161e8acb9a_c.jpg\" alt=\"15542386_1613569672002333_5209560271469377408_n\" width=\"800\" height=\"480\" \/><\/a><br \/>\n<a title=\"15554901_10211380473566338_1173210314_n\" href=\"http:\/\/farm1.staticflickr.com\/655\/31609269906_0dc4347974_c.jpg\" rel=\"\"><img loading=\"lazy\" decoding=\"async\" class=\"aligncenter\" title=\"15554901_10211380473566338_1173210314_n\" src=\"http:\/\/farm1.staticflickr.com\/655\/31609269906_0dc4347974_c.jpg\" alt=\"15554901_10211380473566338_1173210314_n\" width=\"800\" height=\"450\" \/><\/a><br \/>\n<a title=\"15555661_10211380472486311_1198732365_n\" href=\"http:\/\/farm1.staticflickr.com\/751\/31273654900_1244a5b9b4_c.jpg\" rel=\"\"><img loading=\"lazy\" decoding=\"async\" class=\"aligncenter\" title=\"15555661_10211380472486311_1198732365_n\" src=\"http:\/\/farm1.staticflickr.com\/751\/31273654900_1244a5b9b4_c.jpg\" alt=\"15555661_10211380472486311_1198732365_n\" width=\"800\" height=\"450\" \/><\/a><br \/>\n<a title=\"15556054_10211380474366358_1839302099_n\" href=\"http:\/\/farm1.staticflickr.com\/578\/31273654100_dffc637962_c.jpg\" rel=\"\"><img loading=\"lazy\" decoding=\"async\" class=\"aligncenter\" title=\"15556054_10211380474366358_1839302099_n\" src=\"http:\/\/farm1.staticflickr.com\/578\/31273654100_dffc637962_c.jpg\" alt=\"15556054_10211380474366358_1839302099_n\" width=\"800\" height=\"450\" \/><\/a><br \/>\n<a title=\"15571058_10211380471446285_1958670253_n\" href=\"http:\/\/farm1.staticflickr.com\/448\/31273652950_bf007bf0ab_c.jpg\" rel=\"\"><img loading=\"lazy\" decoding=\"async\" class=\"aligncenter\" title=\"15571058_10211380471446285_1958670253_n\" src=\"http:\/\/farm1.staticflickr.com\/448\/31273652950_bf007bf0ab_c.jpg\" alt=\"15571058_10211380471446285_1958670253_n\" width=\"440\" height=\"800\" \/><\/a><br \/>\n<a title=\"20161212_125533\" href=\"http:\/\/farm1.staticflickr.com\/653\/31530453041_06f535f996_c.jpg\" rel=\"\"><img loading=\"lazy\" decoding=\"async\" class=\"aligncenter\" title=\"20161212_125533\" src=\"http:\/\/farm1.staticflickr.com\/653\/31530453041_06f535f996_c.jpg\" alt=\"20161212_125533\" width=\"800\" height=\"450\" \/><\/a><\/p>\n","protected":false},"excerpt":{"rendered":"<p>El lunes 12 de Diciembre a las 9:00 horas, se vivi\u00f3 una intensa y ardua jornada de pertenencia dedicada al Ex Club Hotel de Villa Ventana con miras de embellecer uno de los principales atractivos tur\u00edsticos que tiene la Comarca.<\/p>\n","protected":false},"author":3,"featured_media":0,"comment_status":"closed","ping_status":"open","sticky":false,"template":"","format":"standard","meta":{"footnotes":""},"categories":[33],"tags":[],"class_list":["post-4785","post","type-post","status-publish","format-standard","hentry","category-turismo"],"yoast_head":"<!-- This site is optimized with the Yoast SEO plugin v25.9 - https:\/\/yoast.com\/wordpress\/plugins\/seo\/ -->\n<title>Exitosa jornada de pertenencia en el Club Hotel de Villa Ventana - Noticias Radio Reflejos<\/title>\n<meta name=\"robots\" content=\"index, follow, max-snippet:-1, max-image-preview:large, max-video-preview:-1\" \/>\n<link rel=\"canonical\" href=\"https:\/\/www.noticiasradioreflejos.com.ar\/2021\/exitosa-jornada-de-pertenencia-en-el-club-hotel-de-villa-ventana\/\" \/>\n<meta property=\"og:locale\" content=\"es_ES\" \/>\n<meta property=\"og:type\" content=\"article\" \/>\n<meta property=\"og:title\" content=\"Exitosa jornada de pertenencia en el Club Hotel de Villa Ventana - Noticias Radio Reflejos\" \/>\n<meta property=\"og:description\" content=\"El lunes 12 de Diciembre a las 9:00 horas, se vivi\u00f3 una intensa y ardua jornada de pertenencia dedicada al Ex Club Hotel de Villa Ventana con miras de embellecer uno de los principales atractivos tur\u00edsticos que tiene la Comarca.\" \/>\n<meta property=\"og:url\" content=\"https:\/\/www.noticiasradioreflejos.com.ar\/2021\/exitosa-jornada-de-pertenencia-en-el-club-hotel-de-villa-ventana\/\" \/>\n<meta property=\"og:site_name\" content=\"Noticias Radio Reflejos\" \/>\n<meta property=\"article:published_time\" content=\"2016-12-14T19:16:06+00:00\" \/>\n<meta property=\"og:image\" content=\"http:\/\/farm1.staticflickr.com\/772\/30804696604_4091197827_z.jpg\" \/>\n<meta name=\"author\" content=\"Arnaldo Botto\" \/>\n<meta name=\"twitter:card\" content=\"summary_large_image\" \/>\n<script type=\"application\/ld+json\" class=\"yoast-schema-graph\">{\"@context\":\"https:\/\/schema.org\",\"@graph\":[{\"@type\":\"WebPage\",\"@id\":\"https:\/\/www.noticiasradioreflejos.com.ar\/2021\/exitosa-jornada-de-pertenencia-en-el-club-hotel-de-villa-ventana\/\",\"url\":\"https:\/\/www.noticiasradioreflejos.com.ar\/2021\/exitosa-jornada-de-pertenencia-en-el-club-hotel-de-villa-ventana\/\",\"name\":\"Exitosa jornada de pertenencia en el Club Hotel de Villa Ventana - Noticias Radio Reflejos\",\"isPartOf\":{\"@id\":\"https:\/\/www.noticiasradioreflejos.com.ar\/2021\/#website\"},\"primaryImageOfPage\":{\"@id\":\"https:\/\/www.noticiasradioreflejos.com.ar\/2021\/exitosa-jornada-de-pertenencia-en-el-club-hotel-de-villa-ventana\/#primaryimage\"},\"image\":{\"@id\":\"https:\/\/www.noticiasradioreflejos.com.ar\/2021\/exitosa-jornada-de-pertenencia-en-el-club-hotel-de-villa-ventana\/#primaryimage\"},\"thumbnailUrl\":\"http:\/\/farm1.staticflickr.com\/772\/30804696604_4091197827_z.jpg\",\"datePublished\":\"2016-12-14T19:16:06+00:00\",\"author\":{\"@id\":\"https:\/\/www.noticiasradioreflejos.com.ar\/2021\/#\/schema\/person\/ad82545263dcc5ec0996818884fd5fb1\"},\"breadcrumb\":{\"@id\":\"https:\/\/www.noticiasradioreflejos.com.ar\/2021\/exitosa-jornada-de-pertenencia-en-el-club-hotel-de-villa-ventana\/#breadcrumb\"},\"inLanguage\":\"es\",\"potentialAction\":[{\"@type\":\"ReadAction\",\"target\":[\"https:\/\/www.noticiasradioreflejos.com.ar\/2021\/exitosa-jornada-de-pertenencia-en-el-club-hotel-de-villa-ventana\/\"]}]},{\"@type\":\"ImageObject\",\"inLanguage\":\"es\",\"@id\":\"https:\/\/www.noticiasradioreflejos.com.ar\/2021\/exitosa-jornada-de-pertenencia-en-el-club-hotel-de-villa-ventana\/#primaryimage\",\"url\":\"http:\/\/farm1.staticflickr.com\/772\/30804696604_4091197827_z.jpg\",\"contentUrl\":\"http:\/\/farm1.staticflickr.com\/772\/30804696604_4091197827_z.jpg\"},{\"@type\":\"BreadcrumbList\",\"@id\":\"https:\/\/www.noticiasradioreflejos.com.ar\/2021\/exitosa-jornada-de-pertenencia-en-el-club-hotel-de-villa-ventana\/#breadcrumb\",\"itemListElement\":[{\"@type\":\"ListItem\",\"position\":1,\"name\":\"Portada\",\"item\":\"https:\/\/www.noticiasradioreflejos.com.ar\/2021\/\"},{\"@type\":\"ListItem\",\"position\":2,\"name\":\"Exitosa jornada de pertenencia en el Club Hotel de Villa Ventana\"}]},{\"@type\":\"WebSite\",\"@id\":\"https:\/\/www.noticiasradioreflejos.com.ar\/2021\/#website\",\"url\":\"https:\/\/www.noticiasradioreflejos.com.ar\/2021\/\",\"name\":\"Noticias Radio Reflejos\",\"description\":\"Las noticias de mi comarca\",\"potentialAction\":[{\"@type\":\"SearchAction\",\"target\":{\"@type\":\"EntryPoint\",\"urlTemplate\":\"https:\/\/www.noticiasradioreflejos.com.ar\/2021\/?s={search_term_string}\"},\"query-input\":{\"@type\":\"PropertyValueSpecification\",\"valueRequired\":true,\"valueName\":\"search_term_string\"}}],\"inLanguage\":\"es\"},{\"@type\":\"Person\",\"@id\":\"https:\/\/www.noticiasradioreflejos.com.ar\/2021\/#\/schema\/person\/ad82545263dcc5ec0996818884fd5fb1\",\"name\":\"Arnaldo Botto\",\"image\":{\"@type\":\"ImageObject\",\"inLanguage\":\"es\",\"@id\":\"https:\/\/www.noticiasradioreflejos.com.ar\/2021\/#\/schema\/person\/image\/\",\"url\":\"https:\/\/secure.gravatar.com\/avatar\/55cb5e37c1efa326397366e6974cb338056df65cb50e7d64d1cf314e87504837?s=96&d=mm&r=g\",\"contentUrl\":\"https:\/\/secure.gravatar.com\/avatar\/55cb5e37c1efa326397366e6974cb338056df65cb50e7d64d1cf314e87504837?s=96&d=mm&r=g\",\"caption\":\"Arnaldo Botto\"},\"url\":\"https:\/\/www.noticiasradioreflejos.com.ar\/2021\/author\/arnaldo\/\"}]}<\/script>\n<!-- \/ Yoast SEO plugin. -->","yoast_head_json":{"title":"Exitosa jornada de pertenencia en el Club Hotel de Villa Ventana - Noticias Radio Reflejos","robots":{"index":"index","follow":"follow","max-snippet":"max-snippet:-1","max-image-preview":"max-image-preview:large","max-video-preview":"max-video-preview:-1"},"canonical":"https:\/\/www.noticiasradioreflejos.com.ar\/2021\/exitosa-jornada-de-pertenencia-en-el-club-hotel-de-villa-ventana\/","og_locale":"es_ES","og_type":"article","og_title":"Exitosa jornada de pertenencia en el Club Hotel de Villa Ventana - Noticias Radio Reflejos","og_description":"El lunes 12 de Diciembre a las 9:00 horas, se vivi\u00f3 una intensa y ardua jornada de pertenencia dedicada al Ex Club Hotel de Villa Ventana con miras de embellecer uno de los principales atractivos tur\u00edsticos que tiene la Comarca.","og_url":"https:\/\/www.noticiasradioreflejos.com.ar\/2021\/exitosa-jornada-de-pertenencia-en-el-club-hotel-de-villa-ventana\/","og_site_name":"Noticias Radio Reflejos","article_published_time":"2016-12-14T19:16:06+00:00","og_image":[{"url":"http:\/\/farm1.staticflickr.com\/772\/30804696604_4091197827_z.jpg","type":"","width":"","height":""}],"author":"Arnaldo Botto","twitter_card":"summary_large_image","schema":{"@context":"https:\/\/schema.org","@graph":[{"@type":"WebPage","@id":"https:\/\/www.noticiasradioreflejos.com.ar\/2021\/exitosa-jornada-de-pertenencia-en-el-club-hotel-de-villa-ventana\/","url":"https:\/\/www.noticiasradioreflejos.com.ar\/2021\/exitosa-jornada-de-pertenencia-en-el-club-hotel-de-villa-ventana\/","name":"Exitosa jornada de pertenencia en el Club Hotel de Villa Ventana - Noticias Radio Reflejos","isPartOf":{"@id":"https:\/\/www.noticiasradioreflejos.com.ar\/2021\/#website"},"primaryImageOfPage":{"@id":"https:\/\/www.noticiasradioreflejos.com.ar\/2021\/exitosa-jornada-de-pertenencia-en-el-club-hotel-de-villa-ventana\/#primaryimage"},"image":{"@id":"https:\/\/www.noticiasradioreflejos.com.ar\/2021\/exitosa-jornada-de-pertenencia-en-el-club-hotel-de-villa-ventana\/#primaryimage"},"thumbnailUrl":"http:\/\/farm1.staticflickr.com\/772\/30804696604_4091197827_z.jpg","datePublished":"2016-12-14T19:16:06+00:00","author":{"@id":"https:\/\/www.noticiasradioreflejos.com.ar\/2021\/#\/schema\/person\/ad82545263dcc5ec0996818884fd5fb1"},"breadcrumb":{"@id":"https:\/\/www.noticiasradioreflejos.com.ar\/2021\/exitosa-jornada-de-pertenencia-en-el-club-hotel-de-villa-ventana\/#breadcrumb"},"inLanguage":"es","potentialAction":[{"@type":"ReadAction","target":["https:\/\/www.noticiasradioreflejos.com.ar\/2021\/exitosa-jornada-de-pertenencia-en-el-club-hotel-de-villa-ventana\/"]}]},{"@type":"ImageObject","inLanguage":"es","@id":"https:\/\/www.noticiasradioreflejos.com.ar\/2021\/exitosa-jornada-de-pertenencia-en-el-club-hotel-de-villa-ventana\/#primaryimage","url":"http:\/\/farm1.staticflickr.com\/772\/30804696604_4091197827_z.jpg","contentUrl":"http:\/\/farm1.staticflickr.com\/772\/30804696604_4091197827_z.jpg"},{"@type":"BreadcrumbList","@id":"https:\/\/www.noticiasradioreflejos.com.ar\/2021\/exitosa-jornada-de-pertenencia-en-el-club-hotel-de-villa-ventana\/#breadcrumb","itemListElement":[{"@type":"ListItem","position":1,"name":"Portada","item":"https:\/\/www.noticiasradioreflejos.com.ar\/2021\/"},{"@type":"ListItem","position":2,"name":"Exitosa jornada de pertenencia en el Club Hotel de Villa Ventana"}]},{"@type":"WebSite","@id":"https:\/\/www.noticiasradioreflejos.com.ar\/2021\/#website","url":"https:\/\/www.noticiasradioreflejos.com.ar\/2021\/","name":"Noticias Radio Reflejos","description":"Las noticias de mi comarca","potentialAction":[{"@type":"SearchAction","target":{"@type":"EntryPoint","urlTemplate":"https:\/\/www.noticiasradioreflejos.com.ar\/2021\/?s={search_term_string}"},"query-input":{"@type":"PropertyValueSpecification","valueRequired":true,"valueName":"search_term_string"}}],"inLanguage":"es"},{"@type":"Person","@id":"https:\/\/www.noticiasradioreflejos.com.ar\/2021\/#\/schema\/person\/ad82545263dcc5ec0996818884fd5fb1","name":"Arnaldo Botto","image":{"@type":"ImageObject","inLanguage":"es","@id":"https:\/\/www.noticiasradioreflejos.com.ar\/2021\/#\/schema\/person\/image\/","url":"https:\/\/secure.gravatar.com\/avatar\/55cb5e37c1efa326397366e6974cb338056df65cb50e7d64d1cf314e87504837?s=96&d=mm&r=g","contentUrl":"https:\/\/secure.gravatar.com\/avatar\/55cb5e37c1efa326397366e6974cb338056df65cb50e7d64d1cf314e87504837?s=96&d=mm&r=g","caption":"Arnaldo Botto"},"url":"https:\/\/www.noticiasradioreflejos.com.ar\/2021\/author\/arnaldo\/"}]}},"_links":{"self":[{"href":"https:\/\/www.noticiasradioreflejos.com.ar\/2021\/wp-json\/wp\/v2\/posts\/4785","targetHints":{"allow":["GET"]}}],"collection":[{"href":"https:\/\/www.noticiasradioreflejos.com.ar\/2021\/wp-json\/wp\/v2\/posts"}],"about":[{"href":"https:\/\/www.noticiasradioreflejos.com.ar\/2021\/wp-json\/wp\/v2\/types\/post"}],"author":[{"embeddable":true,"href":"https:\/\/www.noticiasradioreflejos.com.ar\/2021\/wp-json\/wp\/v2\/users\/3"}],"replies":[{"embeddable":true,"href":"https:\/\/www.noticiasradioreflejos.com.ar\/2021\/wp-json\/wp\/v2\/comments?post=4785"}],"version-history":[{"count":0,"href":"https:\/\/www.noticiasradioreflejos.com.ar\/2021\/wp-json\/wp\/v2\/posts\/4785\/revisions"}],"wp:attachment":[{"href":"https:\/\/www.noticiasradioreflejos.com.ar\/2021\/wp-json\/wp\/v2\/media?parent=4785"}],"wp:term":[{"taxonomy":"category","embeddable":true,"href":"https:\/\/www.noticiasradioreflejos.com.ar\/2021\/wp-json\/wp\/v2\/categories?post=4785"},{"taxonomy":"post_tag","embeddable":true,"href":"https:\/\/www.noticiasradioreflejos.com.ar\/2021\/wp-json\/wp\/v2\/tags?post=4785"}],"curies":[{"name":"wp","href":"https:\/\/api.w.org\/{rel}","templated":true}]}}