{"id":47831,"date":"2020-10-08T16:04:06","date_gmt":"2020-10-08T19:04:06","guid":{"rendered":"http:\/\/www.noticiasradioreflejos.com.ar\/noticias\/?p=47831"},"modified":"2020-10-08T16:04:06","modified_gmt":"2020-10-08T19:04:06","slug":"despues-del-trabajo-de-mucha-gente-el-incendio-ahora-esta-contenido-gustavo-de-vizia","status":"publish","type":"post","link":"https:\/\/www.noticiasradioreflejos.com.ar\/2021\/despues-del-trabajo-de-mucha-gente-el-incendio-ahora-esta-contenido-gustavo-de-vizia\/","title":{"rendered":"\u00abDespu\u00e9s del trabajo de mucha gente el incendio ahora est\u00e1 contenido\u00bb &#8211; Gustavo De Vizia"},"content":{"rendered":"<p>Esta ma\u00f1ana nos comunicamos con Gustavo De Vizia, Jefe del cuartel de bomberos de Sierra de la Ventana, quien, desde C\u00f3rdoba, nos pone al d\u00eda con la situaci\u00f3n de los incendios ocurridos en la zona y de los bomberos convocados que viajaron hasta all\u00e1 para prestar sus servicios de voluntariado.<!--more--><\/p>\n<p style=\"text-align: center;\">\u00abEn la parte que nosotros estamos, en Villa Soto, era la parte donde m\u00e1s complicado estaba. Despu\u00e9s del trabajo de mucha gente el incendio ahora est\u00e1 contenido\u00bb mencion\u00f3 Gustavo. Agreg\u00f3 que no hay actividad de incendio, pero que todav\u00eda se encuentran activos los \u00abpuntos calientes\u00bb, que en caso de haber altas temperaturas y mucho viento, pueden estimular las llamas.<\/p>\n<p><a title=\"FB_IMG_1602183350519\" href=\"http:\/\/live.staticflickr.com\/65535\/50438140106_c515a37f5b_s.jpg\" rel=\"\"><img loading=\"lazy\" decoding=\"async\" class=\"aligncenter\" title=\"FB_IMG_1602183350519\" src=\"http:\/\/live.staticflickr.com\/65535\/50438140106_c515a37f5b_b.jpg\" alt=\"FB_IMG_1602183350519\" width=\"720\" height=\"960\" \/><\/a><\/p>\n<p>Gustavo nos cuenta que en el d\u00eda de hoy estaban haciendo 33 grados en C\u00f3rdoba, condici\u00f3n que no ayuda a toda la gente que est\u00e1 trabajando para que esta cat\u00e1strofe termine. \u00abEl calor es insoportable\u00bb expres\u00f3. Adem\u00e1s, coment\u00f3 que las caracter\u00edsticas del paisaje hacen que meterse a las Sierras para combatir el fuego sea una tarea dif\u00edcil. \u00abTenes que ir haciendo brechas para poder entrar con motosierras y machetes. Ha pasado tan fuerte el fuego que los focos est\u00e1n adentro. Es complicado. Hay mucha gente que trabaja con herramientas de mano para que nosotros podamos entrar con nuestra manga\u00bb explic\u00f3 Gustavo.<\/p>\n<p>Le preguntamos si era posible un relevo de personal por todo el cansancio que lleva este trabajo, a lo que Gustavo respondi\u00f3: \u00abEn principio no, no estamos cerca y por lo tanto hacer un relevo de personal ser\u00eda muy engorroso\u00bb. Aunque tambi\u00e9n inform\u00f3 que \u00absi hoy ya se termina, ma\u00f1ana ya vamos a estar viajando o en su defecto, el S\u00e1bado a m\u00e1s tardar\u00bb.<\/p>\n<p><a title=\"FB_IMG_1602183342221\" href=\"http:\/\/live.staticflickr.com\/65535\/50438140131_df72467e56_s.jpg\" rel=\"\"><img loading=\"lazy\" decoding=\"async\" class=\"aligncenter\" title=\"FB_IMG_1602183342221\" src=\"http:\/\/live.staticflickr.com\/65535\/50438140131_df72467e56_c.jpg\" alt=\"FB_IMG_1602183342221\" width=\"800\" height=\"600\" \/><\/a><\/p>\n<p>\u00abEn los campos se han quemado algunas viviendas, ha llegado cerca de las casas pero s\u00f3lo se ha quemado tierra\u00bb inform\u00f3 el jefe de cuartel.<\/p>\n<p>Gustavo dice que no se sabe si el inicio del incendio ha sido intencional, pero que la sequ\u00eda de la zona es tan fuerte que ha ayudado a quemarse todo muy r\u00e1pido. \u00abAc\u00e1 no llueve desde Enero, caminas y el pasto est\u00e1 crocante, se quiebra\u00bb. Adem\u00e1s, opina que m\u00e1s de 100000 hect\u00e1reas se han quemado.<\/p>\n<p>\u00abLos diez que est\u00e1n a cargo m\u00edo estan todos bien\u00bb mencion\u00f3 finalmente al hablar sobre el estado en el que se encuentran los bomberos convocados para combatir el incendio.<\/p>\n<p>Nota completa a continuaci\u00f3n:<br \/>\n<iframe loading=\"lazy\" src=\"https:\/\/w.soundcloud.com\/player\/?url=https%3A\/\/api.soundcloud.com\/tracks\/907062376&amp;color=%23ff5500&amp;auto_play=false&amp;hide_related=false&amp;show_comments=true&amp;show_user=true&amp;show_reposts=false&amp;show_teaser=true\" width=\"100%\" height=\"166\" frameborder=\"no\" scrolling=\"no\"><\/iframe><\/p>\n<div style=\"font-size: 10px; color: #cccccc; line-break: anywhere; word-break: normal; overflow: hidden; white-space: nowrap; text-overflow: ellipsis; font-family: Interstate,Lucida Grande,Lucida Sans Unicode,Lucida Sans,Garuda,Verdana,Tahoma,sans-serif; font-weight: 100;\"><a style=\"color: #cccccc; text-decoration: none;\" title=\"fmreflejos 103.7\" href=\"https:\/\/soundcloud.com\/fmreflejos-103-7\" target=\"_blank\" rel=\"noopener\">fmreflejos 103.7<\/a> \u00b7 <a style=\"color: #cccccc; text-decoration: none;\" title=\"Gustavo De Vizia\" href=\"https:\/\/soundcloud.com\/fmreflejos-103-7\/gustavo-de-vizia-3\" target=\"_blank\" rel=\"noopener\">Gustavo De Vizia<\/a><\/div>\n","protected":false},"excerpt":{"rendered":"<p>Esta ma\u00f1ana nos comunicamos con Gustavo De Vizia, Jefe del cuartel de bomberos de Sierra de la Ventana, quien, desde C\u00f3rdoba, nos pone al d\u00eda con la situaci\u00f3n de los incendios ocurridos en la zona y de los bomberos convocados que viajaron hasta all\u00e1 para prestar sus servicios de voluntariado.<\/p>\n","protected":false},"author":3,"featured_media":0,"comment_status":"closed","ping_status":"open","sticky":false,"template":"","format":"standard","meta":{"footnotes":""},"categories":[26],"tags":[],"class_list":["post-47831","post","type-post","status-publish","format-standard","hentry","category-sociedad"],"yoast_head":"<!-- This site is optimized with the Yoast SEO plugin v25.9 - https:\/\/yoast.com\/wordpress\/plugins\/seo\/ -->\n<title>&quot;Despu\u00e9s del trabajo de mucha gente el incendio ahora est\u00e1 contenido&quot; - Gustavo De Vizia - Noticias Radio Reflejos<\/title>\n<meta name=\"robots\" content=\"index, follow, max-snippet:-1, max-image-preview:large, max-video-preview:-1\" \/>\n<link rel=\"canonical\" href=\"https:\/\/www.noticiasradioreflejos.com.ar\/2021\/despues-del-trabajo-de-mucha-gente-el-incendio-ahora-esta-contenido-gustavo-de-vizia\/\" \/>\n<meta property=\"og:locale\" content=\"es_ES\" \/>\n<meta property=\"og:type\" content=\"article\" \/>\n<meta property=\"og:title\" content=\"&quot;Despu\u00e9s del trabajo de mucha gente el incendio ahora est\u00e1 contenido&quot; - Gustavo De Vizia - Noticias Radio Reflejos\" \/>\n<meta property=\"og:description\" content=\"Esta ma\u00f1ana nos comunicamos con Gustavo De Vizia, Jefe del cuartel de bomberos de Sierra de la Ventana, quien, desde C\u00f3rdoba, nos pone al d\u00eda con la situaci\u00f3n de los incendios ocurridos en la zona y de los bomberos convocados que viajaron hasta all\u00e1 para prestar sus servicios de voluntariado.\" \/>\n<meta property=\"og:url\" content=\"https:\/\/www.noticiasradioreflejos.com.ar\/2021\/despues-del-trabajo-de-mucha-gente-el-incendio-ahora-esta-contenido-gustavo-de-vizia\/\" \/>\n<meta property=\"og:site_name\" content=\"Noticias Radio Reflejos\" \/>\n<meta property=\"article:published_time\" content=\"2020-10-08T19:04:06+00:00\" \/>\n<meta property=\"og:image\" content=\"http:\/\/live.staticflickr.com\/65535\/50438140106_c515a37f5b_b.jpg\" \/>\n<meta name=\"author\" content=\"Arnaldo Botto\" \/>\n<meta name=\"twitter:card\" content=\"summary_large_image\" \/>\n<script type=\"application\/ld+json\" class=\"yoast-schema-graph\">{\"@context\":\"https:\/\/schema.org\",\"@graph\":[{\"@type\":\"WebPage\",\"@id\":\"https:\/\/www.noticiasradioreflejos.com.ar\/2021\/despues-del-trabajo-de-mucha-gente-el-incendio-ahora-esta-contenido-gustavo-de-vizia\/\",\"url\":\"https:\/\/www.noticiasradioreflejos.com.ar\/2021\/despues-del-trabajo-de-mucha-gente-el-incendio-ahora-esta-contenido-gustavo-de-vizia\/\",\"name\":\"\\\"Despu\u00e9s del trabajo de mucha gente el incendio ahora est\u00e1 contenido\\\" - Gustavo De Vizia - Noticias Radio Reflejos\",\"isPartOf\":{\"@id\":\"https:\/\/www.noticiasradioreflejos.com.ar\/2021\/#website\"},\"primaryImageOfPage\":{\"@id\":\"https:\/\/www.noticiasradioreflejos.com.ar\/2021\/despues-del-trabajo-de-mucha-gente-el-incendio-ahora-esta-contenido-gustavo-de-vizia\/#primaryimage\"},\"image\":{\"@id\":\"https:\/\/www.noticiasradioreflejos.com.ar\/2021\/despues-del-trabajo-de-mucha-gente-el-incendio-ahora-esta-contenido-gustavo-de-vizia\/#primaryimage\"},\"thumbnailUrl\":\"http:\/\/live.staticflickr.com\/65535\/50438140106_c515a37f5b_b.jpg\",\"datePublished\":\"2020-10-08T19:04:06+00:00\",\"author\":{\"@id\":\"https:\/\/www.noticiasradioreflejos.com.ar\/2021\/#\/schema\/person\/ad82545263dcc5ec0996818884fd5fb1\"},\"breadcrumb\":{\"@id\":\"https:\/\/www.noticiasradioreflejos.com.ar\/2021\/despues-del-trabajo-de-mucha-gente-el-incendio-ahora-esta-contenido-gustavo-de-vizia\/#breadcrumb\"},\"inLanguage\":\"es\",\"potentialAction\":[{\"@type\":\"ReadAction\",\"target\":[\"https:\/\/www.noticiasradioreflejos.com.ar\/2021\/despues-del-trabajo-de-mucha-gente-el-incendio-ahora-esta-contenido-gustavo-de-vizia\/\"]}]},{\"@type\":\"ImageObject\",\"inLanguage\":\"es\",\"@id\":\"https:\/\/www.noticiasradioreflejos.com.ar\/2021\/despues-del-trabajo-de-mucha-gente-el-incendio-ahora-esta-contenido-gustavo-de-vizia\/#primaryimage\",\"url\":\"http:\/\/live.staticflickr.com\/65535\/50438140106_c515a37f5b_b.jpg\",\"contentUrl\":\"http:\/\/live.staticflickr.com\/65535\/50438140106_c515a37f5b_b.jpg\"},{\"@type\":\"BreadcrumbList\",\"@id\":\"https:\/\/www.noticiasradioreflejos.com.ar\/2021\/despues-del-trabajo-de-mucha-gente-el-incendio-ahora-esta-contenido-gustavo-de-vizia\/#breadcrumb\",\"itemListElement\":[{\"@type\":\"ListItem\",\"position\":1,\"name\":\"Portada\",\"item\":\"https:\/\/www.noticiasradioreflejos.com.ar\/2021\/\"},{\"@type\":\"ListItem\",\"position\":2,\"name\":\"\u00abDespu\u00e9s del trabajo de mucha gente el incendio ahora est\u00e1 contenido\u00bb &#8211; Gustavo De Vizia\"}]},{\"@type\":\"WebSite\",\"@id\":\"https:\/\/www.noticiasradioreflejos.com.ar\/2021\/#website\",\"url\":\"https:\/\/www.noticiasradioreflejos.com.ar\/2021\/\",\"name\":\"Noticias Radio Reflejos\",\"description\":\"Las noticias de mi comarca\",\"potentialAction\":[{\"@type\":\"SearchAction\",\"target\":{\"@type\":\"EntryPoint\",\"urlTemplate\":\"https:\/\/www.noticiasradioreflejos.com.ar\/2021\/?s={search_term_string}\"},\"query-input\":{\"@type\":\"PropertyValueSpecification\",\"valueRequired\":true,\"valueName\":\"search_term_string\"}}],\"inLanguage\":\"es\"},{\"@type\":\"Person\",\"@id\":\"https:\/\/www.noticiasradioreflejos.com.ar\/2021\/#\/schema\/person\/ad82545263dcc5ec0996818884fd5fb1\",\"name\":\"Arnaldo Botto\",\"image\":{\"@type\":\"ImageObject\",\"inLanguage\":\"es\",\"@id\":\"https:\/\/www.noticiasradioreflejos.com.ar\/2021\/#\/schema\/person\/image\/\",\"url\":\"https:\/\/secure.gravatar.com\/avatar\/55cb5e37c1efa326397366e6974cb338056df65cb50e7d64d1cf314e87504837?s=96&d=mm&r=g\",\"contentUrl\":\"https:\/\/secure.gravatar.com\/avatar\/55cb5e37c1efa326397366e6974cb338056df65cb50e7d64d1cf314e87504837?s=96&d=mm&r=g\",\"caption\":\"Arnaldo Botto\"},\"url\":\"https:\/\/www.noticiasradioreflejos.com.ar\/2021\/author\/arnaldo\/\"}]}<\/script>\n<!-- \/ Yoast SEO plugin. -->","yoast_head_json":{"title":"\"Despu\u00e9s del trabajo de mucha gente el incendio ahora est\u00e1 contenido\" - Gustavo De Vizia - Noticias Radio Reflejos","robots":{"index":"index","follow":"follow","max-snippet":"max-snippet:-1","max-image-preview":"max-image-preview:large","max-video-preview":"max-video-preview:-1"},"canonical":"https:\/\/www.noticiasradioreflejos.com.ar\/2021\/despues-del-trabajo-de-mucha-gente-el-incendio-ahora-esta-contenido-gustavo-de-vizia\/","og_locale":"es_ES","og_type":"article","og_title":"\"Despu\u00e9s del trabajo de mucha gente el incendio ahora est\u00e1 contenido\" - Gustavo De Vizia - Noticias Radio Reflejos","og_description":"Esta ma\u00f1ana nos comunicamos con Gustavo De Vizia, Jefe del cuartel de bomberos de Sierra de la Ventana, quien, desde C\u00f3rdoba, nos pone al d\u00eda con la situaci\u00f3n de los incendios ocurridos en la zona y de los bomberos convocados que viajaron hasta all\u00e1 para prestar sus servicios de voluntariado.","og_url":"https:\/\/www.noticiasradioreflejos.com.ar\/2021\/despues-del-trabajo-de-mucha-gente-el-incendio-ahora-esta-contenido-gustavo-de-vizia\/","og_site_name":"Noticias Radio Reflejos","article_published_time":"2020-10-08T19:04:06+00:00","og_image":[{"url":"http:\/\/live.staticflickr.com\/65535\/50438140106_c515a37f5b_b.jpg","type":"","width":"","height":""}],"author":"Arnaldo Botto","twitter_card":"summary_large_image","schema":{"@context":"https:\/\/schema.org","@graph":[{"@type":"WebPage","@id":"https:\/\/www.noticiasradioreflejos.com.ar\/2021\/despues-del-trabajo-de-mucha-gente-el-incendio-ahora-esta-contenido-gustavo-de-vizia\/","url":"https:\/\/www.noticiasradioreflejos.com.ar\/2021\/despues-del-trabajo-de-mucha-gente-el-incendio-ahora-esta-contenido-gustavo-de-vizia\/","name":"\"Despu\u00e9s del trabajo de mucha gente el incendio ahora est\u00e1 contenido\" - Gustavo De Vizia - Noticias Radio Reflejos","isPartOf":{"@id":"https:\/\/www.noticiasradioreflejos.com.ar\/2021\/#website"},"primaryImageOfPage":{"@id":"https:\/\/www.noticiasradioreflejos.com.ar\/2021\/despues-del-trabajo-de-mucha-gente-el-incendio-ahora-esta-contenido-gustavo-de-vizia\/#primaryimage"},"image":{"@id":"https:\/\/www.noticiasradioreflejos.com.ar\/2021\/despues-del-trabajo-de-mucha-gente-el-incendio-ahora-esta-contenido-gustavo-de-vizia\/#primaryimage"},"thumbnailUrl":"http:\/\/live.staticflickr.com\/65535\/50438140106_c515a37f5b_b.jpg","datePublished":"2020-10-08T19:04:06+00:00","author":{"@id":"https:\/\/www.noticiasradioreflejos.com.ar\/2021\/#\/schema\/person\/ad82545263dcc5ec0996818884fd5fb1"},"breadcrumb":{"@id":"https:\/\/www.noticiasradioreflejos.com.ar\/2021\/despues-del-trabajo-de-mucha-gente-el-incendio-ahora-esta-contenido-gustavo-de-vizia\/#breadcrumb"},"inLanguage":"es","potentialAction":[{"@type":"ReadAction","target":["https:\/\/www.noticiasradioreflejos.com.ar\/2021\/despues-del-trabajo-de-mucha-gente-el-incendio-ahora-esta-contenido-gustavo-de-vizia\/"]}]},{"@type":"ImageObject","inLanguage":"es","@id":"https:\/\/www.noticiasradioreflejos.com.ar\/2021\/despues-del-trabajo-de-mucha-gente-el-incendio-ahora-esta-contenido-gustavo-de-vizia\/#primaryimage","url":"http:\/\/live.staticflickr.com\/65535\/50438140106_c515a37f5b_b.jpg","contentUrl":"http:\/\/live.staticflickr.com\/65535\/50438140106_c515a37f5b_b.jpg"},{"@type":"BreadcrumbList","@id":"https:\/\/www.noticiasradioreflejos.com.ar\/2021\/despues-del-trabajo-de-mucha-gente-el-incendio-ahora-esta-contenido-gustavo-de-vizia\/#breadcrumb","itemListElement":[{"@type":"ListItem","position":1,"name":"Portada","item":"https:\/\/www.noticiasradioreflejos.com.ar\/2021\/"},{"@type":"ListItem","position":2,"name":"\u00abDespu\u00e9s del trabajo de mucha gente el incendio ahora est\u00e1 contenido\u00bb &#8211; Gustavo De Vizia"}]},{"@type":"WebSite","@id":"https:\/\/www.noticiasradioreflejos.com.ar\/2021\/#website","url":"https:\/\/www.noticiasradioreflejos.com.ar\/2021\/","name":"Noticias Radio Reflejos","description":"Las noticias de mi comarca","potentialAction":[{"@type":"SearchAction","target":{"@type":"EntryPoint","urlTemplate":"https:\/\/www.noticiasradioreflejos.com.ar\/2021\/?s={search_term_string}"},"query-input":{"@type":"PropertyValueSpecification","valueRequired":true,"valueName":"search_term_string"}}],"inLanguage":"es"},{"@type":"Person","@id":"https:\/\/www.noticiasradioreflejos.com.ar\/2021\/#\/schema\/person\/ad82545263dcc5ec0996818884fd5fb1","name":"Arnaldo Botto","image":{"@type":"ImageObject","inLanguage":"es","@id":"https:\/\/www.noticiasradioreflejos.com.ar\/2021\/#\/schema\/person\/image\/","url":"https:\/\/secure.gravatar.com\/avatar\/55cb5e37c1efa326397366e6974cb338056df65cb50e7d64d1cf314e87504837?s=96&d=mm&r=g","contentUrl":"https:\/\/secure.gravatar.com\/avatar\/55cb5e37c1efa326397366e6974cb338056df65cb50e7d64d1cf314e87504837?s=96&d=mm&r=g","caption":"Arnaldo Botto"},"url":"https:\/\/www.noticiasradioreflejos.com.ar\/2021\/author\/arnaldo\/"}]}},"_links":{"self":[{"href":"https:\/\/www.noticiasradioreflejos.com.ar\/2021\/wp-json\/wp\/v2\/posts\/47831","targetHints":{"allow":["GET"]}}],"collection":[{"href":"https:\/\/www.noticiasradioreflejos.com.ar\/2021\/wp-json\/wp\/v2\/posts"}],"about":[{"href":"https:\/\/www.noticiasradioreflejos.com.ar\/2021\/wp-json\/wp\/v2\/types\/post"}],"author":[{"embeddable":true,"href":"https:\/\/www.noticiasradioreflejos.com.ar\/2021\/wp-json\/wp\/v2\/users\/3"}],"replies":[{"embeddable":true,"href":"https:\/\/www.noticiasradioreflejos.com.ar\/2021\/wp-json\/wp\/v2\/comments?post=47831"}],"version-history":[{"count":0,"href":"https:\/\/www.noticiasradioreflejos.com.ar\/2021\/wp-json\/wp\/v2\/posts\/47831\/revisions"}],"wp:attachment":[{"href":"https:\/\/www.noticiasradioreflejos.com.ar\/2021\/wp-json\/wp\/v2\/media?parent=47831"}],"wp:term":[{"taxonomy":"category","embeddable":true,"href":"https:\/\/www.noticiasradioreflejos.com.ar\/2021\/wp-json\/wp\/v2\/categories?post=47831"},{"taxonomy":"post_tag","embeddable":true,"href":"https:\/\/www.noticiasradioreflejos.com.ar\/2021\/wp-json\/wp\/v2\/tags?post=47831"}],"curies":[{"name":"wp","href":"https:\/\/api.w.org\/{rel}","templated":true}]}}