{"id":47828,"date":"2020-10-08T12:20:00","date_gmt":"2020-10-08T15:20:00","guid":{"rendered":"http:\/\/www.noticiasradioreflejos.com.ar\/noticias\/?p=47828"},"modified":"2020-10-08T12:20:00","modified_gmt":"2020-10-08T15:20:00","slug":"los-gremios-docentes-fueron-convocados-para-debatir-sobre-las-clases-presenciales","status":"publish","type":"post","link":"https:\/\/www.noticiasradioreflejos.com.ar\/2021\/los-gremios-docentes-fueron-convocados-para-debatir-sobre-las-clases-presenciales\/","title":{"rendered":"Los gremios docentes fueron convocados para debatir sobre las clases presenciales"},"content":{"rendered":"<p>Los gremios docentes fueron convocados para participar esta tarde de la reuni\u00f3n del Consejo Federal de Educaci\u00f3n para discutir sobre el retorno a las clases presenciales, anunci\u00f3 hoy la secretaria general de la Confederaci\u00f3n de los Trabajadores de la Educaci\u00f3n de la Rep\u00fablica Argentina (Ctera), Sonia Alesso.<br \/>\n<!--more--><br \/>\nEl Consejo Federal de Educaci\u00f3n que integran los 24 ministros de todo el pa\u00eds se volver\u00e1 a reunir esta tarde para analizar el regreso a las actividades educativas no escolares para alumnos y alumnas que concluyan el nivel primario o secundario, o para los estudiantes que hayan perdido v\u00ednculo con la escuela durante los meses de suspensi\u00f3n de clases presenciales por la pandemia de coronavirus.<\/p>\n<p>La reuni\u00f3n, que se realizar\u00e1 de manera virtual, est\u00e1 prevista para las 16.30, seg\u00fan informaron a T\u00e9lam fuentes oficiales.<\/p>\n<p>En tanto, en una charla emitida esta ma\u00f1ana a trav\u00e9s de Facebook Live en donde se debati\u00f3 sobre el retorno a clases presenciales con distintos representantes docentes sindicales de otros pa\u00edses, Alesso inform\u00f3 que fueron \u00abconvocados para una reuni\u00f3n del Consejo Federal y ah\u00ed vamos a llevar la posici\u00f3n que Ctera viene sosteniendo desde el principio de la pandemia\u00bb.<\/p>\n<p>\u00abEl reclamo de Ctera sigue siendo m\u00e1s presupuesto para educaci\u00f3n, conectividad para todos los chicos y chicas, m\u00e1s dispositivos y fundamentalmente, cuidar la salud de todos y todas\u00bb, sostuvo.<\/p>\n<p>Alesso asever\u00f3 que \u00abse ha vuelto a instalar el tema de la vuelta a clases y es un debate que venimos discutiendo desde principio de a\u00f1o: nada reemplaza la presencia del maestro en el aula, pero en este contexto tan grave que est\u00e1 viviendo el mundo, hemos hecho un gran esfuerzo para estar de distintas maneras\u00bb.<\/p>\n<p>Durante la charla disertaron Nicol\u00e1s Richard, miembro de la Internacional de la Educaci\u00f3n, Manuela Mendoca de Portugal, Odile Cordelier de Francia y Francisco Garc\u00eda de Espa\u00f1a.<br \/>\nImprimir Descargar Copiar V<\/p>\n","protected":false},"excerpt":{"rendered":"<p>Los gremios docentes fueron convocados para participar esta tarde de la reuni\u00f3n del Consejo Federal de Educaci\u00f3n para discutir sobre el retorno a las clases presenciales, anunci\u00f3 hoy la secretaria general de la Confederaci\u00f3n de los Trabajadores de la Educaci\u00f3n de la Rep\u00fablica Argentina (Ctera), Sonia Alesso.<\/p>\n","protected":false},"author":3,"featured_media":0,"comment_status":"closed","ping_status":"open","sticky":false,"template":"","format":"standard","meta":{"footnotes":""},"categories":[34],"tags":[],"class_list":["post-47828","post","type-post","status-publish","format-standard","hentry","category-educacion"],"yoast_head":"<!-- This site is optimized with the Yoast SEO plugin v25.9 - https:\/\/yoast.com\/wordpress\/plugins\/seo\/ -->\n<title>Los gremios docentes fueron convocados para debatir sobre las clases presenciales - Noticias Radio Reflejos<\/title>\n<meta name=\"robots\" content=\"index, follow, max-snippet:-1, max-image-preview:large, max-video-preview:-1\" \/>\n<link rel=\"canonical\" href=\"https:\/\/www.noticiasradioreflejos.com.ar\/2021\/los-gremios-docentes-fueron-convocados-para-debatir-sobre-las-clases-presenciales\/\" \/>\n<meta property=\"og:locale\" content=\"es_ES\" \/>\n<meta property=\"og:type\" content=\"article\" \/>\n<meta property=\"og:title\" content=\"Los gremios docentes fueron convocados para debatir sobre las clases presenciales - Noticias Radio Reflejos\" \/>\n<meta property=\"og:description\" content=\"Los gremios docentes fueron convocados para participar esta tarde de la reuni\u00f3n del Consejo Federal de Educaci\u00f3n para discutir sobre el retorno a las clases presenciales, anunci\u00f3 hoy la secretaria general de la Confederaci\u00f3n de los Trabajadores de la Educaci\u00f3n de la Rep\u00fablica Argentina (Ctera), Sonia Alesso.\" \/>\n<meta property=\"og:url\" content=\"https:\/\/www.noticiasradioreflejos.com.ar\/2021\/los-gremios-docentes-fueron-convocados-para-debatir-sobre-las-clases-presenciales\/\" \/>\n<meta property=\"og:site_name\" content=\"Noticias Radio Reflejos\" \/>\n<meta property=\"article:published_time\" content=\"2020-10-08T15:20:00+00:00\" \/>\n<meta property=\"og:image\" content=\"https:\/\/www.noticiasradioreflejos.com.ar\/2021\/wp-content\/uploads\/2021\/07\/logosol300x200.png\" \/>\n\t<meta property=\"og:image:width\" content=\"300\" \/>\n\t<meta property=\"og:image:height\" content=\"200\" \/>\n\t<meta property=\"og:image:type\" content=\"image\/png\" \/>\n<meta name=\"author\" content=\"Arnaldo Botto\" \/>\n<meta name=\"twitter:card\" content=\"summary_large_image\" \/>\n<script type=\"application\/ld+json\" class=\"yoast-schema-graph\">{\"@context\":\"https:\/\/schema.org\",\"@graph\":[{\"@type\":\"WebPage\",\"@id\":\"https:\/\/www.noticiasradioreflejos.com.ar\/2021\/los-gremios-docentes-fueron-convocados-para-debatir-sobre-las-clases-presenciales\/\",\"url\":\"https:\/\/www.noticiasradioreflejos.com.ar\/2021\/los-gremios-docentes-fueron-convocados-para-debatir-sobre-las-clases-presenciales\/\",\"name\":\"Los gremios docentes fueron convocados para debatir sobre las clases presenciales - Noticias Radio Reflejos\",\"isPartOf\":{\"@id\":\"https:\/\/www.noticiasradioreflejos.com.ar\/2021\/#website\"},\"datePublished\":\"2020-10-08T15:20:00+00:00\",\"author\":{\"@id\":\"https:\/\/www.noticiasradioreflejos.com.ar\/2021\/#\/schema\/person\/ad82545263dcc5ec0996818884fd5fb1\"},\"breadcrumb\":{\"@id\":\"https:\/\/www.noticiasradioreflejos.com.ar\/2021\/los-gremios-docentes-fueron-convocados-para-debatir-sobre-las-clases-presenciales\/#breadcrumb\"},\"inLanguage\":\"es\",\"potentialAction\":[{\"@type\":\"ReadAction\",\"target\":[\"https:\/\/www.noticiasradioreflejos.com.ar\/2021\/los-gremios-docentes-fueron-convocados-para-debatir-sobre-las-clases-presenciales\/\"]}]},{\"@type\":\"BreadcrumbList\",\"@id\":\"https:\/\/www.noticiasradioreflejos.com.ar\/2021\/los-gremios-docentes-fueron-convocados-para-debatir-sobre-las-clases-presenciales\/#breadcrumb\",\"itemListElement\":[{\"@type\":\"ListItem\",\"position\":1,\"name\":\"Portada\",\"item\":\"https:\/\/www.noticiasradioreflejos.com.ar\/2021\/\"},{\"@type\":\"ListItem\",\"position\":2,\"name\":\"Los gremios docentes fueron convocados para debatir sobre las clases presenciales\"}]},{\"@type\":\"WebSite\",\"@id\":\"https:\/\/www.noticiasradioreflejos.com.ar\/2021\/#website\",\"url\":\"https:\/\/www.noticiasradioreflejos.com.ar\/2021\/\",\"name\":\"Noticias Radio Reflejos\",\"description\":\"Las noticias de mi comarca\",\"potentialAction\":[{\"@type\":\"SearchAction\",\"target\":{\"@type\":\"EntryPoint\",\"urlTemplate\":\"https:\/\/www.noticiasradioreflejos.com.ar\/2021\/?s={search_term_string}\"},\"query-input\":{\"@type\":\"PropertyValueSpecification\",\"valueRequired\":true,\"valueName\":\"search_term_string\"}}],\"inLanguage\":\"es\"},{\"@type\":\"Person\",\"@id\":\"https:\/\/www.noticiasradioreflejos.com.ar\/2021\/#\/schema\/person\/ad82545263dcc5ec0996818884fd5fb1\",\"name\":\"Arnaldo Botto\",\"image\":{\"@type\":\"ImageObject\",\"inLanguage\":\"es\",\"@id\":\"https:\/\/www.noticiasradioreflejos.com.ar\/2021\/#\/schema\/person\/image\/\",\"url\":\"https:\/\/secure.gravatar.com\/avatar\/55cb5e37c1efa326397366e6974cb338056df65cb50e7d64d1cf314e87504837?s=96&d=mm&r=g\",\"contentUrl\":\"https:\/\/secure.gravatar.com\/avatar\/55cb5e37c1efa326397366e6974cb338056df65cb50e7d64d1cf314e87504837?s=96&d=mm&r=g\",\"caption\":\"Arnaldo Botto\"},\"url\":\"https:\/\/www.noticiasradioreflejos.com.ar\/2021\/author\/arnaldo\/\"}]}<\/script>\n<!-- \/ Yoast SEO plugin. -->","yoast_head_json":{"title":"Los gremios docentes fueron convocados para debatir sobre las clases presenciales - Noticias Radio Reflejos","robots":{"index":"index","follow":"follow","max-snippet":"max-snippet:-1","max-image-preview":"max-image-preview:large","max-video-preview":"max-video-preview:-1"},"canonical":"https:\/\/www.noticiasradioreflejos.com.ar\/2021\/los-gremios-docentes-fueron-convocados-para-debatir-sobre-las-clases-presenciales\/","og_locale":"es_ES","og_type":"article","og_title":"Los gremios docentes fueron convocados para debatir sobre las clases presenciales - Noticias Radio Reflejos","og_description":"Los gremios docentes fueron convocados para participar esta tarde de la reuni\u00f3n del Consejo Federal de Educaci\u00f3n para discutir sobre el retorno a las clases presenciales, anunci\u00f3 hoy la secretaria general de la Confederaci\u00f3n de los Trabajadores de la Educaci\u00f3n de la Rep\u00fablica Argentina (Ctera), Sonia Alesso.","og_url":"https:\/\/www.noticiasradioreflejos.com.ar\/2021\/los-gremios-docentes-fueron-convocados-para-debatir-sobre-las-clases-presenciales\/","og_site_name":"Noticias Radio Reflejos","article_published_time":"2020-10-08T15:20:00+00:00","og_image":[{"width":300,"height":200,"url":"https:\/\/www.noticiasradioreflejos.com.ar\/2021\/wp-content\/uploads\/2021\/07\/logosol300x200.png","type":"image\/png"}],"author":"Arnaldo Botto","twitter_card":"summary_large_image","schema":{"@context":"https:\/\/schema.org","@graph":[{"@type":"WebPage","@id":"https:\/\/www.noticiasradioreflejos.com.ar\/2021\/los-gremios-docentes-fueron-convocados-para-debatir-sobre-las-clases-presenciales\/","url":"https:\/\/www.noticiasradioreflejos.com.ar\/2021\/los-gremios-docentes-fueron-convocados-para-debatir-sobre-las-clases-presenciales\/","name":"Los gremios docentes fueron convocados para debatir sobre las clases presenciales - Noticias Radio Reflejos","isPartOf":{"@id":"https:\/\/www.noticiasradioreflejos.com.ar\/2021\/#website"},"datePublished":"2020-10-08T15:20:00+00:00","author":{"@id":"https:\/\/www.noticiasradioreflejos.com.ar\/2021\/#\/schema\/person\/ad82545263dcc5ec0996818884fd5fb1"},"breadcrumb":{"@id":"https:\/\/www.noticiasradioreflejos.com.ar\/2021\/los-gremios-docentes-fueron-convocados-para-debatir-sobre-las-clases-presenciales\/#breadcrumb"},"inLanguage":"es","potentialAction":[{"@type":"ReadAction","target":["https:\/\/www.noticiasradioreflejos.com.ar\/2021\/los-gremios-docentes-fueron-convocados-para-debatir-sobre-las-clases-presenciales\/"]}]},{"@type":"BreadcrumbList","@id":"https:\/\/www.noticiasradioreflejos.com.ar\/2021\/los-gremios-docentes-fueron-convocados-para-debatir-sobre-las-clases-presenciales\/#breadcrumb","itemListElement":[{"@type":"ListItem","position":1,"name":"Portada","item":"https:\/\/www.noticiasradioreflejos.com.ar\/2021\/"},{"@type":"ListItem","position":2,"name":"Los gremios docentes fueron convocados para debatir sobre las clases presenciales"}]},{"@type":"WebSite","@id":"https:\/\/www.noticiasradioreflejos.com.ar\/2021\/#website","url":"https:\/\/www.noticiasradioreflejos.com.ar\/2021\/","name":"Noticias Radio Reflejos","description":"Las noticias de mi comarca","potentialAction":[{"@type":"SearchAction","target":{"@type":"EntryPoint","urlTemplate":"https:\/\/www.noticiasradioreflejos.com.ar\/2021\/?s={search_term_string}"},"query-input":{"@type":"PropertyValueSpecification","valueRequired":true,"valueName":"search_term_string"}}],"inLanguage":"es"},{"@type":"Person","@id":"https:\/\/www.noticiasradioreflejos.com.ar\/2021\/#\/schema\/person\/ad82545263dcc5ec0996818884fd5fb1","name":"Arnaldo Botto","image":{"@type":"ImageObject","inLanguage":"es","@id":"https:\/\/www.noticiasradioreflejos.com.ar\/2021\/#\/schema\/person\/image\/","url":"https:\/\/secure.gravatar.com\/avatar\/55cb5e37c1efa326397366e6974cb338056df65cb50e7d64d1cf314e87504837?s=96&d=mm&r=g","contentUrl":"https:\/\/secure.gravatar.com\/avatar\/55cb5e37c1efa326397366e6974cb338056df65cb50e7d64d1cf314e87504837?s=96&d=mm&r=g","caption":"Arnaldo Botto"},"url":"https:\/\/www.noticiasradioreflejos.com.ar\/2021\/author\/arnaldo\/"}]}},"_links":{"self":[{"href":"https:\/\/www.noticiasradioreflejos.com.ar\/2021\/wp-json\/wp\/v2\/posts\/47828","targetHints":{"allow":["GET"]}}],"collection":[{"href":"https:\/\/www.noticiasradioreflejos.com.ar\/2021\/wp-json\/wp\/v2\/posts"}],"about":[{"href":"https:\/\/www.noticiasradioreflejos.com.ar\/2021\/wp-json\/wp\/v2\/types\/post"}],"author":[{"embeddable":true,"href":"https:\/\/www.noticiasradioreflejos.com.ar\/2021\/wp-json\/wp\/v2\/users\/3"}],"replies":[{"embeddable":true,"href":"https:\/\/www.noticiasradioreflejos.com.ar\/2021\/wp-json\/wp\/v2\/comments?post=47828"}],"version-history":[{"count":0,"href":"https:\/\/www.noticiasradioreflejos.com.ar\/2021\/wp-json\/wp\/v2\/posts\/47828\/revisions"}],"wp:attachment":[{"href":"https:\/\/www.noticiasradioreflejos.com.ar\/2021\/wp-json\/wp\/v2\/media?parent=47828"}],"wp:term":[{"taxonomy":"category","embeddable":true,"href":"https:\/\/www.noticiasradioreflejos.com.ar\/2021\/wp-json\/wp\/v2\/categories?post=47828"},{"taxonomy":"post_tag","embeddable":true,"href":"https:\/\/www.noticiasradioreflejos.com.ar\/2021\/wp-json\/wp\/v2\/tags?post=47828"}],"curies":[{"name":"wp","href":"https:\/\/api.w.org\/{rel}","templated":true}]}}