{"id":47757,"date":"2020-10-07T08:07:18","date_gmt":"2020-10-07T11:07:18","guid":{"rendered":"http:\/\/www.noticiasradioreflejos.com.ar\/noticias\/?p=47757"},"modified":"2020-10-07T08:07:18","modified_gmt":"2020-10-07T11:07:18","slug":"los-dos-remedios-argentinos-para-tratar-el-coronavirus-que-estaran-disponibles-este-mes","status":"publish","type":"post","link":"https:\/\/www.noticiasradioreflejos.com.ar\/2021\/los-dos-remedios-argentinos-para-tratar-el-coronavirus-que-estaran-disponibles-este-mes\/","title":{"rendered":"Los dos remedios argentinos para tratar el coronavirus que estar\u00e1n disponibles este mes"},"content":{"rendered":"<p>El ministro de Salud<strong> Gin\u00e9s Gonz\u00e1lez Garc\u00eda<\/strong> hab\u00eda anticipado que \u201cen la segunda quincena de octubre va a haber medicamentos nacionales aprobados que van a tener un efecto importante. Se trata de la Ivermectina y el suero equino, dos desarrollos financiados por el Ministerio de Ciencia y Tecnolog\u00eda. C\u00f3mo funciona cada uno.<!--more--><\/p>\n<p><strong>P\u00e1gina\/12<\/strong> pudo averiguar que los dos medicamentos que el ministro de Salud de la Naci\u00f3n, Gin\u00e9s Gonz\u00e1les Garc\u00eda, asegur\u00f3 que este mes estar\u00edan a disposici\u00f3n de los pacientes con covid-19 son la ivermectina y el suero equino, dos alternativas que \u201cvan a tener un efecto importante\u201d en el tratamiento contra el virus. El suero equino se produce a partir de anticuerpos de caballos, mientras que la ivermectina es un f\u00e1rmaco que apunta a reducir la carga viral durante los primeros d\u00edas de la enfermedad. Los dos desarrollos forman parte de las investigaciones financiadas por la Agencia I+D+i, bajo la \u00f3rbita del Ministerio de Ciencia, Tecnolog\u00eda e Innovaci\u00f3n.<br \/>\nCon miras a una nueva estrategia para la crisis sanitaria | Hacia los primeros 200 d\u00edas desde el inicio del ASPO<br \/>\nEl ministro hab\u00eda afirmado que ambos tratamientos \u201cfuncionan muy bien\u201d. Actualmente el m\u00e9todos m\u00e1s habitual en pacientes internados por covid-19 es la transfusi\u00f3n de plasma proveniente de las donaciones de pacientes recuperados. Sin embargo, un estudio nacional revel\u00f3 que no produce un beneficio cl\u00ednico significativo en pacientes graves. \u201cSe ha demostrado que no es mejor darlo que no darlo cuando se utiliza en fases avanzadas\u201d, afirm\u00f3 a P\u00e1gina\/12 Omar Sued, infect\u00f3logo de la Fundaci\u00f3n Hu\u00e9sped y parte del comit\u00e9 de expertos que asesora al presidente Alberto Fern\u00e1ndez en la gesti\u00f3n de la pandemia del coronavirus. Pero ya en ese momento Sued explic\u00f3 a este diario que, en cambio, \u201chay estudios argentinos en marcha sobre medicamentos que son m\u00e1s prometedores\u201d.<\/p>\n<p><strong>Ivermectina<\/strong><br \/>\nEl estudio que llev\u00f3 a cabo el Instituto de Investigaciones de Enfermedades Tropicales (IIET), de la Universidad Nacional de Salta, revel\u00f3 que la ivermectina produce la eliminaci\u00f3n del virus en etapas tempranas de la infecci\u00f3n. \u201cComprobar que la droga tiene actividad contra el virus es un paso muy grande porque es un medicamento comercialmente disponible y accesible en el pa\u00eds\u201d, explic\u00f3 a este diario Alejandro Krolewiecki, investigador del Conicet y director del proyecto \u00abEvaluaci\u00f3n del efecto antiviral del f\u00e1rmaco ivermectina contra SARS-CoV-2\u201d, que recibi\u00f3 el financiamiento de la Agencia I+D+i y el apoyo del laboratorio EleaPhoenix S.A.<\/p>\n<p>La ivermectina es una droga de venta libre, descubierta en 1970 y utilizada para tratar distintas enfermedades, habituales en comunidades vulnerables, como la sarna o la parasitosis intestinal. Si bien en Argentina es m\u00e1s conocida por su uso veterinario, tambi\u00e9n existe y es accesible el f\u00e1rmaco para uso m\u00e9dico en humanos. En Salta ya la prescriben como medicamento para pacientes contagiados de covid-19.<\/p>\n<p>El ensayo cl\u00ednico que el IIET llev\u00f3 adelante en 45 pacientes, de los cuales 30 fueron tratados con el f\u00e1rmaco y los otros 15 con placebos, pudo confirmar que la administraci\u00f3n de una dosis de 0,6 miligramos de ivermectina durante los primeros cinco d\u00edas del curso de la enfermedad, produce una disminuci\u00f3n m\u00e1s r\u00e1pida en la carga viral de los pacientes. \u201cPara alcanzar actividad antiviral es necesario que la droga llegue en grandes cantidades a la sangre\u201d, detall\u00f3 Krolewiecki y advirti\u00f3 que \u201cen base a los resultados que obtuvimos no se deber\u00eda investigar ni aplicar dosis m\u00e1s bajas de ivermectina porque no tienen el mismo efecto\u201d. Seg\u00fan el especialista, darlo en altas dosis fue \u201cla estrategia para mejorar la eficacia, as\u00ed como para buscar mecanismos nuevos para dosificar la medicaci\u00f3n\u201d.<\/p>\n<p>En la investigaci\u00f3n, de la que particip\u00f3 tambi\u00e9n el Centro de Investigaci\u00f3n Veterinaria de Tandil (CIVETAN), fue clave la intervenci\u00f3n del laboratorio de virolog\u00eda del Hospital Garrahan, donde se utiliz\u00f3 una herramienta desarrollada especialmente para cuantificar las copias del virus que los pacientes presentaban en cada hisopado. \u201cEs el primer ensayo cl\u00ednico en el que se utiliza la contabilizaci\u00f3n de la carga viral para poder evaluar la efectividad de la droga\u201d, explic\u00f3 a P\u00e1gina\/12 la vir\u00f3loga Andrea Mangano, jefa del laboratorio del Garrahan, y afirm\u00f3 que \u201cpudimos confirmar c\u00f3mo las personas que recibieron la dosis ten\u00edan un efecto antiviral m\u00e1s r\u00e1pido que los que recibieron el placebo\u201d.<\/p>\n<p>Si bien se encontraron efectos adversos, Krolewiecki asegur\u00f3 que \u201cninguno estuvo fuera de lo esperable\u201d, y remarc\u00f3 que, en cuanto a la aplicaci\u00f3n, es central que se administre durante los primeros d\u00edas desde que se presentan los s\u00edntomas. \u201cDar un antiviral cuando el virus est\u00e1 en retirada no es \u00fatil\u201d, detall\u00f3.<\/p>\n<p><strong>El suero equino<\/strong><br \/>\nEste tratamiento, a diferencia de la ivermectina, se basa en la transfusi\u00f3n de anticuerpos generados por otro organismo, en este caso, los caballos. Los anticuerpos policlonales equinos, que se obtienen a trav\u00e9s de la inyecci\u00f3n de una prote\u00edna recombinante del SARS-CoV-2 en caballos, tienen un efecto hiperinmune, cerca de 100 veces m\u00e1s potente que el del plasma de recuperados. Este tratamiento apunta a bloquear la propagaci\u00f3n del virus en el organismo. Adem\u00e1s, por la capacidad de estos animales de producir una gran cantidad de anticuerpos -ya que su nivel de sangre es de 6 a 7 veces mayor que el de los humanos- se puede producir a mayor escala.<br \/>\nA diferencia de lo que sucede con una vacuna, tanto en el tratamiento con plasma como en el que se realiza a partir del suero equino, los anticuerpos son producidos en otro organismo y transfundidos al paciente que cursa la enfermedad.<\/p>\n<p>Los anticuerpos policlonales equinos se vienen utilizando para la elaboraci\u00f3n de medicamentos, atender emergencias m\u00e9dicas como el envenenamiento por mordedura de serpientes, intoxicaciones por toxina tet\u00e1nica o picadura de alacr\u00e1n, exposici\u00f3n al virus de la rabia y para tratar enfermedades infecciosas como la influenza aviar.<\/p>\n<p>El ensayo cl\u00ednico para evaluar la efectividad de este tratamiento se lleva a cabo en seis hospitales argentinos y participan m\u00e1s de 200 pacientes con covid-19. Se trata de un trabajo de articulaci\u00f3n p\u00fablico-privada encabezado por el laboratorio Inmunova y el Instituto Biol\u00f3gico Argentino (BIOL), la Administraci\u00f3n Nacional de Laboratorios e Institutos de Salud \u00abDr. Carlos G. Malbr\u00e1n\u00bb (Anlis), con la colaboraci\u00f3n de la Fundaci\u00f3n Instituto Leloir (FIL), el laboratorio Mabxience, el Conicet y la Universidad Nacional de San Mart\u00edn (Unsam).<\/p>\n<p><strong>Informe: Lorena Bermejo<\/strong><\/p>\n<p>&nbsp;<\/p>\n","protected":false},"excerpt":{"rendered":"<p>El ministro de Salud Gin\u00e9s Gonz\u00e1lez Garc\u00eda hab\u00eda anticipado que \u201cen la segunda quincena de octubre va a haber medicamentos nacionales aprobados que van a tener un efecto importante. Se trata de la Ivermectina y el suero equino, dos desarrollos financiados por el Ministerio de Ciencia y Tecnolog\u00eda. C\u00f3mo funciona cada uno.<\/p>\n","protected":false},"author":3,"featured_media":0,"comment_status":"closed","ping_status":"open","sticky":false,"template":"","format":"standard","meta":{"footnotes":""},"categories":[30],"tags":[],"class_list":["post-47757","post","type-post","status-publish","format-standard","hentry","category-salud"],"yoast_head":"<!-- This site is optimized with the Yoast SEO plugin v25.9 - https:\/\/yoast.com\/wordpress\/plugins\/seo\/ -->\n<title>Los dos remedios argentinos para tratar el coronavirus que estar\u00e1n disponibles este mes - Noticias Radio Reflejos<\/title>\n<meta name=\"robots\" content=\"index, follow, max-snippet:-1, max-image-preview:large, max-video-preview:-1\" \/>\n<link rel=\"canonical\" href=\"https:\/\/www.noticiasradioreflejos.com.ar\/2021\/los-dos-remedios-argentinos-para-tratar-el-coronavirus-que-estaran-disponibles-este-mes\/\" \/>\n<meta property=\"og:locale\" content=\"es_ES\" \/>\n<meta property=\"og:type\" content=\"article\" \/>\n<meta property=\"og:title\" content=\"Los dos remedios argentinos para tratar el coronavirus que estar\u00e1n disponibles este mes - Noticias Radio Reflejos\" \/>\n<meta property=\"og:description\" content=\"El ministro de Salud Gin\u00e9s Gonz\u00e1lez Garc\u00eda hab\u00eda anticipado que \u201cen la segunda quincena de octubre va a haber medicamentos nacionales aprobados que van a tener un efecto importante. Se trata de la Ivermectina y el suero equino, dos desarrollos financiados por el Ministerio de Ciencia y Tecnolog\u00eda. C\u00f3mo funciona cada uno.\" \/>\n<meta property=\"og:url\" content=\"https:\/\/www.noticiasradioreflejos.com.ar\/2021\/los-dos-remedios-argentinos-para-tratar-el-coronavirus-que-estaran-disponibles-este-mes\/\" \/>\n<meta property=\"og:site_name\" content=\"Noticias Radio Reflejos\" \/>\n<meta property=\"article:published_time\" content=\"2020-10-07T11:07:18+00:00\" \/>\n<meta property=\"og:image\" content=\"https:\/\/www.noticiasradioreflejos.com.ar\/2021\/wp-content\/uploads\/2021\/07\/logosol300x200.png\" \/>\n\t<meta property=\"og:image:width\" content=\"300\" \/>\n\t<meta property=\"og:image:height\" content=\"200\" \/>\n\t<meta property=\"og:image:type\" content=\"image\/png\" \/>\n<meta name=\"author\" content=\"Arnaldo Botto\" \/>\n<meta name=\"twitter:card\" content=\"summary_large_image\" \/>\n<script type=\"application\/ld+json\" class=\"yoast-schema-graph\">{\"@context\":\"https:\/\/schema.org\",\"@graph\":[{\"@type\":\"WebPage\",\"@id\":\"https:\/\/www.noticiasradioreflejos.com.ar\/2021\/los-dos-remedios-argentinos-para-tratar-el-coronavirus-que-estaran-disponibles-este-mes\/\",\"url\":\"https:\/\/www.noticiasradioreflejos.com.ar\/2021\/los-dos-remedios-argentinos-para-tratar-el-coronavirus-que-estaran-disponibles-este-mes\/\",\"name\":\"Los dos remedios argentinos para tratar el coronavirus que estar\u00e1n disponibles este mes - Noticias Radio Reflejos\",\"isPartOf\":{\"@id\":\"https:\/\/www.noticiasradioreflejos.com.ar\/2021\/#website\"},\"datePublished\":\"2020-10-07T11:07:18+00:00\",\"author\":{\"@id\":\"https:\/\/www.noticiasradioreflejos.com.ar\/2021\/#\/schema\/person\/ad82545263dcc5ec0996818884fd5fb1\"},\"breadcrumb\":{\"@id\":\"https:\/\/www.noticiasradioreflejos.com.ar\/2021\/los-dos-remedios-argentinos-para-tratar-el-coronavirus-que-estaran-disponibles-este-mes\/#breadcrumb\"},\"inLanguage\":\"es\",\"potentialAction\":[{\"@type\":\"ReadAction\",\"target\":[\"https:\/\/www.noticiasradioreflejos.com.ar\/2021\/los-dos-remedios-argentinos-para-tratar-el-coronavirus-que-estaran-disponibles-este-mes\/\"]}]},{\"@type\":\"BreadcrumbList\",\"@id\":\"https:\/\/www.noticiasradioreflejos.com.ar\/2021\/los-dos-remedios-argentinos-para-tratar-el-coronavirus-que-estaran-disponibles-este-mes\/#breadcrumb\",\"itemListElement\":[{\"@type\":\"ListItem\",\"position\":1,\"name\":\"Portada\",\"item\":\"https:\/\/www.noticiasradioreflejos.com.ar\/2021\/\"},{\"@type\":\"ListItem\",\"position\":2,\"name\":\"Los dos remedios argentinos para tratar el coronavirus que estar\u00e1n disponibles este mes\"}]},{\"@type\":\"WebSite\",\"@id\":\"https:\/\/www.noticiasradioreflejos.com.ar\/2021\/#website\",\"url\":\"https:\/\/www.noticiasradioreflejos.com.ar\/2021\/\",\"name\":\"Noticias Radio Reflejos\",\"description\":\"Las noticias de mi comarca\",\"potentialAction\":[{\"@type\":\"SearchAction\",\"target\":{\"@type\":\"EntryPoint\",\"urlTemplate\":\"https:\/\/www.noticiasradioreflejos.com.ar\/2021\/?s={search_term_string}\"},\"query-input\":{\"@type\":\"PropertyValueSpecification\",\"valueRequired\":true,\"valueName\":\"search_term_string\"}}],\"inLanguage\":\"es\"},{\"@type\":\"Person\",\"@id\":\"https:\/\/www.noticiasradioreflejos.com.ar\/2021\/#\/schema\/person\/ad82545263dcc5ec0996818884fd5fb1\",\"name\":\"Arnaldo Botto\",\"image\":{\"@type\":\"ImageObject\",\"inLanguage\":\"es\",\"@id\":\"https:\/\/www.noticiasradioreflejos.com.ar\/2021\/#\/schema\/person\/image\/\",\"url\":\"https:\/\/secure.gravatar.com\/avatar\/55cb5e37c1efa326397366e6974cb338056df65cb50e7d64d1cf314e87504837?s=96&d=mm&r=g\",\"contentUrl\":\"https:\/\/secure.gravatar.com\/avatar\/55cb5e37c1efa326397366e6974cb338056df65cb50e7d64d1cf314e87504837?s=96&d=mm&r=g\",\"caption\":\"Arnaldo Botto\"},\"url\":\"https:\/\/www.noticiasradioreflejos.com.ar\/2021\/author\/arnaldo\/\"}]}<\/script>\n<!-- \/ Yoast SEO plugin. -->","yoast_head_json":{"title":"Los dos remedios argentinos para tratar el coronavirus que estar\u00e1n disponibles este mes - Noticias Radio Reflejos","robots":{"index":"index","follow":"follow","max-snippet":"max-snippet:-1","max-image-preview":"max-image-preview:large","max-video-preview":"max-video-preview:-1"},"canonical":"https:\/\/www.noticiasradioreflejos.com.ar\/2021\/los-dos-remedios-argentinos-para-tratar-el-coronavirus-que-estaran-disponibles-este-mes\/","og_locale":"es_ES","og_type":"article","og_title":"Los dos remedios argentinos para tratar el coronavirus que estar\u00e1n disponibles este mes - Noticias Radio Reflejos","og_description":"El ministro de Salud Gin\u00e9s Gonz\u00e1lez Garc\u00eda hab\u00eda anticipado que \u201cen la segunda quincena de octubre va a haber medicamentos nacionales aprobados que van a tener un efecto importante. Se trata de la Ivermectina y el suero equino, dos desarrollos financiados por el Ministerio de Ciencia y Tecnolog\u00eda. C\u00f3mo funciona cada uno.","og_url":"https:\/\/www.noticiasradioreflejos.com.ar\/2021\/los-dos-remedios-argentinos-para-tratar-el-coronavirus-que-estaran-disponibles-este-mes\/","og_site_name":"Noticias Radio Reflejos","article_published_time":"2020-10-07T11:07:18+00:00","og_image":[{"width":300,"height":200,"url":"https:\/\/www.noticiasradioreflejos.com.ar\/2021\/wp-content\/uploads\/2021\/07\/logosol300x200.png","type":"image\/png"}],"author":"Arnaldo Botto","twitter_card":"summary_large_image","schema":{"@context":"https:\/\/schema.org","@graph":[{"@type":"WebPage","@id":"https:\/\/www.noticiasradioreflejos.com.ar\/2021\/los-dos-remedios-argentinos-para-tratar-el-coronavirus-que-estaran-disponibles-este-mes\/","url":"https:\/\/www.noticiasradioreflejos.com.ar\/2021\/los-dos-remedios-argentinos-para-tratar-el-coronavirus-que-estaran-disponibles-este-mes\/","name":"Los dos remedios argentinos para tratar el coronavirus que estar\u00e1n disponibles este mes - Noticias Radio Reflejos","isPartOf":{"@id":"https:\/\/www.noticiasradioreflejos.com.ar\/2021\/#website"},"datePublished":"2020-10-07T11:07:18+00:00","author":{"@id":"https:\/\/www.noticiasradioreflejos.com.ar\/2021\/#\/schema\/person\/ad82545263dcc5ec0996818884fd5fb1"},"breadcrumb":{"@id":"https:\/\/www.noticiasradioreflejos.com.ar\/2021\/los-dos-remedios-argentinos-para-tratar-el-coronavirus-que-estaran-disponibles-este-mes\/#breadcrumb"},"inLanguage":"es","potentialAction":[{"@type":"ReadAction","target":["https:\/\/www.noticiasradioreflejos.com.ar\/2021\/los-dos-remedios-argentinos-para-tratar-el-coronavirus-que-estaran-disponibles-este-mes\/"]}]},{"@type":"BreadcrumbList","@id":"https:\/\/www.noticiasradioreflejos.com.ar\/2021\/los-dos-remedios-argentinos-para-tratar-el-coronavirus-que-estaran-disponibles-este-mes\/#breadcrumb","itemListElement":[{"@type":"ListItem","position":1,"name":"Portada","item":"https:\/\/www.noticiasradioreflejos.com.ar\/2021\/"},{"@type":"ListItem","position":2,"name":"Los dos remedios argentinos para tratar el coronavirus que estar\u00e1n disponibles este mes"}]},{"@type":"WebSite","@id":"https:\/\/www.noticiasradioreflejos.com.ar\/2021\/#website","url":"https:\/\/www.noticiasradioreflejos.com.ar\/2021\/","name":"Noticias Radio Reflejos","description":"Las noticias de mi comarca","potentialAction":[{"@type":"SearchAction","target":{"@type":"EntryPoint","urlTemplate":"https:\/\/www.noticiasradioreflejos.com.ar\/2021\/?s={search_term_string}"},"query-input":{"@type":"PropertyValueSpecification","valueRequired":true,"valueName":"search_term_string"}}],"inLanguage":"es"},{"@type":"Person","@id":"https:\/\/www.noticiasradioreflejos.com.ar\/2021\/#\/schema\/person\/ad82545263dcc5ec0996818884fd5fb1","name":"Arnaldo Botto","image":{"@type":"ImageObject","inLanguage":"es","@id":"https:\/\/www.noticiasradioreflejos.com.ar\/2021\/#\/schema\/person\/image\/","url":"https:\/\/secure.gravatar.com\/avatar\/55cb5e37c1efa326397366e6974cb338056df65cb50e7d64d1cf314e87504837?s=96&d=mm&r=g","contentUrl":"https:\/\/secure.gravatar.com\/avatar\/55cb5e37c1efa326397366e6974cb338056df65cb50e7d64d1cf314e87504837?s=96&d=mm&r=g","caption":"Arnaldo Botto"},"url":"https:\/\/www.noticiasradioreflejos.com.ar\/2021\/author\/arnaldo\/"}]}},"_links":{"self":[{"href":"https:\/\/www.noticiasradioreflejos.com.ar\/2021\/wp-json\/wp\/v2\/posts\/47757","targetHints":{"allow":["GET"]}}],"collection":[{"href":"https:\/\/www.noticiasradioreflejos.com.ar\/2021\/wp-json\/wp\/v2\/posts"}],"about":[{"href":"https:\/\/www.noticiasradioreflejos.com.ar\/2021\/wp-json\/wp\/v2\/types\/post"}],"author":[{"embeddable":true,"href":"https:\/\/www.noticiasradioreflejos.com.ar\/2021\/wp-json\/wp\/v2\/users\/3"}],"replies":[{"embeddable":true,"href":"https:\/\/www.noticiasradioreflejos.com.ar\/2021\/wp-json\/wp\/v2\/comments?post=47757"}],"version-history":[{"count":0,"href":"https:\/\/www.noticiasradioreflejos.com.ar\/2021\/wp-json\/wp\/v2\/posts\/47757\/revisions"}],"wp:attachment":[{"href":"https:\/\/www.noticiasradioreflejos.com.ar\/2021\/wp-json\/wp\/v2\/media?parent=47757"}],"wp:term":[{"taxonomy":"category","embeddable":true,"href":"https:\/\/www.noticiasradioreflejos.com.ar\/2021\/wp-json\/wp\/v2\/categories?post=47757"},{"taxonomy":"post_tag","embeddable":true,"href":"https:\/\/www.noticiasradioreflejos.com.ar\/2021\/wp-json\/wp\/v2\/tags?post=47757"}],"curies":[{"name":"wp","href":"https:\/\/api.w.org\/{rel}","templated":true}]}}