{"id":47749,"date":"2020-10-07T07:52:40","date_gmt":"2020-10-07T10:52:40","guid":{"rendered":"http:\/\/www.noticiasradioreflejos.com.ar\/noticias\/?p=47749"},"modified":"2020-10-07T07:52:40","modified_gmt":"2020-10-07T10:52:40","slug":"vuelta-a-clases-la-provincia-quiere-que-sea-antes-de-fin-de-mes","status":"publish","type":"post","link":"https:\/\/www.noticiasradioreflejos.com.ar\/2021\/vuelta-a-clases-la-provincia-quiere-que-sea-antes-de-fin-de-mes\/","title":{"rendered":"Vuelta a clases: la Provincia quiere que sea antes de fin de mes"},"content":{"rendered":"<p>Se esperaba que la Naci\u00f3n hiciera un anuncio ayer, pero se posterg\u00f3. El motivo del retraso es acordar un nuevo indicador <!--more--><\/p>\n<p>A pesar del encuentro virtual del ministro de Educaci\u00f3n de la Naci\u00f3n, Nicol\u00e1s Trotta, con sus pares de las distintas provincias, se retras\u00f3 el anuncio de c\u00f3mo se volver\u00eda a clases de forma presencial, dependiendo de la situaci\u00f3n sanitaria de cada distrito.<\/p>\n<p>Seg\u00fan publica el diario El D\u00eda de La Plata, en la v\u00edspera de la reuni\u00f3n de ayer, en la Provincia sosten\u00edan que la idea es que \u201cantes de que termine octubre\u201d pueda concretarse el regreso \u201cescalonado, progresivo y paulatino\u201d a las escuelas, que en una primera tanda se plantea para los estudiantes con m\u00e1s dificultades pedag\u00f3gicas; que cursen el \u00faltimo a\u00f1o de primaria o secundaria y que habiten alguno de los distritos que se encuentran en la Fase 4 o 5 del aislamiento.<\/p>\n<p>La aprobaci\u00f3n del nuevo \u00edndice epidemiol\u00f3gico y los grupos de estudiantes a priorizar eran los grandes ejes del encuentro convocado por Trotta.<\/p>\n<p>En primer lugar, el indicador epidemiol\u00f3gico propon\u00eda una nueva escala de riesgos (baja, media o alta), adem\u00e1s de contemplar transmisi\u00f3n comunitaria, garant\u00edas sanitarias de los establecimientos y disponibilidad de camas de hospital ocupadas en cada ciudad.<\/p>\n<p>Hasta ahora, solo pueden volver a clases presenciales las provincias con baja o nula circulaci\u00f3n del virus. Con el nuevo esquema, por ejemplo, la ciudad de Buenos Aires estar\u00eda en condiciones de habilitar el regreso a la escuela de unos 6.500 alumnos que perdieron el v\u00ednculo con sus maestros durante la cuarentena, una medida que hasta hace poco era rechazada por la Naci\u00f3n.<\/p>\n<p>El otro gran tema era la escala de prioridades que guiar\u00e1 la recuperaci\u00f3n de la ense\u00f1anza presencial. Como se dijo, los primeros en volver ser\u00edan aquellos estudiantes que han tenido poco o ning\u00fan contacto con la escuela, sumado a los alumnos que terminan primaria o secundaria, tal como la aprob\u00f3 el Consejo Federal de Educaci\u00f3n. Adem\u00e1s, se propon\u00edan actividades no escolares (art\u00edsticas, deportivas, recreativas) en clubes u otros espacios y un m\u00f3dulo especial entre febrero y abril para quienes finalizan el secundario.<\/p>\n<p>Claro que la vida que se volver\u00e1 a respirar en los establecimientos educativos estar\u00e1 adaptada a la nueva normalidad, respetando los protocolos de rigor, con distanciamiento social y barbijos para espantar a ese nuevo compa\u00f1ero llamado coronavirus. Para mitigar sus efectos, solo se podr\u00e1 ocupar la mitad de las aulas, por lo que se prev\u00e9 que los alumnos alternen la presencialidad con la virtualidad.<\/p>\n<p>Seg\u00fan datos oficiales, durante la cuarentena unos 279.000 alumnos bonaerenses han visto resentida la continuidad pedag\u00f3gica. Ellos integrar\u00e1n uno de los grupos prioritarios, tanto en el esquema presencial como en el programa docente de visitas domiciliarias que lanz\u00f3 d\u00edas atr\u00e1s la Provincia. Como parte de ese operativo de revinculaci\u00f3n, en las \u00faltimas horas la Direcci\u00f3n General de Cultura y Educaci\u00f3n empez\u00f3 a relevar la cantidad de estudiantes sin conexi\u00f3n a internet.<\/p>\n<p>Mientras los colegios de la Regi\u00f3n y el Conurbano no estar\u00edan en condiciones de volver a recibir estudiantes, se espera que puedan empezar a hacerlo en unos 90 distritos del interior bonaerense, los que est\u00e1n en la Fase 4 o 5 del aislamiento. Atendiendo a la realidad sanitaria de cada jurisdicci\u00f3n, ser\u00e1n los gobernadores los encargados de aplicar los nuevos protocolos.<\/p>\n<p><strong>Fuente: La Br\u00fajula 24<\/strong><\/p>\n","protected":false},"excerpt":{"rendered":"<p>Se esperaba que la Naci\u00f3n hiciera un anuncio ayer, pero se posterg\u00f3. El motivo del retraso es acordar un nuevo indicador<\/p>\n","protected":false},"author":3,"featured_media":0,"comment_status":"closed","ping_status":"open","sticky":false,"template":"","format":"standard","meta":{"footnotes":""},"categories":[34],"tags":[],"class_list":["post-47749","post","type-post","status-publish","format-standard","hentry","category-educacion"],"yoast_head":"<!-- This site is optimized with the Yoast SEO plugin v25.9 - https:\/\/yoast.com\/wordpress\/plugins\/seo\/ -->\n<title>Vuelta a clases: la Provincia quiere que sea antes de fin de mes - Noticias Radio Reflejos<\/title>\n<meta name=\"robots\" content=\"index, follow, max-snippet:-1, max-image-preview:large, max-video-preview:-1\" \/>\n<link rel=\"canonical\" href=\"https:\/\/www.noticiasradioreflejos.com.ar\/2021\/vuelta-a-clases-la-provincia-quiere-que-sea-antes-de-fin-de-mes\/\" \/>\n<meta property=\"og:locale\" content=\"es_ES\" \/>\n<meta property=\"og:type\" content=\"article\" \/>\n<meta property=\"og:title\" content=\"Vuelta a clases: la Provincia quiere que sea antes de fin de mes - Noticias Radio Reflejos\" \/>\n<meta property=\"og:description\" content=\"Se esperaba que la Naci\u00f3n hiciera un anuncio ayer, pero se posterg\u00f3. El motivo del retraso es acordar un nuevo indicador\" \/>\n<meta property=\"og:url\" content=\"https:\/\/www.noticiasradioreflejos.com.ar\/2021\/vuelta-a-clases-la-provincia-quiere-que-sea-antes-de-fin-de-mes\/\" \/>\n<meta property=\"og:site_name\" content=\"Noticias Radio Reflejos\" \/>\n<meta property=\"article:published_time\" content=\"2020-10-07T10:52:40+00:00\" \/>\n<meta property=\"og:image\" content=\"https:\/\/www.noticiasradioreflejos.com.ar\/2021\/wp-content\/uploads\/2021\/07\/logosol300x200.png\" \/>\n\t<meta property=\"og:image:width\" content=\"300\" \/>\n\t<meta property=\"og:image:height\" content=\"200\" \/>\n\t<meta property=\"og:image:type\" content=\"image\/png\" \/>\n<meta name=\"author\" content=\"Arnaldo Botto\" \/>\n<meta name=\"twitter:card\" content=\"summary_large_image\" \/>\n<script type=\"application\/ld+json\" class=\"yoast-schema-graph\">{\"@context\":\"https:\/\/schema.org\",\"@graph\":[{\"@type\":\"WebPage\",\"@id\":\"https:\/\/www.noticiasradioreflejos.com.ar\/2021\/vuelta-a-clases-la-provincia-quiere-que-sea-antes-de-fin-de-mes\/\",\"url\":\"https:\/\/www.noticiasradioreflejos.com.ar\/2021\/vuelta-a-clases-la-provincia-quiere-que-sea-antes-de-fin-de-mes\/\",\"name\":\"Vuelta a clases: la Provincia quiere que sea antes de fin de mes - Noticias Radio Reflejos\",\"isPartOf\":{\"@id\":\"https:\/\/www.noticiasradioreflejos.com.ar\/2021\/#website\"},\"datePublished\":\"2020-10-07T10:52:40+00:00\",\"author\":{\"@id\":\"https:\/\/www.noticiasradioreflejos.com.ar\/2021\/#\/schema\/person\/ad82545263dcc5ec0996818884fd5fb1\"},\"breadcrumb\":{\"@id\":\"https:\/\/www.noticiasradioreflejos.com.ar\/2021\/vuelta-a-clases-la-provincia-quiere-que-sea-antes-de-fin-de-mes\/#breadcrumb\"},\"inLanguage\":\"es\",\"potentialAction\":[{\"@type\":\"ReadAction\",\"target\":[\"https:\/\/www.noticiasradioreflejos.com.ar\/2021\/vuelta-a-clases-la-provincia-quiere-que-sea-antes-de-fin-de-mes\/\"]}]},{\"@type\":\"BreadcrumbList\",\"@id\":\"https:\/\/www.noticiasradioreflejos.com.ar\/2021\/vuelta-a-clases-la-provincia-quiere-que-sea-antes-de-fin-de-mes\/#breadcrumb\",\"itemListElement\":[{\"@type\":\"ListItem\",\"position\":1,\"name\":\"Portada\",\"item\":\"https:\/\/www.noticiasradioreflejos.com.ar\/2021\/\"},{\"@type\":\"ListItem\",\"position\":2,\"name\":\"Vuelta a clases: la Provincia quiere que sea antes de fin de mes\"}]},{\"@type\":\"WebSite\",\"@id\":\"https:\/\/www.noticiasradioreflejos.com.ar\/2021\/#website\",\"url\":\"https:\/\/www.noticiasradioreflejos.com.ar\/2021\/\",\"name\":\"Noticias Radio Reflejos\",\"description\":\"Las noticias de mi comarca\",\"potentialAction\":[{\"@type\":\"SearchAction\",\"target\":{\"@type\":\"EntryPoint\",\"urlTemplate\":\"https:\/\/www.noticiasradioreflejos.com.ar\/2021\/?s={search_term_string}\"},\"query-input\":{\"@type\":\"PropertyValueSpecification\",\"valueRequired\":true,\"valueName\":\"search_term_string\"}}],\"inLanguage\":\"es\"},{\"@type\":\"Person\",\"@id\":\"https:\/\/www.noticiasradioreflejos.com.ar\/2021\/#\/schema\/person\/ad82545263dcc5ec0996818884fd5fb1\",\"name\":\"Arnaldo Botto\",\"image\":{\"@type\":\"ImageObject\",\"inLanguage\":\"es\",\"@id\":\"https:\/\/www.noticiasradioreflejos.com.ar\/2021\/#\/schema\/person\/image\/\",\"url\":\"https:\/\/secure.gravatar.com\/avatar\/55cb5e37c1efa326397366e6974cb338056df65cb50e7d64d1cf314e87504837?s=96&d=mm&r=g\",\"contentUrl\":\"https:\/\/secure.gravatar.com\/avatar\/55cb5e37c1efa326397366e6974cb338056df65cb50e7d64d1cf314e87504837?s=96&d=mm&r=g\",\"caption\":\"Arnaldo Botto\"},\"url\":\"https:\/\/www.noticiasradioreflejos.com.ar\/2021\/author\/arnaldo\/\"}]}<\/script>\n<!-- \/ Yoast SEO plugin. -->","yoast_head_json":{"title":"Vuelta a clases: la Provincia quiere que sea antes de fin de mes - Noticias Radio Reflejos","robots":{"index":"index","follow":"follow","max-snippet":"max-snippet:-1","max-image-preview":"max-image-preview:large","max-video-preview":"max-video-preview:-1"},"canonical":"https:\/\/www.noticiasradioreflejos.com.ar\/2021\/vuelta-a-clases-la-provincia-quiere-que-sea-antes-de-fin-de-mes\/","og_locale":"es_ES","og_type":"article","og_title":"Vuelta a clases: la Provincia quiere que sea antes de fin de mes - Noticias Radio Reflejos","og_description":"Se esperaba que la Naci\u00f3n hiciera un anuncio ayer, pero se posterg\u00f3. El motivo del retraso es acordar un nuevo indicador","og_url":"https:\/\/www.noticiasradioreflejos.com.ar\/2021\/vuelta-a-clases-la-provincia-quiere-que-sea-antes-de-fin-de-mes\/","og_site_name":"Noticias Radio Reflejos","article_published_time":"2020-10-07T10:52:40+00:00","og_image":[{"width":300,"height":200,"url":"https:\/\/www.noticiasradioreflejos.com.ar\/2021\/wp-content\/uploads\/2021\/07\/logosol300x200.png","type":"image\/png"}],"author":"Arnaldo Botto","twitter_card":"summary_large_image","schema":{"@context":"https:\/\/schema.org","@graph":[{"@type":"WebPage","@id":"https:\/\/www.noticiasradioreflejos.com.ar\/2021\/vuelta-a-clases-la-provincia-quiere-que-sea-antes-de-fin-de-mes\/","url":"https:\/\/www.noticiasradioreflejos.com.ar\/2021\/vuelta-a-clases-la-provincia-quiere-que-sea-antes-de-fin-de-mes\/","name":"Vuelta a clases: la Provincia quiere que sea antes de fin de mes - Noticias Radio Reflejos","isPartOf":{"@id":"https:\/\/www.noticiasradioreflejos.com.ar\/2021\/#website"},"datePublished":"2020-10-07T10:52:40+00:00","author":{"@id":"https:\/\/www.noticiasradioreflejos.com.ar\/2021\/#\/schema\/person\/ad82545263dcc5ec0996818884fd5fb1"},"breadcrumb":{"@id":"https:\/\/www.noticiasradioreflejos.com.ar\/2021\/vuelta-a-clases-la-provincia-quiere-que-sea-antes-de-fin-de-mes\/#breadcrumb"},"inLanguage":"es","potentialAction":[{"@type":"ReadAction","target":["https:\/\/www.noticiasradioreflejos.com.ar\/2021\/vuelta-a-clases-la-provincia-quiere-que-sea-antes-de-fin-de-mes\/"]}]},{"@type":"BreadcrumbList","@id":"https:\/\/www.noticiasradioreflejos.com.ar\/2021\/vuelta-a-clases-la-provincia-quiere-que-sea-antes-de-fin-de-mes\/#breadcrumb","itemListElement":[{"@type":"ListItem","position":1,"name":"Portada","item":"https:\/\/www.noticiasradioreflejos.com.ar\/2021\/"},{"@type":"ListItem","position":2,"name":"Vuelta a clases: la Provincia quiere que sea antes de fin de mes"}]},{"@type":"WebSite","@id":"https:\/\/www.noticiasradioreflejos.com.ar\/2021\/#website","url":"https:\/\/www.noticiasradioreflejos.com.ar\/2021\/","name":"Noticias Radio Reflejos","description":"Las noticias de mi comarca","potentialAction":[{"@type":"SearchAction","target":{"@type":"EntryPoint","urlTemplate":"https:\/\/www.noticiasradioreflejos.com.ar\/2021\/?s={search_term_string}"},"query-input":{"@type":"PropertyValueSpecification","valueRequired":true,"valueName":"search_term_string"}}],"inLanguage":"es"},{"@type":"Person","@id":"https:\/\/www.noticiasradioreflejos.com.ar\/2021\/#\/schema\/person\/ad82545263dcc5ec0996818884fd5fb1","name":"Arnaldo Botto","image":{"@type":"ImageObject","inLanguage":"es","@id":"https:\/\/www.noticiasradioreflejos.com.ar\/2021\/#\/schema\/person\/image\/","url":"https:\/\/secure.gravatar.com\/avatar\/55cb5e37c1efa326397366e6974cb338056df65cb50e7d64d1cf314e87504837?s=96&d=mm&r=g","contentUrl":"https:\/\/secure.gravatar.com\/avatar\/55cb5e37c1efa326397366e6974cb338056df65cb50e7d64d1cf314e87504837?s=96&d=mm&r=g","caption":"Arnaldo Botto"},"url":"https:\/\/www.noticiasradioreflejos.com.ar\/2021\/author\/arnaldo\/"}]}},"_links":{"self":[{"href":"https:\/\/www.noticiasradioreflejos.com.ar\/2021\/wp-json\/wp\/v2\/posts\/47749","targetHints":{"allow":["GET"]}}],"collection":[{"href":"https:\/\/www.noticiasradioreflejos.com.ar\/2021\/wp-json\/wp\/v2\/posts"}],"about":[{"href":"https:\/\/www.noticiasradioreflejos.com.ar\/2021\/wp-json\/wp\/v2\/types\/post"}],"author":[{"embeddable":true,"href":"https:\/\/www.noticiasradioreflejos.com.ar\/2021\/wp-json\/wp\/v2\/users\/3"}],"replies":[{"embeddable":true,"href":"https:\/\/www.noticiasradioreflejos.com.ar\/2021\/wp-json\/wp\/v2\/comments?post=47749"}],"version-history":[{"count":0,"href":"https:\/\/www.noticiasradioreflejos.com.ar\/2021\/wp-json\/wp\/v2\/posts\/47749\/revisions"}],"wp:attachment":[{"href":"https:\/\/www.noticiasradioreflejos.com.ar\/2021\/wp-json\/wp\/v2\/media?parent=47749"}],"wp:term":[{"taxonomy":"category","embeddable":true,"href":"https:\/\/www.noticiasradioreflejos.com.ar\/2021\/wp-json\/wp\/v2\/categories?post=47749"},{"taxonomy":"post_tag","embeddable":true,"href":"https:\/\/www.noticiasradioreflejos.com.ar\/2021\/wp-json\/wp\/v2\/tags?post=47749"}],"curies":[{"name":"wp","href":"https:\/\/api.w.org\/{rel}","templated":true}]}}