{"id":47651,"date":"2020-10-05T12:05:43","date_gmt":"2020-10-05T15:05:43","guid":{"rendered":"http:\/\/www.noticiasradioreflejos.com.ar\/noticias\/?p=47651"},"modified":"2020-10-05T12:05:43","modified_gmt":"2020-10-05T15:05:43","slug":"los-bomberos-que-fueron-de-apoyo-a-cordoba-estan-bien-y-el-fuego-bajo-control-informe-de-gustavo-de-vizia-con-video","status":"publish","type":"post","link":"https:\/\/www.noticiasradioreflejos.com.ar\/2021\/los-bomberos-que-fueron-de-apoyo-a-cordoba-estan-bien-y-el-fuego-bajo-control-informe-de-gustavo-de-vizia-con-video\/","title":{"rendered":"Los bomberos que fueron de apoyo a C\u00f3rdoba est\u00e1n bien y el fuego bajo control &#8211; Informe de Gustavo De Vizia (con video)"},"content":{"rendered":"<p><a title=\"WhatsApp Image 2020-10-05 at 08.17.26\" href=\"http:\/\/live.staticflickr.com\/65535\/50423607077_a3a0714063_s.jpg\" rel=\"\"><img loading=\"lazy\" decoding=\"async\" class=\"alignleft\" style=\"float: left;\" title=\"WhatsApp Image 2020-10-05 at 08.17.26\" src=\"http:\/\/live.staticflickr.com\/65535\/50423607077_a3a0714063_z.jpg\" alt=\"WhatsApp Image 2020-10-05 at 08.17.26\" width=\"640\" height=\"480\" \/><\/a>El Jefe del cuerpo activo de Sierra de la Ventana, informa como se encuentran los brigadistas que participan en la extinci\u00f3n de los grandes incendios que azotan la provincia de C\u00f3rdoba.<br \/>\nEl comandante Gustavo De Vizia destaca el trabajo de los Cuarteles de Punta Alta, M\u00e9danos, Monte Hermoso y Sierra de la Ventana pertenecientes al Plan Nacional de Manejo del Fuego que viajaron la semana pasada convocados por el Ministerio de Medio Ambiente de la Naci\u00f3n.<!--more--><\/p>\n<p>Gustavo aclara que fueron destinados a Villa\u00a0de Soto, donde fue el foco m\u00e1s grande de incendio en C\u00f3rdoba. \u00abSe logr\u00f3 contener el incendio, as\u00ed que ahora es el trabajo de los guardacenizas de controlar que no haya reinicios\u00bb mencion\u00f3.<\/p>\n<p>\u00abAgradecemos a la gente el apoyo, estamos todos bien, las dos delegaciones. Con un poco de cansancio, pero bien. La atenci\u00f3n de la gente ac\u00e1 es muy buena\u00bb expres\u00f3. Adem\u00e1s,\u00a0 coment\u00f3 que \u00abel panorama es muy triste, se han quemado m\u00e1s de 60000 hect\u00e1reas, es una desolaci\u00f3n\u00bb.<\/p>\n<p>Audio a continuaci\u00f3n:<br \/>\n<iframe loading=\"lazy\" src=\"https:\/\/w.soundcloud.com\/player\/?url=https%3A\/\/api.soundcloud.com\/tracks\/905016211&amp;color=%23ff5500&amp;auto_play=false&amp;hide_related=false&amp;show_comments=true&amp;show_user=true&amp;show_reposts=false&amp;show_teaser=true\" width=\"100%\" height=\"166\" frameborder=\"no\" scrolling=\"no\"><\/iframe><\/p>\n<div style=\"font-size: 10px; color: #cccccc; line-break: anywhere; word-break: normal; overflow: hidden; white-space: nowrap; text-overflow: ellipsis; font-family: Interstate,Lucida Grande,Lucida Sans Unicode,Lucida Sans,Garuda,Verdana,Tahoma,sans-serif; font-weight: 100;\"><a style=\"color: #cccccc; text-decoration: none;\" title=\"fmreflejos 103.7\" href=\"https:\/\/soundcloud.com\/fmreflejos-103-7\" target=\"_blank\" rel=\"noopener\">fmreflejos 103.7<\/a> \u00b7 <a style=\"color: #cccccc; text-decoration: none;\" title=\"Gustavo De Vizia - Incendios en C\u00f3rdoba\" href=\"https:\/\/soundcloud.com\/fmreflejos-103-7\/gustavo-de-vizia-incendios-en-cordoba\" target=\"_blank\" rel=\"noopener\">Gustavo De Vizia &#8211; Incendios en C\u00f3rdoba<\/a><\/div>\n<p>&nbsp;<\/p>\n<p><a style=\"color: #cccccc; text-decoration: none;\" title=\"fmreflejos 103.7\" href=\"https:\/\/soundcloud.com\/fmreflejos-103-7\" target=\"_blank\" rel=\"noopener\">fmreflejos 103.7<\/a> \u00b7 <a style=\"color: #cccccc; text-decoration: none;\" title=\"Gustavo De Vizia - Incendios en C\u00f3rdoba\" href=\"https:\/\/soundcloud.com\/fmreflejos-103-7\/gustavo-de-vizia-incendios-en-cordoba\" target=\"_blank\" rel=\"noopener\">Gustavo De Vizia &#8211; Incendios en C\u00f3rdoba<\/a><\/p>\n<p><iframe loading=\"lazy\" src=\"https:\/\/www.youtube.com\/embed\/NgBcD7Esugo\" width=\"560\" height=\"315\" frameborder=\"0\" allowfullscreen=\"allowfullscreen\"><\/iframe><\/p>\n<p>&nbsp;<\/p>\n<p><a title=\"WhatsApp Image 2020-10-05 at 08.17.03\" href=\"http:\/\/live.staticflickr.com\/65535\/50422747038_f1625845fa_s.jpg\" rel=\"\"><img loading=\"lazy\" decoding=\"async\" class=\"aligncenter\" title=\"WhatsApp Image 2020-10-05 at 08.17.03\" src=\"http:\/\/live.staticflickr.com\/65535\/50422747038_f1625845fa_c.jpg\" alt=\"WhatsApp Image 2020-10-05 at 08.17.03\" width=\"800\" height=\"600\" \/><\/a><\/p>\n<p>&nbsp;<\/p>\n","protected":false},"excerpt":{"rendered":"<p>El Jefe del cuerpo activo de Sierra de la Ventana, informa como se encuentran los brigadistas que participan en la extinci\u00f3n de los grandes incendios que azotan la provincia de C\u00f3rdoba. El comandante Gustavo De Vizia destaca el trabajo de los Cuarteles de Punta Alta, M\u00e9danos, Monte Hermoso y Sierra de la Ventana pertenecientes al [&hellip;]<\/p>\n","protected":false},"author":3,"featured_media":0,"comment_status":"closed","ping_status":"open","sticky":false,"template":"","format":"standard","meta":{"footnotes":""},"categories":[26],"tags":[],"class_list":["post-47651","post","type-post","status-publish","format-standard","hentry","category-sociedad"],"yoast_head":"<!-- This site is optimized with the Yoast SEO plugin v25.9 - https:\/\/yoast.com\/wordpress\/plugins\/seo\/ -->\n<title>Los bomberos que fueron de apoyo a C\u00f3rdoba est\u00e1n bien y el fuego bajo control - Informe de Gustavo De Vizia (con video) - Noticias Radio Reflejos<\/title>\n<meta name=\"robots\" content=\"index, follow, max-snippet:-1, max-image-preview:large, max-video-preview:-1\" \/>\n<link rel=\"canonical\" href=\"https:\/\/www.noticiasradioreflejos.com.ar\/2021\/los-bomberos-que-fueron-de-apoyo-a-cordoba-estan-bien-y-el-fuego-bajo-control-informe-de-gustavo-de-vizia-con-video\/\" \/>\n<meta property=\"og:locale\" content=\"es_ES\" \/>\n<meta property=\"og:type\" content=\"article\" \/>\n<meta property=\"og:title\" content=\"Los bomberos que fueron de apoyo a C\u00f3rdoba est\u00e1n bien y el fuego bajo control - Informe de Gustavo De Vizia (con video) - Noticias Radio Reflejos\" \/>\n<meta property=\"og:description\" content=\"El Jefe del cuerpo activo de Sierra de la Ventana, informa como se encuentran los brigadistas que participan en la extinci\u00f3n de los grandes incendios que azotan la provincia de C\u00f3rdoba. El comandante Gustavo De Vizia destaca el trabajo de los Cuarteles de Punta Alta, M\u00e9danos, Monte Hermoso y Sierra de la Ventana pertenecientes al [&hellip;]\" \/>\n<meta property=\"og:url\" content=\"https:\/\/www.noticiasradioreflejos.com.ar\/2021\/los-bomberos-que-fueron-de-apoyo-a-cordoba-estan-bien-y-el-fuego-bajo-control-informe-de-gustavo-de-vizia-con-video\/\" \/>\n<meta property=\"og:site_name\" content=\"Noticias Radio Reflejos\" \/>\n<meta property=\"article:published_time\" content=\"2020-10-05T15:05:43+00:00\" \/>\n<meta property=\"og:image\" content=\"http:\/\/live.staticflickr.com\/65535\/50423607077_a3a0714063_z.jpg\" \/>\n<meta name=\"author\" content=\"Arnaldo Botto\" \/>\n<meta name=\"twitter:card\" content=\"summary_large_image\" \/>\n<script type=\"application\/ld+json\" class=\"yoast-schema-graph\">{\"@context\":\"https:\/\/schema.org\",\"@graph\":[{\"@type\":\"WebPage\",\"@id\":\"https:\/\/www.noticiasradioreflejos.com.ar\/2021\/los-bomberos-que-fueron-de-apoyo-a-cordoba-estan-bien-y-el-fuego-bajo-control-informe-de-gustavo-de-vizia-con-video\/\",\"url\":\"https:\/\/www.noticiasradioreflejos.com.ar\/2021\/los-bomberos-que-fueron-de-apoyo-a-cordoba-estan-bien-y-el-fuego-bajo-control-informe-de-gustavo-de-vizia-con-video\/\",\"name\":\"Los bomberos que fueron de apoyo a C\u00f3rdoba est\u00e1n bien y el fuego bajo control - Informe de Gustavo De Vizia (con video) - Noticias Radio Reflejos\",\"isPartOf\":{\"@id\":\"https:\/\/www.noticiasradioreflejos.com.ar\/2021\/#website\"},\"primaryImageOfPage\":{\"@id\":\"https:\/\/www.noticiasradioreflejos.com.ar\/2021\/los-bomberos-que-fueron-de-apoyo-a-cordoba-estan-bien-y-el-fuego-bajo-control-informe-de-gustavo-de-vizia-con-video\/#primaryimage\"},\"image\":{\"@id\":\"https:\/\/www.noticiasradioreflejos.com.ar\/2021\/los-bomberos-que-fueron-de-apoyo-a-cordoba-estan-bien-y-el-fuego-bajo-control-informe-de-gustavo-de-vizia-con-video\/#primaryimage\"},\"thumbnailUrl\":\"http:\/\/live.staticflickr.com\/65535\/50423607077_a3a0714063_z.jpg\",\"datePublished\":\"2020-10-05T15:05:43+00:00\",\"author\":{\"@id\":\"https:\/\/www.noticiasradioreflejos.com.ar\/2021\/#\/schema\/person\/ad82545263dcc5ec0996818884fd5fb1\"},\"breadcrumb\":{\"@id\":\"https:\/\/www.noticiasradioreflejos.com.ar\/2021\/los-bomberos-que-fueron-de-apoyo-a-cordoba-estan-bien-y-el-fuego-bajo-control-informe-de-gustavo-de-vizia-con-video\/#breadcrumb\"},\"inLanguage\":\"es\",\"potentialAction\":[{\"@type\":\"ReadAction\",\"target\":[\"https:\/\/www.noticiasradioreflejos.com.ar\/2021\/los-bomberos-que-fueron-de-apoyo-a-cordoba-estan-bien-y-el-fuego-bajo-control-informe-de-gustavo-de-vizia-con-video\/\"]}]},{\"@type\":\"ImageObject\",\"inLanguage\":\"es\",\"@id\":\"https:\/\/www.noticiasradioreflejos.com.ar\/2021\/los-bomberos-que-fueron-de-apoyo-a-cordoba-estan-bien-y-el-fuego-bajo-control-informe-de-gustavo-de-vizia-con-video\/#primaryimage\",\"url\":\"http:\/\/live.staticflickr.com\/65535\/50423607077_a3a0714063_z.jpg\",\"contentUrl\":\"http:\/\/live.staticflickr.com\/65535\/50423607077_a3a0714063_z.jpg\"},{\"@type\":\"BreadcrumbList\",\"@id\":\"https:\/\/www.noticiasradioreflejos.com.ar\/2021\/los-bomberos-que-fueron-de-apoyo-a-cordoba-estan-bien-y-el-fuego-bajo-control-informe-de-gustavo-de-vizia-con-video\/#breadcrumb\",\"itemListElement\":[{\"@type\":\"ListItem\",\"position\":1,\"name\":\"Portada\",\"item\":\"https:\/\/www.noticiasradioreflejos.com.ar\/2021\/\"},{\"@type\":\"ListItem\",\"position\":2,\"name\":\"Los bomberos que fueron de apoyo a C\u00f3rdoba est\u00e1n bien y el fuego bajo control &#8211; Informe de Gustavo De Vizia (con video)\"}]},{\"@type\":\"WebSite\",\"@id\":\"https:\/\/www.noticiasradioreflejos.com.ar\/2021\/#website\",\"url\":\"https:\/\/www.noticiasradioreflejos.com.ar\/2021\/\",\"name\":\"Noticias Radio Reflejos\",\"description\":\"Las noticias de mi comarca\",\"potentialAction\":[{\"@type\":\"SearchAction\",\"target\":{\"@type\":\"EntryPoint\",\"urlTemplate\":\"https:\/\/www.noticiasradioreflejos.com.ar\/2021\/?s={search_term_string}\"},\"query-input\":{\"@type\":\"PropertyValueSpecification\",\"valueRequired\":true,\"valueName\":\"search_term_string\"}}],\"inLanguage\":\"es\"},{\"@type\":\"Person\",\"@id\":\"https:\/\/www.noticiasradioreflejos.com.ar\/2021\/#\/schema\/person\/ad82545263dcc5ec0996818884fd5fb1\",\"name\":\"Arnaldo Botto\",\"image\":{\"@type\":\"ImageObject\",\"inLanguage\":\"es\",\"@id\":\"https:\/\/www.noticiasradioreflejos.com.ar\/2021\/#\/schema\/person\/image\/\",\"url\":\"https:\/\/secure.gravatar.com\/avatar\/55cb5e37c1efa326397366e6974cb338056df65cb50e7d64d1cf314e87504837?s=96&d=mm&r=g\",\"contentUrl\":\"https:\/\/secure.gravatar.com\/avatar\/55cb5e37c1efa326397366e6974cb338056df65cb50e7d64d1cf314e87504837?s=96&d=mm&r=g\",\"caption\":\"Arnaldo Botto\"},\"url\":\"https:\/\/www.noticiasradioreflejos.com.ar\/2021\/author\/arnaldo\/\"}]}<\/script>\n<!-- \/ Yoast SEO plugin. -->","yoast_head_json":{"title":"Los bomberos que fueron de apoyo a C\u00f3rdoba est\u00e1n bien y el fuego bajo control - Informe de Gustavo De Vizia (con video) - Noticias Radio Reflejos","robots":{"index":"index","follow":"follow","max-snippet":"max-snippet:-1","max-image-preview":"max-image-preview:large","max-video-preview":"max-video-preview:-1"},"canonical":"https:\/\/www.noticiasradioreflejos.com.ar\/2021\/los-bomberos-que-fueron-de-apoyo-a-cordoba-estan-bien-y-el-fuego-bajo-control-informe-de-gustavo-de-vizia-con-video\/","og_locale":"es_ES","og_type":"article","og_title":"Los bomberos que fueron de apoyo a C\u00f3rdoba est\u00e1n bien y el fuego bajo control - Informe de Gustavo De Vizia (con video) - Noticias Radio Reflejos","og_description":"El Jefe del cuerpo activo de Sierra de la Ventana, informa como se encuentran los brigadistas que participan en la extinci\u00f3n de los grandes incendios que azotan la provincia de C\u00f3rdoba. El comandante Gustavo De Vizia destaca el trabajo de los Cuarteles de Punta Alta, M\u00e9danos, Monte Hermoso y Sierra de la Ventana pertenecientes al [&hellip;]","og_url":"https:\/\/www.noticiasradioreflejos.com.ar\/2021\/los-bomberos-que-fueron-de-apoyo-a-cordoba-estan-bien-y-el-fuego-bajo-control-informe-de-gustavo-de-vizia-con-video\/","og_site_name":"Noticias Radio Reflejos","article_published_time":"2020-10-05T15:05:43+00:00","og_image":[{"url":"http:\/\/live.staticflickr.com\/65535\/50423607077_a3a0714063_z.jpg","type":"","width":"","height":""}],"author":"Arnaldo Botto","twitter_card":"summary_large_image","schema":{"@context":"https:\/\/schema.org","@graph":[{"@type":"WebPage","@id":"https:\/\/www.noticiasradioreflejos.com.ar\/2021\/los-bomberos-que-fueron-de-apoyo-a-cordoba-estan-bien-y-el-fuego-bajo-control-informe-de-gustavo-de-vizia-con-video\/","url":"https:\/\/www.noticiasradioreflejos.com.ar\/2021\/los-bomberos-que-fueron-de-apoyo-a-cordoba-estan-bien-y-el-fuego-bajo-control-informe-de-gustavo-de-vizia-con-video\/","name":"Los bomberos que fueron de apoyo a C\u00f3rdoba est\u00e1n bien y el fuego bajo control - Informe de Gustavo De Vizia (con video) - Noticias Radio Reflejos","isPartOf":{"@id":"https:\/\/www.noticiasradioreflejos.com.ar\/2021\/#website"},"primaryImageOfPage":{"@id":"https:\/\/www.noticiasradioreflejos.com.ar\/2021\/los-bomberos-que-fueron-de-apoyo-a-cordoba-estan-bien-y-el-fuego-bajo-control-informe-de-gustavo-de-vizia-con-video\/#primaryimage"},"image":{"@id":"https:\/\/www.noticiasradioreflejos.com.ar\/2021\/los-bomberos-que-fueron-de-apoyo-a-cordoba-estan-bien-y-el-fuego-bajo-control-informe-de-gustavo-de-vizia-con-video\/#primaryimage"},"thumbnailUrl":"http:\/\/live.staticflickr.com\/65535\/50423607077_a3a0714063_z.jpg","datePublished":"2020-10-05T15:05:43+00:00","author":{"@id":"https:\/\/www.noticiasradioreflejos.com.ar\/2021\/#\/schema\/person\/ad82545263dcc5ec0996818884fd5fb1"},"breadcrumb":{"@id":"https:\/\/www.noticiasradioreflejos.com.ar\/2021\/los-bomberos-que-fueron-de-apoyo-a-cordoba-estan-bien-y-el-fuego-bajo-control-informe-de-gustavo-de-vizia-con-video\/#breadcrumb"},"inLanguage":"es","potentialAction":[{"@type":"ReadAction","target":["https:\/\/www.noticiasradioreflejos.com.ar\/2021\/los-bomberos-que-fueron-de-apoyo-a-cordoba-estan-bien-y-el-fuego-bajo-control-informe-de-gustavo-de-vizia-con-video\/"]}]},{"@type":"ImageObject","inLanguage":"es","@id":"https:\/\/www.noticiasradioreflejos.com.ar\/2021\/los-bomberos-que-fueron-de-apoyo-a-cordoba-estan-bien-y-el-fuego-bajo-control-informe-de-gustavo-de-vizia-con-video\/#primaryimage","url":"http:\/\/live.staticflickr.com\/65535\/50423607077_a3a0714063_z.jpg","contentUrl":"http:\/\/live.staticflickr.com\/65535\/50423607077_a3a0714063_z.jpg"},{"@type":"BreadcrumbList","@id":"https:\/\/www.noticiasradioreflejos.com.ar\/2021\/los-bomberos-que-fueron-de-apoyo-a-cordoba-estan-bien-y-el-fuego-bajo-control-informe-de-gustavo-de-vizia-con-video\/#breadcrumb","itemListElement":[{"@type":"ListItem","position":1,"name":"Portada","item":"https:\/\/www.noticiasradioreflejos.com.ar\/2021\/"},{"@type":"ListItem","position":2,"name":"Los bomberos que fueron de apoyo a C\u00f3rdoba est\u00e1n bien y el fuego bajo control &#8211; Informe de Gustavo De Vizia (con video)"}]},{"@type":"WebSite","@id":"https:\/\/www.noticiasradioreflejos.com.ar\/2021\/#website","url":"https:\/\/www.noticiasradioreflejos.com.ar\/2021\/","name":"Noticias Radio Reflejos","description":"Las noticias de mi comarca","potentialAction":[{"@type":"SearchAction","target":{"@type":"EntryPoint","urlTemplate":"https:\/\/www.noticiasradioreflejos.com.ar\/2021\/?s={search_term_string}"},"query-input":{"@type":"PropertyValueSpecification","valueRequired":true,"valueName":"search_term_string"}}],"inLanguage":"es"},{"@type":"Person","@id":"https:\/\/www.noticiasradioreflejos.com.ar\/2021\/#\/schema\/person\/ad82545263dcc5ec0996818884fd5fb1","name":"Arnaldo Botto","image":{"@type":"ImageObject","inLanguage":"es","@id":"https:\/\/www.noticiasradioreflejos.com.ar\/2021\/#\/schema\/person\/image\/","url":"https:\/\/secure.gravatar.com\/avatar\/55cb5e37c1efa326397366e6974cb338056df65cb50e7d64d1cf314e87504837?s=96&d=mm&r=g","contentUrl":"https:\/\/secure.gravatar.com\/avatar\/55cb5e37c1efa326397366e6974cb338056df65cb50e7d64d1cf314e87504837?s=96&d=mm&r=g","caption":"Arnaldo Botto"},"url":"https:\/\/www.noticiasradioreflejos.com.ar\/2021\/author\/arnaldo\/"}]}},"_links":{"self":[{"href":"https:\/\/www.noticiasradioreflejos.com.ar\/2021\/wp-json\/wp\/v2\/posts\/47651","targetHints":{"allow":["GET"]}}],"collection":[{"href":"https:\/\/www.noticiasradioreflejos.com.ar\/2021\/wp-json\/wp\/v2\/posts"}],"about":[{"href":"https:\/\/www.noticiasradioreflejos.com.ar\/2021\/wp-json\/wp\/v2\/types\/post"}],"author":[{"embeddable":true,"href":"https:\/\/www.noticiasradioreflejos.com.ar\/2021\/wp-json\/wp\/v2\/users\/3"}],"replies":[{"embeddable":true,"href":"https:\/\/www.noticiasradioreflejos.com.ar\/2021\/wp-json\/wp\/v2\/comments?post=47651"}],"version-history":[{"count":0,"href":"https:\/\/www.noticiasradioreflejos.com.ar\/2021\/wp-json\/wp\/v2\/posts\/47651\/revisions"}],"wp:attachment":[{"href":"https:\/\/www.noticiasradioreflejos.com.ar\/2021\/wp-json\/wp\/v2\/media?parent=47651"}],"wp:term":[{"taxonomy":"category","embeddable":true,"href":"https:\/\/www.noticiasradioreflejos.com.ar\/2021\/wp-json\/wp\/v2\/categories?post=47651"},{"taxonomy":"post_tag","embeddable":true,"href":"https:\/\/www.noticiasradioreflejos.com.ar\/2021\/wp-json\/wp\/v2\/tags?post=47651"}],"curies":[{"name":"wp","href":"https:\/\/api.w.org\/{rel}","templated":true}]}}