{"id":47623,"date":"2020-10-04T10:37:54","date_gmt":"2020-10-04T13:37:54","guid":{"rendered":"http:\/\/www.noticiasradioreflejos.com.ar\/noticias\/?p=47623"},"modified":"2020-10-04T10:37:54","modified_gmt":"2020-10-04T13:37:54","slug":"proyecto-de-ordenanza-dia-nacional-de-la-danza","status":"publish","type":"post","link":"https:\/\/www.noticiasradioreflejos.com.ar\/2021\/proyecto-de-ordenanza-dia-nacional-de-la-danza\/","title":{"rendered":"Proyecto de Ordenanza D\u00cdA NACIONAL DE LA DANZA"},"content":{"rendered":"<p>\u201cEN APOYO A LA DECLARACI\u00d3N DE INTER\u00c9S LEGISLATIVO \/ MUNICIPAL \/ CULTURAL \/P\u00daBLICO DEL D\u00cdA NACIONAL DE LA DANZA\u00a8<!--more--><br \/>\nLas hist\u00f3ricas carencias en las pol\u00edticas p\u00fablicas culturales, que faciliten el acceso universal al conocimiento\u00a0y pr\u00e1ctica del arte en todas sus formas, conllevan a una constante precarizaci\u00f3n<br \/>\nde los trabajadores de nuestra cultura y es consecuencia directa de un abandono que resulta funcional\u00a0a la disgregaci\u00f3n social y p\u00e9rdida de los valores propios de nuestra comunidad, afect\u00e1ndose\u00a0as\u00ed aspectos centrales del desarrollo humano y social que justamente son los que promueven la construcci\u00f3n de ciudadan\u00eda y democracia para TODOS los argentinos.<br \/>\nEntendiendo que el arte popular es una herramienta fundamental para la expresi\u00f3n din\u00e1mica\u00a0de nuestra identidad cultural, observamos que las producciones art\u00edsticas constructoras\u00a0de cultura, y en particular la danza, sobreviven a la intermitencia de las pol\u00edticas<br \/>\np\u00fablicas en espacios sostenidos con mucho esfuerzo por bailarines, profesores, instituciones,<br \/>\npe\u00f1as, organizadores de milongas, centros culturales barriales, salones o clubes con<br \/>\ncompromiso social cuya continuidad est\u00e1 siempre en riesgo, mientras que el apoyo estatal a la docencia\u00a0y talleres es eventual con asistencias t\u00e9cnicas paup\u00e9rrimas cuyas asignaciones hablan por\u00a0s\u00ed solas de esta subvaloraci\u00f3n de los trabajadores del arte.<br \/>\nEn particular en la danza se observa uno de los mayores grados de dificultad por la falta de registro, promoci\u00f3n y accesibilidad en todos los niveles educativos y recreativos de nuestra sociedad. El fen\u00f3meno capitalista medi\u00e1tico utiliza esos valores culturales propios para entretenimiento\u00a0o solo \u201cFOR EXPORT\u201d, sosteniendo circuitos de espect\u00e1culos para vender una imagen\u00a0aut\u00f3ctona que resulta ser ajena al propio inter\u00e9s de muchos compatriotas por la falta de\u00a0fomento e incentivo. De esta forma, y cuando la danza se reduce solamente a competencia\u00a0o exhibici\u00f3n, se completa la enajenaci\u00f3n cultural transformando a la mayor\u00eda de\u00a0los argentinos en ignorantes de su propio acervo cultural. Hoy, y desde hace al menos tres d\u00e9cadas, una persona nacida en otros confines tiene m\u00e1s facilidades, acceso e inter\u00e9s por el<br \/>\nconocimiento en profundidad del arte de nuestras danzas populares y su historia, sean estas danzas\u00a0nativas rurales o ciudadanas (folclore o tango), que alguien nacido en el pa\u00eds. A estos valores\u00a0culturales propios no difundidos se agrega la invisibilizaci\u00f3n de otras danzas (cl\u00e1sica, contempor\u00e1nea, latinas, afrocubanas, etc.) cuya pr\u00e1ctica social y comunitaria permitir\u00eda construir\u00a0puentes favoreciendo el lenguaje corporal, expresivo, relacional y tambi\u00e9n la salud y el\u00a0bienestar desde la ni\u00f1ez hasta la adultez.<br \/>\nLos trabajadores de la danza, en general, no son reconocidos como actores fundamentales en\u00a0la mejora de la calidad de vida al favorecer la integraci\u00f3n inclusiva de nuestros ciudadanos.<br \/>\nEl Partido Intransigente de Tornquist expresa su total apoyo a la solicitud de que el Municipio de\u00a0Tornquist DECLARE DE INTER\u00c9S LEGISLATIVO\/ MUNICIPAL \/ CULTURAL \/ P\u00daBLICO EL\u00a0D\u00cdA NACIONAL DE LA DANZA.<\/p>\n<p style=\"text-align: center;\">Ver <a href=\"http:\/\/&lt;p style=&quot; margin: 12px auto 6px auto; font-family: Helvetica,Arial,Sans-serif; font-style: normal; font-variant: normal; font-weight: normal; font-size: 14px; line-height: normal; font-size-adjust: none; font-stretch: normal; -x-system-font: none; display: block;&quot;&gt; &lt;a title=&quot;View Proyecto de Ordenanza Declaraci\u00f3n de Inter\u00e9s on Scribd&quot; href=&quot;https:\/\/www.scribd.com\/document\/478641744\/Proyecto-de-Ordenanza-Declaracion-de-Interes#from_embed&quot; style=&quot;text-decoration: underline;&quot; &gt;Proyecto de Ordenanza Declaraci\u00f3n de Inter\u00e9s&lt;\/a&gt; by &lt;a title=&quot;View FM Reflejos Sierra de la Ventana's profile on Scribd&quot; href=&quot;https:\/\/www.scribd.com\/user\/128459674\/FM-Reflejos-Sierra-de-la-Ventana#from_embed&quot; style=&quot;text-decoration: underline;&quot; &gt;FM Reflejos Sierra de la Ventana&lt;\/a&gt; on Scribd&lt;\/p&gt;&lt;iframe class=&quot;scribd_iframe_embed&quot; title=&quot;Proyecto de Ordenanza Declaraci\u00f3n de Inter\u00e9s&quot; src=&quot;https:\/\/es.scribd.com\/embeds\/478641744\/content?start_page=1&amp;view_mode=scroll&amp;access_key=key-EEb607HYdTYMAZpvMWdK&quot; data-auto-height=&quot;false&quot; data-aspect-ratio=&quot;0.7068965517241379&quot; scrolling=&quot;no&quot; id=&quot;doc_47666&quot; width=&quot;100%&quot; height=&quot;600&quot; frameborder=&quot;0&quot;&gt;&lt;\/iframe&gt;\"><strong>Proyecto de Ordenanza<\/strong><\/a><\/p>\n","protected":false},"excerpt":{"rendered":"<p>\u201cEN APOYO A LA DECLARACI\u00d3N DE INTER\u00c9S LEGISLATIVO \/ MUNICIPAL \/ CULTURAL \/P\u00daBLICO DEL D\u00cdA NACIONAL DE LA DANZA\u00a8<\/p>\n","protected":false},"author":3,"featured_media":0,"comment_status":"closed","ping_status":"open","sticky":false,"template":"","format":"standard","meta":{"footnotes":""},"categories":[24],"tags":[],"class_list":["post-47623","post","type-post","status-publish","format-standard","hentry","category-politica"],"yoast_head":"<!-- This site is optimized with the Yoast SEO plugin v25.9 - https:\/\/yoast.com\/wordpress\/plugins\/seo\/ -->\n<title>Proyecto de Ordenanza D\u00cdA NACIONAL DE LA DANZA - Noticias Radio Reflejos<\/title>\n<meta name=\"robots\" content=\"index, follow, max-snippet:-1, max-image-preview:large, max-video-preview:-1\" \/>\n<link rel=\"canonical\" href=\"https:\/\/www.noticiasradioreflejos.com.ar\/2021\/proyecto-de-ordenanza-dia-nacional-de-la-danza\/\" \/>\n<meta property=\"og:locale\" content=\"es_ES\" \/>\n<meta property=\"og:type\" content=\"article\" \/>\n<meta property=\"og:title\" content=\"Proyecto de Ordenanza D\u00cdA NACIONAL DE LA DANZA - Noticias Radio Reflejos\" \/>\n<meta property=\"og:description\" content=\"\u201cEN APOYO A LA DECLARACI\u00d3N DE INTER\u00c9S LEGISLATIVO \/ MUNICIPAL \/ CULTURAL \/P\u00daBLICO DEL D\u00cdA NACIONAL DE LA DANZA\u00a8\" \/>\n<meta property=\"og:url\" content=\"https:\/\/www.noticiasradioreflejos.com.ar\/2021\/proyecto-de-ordenanza-dia-nacional-de-la-danza\/\" \/>\n<meta property=\"og:site_name\" content=\"Noticias Radio Reflejos\" \/>\n<meta property=\"article:published_time\" content=\"2020-10-04T13:37:54+00:00\" \/>\n<meta property=\"og:image\" content=\"https:\/\/www.noticiasradioreflejos.com.ar\/2021\/wp-content\/uploads\/2021\/07\/logosol300x200.png\" \/>\n\t<meta property=\"og:image:width\" content=\"300\" \/>\n\t<meta property=\"og:image:height\" content=\"200\" \/>\n\t<meta property=\"og:image:type\" content=\"image\/png\" \/>\n<meta name=\"author\" content=\"Arnaldo Botto\" \/>\n<meta name=\"twitter:card\" content=\"summary_large_image\" \/>\n<script type=\"application\/ld+json\" class=\"yoast-schema-graph\">{\"@context\":\"https:\/\/schema.org\",\"@graph\":[{\"@type\":\"WebPage\",\"@id\":\"https:\/\/www.noticiasradioreflejos.com.ar\/2021\/proyecto-de-ordenanza-dia-nacional-de-la-danza\/\",\"url\":\"https:\/\/www.noticiasradioreflejos.com.ar\/2021\/proyecto-de-ordenanza-dia-nacional-de-la-danza\/\",\"name\":\"Proyecto de Ordenanza D\u00cdA NACIONAL DE LA DANZA - Noticias Radio Reflejos\",\"isPartOf\":{\"@id\":\"https:\/\/www.noticiasradioreflejos.com.ar\/2021\/#website\"},\"datePublished\":\"2020-10-04T13:37:54+00:00\",\"author\":{\"@id\":\"https:\/\/www.noticiasradioreflejos.com.ar\/2021\/#\/schema\/person\/ad82545263dcc5ec0996818884fd5fb1\"},\"breadcrumb\":{\"@id\":\"https:\/\/www.noticiasradioreflejos.com.ar\/2021\/proyecto-de-ordenanza-dia-nacional-de-la-danza\/#breadcrumb\"},\"inLanguage\":\"es\",\"potentialAction\":[{\"@type\":\"ReadAction\",\"target\":[\"https:\/\/www.noticiasradioreflejos.com.ar\/2021\/proyecto-de-ordenanza-dia-nacional-de-la-danza\/\"]}]},{\"@type\":\"BreadcrumbList\",\"@id\":\"https:\/\/www.noticiasradioreflejos.com.ar\/2021\/proyecto-de-ordenanza-dia-nacional-de-la-danza\/#breadcrumb\",\"itemListElement\":[{\"@type\":\"ListItem\",\"position\":1,\"name\":\"Portada\",\"item\":\"https:\/\/www.noticiasradioreflejos.com.ar\/2021\/\"},{\"@type\":\"ListItem\",\"position\":2,\"name\":\"Proyecto de Ordenanza D\u00cdA NACIONAL DE LA DANZA\"}]},{\"@type\":\"WebSite\",\"@id\":\"https:\/\/www.noticiasradioreflejos.com.ar\/2021\/#website\",\"url\":\"https:\/\/www.noticiasradioreflejos.com.ar\/2021\/\",\"name\":\"Noticias Radio Reflejos\",\"description\":\"Las noticias de mi comarca\",\"potentialAction\":[{\"@type\":\"SearchAction\",\"target\":{\"@type\":\"EntryPoint\",\"urlTemplate\":\"https:\/\/www.noticiasradioreflejos.com.ar\/2021\/?s={search_term_string}\"},\"query-input\":{\"@type\":\"PropertyValueSpecification\",\"valueRequired\":true,\"valueName\":\"search_term_string\"}}],\"inLanguage\":\"es\"},{\"@type\":\"Person\",\"@id\":\"https:\/\/www.noticiasradioreflejos.com.ar\/2021\/#\/schema\/person\/ad82545263dcc5ec0996818884fd5fb1\",\"name\":\"Arnaldo Botto\",\"image\":{\"@type\":\"ImageObject\",\"inLanguage\":\"es\",\"@id\":\"https:\/\/www.noticiasradioreflejos.com.ar\/2021\/#\/schema\/person\/image\/\",\"url\":\"https:\/\/secure.gravatar.com\/avatar\/55cb5e37c1efa326397366e6974cb338056df65cb50e7d64d1cf314e87504837?s=96&d=mm&r=g\",\"contentUrl\":\"https:\/\/secure.gravatar.com\/avatar\/55cb5e37c1efa326397366e6974cb338056df65cb50e7d64d1cf314e87504837?s=96&d=mm&r=g\",\"caption\":\"Arnaldo Botto\"},\"url\":\"https:\/\/www.noticiasradioreflejos.com.ar\/2021\/author\/arnaldo\/\"}]}<\/script>\n<!-- \/ Yoast SEO plugin. -->","yoast_head_json":{"title":"Proyecto de Ordenanza D\u00cdA NACIONAL DE LA DANZA - Noticias Radio Reflejos","robots":{"index":"index","follow":"follow","max-snippet":"max-snippet:-1","max-image-preview":"max-image-preview:large","max-video-preview":"max-video-preview:-1"},"canonical":"https:\/\/www.noticiasradioreflejos.com.ar\/2021\/proyecto-de-ordenanza-dia-nacional-de-la-danza\/","og_locale":"es_ES","og_type":"article","og_title":"Proyecto de Ordenanza D\u00cdA NACIONAL DE LA DANZA - Noticias Radio Reflejos","og_description":"\u201cEN APOYO A LA DECLARACI\u00d3N DE INTER\u00c9S LEGISLATIVO \/ MUNICIPAL \/ CULTURAL \/P\u00daBLICO DEL D\u00cdA NACIONAL DE LA DANZA\u00a8","og_url":"https:\/\/www.noticiasradioreflejos.com.ar\/2021\/proyecto-de-ordenanza-dia-nacional-de-la-danza\/","og_site_name":"Noticias Radio Reflejos","article_published_time":"2020-10-04T13:37:54+00:00","og_image":[{"width":300,"height":200,"url":"https:\/\/www.noticiasradioreflejos.com.ar\/2021\/wp-content\/uploads\/2021\/07\/logosol300x200.png","type":"image\/png"}],"author":"Arnaldo Botto","twitter_card":"summary_large_image","schema":{"@context":"https:\/\/schema.org","@graph":[{"@type":"WebPage","@id":"https:\/\/www.noticiasradioreflejos.com.ar\/2021\/proyecto-de-ordenanza-dia-nacional-de-la-danza\/","url":"https:\/\/www.noticiasradioreflejos.com.ar\/2021\/proyecto-de-ordenanza-dia-nacional-de-la-danza\/","name":"Proyecto de Ordenanza D\u00cdA NACIONAL DE LA DANZA - Noticias Radio Reflejos","isPartOf":{"@id":"https:\/\/www.noticiasradioreflejos.com.ar\/2021\/#website"},"datePublished":"2020-10-04T13:37:54+00:00","author":{"@id":"https:\/\/www.noticiasradioreflejos.com.ar\/2021\/#\/schema\/person\/ad82545263dcc5ec0996818884fd5fb1"},"breadcrumb":{"@id":"https:\/\/www.noticiasradioreflejos.com.ar\/2021\/proyecto-de-ordenanza-dia-nacional-de-la-danza\/#breadcrumb"},"inLanguage":"es","potentialAction":[{"@type":"ReadAction","target":["https:\/\/www.noticiasradioreflejos.com.ar\/2021\/proyecto-de-ordenanza-dia-nacional-de-la-danza\/"]}]},{"@type":"BreadcrumbList","@id":"https:\/\/www.noticiasradioreflejos.com.ar\/2021\/proyecto-de-ordenanza-dia-nacional-de-la-danza\/#breadcrumb","itemListElement":[{"@type":"ListItem","position":1,"name":"Portada","item":"https:\/\/www.noticiasradioreflejos.com.ar\/2021\/"},{"@type":"ListItem","position":2,"name":"Proyecto de Ordenanza D\u00cdA NACIONAL DE LA DANZA"}]},{"@type":"WebSite","@id":"https:\/\/www.noticiasradioreflejos.com.ar\/2021\/#website","url":"https:\/\/www.noticiasradioreflejos.com.ar\/2021\/","name":"Noticias Radio Reflejos","description":"Las noticias de mi comarca","potentialAction":[{"@type":"SearchAction","target":{"@type":"EntryPoint","urlTemplate":"https:\/\/www.noticiasradioreflejos.com.ar\/2021\/?s={search_term_string}"},"query-input":{"@type":"PropertyValueSpecification","valueRequired":true,"valueName":"search_term_string"}}],"inLanguage":"es"},{"@type":"Person","@id":"https:\/\/www.noticiasradioreflejos.com.ar\/2021\/#\/schema\/person\/ad82545263dcc5ec0996818884fd5fb1","name":"Arnaldo Botto","image":{"@type":"ImageObject","inLanguage":"es","@id":"https:\/\/www.noticiasradioreflejos.com.ar\/2021\/#\/schema\/person\/image\/","url":"https:\/\/secure.gravatar.com\/avatar\/55cb5e37c1efa326397366e6974cb338056df65cb50e7d64d1cf314e87504837?s=96&d=mm&r=g","contentUrl":"https:\/\/secure.gravatar.com\/avatar\/55cb5e37c1efa326397366e6974cb338056df65cb50e7d64d1cf314e87504837?s=96&d=mm&r=g","caption":"Arnaldo Botto"},"url":"https:\/\/www.noticiasradioreflejos.com.ar\/2021\/author\/arnaldo\/"}]}},"_links":{"self":[{"href":"https:\/\/www.noticiasradioreflejos.com.ar\/2021\/wp-json\/wp\/v2\/posts\/47623","targetHints":{"allow":["GET"]}}],"collection":[{"href":"https:\/\/www.noticiasradioreflejos.com.ar\/2021\/wp-json\/wp\/v2\/posts"}],"about":[{"href":"https:\/\/www.noticiasradioreflejos.com.ar\/2021\/wp-json\/wp\/v2\/types\/post"}],"author":[{"embeddable":true,"href":"https:\/\/www.noticiasradioreflejos.com.ar\/2021\/wp-json\/wp\/v2\/users\/3"}],"replies":[{"embeddable":true,"href":"https:\/\/www.noticiasradioreflejos.com.ar\/2021\/wp-json\/wp\/v2\/comments?post=47623"}],"version-history":[{"count":0,"href":"https:\/\/www.noticiasradioreflejos.com.ar\/2021\/wp-json\/wp\/v2\/posts\/47623\/revisions"}],"wp:attachment":[{"href":"https:\/\/www.noticiasradioreflejos.com.ar\/2021\/wp-json\/wp\/v2\/media?parent=47623"}],"wp:term":[{"taxonomy":"category","embeddable":true,"href":"https:\/\/www.noticiasradioreflejos.com.ar\/2021\/wp-json\/wp\/v2\/categories?post=47623"},{"taxonomy":"post_tag","embeddable":true,"href":"https:\/\/www.noticiasradioreflejos.com.ar\/2021\/wp-json\/wp\/v2\/tags?post=47623"}],"curies":[{"name":"wp","href":"https:\/\/api.w.org\/{rel}","templated":true}]}}