{"id":47616,"date":"2020-10-02T22:47:43","date_gmt":"2020-10-03T01:47:43","guid":{"rendered":"http:\/\/www.noticiasradioreflejos.com.ar\/noticias\/?p=47616"},"modified":"2020-10-02T22:47:43","modified_gmt":"2020-10-03T01:47:43","slug":"allanamiento-con-un-aprehendido-por-abigeato-en-sierra-de-la-ventana","status":"publish","type":"post","link":"https:\/\/www.noticiasradioreflejos.com.ar\/2021\/allanamiento-con-un-aprehendido-por-abigeato-en-sierra-de-la-ventana\/","title":{"rendered":"Allanamiento con un aprehendido por abigeato en Sierra de la Ventana."},"content":{"rendered":"<p><a title=\"2020-10-02_10-38-24\" href=\"http:\/\/live.staticflickr.com\/65535\/50409453118_b033fc8e70_s.jpg\" rel=\"\"><img loading=\"lazy\" decoding=\"async\" style=\"float: left;\" title=\"2020-10-02_10-38-24\" src=\"http:\/\/live.staticflickr.com\/65535\/50409453118_b033fc8e70.jpg\" alt=\"2020-10-02_10-38-24\" width=\"500\" height=\"281\" \/><\/a>Se llev\u00f3 a cabo en horas de la tarde y noche de este viernes el la calle Ernesto Tornquist de la localidad. Secuestraron arma de fuego, cuchillos y carne<!--more--><\/p>\n<p>En el d\u00eda de la fecha, siendo las 19:20 horas personal de la Subestaci\u00f3n de Polic\u00eda Comunal de Seguridad de Sierra de la Ventana conjuntamente con personal del Comando de Prevencion Rural de Cnel. Su\u00e1rez y personal del Puesto de Avanzada de Villa Arcadia de Cnel. Su\u00e1rez, se lleva a cabo allanamiento en el Marco de la IPP 16719\/20 ordenada por Juzgado Garantias Nro. Uno dpto. J. B. Bca. Dicho allanamiento fue en marco de una denuncia radicada por Fernandez Trin\u00ed Joaquin representante de estancia La Querencia Cuartel XIII del Partido de Cnel Su\u00e1rez, con fecha 30\/09\/20, donde tras amplias tareas investigativas, recepcionadas declaraciones testimoniales y recompilados materiales f\u00edlmicos de las c\u00e1maras de seguridad del Municipio de Tornquist, es que se logran recoger los elementos necesarios para lograr dicha orden en el domicilio de Tornquist S\/N de este medio, propiedad del imputado CRISTIAN ORTELI,<\/p>\n<p><a title=\"2020-10-02_10-37-38\" href=\"http:\/\/live.staticflickr.com\/65535\/50409451203_d375cf6584_s.jpg\" rel=\"\"><img loading=\"lazy\" decoding=\"async\" class=\"aligncenter\" title=\"2020-10-02_10-37-38\" src=\"http:\/\/live.staticflickr.com\/65535\/50409451203_d375cf6584_c.jpg\" alt=\"2020-10-02_10-37-38\" width=\"450\" height=\"800\" \/><\/a>procediendose al secuestro de un arma de fuego tipo carabina, cal 22, marca MAHELY, serie nro. 168009, 7 cuchillas, un tel\u00e9fono celular marca MotoG7 Power, 70 kgrs de carne vacuna, la cual al realizarse el correspondiente hisopado arroj\u00f3 resultado positivo comparativo al animal faenado que diera origen a la presente investigaci\u00f3n.- Asimismo se procedi\u00f3 al secuestro de un veh\u00edculo marca Peugeot modelo 207 SW compacto 1.6, dominio IGG 489 el cual pose\u00eda manchas hem\u00e1ticas en el respaldo del asiento trasero del ba\u00fal, el cual tambi\u00e9n arroj\u00f3 resultado positivo en el hisopado realizado por\u00a0personal de Polic\u00eda Cient\u00edfica.<\/p>\n<p><a title=\"2020-10-02_10-37-50\" href=\"http:\/\/live.staticflickr.com\/65535\/50409451543_455d665340_s.jpg\" rel=\"\"><img loading=\"lazy\" decoding=\"async\" class=\"aligncenter\" title=\"2020-10-02_10-37-50\" src=\"http:\/\/live.staticflickr.com\/65535\/50409451543_455d665340_c.jpg\" alt=\"2020-10-02_10-37-50\" width=\"800\" height=\"450\" \/><\/a><\/p>\n<p>Seguidamente en relaci\u00f3n al arma de fuego secuestrada, el propietario ORTELI refiere no poseer documentaci\u00f3n correspondiente que acredite su propiedad, motivo por el cual se procede a la aprehensi\u00f3n de CRISTIAN ALBERTO ORTELI por infracci\u00f3n al Art. 189 bis del C. Penal, quedando a disposici\u00f3n de la UFIJ Nro. 15 del Dpto Judicial de B. Blanca, quien dispuso recaudos legales para con aprehendido y remisi\u00f3n del mismo por parte del CPR C. Su\u00e1rez a la sede fiscal fines recepcionar declaraci\u00f3n indagatoria. Fdo.: Secretar\u00eda de Seguridad Municipalidad de Tornquist.-<\/p>\n<p><a title=\"2020-10-02_10-38-15\" href=\"http:\/\/live.staticflickr.com\/65535\/50410156501_32104be5ef_s.jpg\" rel=\"\"><img loading=\"lazy\" decoding=\"async\" class=\"aligncenter\" title=\"2020-10-02_10-38-15\" src=\"http:\/\/live.staticflickr.com\/65535\/50410156501_32104be5ef_b.jpg\" alt=\"2020-10-02_10-38-15\" width=\"1024\" height=\"576\" \/><\/a><\/p>\n","protected":false},"excerpt":{"rendered":"<p>Se llev\u00f3 a cabo en horas de la tarde y noche de este viernes el la calle Ernesto Tornquist de la localidad. Secuestraron arma de fuego, cuchillos y carne<\/p>\n","protected":false},"author":3,"featured_media":0,"comment_status":"closed","ping_status":"open","sticky":false,"template":"","format":"standard","meta":{"footnotes":""},"categories":[29],"tags":[],"class_list":["post-47616","post","type-post","status-publish","format-standard","hentry","category-policiales"],"yoast_head":"<!-- This site is optimized with the Yoast SEO plugin v25.9 - https:\/\/yoast.com\/wordpress\/plugins\/seo\/ -->\n<title>Allanamiento con un aprehendido por abigeato en Sierra de la Ventana. - Noticias Radio Reflejos<\/title>\n<meta name=\"robots\" content=\"index, follow, max-snippet:-1, max-image-preview:large, max-video-preview:-1\" \/>\n<link rel=\"canonical\" href=\"https:\/\/www.noticiasradioreflejos.com.ar\/2021\/allanamiento-con-un-aprehendido-por-abigeato-en-sierra-de-la-ventana\/\" \/>\n<meta property=\"og:locale\" content=\"es_ES\" \/>\n<meta property=\"og:type\" content=\"article\" \/>\n<meta property=\"og:title\" content=\"Allanamiento con un aprehendido por abigeato en Sierra de la Ventana. - Noticias Radio Reflejos\" \/>\n<meta property=\"og:description\" content=\"Se llev\u00f3 a cabo en horas de la tarde y noche de este viernes el la calle Ernesto Tornquist de la localidad. Secuestraron arma de fuego, cuchillos y carne\" \/>\n<meta property=\"og:url\" content=\"https:\/\/www.noticiasradioreflejos.com.ar\/2021\/allanamiento-con-un-aprehendido-por-abigeato-en-sierra-de-la-ventana\/\" \/>\n<meta property=\"og:site_name\" content=\"Noticias Radio Reflejos\" \/>\n<meta property=\"article:published_time\" content=\"2020-10-03T01:47:43+00:00\" \/>\n<meta property=\"og:image\" content=\"http:\/\/live.staticflickr.com\/65535\/50409453118_b033fc8e70.jpg\" \/>\n<meta name=\"author\" content=\"Arnaldo Botto\" \/>\n<meta name=\"twitter:card\" content=\"summary_large_image\" \/>\n<script type=\"application\/ld+json\" class=\"yoast-schema-graph\">{\"@context\":\"https:\/\/schema.org\",\"@graph\":[{\"@type\":\"WebPage\",\"@id\":\"https:\/\/www.noticiasradioreflejos.com.ar\/2021\/allanamiento-con-un-aprehendido-por-abigeato-en-sierra-de-la-ventana\/\",\"url\":\"https:\/\/www.noticiasradioreflejos.com.ar\/2021\/allanamiento-con-un-aprehendido-por-abigeato-en-sierra-de-la-ventana\/\",\"name\":\"Allanamiento con un aprehendido por abigeato en Sierra de la Ventana. - Noticias Radio Reflejos\",\"isPartOf\":{\"@id\":\"https:\/\/www.noticiasradioreflejos.com.ar\/2021\/#website\"},\"primaryImageOfPage\":{\"@id\":\"https:\/\/www.noticiasradioreflejos.com.ar\/2021\/allanamiento-con-un-aprehendido-por-abigeato-en-sierra-de-la-ventana\/#primaryimage\"},\"image\":{\"@id\":\"https:\/\/www.noticiasradioreflejos.com.ar\/2021\/allanamiento-con-un-aprehendido-por-abigeato-en-sierra-de-la-ventana\/#primaryimage\"},\"thumbnailUrl\":\"http:\/\/live.staticflickr.com\/65535\/50409453118_b033fc8e70.jpg\",\"datePublished\":\"2020-10-03T01:47:43+00:00\",\"author\":{\"@id\":\"https:\/\/www.noticiasradioreflejos.com.ar\/2021\/#\/schema\/person\/ad82545263dcc5ec0996818884fd5fb1\"},\"breadcrumb\":{\"@id\":\"https:\/\/www.noticiasradioreflejos.com.ar\/2021\/allanamiento-con-un-aprehendido-por-abigeato-en-sierra-de-la-ventana\/#breadcrumb\"},\"inLanguage\":\"es\",\"potentialAction\":[{\"@type\":\"ReadAction\",\"target\":[\"https:\/\/www.noticiasradioreflejos.com.ar\/2021\/allanamiento-con-un-aprehendido-por-abigeato-en-sierra-de-la-ventana\/\"]}]},{\"@type\":\"ImageObject\",\"inLanguage\":\"es\",\"@id\":\"https:\/\/www.noticiasradioreflejos.com.ar\/2021\/allanamiento-con-un-aprehendido-por-abigeato-en-sierra-de-la-ventana\/#primaryimage\",\"url\":\"http:\/\/live.staticflickr.com\/65535\/50409453118_b033fc8e70.jpg\",\"contentUrl\":\"http:\/\/live.staticflickr.com\/65535\/50409453118_b033fc8e70.jpg\"},{\"@type\":\"BreadcrumbList\",\"@id\":\"https:\/\/www.noticiasradioreflejos.com.ar\/2021\/allanamiento-con-un-aprehendido-por-abigeato-en-sierra-de-la-ventana\/#breadcrumb\",\"itemListElement\":[{\"@type\":\"ListItem\",\"position\":1,\"name\":\"Portada\",\"item\":\"https:\/\/www.noticiasradioreflejos.com.ar\/2021\/\"},{\"@type\":\"ListItem\",\"position\":2,\"name\":\"Allanamiento con un aprehendido por abigeato en Sierra de la Ventana.\"}]},{\"@type\":\"WebSite\",\"@id\":\"https:\/\/www.noticiasradioreflejos.com.ar\/2021\/#website\",\"url\":\"https:\/\/www.noticiasradioreflejos.com.ar\/2021\/\",\"name\":\"Noticias Radio Reflejos\",\"description\":\"Las noticias de mi comarca\",\"potentialAction\":[{\"@type\":\"SearchAction\",\"target\":{\"@type\":\"EntryPoint\",\"urlTemplate\":\"https:\/\/www.noticiasradioreflejos.com.ar\/2021\/?s={search_term_string}\"},\"query-input\":{\"@type\":\"PropertyValueSpecification\",\"valueRequired\":true,\"valueName\":\"search_term_string\"}}],\"inLanguage\":\"es\"},{\"@type\":\"Person\",\"@id\":\"https:\/\/www.noticiasradioreflejos.com.ar\/2021\/#\/schema\/person\/ad82545263dcc5ec0996818884fd5fb1\",\"name\":\"Arnaldo Botto\",\"image\":{\"@type\":\"ImageObject\",\"inLanguage\":\"es\",\"@id\":\"https:\/\/www.noticiasradioreflejos.com.ar\/2021\/#\/schema\/person\/image\/\",\"url\":\"https:\/\/secure.gravatar.com\/avatar\/55cb5e37c1efa326397366e6974cb338056df65cb50e7d64d1cf314e87504837?s=96&d=mm&r=g\",\"contentUrl\":\"https:\/\/secure.gravatar.com\/avatar\/55cb5e37c1efa326397366e6974cb338056df65cb50e7d64d1cf314e87504837?s=96&d=mm&r=g\",\"caption\":\"Arnaldo Botto\"},\"url\":\"https:\/\/www.noticiasradioreflejos.com.ar\/2021\/author\/arnaldo\/\"}]}<\/script>\n<!-- \/ Yoast SEO plugin. -->","yoast_head_json":{"title":"Allanamiento con un aprehendido por abigeato en Sierra de la Ventana. - Noticias Radio Reflejos","robots":{"index":"index","follow":"follow","max-snippet":"max-snippet:-1","max-image-preview":"max-image-preview:large","max-video-preview":"max-video-preview:-1"},"canonical":"https:\/\/www.noticiasradioreflejos.com.ar\/2021\/allanamiento-con-un-aprehendido-por-abigeato-en-sierra-de-la-ventana\/","og_locale":"es_ES","og_type":"article","og_title":"Allanamiento con un aprehendido por abigeato en Sierra de la Ventana. - Noticias Radio Reflejos","og_description":"Se llev\u00f3 a cabo en horas de la tarde y noche de este viernes el la calle Ernesto Tornquist de la localidad. Secuestraron arma de fuego, cuchillos y carne","og_url":"https:\/\/www.noticiasradioreflejos.com.ar\/2021\/allanamiento-con-un-aprehendido-por-abigeato-en-sierra-de-la-ventana\/","og_site_name":"Noticias Radio Reflejos","article_published_time":"2020-10-03T01:47:43+00:00","og_image":[{"url":"http:\/\/live.staticflickr.com\/65535\/50409453118_b033fc8e70.jpg","type":"","width":"","height":""}],"author":"Arnaldo Botto","twitter_card":"summary_large_image","schema":{"@context":"https:\/\/schema.org","@graph":[{"@type":"WebPage","@id":"https:\/\/www.noticiasradioreflejos.com.ar\/2021\/allanamiento-con-un-aprehendido-por-abigeato-en-sierra-de-la-ventana\/","url":"https:\/\/www.noticiasradioreflejos.com.ar\/2021\/allanamiento-con-un-aprehendido-por-abigeato-en-sierra-de-la-ventana\/","name":"Allanamiento con un aprehendido por abigeato en Sierra de la Ventana. - Noticias Radio Reflejos","isPartOf":{"@id":"https:\/\/www.noticiasradioreflejos.com.ar\/2021\/#website"},"primaryImageOfPage":{"@id":"https:\/\/www.noticiasradioreflejos.com.ar\/2021\/allanamiento-con-un-aprehendido-por-abigeato-en-sierra-de-la-ventana\/#primaryimage"},"image":{"@id":"https:\/\/www.noticiasradioreflejos.com.ar\/2021\/allanamiento-con-un-aprehendido-por-abigeato-en-sierra-de-la-ventana\/#primaryimage"},"thumbnailUrl":"http:\/\/live.staticflickr.com\/65535\/50409453118_b033fc8e70.jpg","datePublished":"2020-10-03T01:47:43+00:00","author":{"@id":"https:\/\/www.noticiasradioreflejos.com.ar\/2021\/#\/schema\/person\/ad82545263dcc5ec0996818884fd5fb1"},"breadcrumb":{"@id":"https:\/\/www.noticiasradioreflejos.com.ar\/2021\/allanamiento-con-un-aprehendido-por-abigeato-en-sierra-de-la-ventana\/#breadcrumb"},"inLanguage":"es","potentialAction":[{"@type":"ReadAction","target":["https:\/\/www.noticiasradioreflejos.com.ar\/2021\/allanamiento-con-un-aprehendido-por-abigeato-en-sierra-de-la-ventana\/"]}]},{"@type":"ImageObject","inLanguage":"es","@id":"https:\/\/www.noticiasradioreflejos.com.ar\/2021\/allanamiento-con-un-aprehendido-por-abigeato-en-sierra-de-la-ventana\/#primaryimage","url":"http:\/\/live.staticflickr.com\/65535\/50409453118_b033fc8e70.jpg","contentUrl":"http:\/\/live.staticflickr.com\/65535\/50409453118_b033fc8e70.jpg"},{"@type":"BreadcrumbList","@id":"https:\/\/www.noticiasradioreflejos.com.ar\/2021\/allanamiento-con-un-aprehendido-por-abigeato-en-sierra-de-la-ventana\/#breadcrumb","itemListElement":[{"@type":"ListItem","position":1,"name":"Portada","item":"https:\/\/www.noticiasradioreflejos.com.ar\/2021\/"},{"@type":"ListItem","position":2,"name":"Allanamiento con un aprehendido por abigeato en Sierra de la Ventana."}]},{"@type":"WebSite","@id":"https:\/\/www.noticiasradioreflejos.com.ar\/2021\/#website","url":"https:\/\/www.noticiasradioreflejos.com.ar\/2021\/","name":"Noticias Radio Reflejos","description":"Las noticias de mi comarca","potentialAction":[{"@type":"SearchAction","target":{"@type":"EntryPoint","urlTemplate":"https:\/\/www.noticiasradioreflejos.com.ar\/2021\/?s={search_term_string}"},"query-input":{"@type":"PropertyValueSpecification","valueRequired":true,"valueName":"search_term_string"}}],"inLanguage":"es"},{"@type":"Person","@id":"https:\/\/www.noticiasradioreflejos.com.ar\/2021\/#\/schema\/person\/ad82545263dcc5ec0996818884fd5fb1","name":"Arnaldo Botto","image":{"@type":"ImageObject","inLanguage":"es","@id":"https:\/\/www.noticiasradioreflejos.com.ar\/2021\/#\/schema\/person\/image\/","url":"https:\/\/secure.gravatar.com\/avatar\/55cb5e37c1efa326397366e6974cb338056df65cb50e7d64d1cf314e87504837?s=96&d=mm&r=g","contentUrl":"https:\/\/secure.gravatar.com\/avatar\/55cb5e37c1efa326397366e6974cb338056df65cb50e7d64d1cf314e87504837?s=96&d=mm&r=g","caption":"Arnaldo Botto"},"url":"https:\/\/www.noticiasradioreflejos.com.ar\/2021\/author\/arnaldo\/"}]}},"_links":{"self":[{"href":"https:\/\/www.noticiasradioreflejos.com.ar\/2021\/wp-json\/wp\/v2\/posts\/47616","targetHints":{"allow":["GET"]}}],"collection":[{"href":"https:\/\/www.noticiasradioreflejos.com.ar\/2021\/wp-json\/wp\/v2\/posts"}],"about":[{"href":"https:\/\/www.noticiasradioreflejos.com.ar\/2021\/wp-json\/wp\/v2\/types\/post"}],"author":[{"embeddable":true,"href":"https:\/\/www.noticiasradioreflejos.com.ar\/2021\/wp-json\/wp\/v2\/users\/3"}],"replies":[{"embeddable":true,"href":"https:\/\/www.noticiasradioreflejos.com.ar\/2021\/wp-json\/wp\/v2\/comments?post=47616"}],"version-history":[{"count":0,"href":"https:\/\/www.noticiasradioreflejos.com.ar\/2021\/wp-json\/wp\/v2\/posts\/47616\/revisions"}],"wp:attachment":[{"href":"https:\/\/www.noticiasradioreflejos.com.ar\/2021\/wp-json\/wp\/v2\/media?parent=47616"}],"wp:term":[{"taxonomy":"category","embeddable":true,"href":"https:\/\/www.noticiasradioreflejos.com.ar\/2021\/wp-json\/wp\/v2\/categories?post=47616"},{"taxonomy":"post_tag","embeddable":true,"href":"https:\/\/www.noticiasradioreflejos.com.ar\/2021\/wp-json\/wp\/v2\/tags?post=47616"}],"curies":[{"name":"wp","href":"https:\/\/api.w.org\/{rel}","templated":true}]}}