{"id":47611,"date":"2020-10-02T18:08:01","date_gmt":"2020-10-02T21:08:01","guid":{"rendered":"http:\/\/www.noticiasradioreflejos.com.ar\/noticias\/?p=47611"},"modified":"2020-10-02T18:08:01","modified_gmt":"2020-10-02T21:08:01","slug":"el-gobernador-axel-kicillof-esta-aislado-preventivamente-por-un-contacto-estrecho-con-coronavirus","status":"publish","type":"post","link":"https:\/\/www.noticiasradioreflejos.com.ar\/2021\/el-gobernador-axel-kicillof-esta-aislado-preventivamente-por-un-contacto-estrecho-con-coronavirus\/","title":{"rendered":"El gobernador Axel Kicillof est\u00e1 aislado preventivamente por un contacto estrecho con coronavirus."},"content":{"rendered":"<p>El gobernador bonaerense, Axel Kicillof, se encuentra en aislamiento preventivo, en cumplimiento de los protocolos sanitarios, debido a que un colaborador result\u00f3 positivo por Covid-19, seg\u00fan inform\u00f3 el mismo en declaraciones radiales esta ma\u00f1ana al anunciar que cancelaba una visita a Carmen de Areco.<!--more--><br \/>\n\u00abMe encuentro bien y sin s\u00edntomas, pero estoy cumpliendo el aislamiento que corresponde. Es un virus de much\u00edsimo contagio, hay que seguir con los cuidados personales, y en ese sentido los bonaerenses han demostrado una enorme conciencia y solidaridad colectiva\u00bb, expres\u00f3 Kicillof seg\u00fan inform\u00f3 un comunicado oficial de la gobernaci\u00f3n.<\/p>\n<p>El Gobernador ten\u00eda previsto desplazarse hasta Carmen de Areco para entregar viviendas en un nuevo barrio en la localidad de Tres Sargentos, en un acto del que participar\u00eda adem\u00e1s el intendente Iv\u00e1n Villagr\u00e1n.<\/p>\n<p>Kicillof anunci\u00f3 el declaraciones radiales que no podr\u00eda ser parte de la actividad a causa de estas medidas preventivas, en el marco de la pandemia.<\/p>\n<p>Con todo, el Gobernador se refiri\u00f3 a la entrega de viviendas y asegur\u00f3: \u00abEn la provincia de Buenos Aires se necesita una pol\u00edtica seria de h\u00e1bitat y eso es lo que lanzamos recientemente con un plan integral tanto de construcci\u00f3n de viviendas como de generaci\u00f3n de terrenos\u00bb.<\/p>\n<p>En ese sentido, destac\u00f3: \u00abSabemos que un salario no alcanza para comprar una casa, es ah\u00ed donde tiene que aparecer la ayuda de Estado, porque tambi\u00e9n hay que evitar la especulaci\u00f3n con el precio de la tierra y con la vivienda desocupada\u00bb.<\/p>\n<p>\u00abEsta semana anunciamos un plan que contempla la construcci\u00f3n de aproximadamente 11 mil viviendas por a\u00f1o en toda la Provincia y tambi\u00e9n la generaci\u00f3n de lotes con servicios. Esto requiere una participaci\u00f3n y trabajo coordinado con los intendentes que son quienes mejor conocen la planta urbana, los c\u00f3digos y las necesidades\u00bb, agreg\u00f3 Kicillof.<\/p>\n<p>Sin la presencia del Gobernador, las 10 llaves que se entregaron hoy a los nuevos due\u00f1os corresponden a un convenio entre el Instituto de la Vivienda provincial y el municipio de Carmen de Areco, que lograron reiniciar y finalizar estas obras que comenzaron a construirse en 2011 y hab\u00edan quedado paralizadas sin terminaciones ni red de agua.<\/p>\n","protected":false},"excerpt":{"rendered":"<p>El gobernador bonaerense, Axel Kicillof, se encuentra en aislamiento preventivo, en cumplimiento de los protocolos sanitarios, debido a que un colaborador result\u00f3 positivo por Covid-19, seg\u00fan inform\u00f3 el mismo en declaraciones radiales esta ma\u00f1ana al anunciar que cancelaba una visita a Carmen de Areco.<\/p>\n","protected":false},"author":3,"featured_media":0,"comment_status":"closed","ping_status":"open","sticky":false,"template":"","format":"standard","meta":{"footnotes":""},"categories":[24],"tags":[],"class_list":["post-47611","post","type-post","status-publish","format-standard","hentry","category-politica"],"yoast_head":"<!-- This site is optimized with the Yoast SEO plugin v25.9 - https:\/\/yoast.com\/wordpress\/plugins\/seo\/ -->\n<title>El gobernador Axel Kicillof est\u00e1 aislado preventivamente por un contacto estrecho con coronavirus. - Noticias Radio Reflejos<\/title>\n<meta name=\"robots\" content=\"index, follow, max-snippet:-1, max-image-preview:large, max-video-preview:-1\" \/>\n<link rel=\"canonical\" href=\"https:\/\/www.noticiasradioreflejos.com.ar\/2021\/el-gobernador-axel-kicillof-esta-aislado-preventivamente-por-un-contacto-estrecho-con-coronavirus\/\" \/>\n<meta property=\"og:locale\" content=\"es_ES\" \/>\n<meta property=\"og:type\" content=\"article\" \/>\n<meta property=\"og:title\" content=\"El gobernador Axel Kicillof est\u00e1 aislado preventivamente por un contacto estrecho con coronavirus. - Noticias Radio Reflejos\" \/>\n<meta property=\"og:description\" content=\"El gobernador bonaerense, Axel Kicillof, se encuentra en aislamiento preventivo, en cumplimiento de los protocolos sanitarios, debido a que un colaborador result\u00f3 positivo por Covid-19, seg\u00fan inform\u00f3 el mismo en declaraciones radiales esta ma\u00f1ana al anunciar que cancelaba una visita a Carmen de Areco.\" \/>\n<meta property=\"og:url\" content=\"https:\/\/www.noticiasradioreflejos.com.ar\/2021\/el-gobernador-axel-kicillof-esta-aislado-preventivamente-por-un-contacto-estrecho-con-coronavirus\/\" \/>\n<meta property=\"og:site_name\" content=\"Noticias Radio Reflejos\" \/>\n<meta property=\"article:published_time\" content=\"2020-10-02T21:08:01+00:00\" \/>\n<meta property=\"og:image\" content=\"https:\/\/www.noticiasradioreflejos.com.ar\/2021\/wp-content\/uploads\/2021\/07\/logosol300x200.png\" \/>\n\t<meta property=\"og:image:width\" content=\"300\" \/>\n\t<meta property=\"og:image:height\" content=\"200\" \/>\n\t<meta property=\"og:image:type\" content=\"image\/png\" \/>\n<meta name=\"author\" content=\"Arnaldo Botto\" \/>\n<meta name=\"twitter:card\" content=\"summary_large_image\" \/>\n<script type=\"application\/ld+json\" class=\"yoast-schema-graph\">{\"@context\":\"https:\/\/schema.org\",\"@graph\":[{\"@type\":\"WebPage\",\"@id\":\"https:\/\/www.noticiasradioreflejos.com.ar\/2021\/el-gobernador-axel-kicillof-esta-aislado-preventivamente-por-un-contacto-estrecho-con-coronavirus\/\",\"url\":\"https:\/\/www.noticiasradioreflejos.com.ar\/2021\/el-gobernador-axel-kicillof-esta-aislado-preventivamente-por-un-contacto-estrecho-con-coronavirus\/\",\"name\":\"El gobernador Axel Kicillof est\u00e1 aislado preventivamente por un contacto estrecho con coronavirus. - Noticias Radio Reflejos\",\"isPartOf\":{\"@id\":\"https:\/\/www.noticiasradioreflejos.com.ar\/2021\/#website\"},\"datePublished\":\"2020-10-02T21:08:01+00:00\",\"author\":{\"@id\":\"https:\/\/www.noticiasradioreflejos.com.ar\/2021\/#\/schema\/person\/ad82545263dcc5ec0996818884fd5fb1\"},\"breadcrumb\":{\"@id\":\"https:\/\/www.noticiasradioreflejos.com.ar\/2021\/el-gobernador-axel-kicillof-esta-aislado-preventivamente-por-un-contacto-estrecho-con-coronavirus\/#breadcrumb\"},\"inLanguage\":\"es\",\"potentialAction\":[{\"@type\":\"ReadAction\",\"target\":[\"https:\/\/www.noticiasradioreflejos.com.ar\/2021\/el-gobernador-axel-kicillof-esta-aislado-preventivamente-por-un-contacto-estrecho-con-coronavirus\/\"]}]},{\"@type\":\"BreadcrumbList\",\"@id\":\"https:\/\/www.noticiasradioreflejos.com.ar\/2021\/el-gobernador-axel-kicillof-esta-aislado-preventivamente-por-un-contacto-estrecho-con-coronavirus\/#breadcrumb\",\"itemListElement\":[{\"@type\":\"ListItem\",\"position\":1,\"name\":\"Portada\",\"item\":\"https:\/\/www.noticiasradioreflejos.com.ar\/2021\/\"},{\"@type\":\"ListItem\",\"position\":2,\"name\":\"El gobernador Axel Kicillof est\u00e1 aislado preventivamente por un contacto estrecho con coronavirus.\"}]},{\"@type\":\"WebSite\",\"@id\":\"https:\/\/www.noticiasradioreflejos.com.ar\/2021\/#website\",\"url\":\"https:\/\/www.noticiasradioreflejos.com.ar\/2021\/\",\"name\":\"Noticias Radio Reflejos\",\"description\":\"Las noticias de mi comarca\",\"potentialAction\":[{\"@type\":\"SearchAction\",\"target\":{\"@type\":\"EntryPoint\",\"urlTemplate\":\"https:\/\/www.noticiasradioreflejos.com.ar\/2021\/?s={search_term_string}\"},\"query-input\":{\"@type\":\"PropertyValueSpecification\",\"valueRequired\":true,\"valueName\":\"search_term_string\"}}],\"inLanguage\":\"es\"},{\"@type\":\"Person\",\"@id\":\"https:\/\/www.noticiasradioreflejos.com.ar\/2021\/#\/schema\/person\/ad82545263dcc5ec0996818884fd5fb1\",\"name\":\"Arnaldo Botto\",\"image\":{\"@type\":\"ImageObject\",\"inLanguage\":\"es\",\"@id\":\"https:\/\/www.noticiasradioreflejos.com.ar\/2021\/#\/schema\/person\/image\/\",\"url\":\"https:\/\/secure.gravatar.com\/avatar\/55cb5e37c1efa326397366e6974cb338056df65cb50e7d64d1cf314e87504837?s=96&d=mm&r=g\",\"contentUrl\":\"https:\/\/secure.gravatar.com\/avatar\/55cb5e37c1efa326397366e6974cb338056df65cb50e7d64d1cf314e87504837?s=96&d=mm&r=g\",\"caption\":\"Arnaldo Botto\"},\"url\":\"https:\/\/www.noticiasradioreflejos.com.ar\/2021\/author\/arnaldo\/\"}]}<\/script>\n<!-- \/ Yoast SEO plugin. -->","yoast_head_json":{"title":"El gobernador Axel Kicillof est\u00e1 aislado preventivamente por un contacto estrecho con coronavirus. - Noticias Radio Reflejos","robots":{"index":"index","follow":"follow","max-snippet":"max-snippet:-1","max-image-preview":"max-image-preview:large","max-video-preview":"max-video-preview:-1"},"canonical":"https:\/\/www.noticiasradioreflejos.com.ar\/2021\/el-gobernador-axel-kicillof-esta-aislado-preventivamente-por-un-contacto-estrecho-con-coronavirus\/","og_locale":"es_ES","og_type":"article","og_title":"El gobernador Axel Kicillof est\u00e1 aislado preventivamente por un contacto estrecho con coronavirus. - Noticias Radio Reflejos","og_description":"El gobernador bonaerense, Axel Kicillof, se encuentra en aislamiento preventivo, en cumplimiento de los protocolos sanitarios, debido a que un colaborador result\u00f3 positivo por Covid-19, seg\u00fan inform\u00f3 el mismo en declaraciones radiales esta ma\u00f1ana al anunciar que cancelaba una visita a Carmen de Areco.","og_url":"https:\/\/www.noticiasradioreflejos.com.ar\/2021\/el-gobernador-axel-kicillof-esta-aislado-preventivamente-por-un-contacto-estrecho-con-coronavirus\/","og_site_name":"Noticias Radio Reflejos","article_published_time":"2020-10-02T21:08:01+00:00","og_image":[{"width":300,"height":200,"url":"https:\/\/www.noticiasradioreflejos.com.ar\/2021\/wp-content\/uploads\/2021\/07\/logosol300x200.png","type":"image\/png"}],"author":"Arnaldo Botto","twitter_card":"summary_large_image","schema":{"@context":"https:\/\/schema.org","@graph":[{"@type":"WebPage","@id":"https:\/\/www.noticiasradioreflejos.com.ar\/2021\/el-gobernador-axel-kicillof-esta-aislado-preventivamente-por-un-contacto-estrecho-con-coronavirus\/","url":"https:\/\/www.noticiasradioreflejos.com.ar\/2021\/el-gobernador-axel-kicillof-esta-aislado-preventivamente-por-un-contacto-estrecho-con-coronavirus\/","name":"El gobernador Axel Kicillof est\u00e1 aislado preventivamente por un contacto estrecho con coronavirus. - Noticias Radio Reflejos","isPartOf":{"@id":"https:\/\/www.noticiasradioreflejos.com.ar\/2021\/#website"},"datePublished":"2020-10-02T21:08:01+00:00","author":{"@id":"https:\/\/www.noticiasradioreflejos.com.ar\/2021\/#\/schema\/person\/ad82545263dcc5ec0996818884fd5fb1"},"breadcrumb":{"@id":"https:\/\/www.noticiasradioreflejos.com.ar\/2021\/el-gobernador-axel-kicillof-esta-aislado-preventivamente-por-un-contacto-estrecho-con-coronavirus\/#breadcrumb"},"inLanguage":"es","potentialAction":[{"@type":"ReadAction","target":["https:\/\/www.noticiasradioreflejos.com.ar\/2021\/el-gobernador-axel-kicillof-esta-aislado-preventivamente-por-un-contacto-estrecho-con-coronavirus\/"]}]},{"@type":"BreadcrumbList","@id":"https:\/\/www.noticiasradioreflejos.com.ar\/2021\/el-gobernador-axel-kicillof-esta-aislado-preventivamente-por-un-contacto-estrecho-con-coronavirus\/#breadcrumb","itemListElement":[{"@type":"ListItem","position":1,"name":"Portada","item":"https:\/\/www.noticiasradioreflejos.com.ar\/2021\/"},{"@type":"ListItem","position":2,"name":"El gobernador Axel Kicillof est\u00e1 aislado preventivamente por un contacto estrecho con coronavirus."}]},{"@type":"WebSite","@id":"https:\/\/www.noticiasradioreflejos.com.ar\/2021\/#website","url":"https:\/\/www.noticiasradioreflejos.com.ar\/2021\/","name":"Noticias Radio Reflejos","description":"Las noticias de mi comarca","potentialAction":[{"@type":"SearchAction","target":{"@type":"EntryPoint","urlTemplate":"https:\/\/www.noticiasradioreflejos.com.ar\/2021\/?s={search_term_string}"},"query-input":{"@type":"PropertyValueSpecification","valueRequired":true,"valueName":"search_term_string"}}],"inLanguage":"es"},{"@type":"Person","@id":"https:\/\/www.noticiasradioreflejos.com.ar\/2021\/#\/schema\/person\/ad82545263dcc5ec0996818884fd5fb1","name":"Arnaldo Botto","image":{"@type":"ImageObject","inLanguage":"es","@id":"https:\/\/www.noticiasradioreflejos.com.ar\/2021\/#\/schema\/person\/image\/","url":"https:\/\/secure.gravatar.com\/avatar\/55cb5e37c1efa326397366e6974cb338056df65cb50e7d64d1cf314e87504837?s=96&d=mm&r=g","contentUrl":"https:\/\/secure.gravatar.com\/avatar\/55cb5e37c1efa326397366e6974cb338056df65cb50e7d64d1cf314e87504837?s=96&d=mm&r=g","caption":"Arnaldo Botto"},"url":"https:\/\/www.noticiasradioreflejos.com.ar\/2021\/author\/arnaldo\/"}]}},"_links":{"self":[{"href":"https:\/\/www.noticiasradioreflejos.com.ar\/2021\/wp-json\/wp\/v2\/posts\/47611","targetHints":{"allow":["GET"]}}],"collection":[{"href":"https:\/\/www.noticiasradioreflejos.com.ar\/2021\/wp-json\/wp\/v2\/posts"}],"about":[{"href":"https:\/\/www.noticiasradioreflejos.com.ar\/2021\/wp-json\/wp\/v2\/types\/post"}],"author":[{"embeddable":true,"href":"https:\/\/www.noticiasradioreflejos.com.ar\/2021\/wp-json\/wp\/v2\/users\/3"}],"replies":[{"embeddable":true,"href":"https:\/\/www.noticiasradioreflejos.com.ar\/2021\/wp-json\/wp\/v2\/comments?post=47611"}],"version-history":[{"count":0,"href":"https:\/\/www.noticiasradioreflejos.com.ar\/2021\/wp-json\/wp\/v2\/posts\/47611\/revisions"}],"wp:attachment":[{"href":"https:\/\/www.noticiasradioreflejos.com.ar\/2021\/wp-json\/wp\/v2\/media?parent=47611"}],"wp:term":[{"taxonomy":"category","embeddable":true,"href":"https:\/\/www.noticiasradioreflejos.com.ar\/2021\/wp-json\/wp\/v2\/categories?post=47611"},{"taxonomy":"post_tag","embeddable":true,"href":"https:\/\/www.noticiasradioreflejos.com.ar\/2021\/wp-json\/wp\/v2\/tags?post=47611"}],"curies":[{"name":"wp","href":"https:\/\/api.w.org\/{rel}","templated":true}]}}