{"id":47607,"date":"2020-10-02T17:54:11","date_gmt":"2020-10-02T20:54:11","guid":{"rendered":"http:\/\/www.noticiasradioreflejos.com.ar\/noticias\/?p=47607"},"modified":"2020-10-02T17:54:11","modified_gmt":"2020-10-02T20:54:11","slug":"con-unicef-se-realizo-la-primer-reunion-de-la-mesa-interministerial-para-el-desarrollo-infantil-temprano","status":"publish","type":"post","link":"https:\/\/www.noticiasradioreflejos.com.ar\/2021\/con-unicef-se-realizo-la-primer-reunion-de-la-mesa-interministerial-para-el-desarrollo-infantil-temprano\/","title":{"rendered":"Con UNICEF se realiz\u00f3 la primer reuni\u00f3n de la mesa Interministerial para el desarrollo infantil Temprano"},"content":{"rendered":"<p>Con la presencia del jefe de Gabinete de Ministros, Santiago Cafiero, referentes de ni\u00f1ez y autoridades de organismos internacionales, el Gobierno Nacional y UNICEF Argentina presentaron hoy en el Sal\u00f3n Norte de la Casa Rosada, un programa interministerial para abordar y activar medidas urgentes en materia de desarrollo infantil temprano.<br \/>\n<!--more--><\/p>\n<p>En el encuentro estuvieron presentes la directora ejecutiva de la ANSES, Fernanda Raverta; la presidenta del Consejo Nacional de Coordinaci\u00f3n de Pol\u00edticas Sociales, Victoria Tolosa Paz; la representante de UNICEF en Argentina, Luisa Brumana; la defensora nacional de Ni\u00f1os, Ni\u00f1as y Adolescentes, Marisa Graham y el secretario nacional de Ni\u00f1ez, Adolescencia y Familia del Ministerio de Desarrollo Social, Gabriel Lerner.<\/p>\n<p>Adem\u00e1s, por videoconferencia participaron Fabiola Ya\u00f1ez, primera dama y presidenta del Consejo Asesor del Programa Conjunto de Primera Infancia y Desarrollo Sostenible; Nicol\u00e1s Trotta, ministro de Educaci\u00f3n de la Naci\u00f3n; Trist\u00e1n Bauer, ministro de Cultura de la Naci\u00f3n y Marcela Losardo, ministra de Justicia y Derechos Humanos de la Naci\u00f3n.<\/p>\n<p>El jefe de Gabinete subray\u00f3 que \u201ccontamos con dos avances significativos que tienen que ver con la materialidad de la pol\u00edtica, que no son discursos sino hechos concretos\u201d. Y explic\u00f3: \u201cDespu\u00e9s de 14 a\u00f1os ya tenemos una defensora de los Ni\u00f1os, Ni\u00f1as y Adolescentes, que es Marisa Graham, con quien estamos trabajando para avanzar con todas las herramientas que necesite para llevar a cabo su tarea\u201d.<\/p>\n<p>\u201cPor otro lado -afirm\u00f3 Cafiero- quiero destacar que por primera vez hay un cap\u00edtulo en el presupuesto nacional, que incorpora la inversi\u00f3n del Estado para ni\u00f1os, ni\u00f1as y adolescentes, que es de 873 mil millones de pesos. Estamos hablando de casi dos puntos y medio del PBI en asistencia directa\u201d.<\/p>\n<p>Por su parte, Raverta plante\u00f3: \u201cEstamos atravesando una emergencia sanitaria que ha profundizado la emergencia social y econ\u00f3mica producto de la aplicaci\u00f3n de un modelo que, en los \u00faltimos 4 a\u00f1os, ha generado enormes grados de pobreza e indigencia en la Argentina\u201d. Y remarc\u00f3: \u201cPara afrontar la dif\u00edcil situaci\u00f3n, con la que nos encontramos al asumir como gobierno, se comenzaron a implementar distintas pol\u00edticas p\u00fablicas para abrazar a quienes m\u00e1s lo necesitan\u201d.<\/p>\n<p>\u201cSomos un Gobierno que cree que todas y todos debemos tener las mismas oportunidades y que esas oportunidades se generan y se construyen desde el Estado\u201d, agreg\u00f3 la directora ejecutiva de la ANSES.<\/p>\n<p>A su turno, Victoria Tolosa Paz dijo que \u201cla pobreza en la Argentina tiene rostro de ni\u00f1ez y de mujer\u201d, y valor\u00f3 que esas realidades tengan un correlato en el presupuesto, \u201cde un modo concreto y transparente, para que todos los argentinos y argentinas seamos los encargados de resguardar esos derechos\u201d.<\/p>\n<p>\u201cCreemos que esta mesa interministerial refleja el compromiso del gobierno, siempre y cuando se de en articulaci\u00f3n con la sociedad civil. Hoy en Argentina hay una conexi\u00f3n territorial que se da y que encuentra a un Estado que vuelve a contener, a articular, y sostener lo que para nosotros son las pol\u00edticas m\u00e1s importantes de este gobierno\u201d, enfatiz\u00f3 Tolosa Paz.<\/p>\n<p> Asimismo, la representante de UNICEF en Argentina, Luisa Brumana, agradeci\u00f3 la conformaci\u00f3n de este espacio \u201cpara poder garantizar a cada ni\u00f1a y ni\u00f1o el mejor comienzo en el pleno ejercicio de sus derechos\u201d, mientras que Marisa Graham calific\u00f3 como muy positiva la reuni\u00f3n y detall\u00f3 que \u201cnos importa much\u00edsimo que en el presupuesto 2021 se refleje con tanta claridad que va a haber una gran inversi\u00f3n en educaci\u00f3n, sobre todo en la construcci\u00f3n de jardines de infantes\u201d.<\/p>\n<p>La iniciativa propone generar un marco de consenso y di\u00e1logo para reforzar el sistema de protecci\u00f3n social dirigido a los ni\u00f1os, ni\u00f1as y adolescentes, gestantes y cuidadores primarios, optimizando as\u00ed los recursos del Estado mediante la articulaci\u00f3n y la coordinaci\u00f3n de todos los actores.<\/p>\n<p>Entre otras l\u00edneas de acci\u00f3n, prev\u00e9 una intervenci\u00f3n directa en 200 municipios con m\u00e1s derechos vulnerados a fin de disminuir la brecha de equidad. Asimismo, pondr\u00e1 el foco en la salud integral, ps\u00edquica, mental y vincular; en las condiciones para garantizar la crianza; en el cuidado y evaluaci\u00f3n para el desarrollo; y en la promoci\u00f3n de derechos e identidad con perspectiva de g\u00e9nero.<\/p>\n","protected":false},"excerpt":{"rendered":"<p>Con la presencia del jefe de Gabinete de Ministros, Santiago Cafiero, referentes de ni\u00f1ez y autoridades de organismos internacionales, el Gobierno Nacional y UNICEF Argentina presentaron hoy en el Sal\u00f3n Norte de la Casa Rosada, un programa interministerial para abordar y activar medidas urgentes en materia de desarrollo infantil temprano.<\/p>\n","protected":false},"author":3,"featured_media":0,"comment_status":"closed","ping_status":"open","sticky":false,"template":"","format":"standard","meta":{"footnotes":""},"categories":[24],"tags":[],"class_list":["post-47607","post","type-post","status-publish","format-standard","hentry","category-politica"],"yoast_head":"<!-- This site is optimized with the Yoast SEO plugin v25.9 - https:\/\/yoast.com\/wordpress\/plugins\/seo\/ -->\n<title>Con UNICEF se realiz\u00f3 la primer reuni\u00f3n de la mesa Interministerial para el desarrollo infantil Temprano - Noticias Radio Reflejos<\/title>\n<meta name=\"robots\" content=\"index, follow, max-snippet:-1, max-image-preview:large, max-video-preview:-1\" \/>\n<link rel=\"canonical\" href=\"https:\/\/www.noticiasradioreflejos.com.ar\/2021\/con-unicef-se-realizo-la-primer-reunion-de-la-mesa-interministerial-para-el-desarrollo-infantil-temprano\/\" \/>\n<meta property=\"og:locale\" content=\"es_ES\" \/>\n<meta property=\"og:type\" content=\"article\" \/>\n<meta property=\"og:title\" content=\"Con UNICEF se realiz\u00f3 la primer reuni\u00f3n de la mesa Interministerial para el desarrollo infantil Temprano - Noticias Radio Reflejos\" \/>\n<meta property=\"og:description\" content=\"Con la presencia del jefe de Gabinete de Ministros, Santiago Cafiero, referentes de ni\u00f1ez y autoridades de organismos internacionales, el Gobierno Nacional y UNICEF Argentina presentaron hoy en el Sal\u00f3n Norte de la Casa Rosada, un programa interministerial para abordar y activar medidas urgentes en materia de desarrollo infantil temprano.\" \/>\n<meta property=\"og:url\" content=\"https:\/\/www.noticiasradioreflejos.com.ar\/2021\/con-unicef-se-realizo-la-primer-reunion-de-la-mesa-interministerial-para-el-desarrollo-infantil-temprano\/\" \/>\n<meta property=\"og:site_name\" content=\"Noticias Radio Reflejos\" \/>\n<meta property=\"article:published_time\" content=\"2020-10-02T20:54:11+00:00\" \/>\n<meta property=\"og:image\" content=\"https:\/\/www.noticiasradioreflejos.com.ar\/2021\/wp-content\/uploads\/2021\/07\/logosol300x200.png\" \/>\n\t<meta property=\"og:image:width\" content=\"300\" \/>\n\t<meta property=\"og:image:height\" content=\"200\" \/>\n\t<meta property=\"og:image:type\" content=\"image\/png\" \/>\n<meta name=\"author\" content=\"Arnaldo Botto\" \/>\n<meta name=\"twitter:card\" content=\"summary_large_image\" \/>\n<script type=\"application\/ld+json\" class=\"yoast-schema-graph\">{\"@context\":\"https:\/\/schema.org\",\"@graph\":[{\"@type\":\"WebPage\",\"@id\":\"https:\/\/www.noticiasradioreflejos.com.ar\/2021\/con-unicef-se-realizo-la-primer-reunion-de-la-mesa-interministerial-para-el-desarrollo-infantil-temprano\/\",\"url\":\"https:\/\/www.noticiasradioreflejos.com.ar\/2021\/con-unicef-se-realizo-la-primer-reunion-de-la-mesa-interministerial-para-el-desarrollo-infantil-temprano\/\",\"name\":\"Con UNICEF se realiz\u00f3 la primer reuni\u00f3n de la mesa Interministerial para el desarrollo infantil Temprano - Noticias Radio Reflejos\",\"isPartOf\":{\"@id\":\"https:\/\/www.noticiasradioreflejos.com.ar\/2021\/#website\"},\"datePublished\":\"2020-10-02T20:54:11+00:00\",\"author\":{\"@id\":\"https:\/\/www.noticiasradioreflejos.com.ar\/2021\/#\/schema\/person\/ad82545263dcc5ec0996818884fd5fb1\"},\"breadcrumb\":{\"@id\":\"https:\/\/www.noticiasradioreflejos.com.ar\/2021\/con-unicef-se-realizo-la-primer-reunion-de-la-mesa-interministerial-para-el-desarrollo-infantil-temprano\/#breadcrumb\"},\"inLanguage\":\"es\",\"potentialAction\":[{\"@type\":\"ReadAction\",\"target\":[\"https:\/\/www.noticiasradioreflejos.com.ar\/2021\/con-unicef-se-realizo-la-primer-reunion-de-la-mesa-interministerial-para-el-desarrollo-infantil-temprano\/\"]}]},{\"@type\":\"BreadcrumbList\",\"@id\":\"https:\/\/www.noticiasradioreflejos.com.ar\/2021\/con-unicef-se-realizo-la-primer-reunion-de-la-mesa-interministerial-para-el-desarrollo-infantil-temprano\/#breadcrumb\",\"itemListElement\":[{\"@type\":\"ListItem\",\"position\":1,\"name\":\"Portada\",\"item\":\"https:\/\/www.noticiasradioreflejos.com.ar\/2021\/\"},{\"@type\":\"ListItem\",\"position\":2,\"name\":\"Con UNICEF se realiz\u00f3 la primer reuni\u00f3n de la mesa Interministerial para el desarrollo infantil Temprano\"}]},{\"@type\":\"WebSite\",\"@id\":\"https:\/\/www.noticiasradioreflejos.com.ar\/2021\/#website\",\"url\":\"https:\/\/www.noticiasradioreflejos.com.ar\/2021\/\",\"name\":\"Noticias Radio Reflejos\",\"description\":\"Las noticias de mi comarca\",\"potentialAction\":[{\"@type\":\"SearchAction\",\"target\":{\"@type\":\"EntryPoint\",\"urlTemplate\":\"https:\/\/www.noticiasradioreflejos.com.ar\/2021\/?s={search_term_string}\"},\"query-input\":{\"@type\":\"PropertyValueSpecification\",\"valueRequired\":true,\"valueName\":\"search_term_string\"}}],\"inLanguage\":\"es\"},{\"@type\":\"Person\",\"@id\":\"https:\/\/www.noticiasradioreflejos.com.ar\/2021\/#\/schema\/person\/ad82545263dcc5ec0996818884fd5fb1\",\"name\":\"Arnaldo Botto\",\"image\":{\"@type\":\"ImageObject\",\"inLanguage\":\"es\",\"@id\":\"https:\/\/www.noticiasradioreflejos.com.ar\/2021\/#\/schema\/person\/image\/\",\"url\":\"https:\/\/secure.gravatar.com\/avatar\/55cb5e37c1efa326397366e6974cb338056df65cb50e7d64d1cf314e87504837?s=96&d=mm&r=g\",\"contentUrl\":\"https:\/\/secure.gravatar.com\/avatar\/55cb5e37c1efa326397366e6974cb338056df65cb50e7d64d1cf314e87504837?s=96&d=mm&r=g\",\"caption\":\"Arnaldo Botto\"},\"url\":\"https:\/\/www.noticiasradioreflejos.com.ar\/2021\/author\/arnaldo\/\"}]}<\/script>\n<!-- \/ Yoast SEO plugin. -->","yoast_head_json":{"title":"Con UNICEF se realiz\u00f3 la primer reuni\u00f3n de la mesa Interministerial para el desarrollo infantil Temprano - Noticias Radio Reflejos","robots":{"index":"index","follow":"follow","max-snippet":"max-snippet:-1","max-image-preview":"max-image-preview:large","max-video-preview":"max-video-preview:-1"},"canonical":"https:\/\/www.noticiasradioreflejos.com.ar\/2021\/con-unicef-se-realizo-la-primer-reunion-de-la-mesa-interministerial-para-el-desarrollo-infantil-temprano\/","og_locale":"es_ES","og_type":"article","og_title":"Con UNICEF se realiz\u00f3 la primer reuni\u00f3n de la mesa Interministerial para el desarrollo infantil Temprano - Noticias Radio Reflejos","og_description":"Con la presencia del jefe de Gabinete de Ministros, Santiago Cafiero, referentes de ni\u00f1ez y autoridades de organismos internacionales, el Gobierno Nacional y UNICEF Argentina presentaron hoy en el Sal\u00f3n Norte de la Casa Rosada, un programa interministerial para abordar y activar medidas urgentes en materia de desarrollo infantil temprano.","og_url":"https:\/\/www.noticiasradioreflejos.com.ar\/2021\/con-unicef-se-realizo-la-primer-reunion-de-la-mesa-interministerial-para-el-desarrollo-infantil-temprano\/","og_site_name":"Noticias Radio Reflejos","article_published_time":"2020-10-02T20:54:11+00:00","og_image":[{"width":300,"height":200,"url":"https:\/\/www.noticiasradioreflejos.com.ar\/2021\/wp-content\/uploads\/2021\/07\/logosol300x200.png","type":"image\/png"}],"author":"Arnaldo Botto","twitter_card":"summary_large_image","schema":{"@context":"https:\/\/schema.org","@graph":[{"@type":"WebPage","@id":"https:\/\/www.noticiasradioreflejos.com.ar\/2021\/con-unicef-se-realizo-la-primer-reunion-de-la-mesa-interministerial-para-el-desarrollo-infantil-temprano\/","url":"https:\/\/www.noticiasradioreflejos.com.ar\/2021\/con-unicef-se-realizo-la-primer-reunion-de-la-mesa-interministerial-para-el-desarrollo-infantil-temprano\/","name":"Con UNICEF se realiz\u00f3 la primer reuni\u00f3n de la mesa Interministerial para el desarrollo infantil Temprano - Noticias Radio Reflejos","isPartOf":{"@id":"https:\/\/www.noticiasradioreflejos.com.ar\/2021\/#website"},"datePublished":"2020-10-02T20:54:11+00:00","author":{"@id":"https:\/\/www.noticiasradioreflejos.com.ar\/2021\/#\/schema\/person\/ad82545263dcc5ec0996818884fd5fb1"},"breadcrumb":{"@id":"https:\/\/www.noticiasradioreflejos.com.ar\/2021\/con-unicef-se-realizo-la-primer-reunion-de-la-mesa-interministerial-para-el-desarrollo-infantil-temprano\/#breadcrumb"},"inLanguage":"es","potentialAction":[{"@type":"ReadAction","target":["https:\/\/www.noticiasradioreflejos.com.ar\/2021\/con-unicef-se-realizo-la-primer-reunion-de-la-mesa-interministerial-para-el-desarrollo-infantil-temprano\/"]}]},{"@type":"BreadcrumbList","@id":"https:\/\/www.noticiasradioreflejos.com.ar\/2021\/con-unicef-se-realizo-la-primer-reunion-de-la-mesa-interministerial-para-el-desarrollo-infantil-temprano\/#breadcrumb","itemListElement":[{"@type":"ListItem","position":1,"name":"Portada","item":"https:\/\/www.noticiasradioreflejos.com.ar\/2021\/"},{"@type":"ListItem","position":2,"name":"Con UNICEF se realiz\u00f3 la primer reuni\u00f3n de la mesa Interministerial para el desarrollo infantil Temprano"}]},{"@type":"WebSite","@id":"https:\/\/www.noticiasradioreflejos.com.ar\/2021\/#website","url":"https:\/\/www.noticiasradioreflejos.com.ar\/2021\/","name":"Noticias Radio Reflejos","description":"Las noticias de mi comarca","potentialAction":[{"@type":"SearchAction","target":{"@type":"EntryPoint","urlTemplate":"https:\/\/www.noticiasradioreflejos.com.ar\/2021\/?s={search_term_string}"},"query-input":{"@type":"PropertyValueSpecification","valueRequired":true,"valueName":"search_term_string"}}],"inLanguage":"es"},{"@type":"Person","@id":"https:\/\/www.noticiasradioreflejos.com.ar\/2021\/#\/schema\/person\/ad82545263dcc5ec0996818884fd5fb1","name":"Arnaldo Botto","image":{"@type":"ImageObject","inLanguage":"es","@id":"https:\/\/www.noticiasradioreflejos.com.ar\/2021\/#\/schema\/person\/image\/","url":"https:\/\/secure.gravatar.com\/avatar\/55cb5e37c1efa326397366e6974cb338056df65cb50e7d64d1cf314e87504837?s=96&d=mm&r=g","contentUrl":"https:\/\/secure.gravatar.com\/avatar\/55cb5e37c1efa326397366e6974cb338056df65cb50e7d64d1cf314e87504837?s=96&d=mm&r=g","caption":"Arnaldo Botto"},"url":"https:\/\/www.noticiasradioreflejos.com.ar\/2021\/author\/arnaldo\/"}]}},"_links":{"self":[{"href":"https:\/\/www.noticiasradioreflejos.com.ar\/2021\/wp-json\/wp\/v2\/posts\/47607","targetHints":{"allow":["GET"]}}],"collection":[{"href":"https:\/\/www.noticiasradioreflejos.com.ar\/2021\/wp-json\/wp\/v2\/posts"}],"about":[{"href":"https:\/\/www.noticiasradioreflejos.com.ar\/2021\/wp-json\/wp\/v2\/types\/post"}],"author":[{"embeddable":true,"href":"https:\/\/www.noticiasradioreflejos.com.ar\/2021\/wp-json\/wp\/v2\/users\/3"}],"replies":[{"embeddable":true,"href":"https:\/\/www.noticiasradioreflejos.com.ar\/2021\/wp-json\/wp\/v2\/comments?post=47607"}],"version-history":[{"count":0,"href":"https:\/\/www.noticiasradioreflejos.com.ar\/2021\/wp-json\/wp\/v2\/posts\/47607\/revisions"}],"wp:attachment":[{"href":"https:\/\/www.noticiasradioreflejos.com.ar\/2021\/wp-json\/wp\/v2\/media?parent=47607"}],"wp:term":[{"taxonomy":"category","embeddable":true,"href":"https:\/\/www.noticiasradioreflejos.com.ar\/2021\/wp-json\/wp\/v2\/categories?post=47607"},{"taxonomy":"post_tag","embeddable":true,"href":"https:\/\/www.noticiasradioreflejos.com.ar\/2021\/wp-json\/wp\/v2\/tags?post=47607"}],"curies":[{"name":"wp","href":"https:\/\/api.w.org\/{rel}","templated":true}]}}