{"id":47582,"date":"2020-10-02T13:42:19","date_gmt":"2020-10-02T16:42:19","guid":{"rendered":"http:\/\/www.noticiasradioreflejos.com.ar\/noticias\/?p=47582"},"modified":"2020-10-02T13:42:19","modified_gmt":"2020-10-02T16:42:19","slug":"solicitud-de-conformacion-de-un-comite-de-crisis","status":"publish","type":"post","link":"https:\/\/www.noticiasradioreflejos.com.ar\/2021\/solicitud-de-conformacion-de-un-comite-de-crisis\/","title":{"rendered":"Solicitud de Conformaci\u00f3n de un Comit\u00e9 de Crisis"},"content":{"rendered":"<p>Los Concejales del Frente de Todos y Frente Justicialista Cumplir solicitan mediante la siguiente carta la conformaci\u00f3n de un Comit\u00e9 de Crisis para el partido de Tornquist frente al disparo de contagios que est\u00e1 atravesando principalmente la localidad cabecera del partido.<!--more--><\/p>\n<p>Sr. Intendente Municipal<br \/>\n     Sergio  Bordoni<br \/>\n               S\/D<\/p>\n<p>De nuestra consideraci\u00f3n:<\/p>\n<p>Nos dirigimos a Ud. A fin de solicitarle se conforme de manera urgente y formal el Comit\u00e9 de Crisis para la emergencia sanitaria producida por el virus Covid-19 y resolver de manera conjunta las acciones a llevar a cabo y no recaiga toda la decisi\u00f3n sobre su persona.<br \/>\n\tEsta solicitud se realiz\u00f3 oportunamente al inicio de esta pandemia en marzo del 2020. El 27 de marzo del corriente a\u00f1o se cre\u00f3 un grupo de Whatssapp que en un principio funcion\u00f3 a modo consultivo e informativo.<br \/>\n   Debido a la creciente cantidad de contagios de Covid \u2013 19 que se vienen produciendo en el distrito, especialmente en la localidad de Tornquist, desde el 7 de agosto del corriente, situaci\u00f3n que genera preocupaci\u00f3n en una gran parte de la sociedad.<br \/>\n\tTeniendo en cuenta que a la fecha no contamos con Secretario de Salud designado luego de la renuncia del Dr. Miguel Pagnotta el 31 de agosto del 2020 y que el personal de salud est\u00e1 trabajando incansablemente para atender la emergencia y siendo necesario tomar medidas inmediatas para evitar que sigan propag\u00e1ndose los contagios as\u00ed como profundizar los controles para el estricto cumplimiento de los protocolos y medidas de prevenci\u00f3n en todos los \u00e1mbitos; efectuamos nuevamente esta solicitud.<br \/>\n\tQuedamos a la espera de su respuesta y nos ponemos a disposici\u00f3n para la elaboraci\u00f3n de dicho Comit\u00e9 de Crisis; como desde un primer momento, firmes en la convicci\u00f3n de que la salida es con TODOS.<\/p>\n<p>Concejales del Frente de Todos y Frente Justicialista Cumplir.<\/p>\n<p>A continuaci\u00f3n, se adjunta la solicitud f\u00edsica.<br \/>\n<a href=\"http:\/\/www.noticiasradioreflejos.com.ar\/noticias\/wp-content\/uploads\/2020\/10\/comite-de-crisis.jpg\"><img loading=\"lazy\" decoding=\"async\" src=\"http:\/\/www.noticiasradioreflejos.com.ar\/noticias\/wp-content\/uploads\/2020\/10\/comite-de-crisis-636x1024.jpg\" alt=\"comite de crisis\" width=\"636\" height=\"1024\" class=\"alignleft size-large wp-image-47583\" \/><\/a><\/p>\n","protected":false},"excerpt":{"rendered":"<p>Los Concejales del Frente de Todos y Frente Justicialista Cumplir solicitan mediante la siguiente carta la conformaci\u00f3n de un Comit\u00e9 de Crisis para el partido de Tornquist frente al disparo de contagios que est\u00e1 atravesando principalmente la localidad cabecera del partido.<\/p>\n","protected":false},"author":3,"featured_media":0,"comment_status":"closed","ping_status":"open","sticky":false,"template":"","format":"standard","meta":{"footnotes":""},"categories":[26],"tags":[],"class_list":["post-47582","post","type-post","status-publish","format-standard","hentry","category-sociedad"],"yoast_head":"<!-- This site is optimized with the Yoast SEO plugin v25.9 - https:\/\/yoast.com\/wordpress\/plugins\/seo\/ -->\n<title>Solicitud de Conformaci\u00f3n de un Comit\u00e9 de Crisis - Noticias Radio Reflejos<\/title>\n<meta name=\"robots\" content=\"index, follow, max-snippet:-1, max-image-preview:large, max-video-preview:-1\" \/>\n<link rel=\"canonical\" href=\"https:\/\/www.noticiasradioreflejos.com.ar\/2021\/solicitud-de-conformacion-de-un-comite-de-crisis\/\" \/>\n<meta property=\"og:locale\" content=\"es_ES\" \/>\n<meta property=\"og:type\" content=\"article\" \/>\n<meta property=\"og:title\" content=\"Solicitud de Conformaci\u00f3n de un Comit\u00e9 de Crisis - Noticias Radio Reflejos\" \/>\n<meta property=\"og:description\" content=\"Los Concejales del Frente de Todos y Frente Justicialista Cumplir solicitan mediante la siguiente carta la conformaci\u00f3n de un Comit\u00e9 de Crisis para el partido de Tornquist frente al disparo de contagios que est\u00e1 atravesando principalmente la localidad cabecera del partido.\" \/>\n<meta property=\"og:url\" content=\"https:\/\/www.noticiasradioreflejos.com.ar\/2021\/solicitud-de-conformacion-de-un-comite-de-crisis\/\" \/>\n<meta property=\"og:site_name\" content=\"Noticias Radio Reflejos\" \/>\n<meta property=\"article:published_time\" content=\"2020-10-02T16:42:19+00:00\" \/>\n<meta property=\"og:image\" content=\"https:\/\/www.noticiasradioreflejos.com.ar\/2021\/wp-content\/uploads\/2021\/07\/logosol300x200.png\" \/>\n\t<meta property=\"og:image:width\" content=\"300\" \/>\n\t<meta property=\"og:image:height\" content=\"200\" \/>\n\t<meta property=\"og:image:type\" content=\"image\/png\" \/>\n<meta name=\"author\" content=\"Arnaldo Botto\" \/>\n<meta name=\"twitter:card\" content=\"summary_large_image\" \/>\n<script type=\"application\/ld+json\" class=\"yoast-schema-graph\">{\"@context\":\"https:\/\/schema.org\",\"@graph\":[{\"@type\":\"WebPage\",\"@id\":\"https:\/\/www.noticiasradioreflejos.com.ar\/2021\/solicitud-de-conformacion-de-un-comite-de-crisis\/\",\"url\":\"https:\/\/www.noticiasradioreflejos.com.ar\/2021\/solicitud-de-conformacion-de-un-comite-de-crisis\/\",\"name\":\"Solicitud de Conformaci\u00f3n de un Comit\u00e9 de Crisis - Noticias Radio Reflejos\",\"isPartOf\":{\"@id\":\"https:\/\/www.noticiasradioreflejos.com.ar\/2021\/#website\"},\"primaryImageOfPage\":{\"@id\":\"https:\/\/www.noticiasradioreflejos.com.ar\/2021\/solicitud-de-conformacion-de-un-comite-de-crisis\/#primaryimage\"},\"image\":{\"@id\":\"https:\/\/www.noticiasradioreflejos.com.ar\/2021\/solicitud-de-conformacion-de-un-comite-de-crisis\/#primaryimage\"},\"thumbnailUrl\":\"http:\/\/www.noticiasradioreflejos.com.ar\/noticias\/wp-content\/uploads\/2020\/10\/comite-de-crisis-636x1024.jpg\",\"datePublished\":\"2020-10-02T16:42:19+00:00\",\"author\":{\"@id\":\"https:\/\/www.noticiasradioreflejos.com.ar\/2021\/#\/schema\/person\/ad82545263dcc5ec0996818884fd5fb1\"},\"breadcrumb\":{\"@id\":\"https:\/\/www.noticiasradioreflejos.com.ar\/2021\/solicitud-de-conformacion-de-un-comite-de-crisis\/#breadcrumb\"},\"inLanguage\":\"es\",\"potentialAction\":[{\"@type\":\"ReadAction\",\"target\":[\"https:\/\/www.noticiasradioreflejos.com.ar\/2021\/solicitud-de-conformacion-de-un-comite-de-crisis\/\"]}]},{\"@type\":\"ImageObject\",\"inLanguage\":\"es\",\"@id\":\"https:\/\/www.noticiasradioreflejos.com.ar\/2021\/solicitud-de-conformacion-de-un-comite-de-crisis\/#primaryimage\",\"url\":\"http:\/\/www.noticiasradioreflejos.com.ar\/noticias\/wp-content\/uploads\/2020\/10\/comite-de-crisis-636x1024.jpg\",\"contentUrl\":\"http:\/\/www.noticiasradioreflejos.com.ar\/noticias\/wp-content\/uploads\/2020\/10\/comite-de-crisis-636x1024.jpg\"},{\"@type\":\"BreadcrumbList\",\"@id\":\"https:\/\/www.noticiasradioreflejos.com.ar\/2021\/solicitud-de-conformacion-de-un-comite-de-crisis\/#breadcrumb\",\"itemListElement\":[{\"@type\":\"ListItem\",\"position\":1,\"name\":\"Portada\",\"item\":\"https:\/\/www.noticiasradioreflejos.com.ar\/2021\/\"},{\"@type\":\"ListItem\",\"position\":2,\"name\":\"Solicitud de Conformaci\u00f3n de un Comit\u00e9 de Crisis\"}]},{\"@type\":\"WebSite\",\"@id\":\"https:\/\/www.noticiasradioreflejos.com.ar\/2021\/#website\",\"url\":\"https:\/\/www.noticiasradioreflejos.com.ar\/2021\/\",\"name\":\"Noticias Radio Reflejos\",\"description\":\"Las noticias de mi comarca\",\"potentialAction\":[{\"@type\":\"SearchAction\",\"target\":{\"@type\":\"EntryPoint\",\"urlTemplate\":\"https:\/\/www.noticiasradioreflejos.com.ar\/2021\/?s={search_term_string}\"},\"query-input\":{\"@type\":\"PropertyValueSpecification\",\"valueRequired\":true,\"valueName\":\"search_term_string\"}}],\"inLanguage\":\"es\"},{\"@type\":\"Person\",\"@id\":\"https:\/\/www.noticiasradioreflejos.com.ar\/2021\/#\/schema\/person\/ad82545263dcc5ec0996818884fd5fb1\",\"name\":\"Arnaldo Botto\",\"image\":{\"@type\":\"ImageObject\",\"inLanguage\":\"es\",\"@id\":\"https:\/\/www.noticiasradioreflejos.com.ar\/2021\/#\/schema\/person\/image\/\",\"url\":\"https:\/\/secure.gravatar.com\/avatar\/55cb5e37c1efa326397366e6974cb338056df65cb50e7d64d1cf314e87504837?s=96&d=mm&r=g\",\"contentUrl\":\"https:\/\/secure.gravatar.com\/avatar\/55cb5e37c1efa326397366e6974cb338056df65cb50e7d64d1cf314e87504837?s=96&d=mm&r=g\",\"caption\":\"Arnaldo Botto\"},\"url\":\"https:\/\/www.noticiasradioreflejos.com.ar\/2021\/author\/arnaldo\/\"}]}<\/script>\n<!-- \/ Yoast SEO plugin. -->","yoast_head_json":{"title":"Solicitud de Conformaci\u00f3n de un Comit\u00e9 de Crisis - Noticias Radio Reflejos","robots":{"index":"index","follow":"follow","max-snippet":"max-snippet:-1","max-image-preview":"max-image-preview:large","max-video-preview":"max-video-preview:-1"},"canonical":"https:\/\/www.noticiasradioreflejos.com.ar\/2021\/solicitud-de-conformacion-de-un-comite-de-crisis\/","og_locale":"es_ES","og_type":"article","og_title":"Solicitud de Conformaci\u00f3n de un Comit\u00e9 de Crisis - Noticias Radio Reflejos","og_description":"Los Concejales del Frente de Todos y Frente Justicialista Cumplir solicitan mediante la siguiente carta la conformaci\u00f3n de un Comit\u00e9 de Crisis para el partido de Tornquist frente al disparo de contagios que est\u00e1 atravesando principalmente la localidad cabecera del partido.","og_url":"https:\/\/www.noticiasradioreflejos.com.ar\/2021\/solicitud-de-conformacion-de-un-comite-de-crisis\/","og_site_name":"Noticias Radio Reflejos","article_published_time":"2020-10-02T16:42:19+00:00","og_image":[{"width":300,"height":200,"url":"https:\/\/www.noticiasradioreflejos.com.ar\/2021\/wp-content\/uploads\/2021\/07\/logosol300x200.png","type":"image\/png"}],"author":"Arnaldo Botto","twitter_card":"summary_large_image","schema":{"@context":"https:\/\/schema.org","@graph":[{"@type":"WebPage","@id":"https:\/\/www.noticiasradioreflejos.com.ar\/2021\/solicitud-de-conformacion-de-un-comite-de-crisis\/","url":"https:\/\/www.noticiasradioreflejos.com.ar\/2021\/solicitud-de-conformacion-de-un-comite-de-crisis\/","name":"Solicitud de Conformaci\u00f3n de un Comit\u00e9 de Crisis - Noticias Radio Reflejos","isPartOf":{"@id":"https:\/\/www.noticiasradioreflejos.com.ar\/2021\/#website"},"primaryImageOfPage":{"@id":"https:\/\/www.noticiasradioreflejos.com.ar\/2021\/solicitud-de-conformacion-de-un-comite-de-crisis\/#primaryimage"},"image":{"@id":"https:\/\/www.noticiasradioreflejos.com.ar\/2021\/solicitud-de-conformacion-de-un-comite-de-crisis\/#primaryimage"},"thumbnailUrl":"http:\/\/www.noticiasradioreflejos.com.ar\/noticias\/wp-content\/uploads\/2020\/10\/comite-de-crisis-636x1024.jpg","datePublished":"2020-10-02T16:42:19+00:00","author":{"@id":"https:\/\/www.noticiasradioreflejos.com.ar\/2021\/#\/schema\/person\/ad82545263dcc5ec0996818884fd5fb1"},"breadcrumb":{"@id":"https:\/\/www.noticiasradioreflejos.com.ar\/2021\/solicitud-de-conformacion-de-un-comite-de-crisis\/#breadcrumb"},"inLanguage":"es","potentialAction":[{"@type":"ReadAction","target":["https:\/\/www.noticiasradioreflejos.com.ar\/2021\/solicitud-de-conformacion-de-un-comite-de-crisis\/"]}]},{"@type":"ImageObject","inLanguage":"es","@id":"https:\/\/www.noticiasradioreflejos.com.ar\/2021\/solicitud-de-conformacion-de-un-comite-de-crisis\/#primaryimage","url":"http:\/\/www.noticiasradioreflejos.com.ar\/noticias\/wp-content\/uploads\/2020\/10\/comite-de-crisis-636x1024.jpg","contentUrl":"http:\/\/www.noticiasradioreflejos.com.ar\/noticias\/wp-content\/uploads\/2020\/10\/comite-de-crisis-636x1024.jpg"},{"@type":"BreadcrumbList","@id":"https:\/\/www.noticiasradioreflejos.com.ar\/2021\/solicitud-de-conformacion-de-un-comite-de-crisis\/#breadcrumb","itemListElement":[{"@type":"ListItem","position":1,"name":"Portada","item":"https:\/\/www.noticiasradioreflejos.com.ar\/2021\/"},{"@type":"ListItem","position":2,"name":"Solicitud de Conformaci\u00f3n de un Comit\u00e9 de Crisis"}]},{"@type":"WebSite","@id":"https:\/\/www.noticiasradioreflejos.com.ar\/2021\/#website","url":"https:\/\/www.noticiasradioreflejos.com.ar\/2021\/","name":"Noticias Radio Reflejos","description":"Las noticias de mi comarca","potentialAction":[{"@type":"SearchAction","target":{"@type":"EntryPoint","urlTemplate":"https:\/\/www.noticiasradioreflejos.com.ar\/2021\/?s={search_term_string}"},"query-input":{"@type":"PropertyValueSpecification","valueRequired":true,"valueName":"search_term_string"}}],"inLanguage":"es"},{"@type":"Person","@id":"https:\/\/www.noticiasradioreflejos.com.ar\/2021\/#\/schema\/person\/ad82545263dcc5ec0996818884fd5fb1","name":"Arnaldo Botto","image":{"@type":"ImageObject","inLanguage":"es","@id":"https:\/\/www.noticiasradioreflejos.com.ar\/2021\/#\/schema\/person\/image\/","url":"https:\/\/secure.gravatar.com\/avatar\/55cb5e37c1efa326397366e6974cb338056df65cb50e7d64d1cf314e87504837?s=96&d=mm&r=g","contentUrl":"https:\/\/secure.gravatar.com\/avatar\/55cb5e37c1efa326397366e6974cb338056df65cb50e7d64d1cf314e87504837?s=96&d=mm&r=g","caption":"Arnaldo Botto"},"url":"https:\/\/www.noticiasradioreflejos.com.ar\/2021\/author\/arnaldo\/"}]}},"_links":{"self":[{"href":"https:\/\/www.noticiasradioreflejos.com.ar\/2021\/wp-json\/wp\/v2\/posts\/47582","targetHints":{"allow":["GET"]}}],"collection":[{"href":"https:\/\/www.noticiasradioreflejos.com.ar\/2021\/wp-json\/wp\/v2\/posts"}],"about":[{"href":"https:\/\/www.noticiasradioreflejos.com.ar\/2021\/wp-json\/wp\/v2\/types\/post"}],"author":[{"embeddable":true,"href":"https:\/\/www.noticiasradioreflejos.com.ar\/2021\/wp-json\/wp\/v2\/users\/3"}],"replies":[{"embeddable":true,"href":"https:\/\/www.noticiasradioreflejos.com.ar\/2021\/wp-json\/wp\/v2\/comments?post=47582"}],"version-history":[{"count":0,"href":"https:\/\/www.noticiasradioreflejos.com.ar\/2021\/wp-json\/wp\/v2\/posts\/47582\/revisions"}],"wp:attachment":[{"href":"https:\/\/www.noticiasradioreflejos.com.ar\/2021\/wp-json\/wp\/v2\/media?parent=47582"}],"wp:term":[{"taxonomy":"category","embeddable":true,"href":"https:\/\/www.noticiasradioreflejos.com.ar\/2021\/wp-json\/wp\/v2\/categories?post=47582"},{"taxonomy":"post_tag","embeddable":true,"href":"https:\/\/www.noticiasradioreflejos.com.ar\/2021\/wp-json\/wp\/v2\/tags?post=47582"}],"curies":[{"name":"wp","href":"https:\/\/api.w.org\/{rel}","templated":true}]}}