{"id":47578,"date":"2020-10-02T12:48:46","date_gmt":"2020-10-02T15:48:46","guid":{"rendered":"http:\/\/www.noticiasradioreflejos.com.ar\/noticias\/?p=47578"},"modified":"2020-10-02T12:48:46","modified_gmt":"2020-10-02T15:48:46","slug":"los-docentes-del-programa-piedas-deberan-postularse-en-los-actos-publicos-digitales","status":"publish","type":"post","link":"https:\/\/www.noticiasradioreflejos.com.ar\/2021\/los-docentes-del-programa-piedas-deberan-postularse-en-los-actos-publicos-digitales\/","title":{"rendered":"Los docentes del programa Piedas deber\u00e1n postularse en los actos p\u00fablicos digitales"},"content":{"rendered":"<p>El programa PIEDAS se extiende hasta el 30 de Noviembre. Las y los docentes deber\u00e1n postularse en los actos p\u00fablicos digitales para continuaren el programa. Adem\u00e1s, se sumar\u00e1n a las actividades del Programa de Acompa\u00f1amiento a las Trayectorias y la Revinculaci\u00f3n (ATR) de estudiantes de nivel primario y secundario con dificultades en su continuidad pedag\u00f3gica.<!--more--><br \/>\nLa Direcci\u00f3n General de Cultura y Educaci\u00f3n dispuso la pr\u00f3rroga hasta el 30 de noviembre de 2020 de los docentes y auxiliares inscriptos en el \u201cPrograma de Incorporaci\u00f3n Especial de Docentes y Auxiliares Suplentes en el marco de la emergencia sanitaria\u201d (PIEDAS). Dado que ya se ha lanzado el 4o Acto P\u00fablico Digital para la cobertura de cargos provisionales y suplentes &#8211; cuya fecha de cierre de postulaci\u00f3n es el 7 de octubre &#8211; las y los docentes suplentes para mantenerse en el Programa PIEDAS, deber\u00e1n postularse a partir el 1o de octubre en todos los cargos vacantes adecuados a sus perfiles que se oferten en cada uno de los actos p\u00fablicos digitales correspondientes a los distritos donde se encuentran inscriptos. Quienes no se postulen ser\u00e1n dados de baja del programa a la fecha de cierre de la etapa de postulaci\u00f3n en la que no hayan participado.<br \/>\nEn el caso que tomen posesi\u00f3n de un cargo con una carga horaria igual o superior a la estipulada en la Resoluci\u00f3n N\u00b0 760\/20 (8 M\u00f3dulos), ser\u00e1n dados de baja del PIEDAS. En cambio, si el cargo posee una carga inferior a la estipulada en la mencionada resoluci\u00f3n, continuar\u00e1n en el Programa PIEDAS con el encuadre estipulado en el art\u00edculo 5\u00b0 de la Resoluci\u00f3n N\u00b0901\/20, mediante el cual se realiza una asignaci\u00f3n parcial de m\u00f3dulos hasta completar 8 m\u00f3dulos.<br \/>\nAdicionalmente los docentes suplentes inscriptos en el Programa \u2013 con Excepci\u00f3n de quienes tienen dispensas COVID por razones de edad o salud-, ser\u00e1n sumandos a los dispositivos de visitas domiciliarias a estudiantes de primaria y secundaria de escuelas de gesti\u00f3n estatal y privada de la Provincia. Llevar\u00e1n adelante actividades de fortalecimiento de la continuidad pedag\u00f3gica y revinculaci\u00f3n de estudiantes con trayectorias interrumpidas durante la pandemia, seg\u00fan lo previsto en el Programa de Acompa\u00f1amiento a las trayectorias y la revinculaci\u00f3n (ATR).<br \/>\nEl programa PIEDAS fue creado en el mes de abril para encontrar una respuesta frente a la imposibilidad de llevar adelante los actos p\u00fablicos para la toma de cargos suplentes de auxiliares y docentes en el marco del aislamiento social preventivo y obligatorio por el COVID 19. Desde aquel momento alcanz\u00f3 a 18.870 agentes: 11.887 docentes suplentes, 3.351 docentes del Plan Fines y 3.632 auxiliares suplentes.<\/p>\n","protected":false},"excerpt":{"rendered":"<p>El programa PIEDAS se extiende hasta el 30 de Noviembre. Las y los docentes deber\u00e1n postularse en los actos p\u00fablicos digitales para continuaren el programa. Adem\u00e1s, se sumar\u00e1n a las actividades del Programa de Acompa\u00f1amiento a las Trayectorias y la Revinculaci\u00f3n (ATR) de estudiantes de nivel primario y secundario con dificultades en su continuidad pedag\u00f3gica.<\/p>\n","protected":false},"author":3,"featured_media":0,"comment_status":"closed","ping_status":"open","sticky":false,"template":"","format":"standard","meta":{"footnotes":""},"categories":[34],"tags":[],"class_list":["post-47578","post","type-post","status-publish","format-standard","hentry","category-educacion"],"yoast_head":"<!-- This site is optimized with the Yoast SEO plugin v25.9 - https:\/\/yoast.com\/wordpress\/plugins\/seo\/ -->\n<title>Los docentes del programa Piedas deber\u00e1n postularse en los actos p\u00fablicos digitales - Noticias Radio Reflejos<\/title>\n<meta name=\"robots\" content=\"index, follow, max-snippet:-1, max-image-preview:large, max-video-preview:-1\" \/>\n<link rel=\"canonical\" href=\"https:\/\/www.noticiasradioreflejos.com.ar\/2021\/los-docentes-del-programa-piedas-deberan-postularse-en-los-actos-publicos-digitales\/\" \/>\n<meta property=\"og:locale\" content=\"es_ES\" \/>\n<meta property=\"og:type\" content=\"article\" \/>\n<meta property=\"og:title\" content=\"Los docentes del programa Piedas deber\u00e1n postularse en los actos p\u00fablicos digitales - Noticias Radio Reflejos\" \/>\n<meta property=\"og:description\" content=\"El programa PIEDAS se extiende hasta el 30 de Noviembre. Las y los docentes deber\u00e1n postularse en los actos p\u00fablicos digitales para continuaren el programa. Adem\u00e1s, se sumar\u00e1n a las actividades del Programa de Acompa\u00f1amiento a las Trayectorias y la Revinculaci\u00f3n (ATR) de estudiantes de nivel primario y secundario con dificultades en su continuidad pedag\u00f3gica.\" \/>\n<meta property=\"og:url\" content=\"https:\/\/www.noticiasradioreflejos.com.ar\/2021\/los-docentes-del-programa-piedas-deberan-postularse-en-los-actos-publicos-digitales\/\" \/>\n<meta property=\"og:site_name\" content=\"Noticias Radio Reflejos\" \/>\n<meta property=\"article:published_time\" content=\"2020-10-02T15:48:46+00:00\" \/>\n<meta property=\"og:image\" content=\"https:\/\/www.noticiasradioreflejos.com.ar\/2021\/wp-content\/uploads\/2021\/07\/logosol300x200.png\" \/>\n\t<meta property=\"og:image:width\" content=\"300\" \/>\n\t<meta property=\"og:image:height\" content=\"200\" \/>\n\t<meta property=\"og:image:type\" content=\"image\/png\" \/>\n<meta name=\"author\" content=\"Arnaldo Botto\" \/>\n<meta name=\"twitter:card\" content=\"summary_large_image\" \/>\n<script type=\"application\/ld+json\" class=\"yoast-schema-graph\">{\"@context\":\"https:\/\/schema.org\",\"@graph\":[{\"@type\":\"WebPage\",\"@id\":\"https:\/\/www.noticiasradioreflejos.com.ar\/2021\/los-docentes-del-programa-piedas-deberan-postularse-en-los-actos-publicos-digitales\/\",\"url\":\"https:\/\/www.noticiasradioreflejos.com.ar\/2021\/los-docentes-del-programa-piedas-deberan-postularse-en-los-actos-publicos-digitales\/\",\"name\":\"Los docentes del programa Piedas deber\u00e1n postularse en los actos p\u00fablicos digitales - Noticias Radio Reflejos\",\"isPartOf\":{\"@id\":\"https:\/\/www.noticiasradioreflejos.com.ar\/2021\/#website\"},\"datePublished\":\"2020-10-02T15:48:46+00:00\",\"author\":{\"@id\":\"https:\/\/www.noticiasradioreflejos.com.ar\/2021\/#\/schema\/person\/ad82545263dcc5ec0996818884fd5fb1\"},\"breadcrumb\":{\"@id\":\"https:\/\/www.noticiasradioreflejos.com.ar\/2021\/los-docentes-del-programa-piedas-deberan-postularse-en-los-actos-publicos-digitales\/#breadcrumb\"},\"inLanguage\":\"es\",\"potentialAction\":[{\"@type\":\"ReadAction\",\"target\":[\"https:\/\/www.noticiasradioreflejos.com.ar\/2021\/los-docentes-del-programa-piedas-deberan-postularse-en-los-actos-publicos-digitales\/\"]}]},{\"@type\":\"BreadcrumbList\",\"@id\":\"https:\/\/www.noticiasradioreflejos.com.ar\/2021\/los-docentes-del-programa-piedas-deberan-postularse-en-los-actos-publicos-digitales\/#breadcrumb\",\"itemListElement\":[{\"@type\":\"ListItem\",\"position\":1,\"name\":\"Portada\",\"item\":\"https:\/\/www.noticiasradioreflejos.com.ar\/2021\/\"},{\"@type\":\"ListItem\",\"position\":2,\"name\":\"Los docentes del programa Piedas deber\u00e1n postularse en los actos p\u00fablicos digitales\"}]},{\"@type\":\"WebSite\",\"@id\":\"https:\/\/www.noticiasradioreflejos.com.ar\/2021\/#website\",\"url\":\"https:\/\/www.noticiasradioreflejos.com.ar\/2021\/\",\"name\":\"Noticias Radio Reflejos\",\"description\":\"Las noticias de mi comarca\",\"potentialAction\":[{\"@type\":\"SearchAction\",\"target\":{\"@type\":\"EntryPoint\",\"urlTemplate\":\"https:\/\/www.noticiasradioreflejos.com.ar\/2021\/?s={search_term_string}\"},\"query-input\":{\"@type\":\"PropertyValueSpecification\",\"valueRequired\":true,\"valueName\":\"search_term_string\"}}],\"inLanguage\":\"es\"},{\"@type\":\"Person\",\"@id\":\"https:\/\/www.noticiasradioreflejos.com.ar\/2021\/#\/schema\/person\/ad82545263dcc5ec0996818884fd5fb1\",\"name\":\"Arnaldo Botto\",\"image\":{\"@type\":\"ImageObject\",\"inLanguage\":\"es\",\"@id\":\"https:\/\/www.noticiasradioreflejos.com.ar\/2021\/#\/schema\/person\/image\/\",\"url\":\"https:\/\/secure.gravatar.com\/avatar\/55cb5e37c1efa326397366e6974cb338056df65cb50e7d64d1cf314e87504837?s=96&d=mm&r=g\",\"contentUrl\":\"https:\/\/secure.gravatar.com\/avatar\/55cb5e37c1efa326397366e6974cb338056df65cb50e7d64d1cf314e87504837?s=96&d=mm&r=g\",\"caption\":\"Arnaldo Botto\"},\"url\":\"https:\/\/www.noticiasradioreflejos.com.ar\/2021\/author\/arnaldo\/\"}]}<\/script>\n<!-- \/ Yoast SEO plugin. -->","yoast_head_json":{"title":"Los docentes del programa Piedas deber\u00e1n postularse en los actos p\u00fablicos digitales - Noticias Radio Reflejos","robots":{"index":"index","follow":"follow","max-snippet":"max-snippet:-1","max-image-preview":"max-image-preview:large","max-video-preview":"max-video-preview:-1"},"canonical":"https:\/\/www.noticiasradioreflejos.com.ar\/2021\/los-docentes-del-programa-piedas-deberan-postularse-en-los-actos-publicos-digitales\/","og_locale":"es_ES","og_type":"article","og_title":"Los docentes del programa Piedas deber\u00e1n postularse en los actos p\u00fablicos digitales - Noticias Radio Reflejos","og_description":"El programa PIEDAS se extiende hasta el 30 de Noviembre. Las y los docentes deber\u00e1n postularse en los actos p\u00fablicos digitales para continuaren el programa. Adem\u00e1s, se sumar\u00e1n a las actividades del Programa de Acompa\u00f1amiento a las Trayectorias y la Revinculaci\u00f3n (ATR) de estudiantes de nivel primario y secundario con dificultades en su continuidad pedag\u00f3gica.","og_url":"https:\/\/www.noticiasradioreflejos.com.ar\/2021\/los-docentes-del-programa-piedas-deberan-postularse-en-los-actos-publicos-digitales\/","og_site_name":"Noticias Radio Reflejos","article_published_time":"2020-10-02T15:48:46+00:00","og_image":[{"width":300,"height":200,"url":"https:\/\/www.noticiasradioreflejos.com.ar\/2021\/wp-content\/uploads\/2021\/07\/logosol300x200.png","type":"image\/png"}],"author":"Arnaldo Botto","twitter_card":"summary_large_image","schema":{"@context":"https:\/\/schema.org","@graph":[{"@type":"WebPage","@id":"https:\/\/www.noticiasradioreflejos.com.ar\/2021\/los-docentes-del-programa-piedas-deberan-postularse-en-los-actos-publicos-digitales\/","url":"https:\/\/www.noticiasradioreflejos.com.ar\/2021\/los-docentes-del-programa-piedas-deberan-postularse-en-los-actos-publicos-digitales\/","name":"Los docentes del programa Piedas deber\u00e1n postularse en los actos p\u00fablicos digitales - Noticias Radio Reflejos","isPartOf":{"@id":"https:\/\/www.noticiasradioreflejos.com.ar\/2021\/#website"},"datePublished":"2020-10-02T15:48:46+00:00","author":{"@id":"https:\/\/www.noticiasradioreflejos.com.ar\/2021\/#\/schema\/person\/ad82545263dcc5ec0996818884fd5fb1"},"breadcrumb":{"@id":"https:\/\/www.noticiasradioreflejos.com.ar\/2021\/los-docentes-del-programa-piedas-deberan-postularse-en-los-actos-publicos-digitales\/#breadcrumb"},"inLanguage":"es","potentialAction":[{"@type":"ReadAction","target":["https:\/\/www.noticiasradioreflejos.com.ar\/2021\/los-docentes-del-programa-piedas-deberan-postularse-en-los-actos-publicos-digitales\/"]}]},{"@type":"BreadcrumbList","@id":"https:\/\/www.noticiasradioreflejos.com.ar\/2021\/los-docentes-del-programa-piedas-deberan-postularse-en-los-actos-publicos-digitales\/#breadcrumb","itemListElement":[{"@type":"ListItem","position":1,"name":"Portada","item":"https:\/\/www.noticiasradioreflejos.com.ar\/2021\/"},{"@type":"ListItem","position":2,"name":"Los docentes del programa Piedas deber\u00e1n postularse en los actos p\u00fablicos digitales"}]},{"@type":"WebSite","@id":"https:\/\/www.noticiasradioreflejos.com.ar\/2021\/#website","url":"https:\/\/www.noticiasradioreflejos.com.ar\/2021\/","name":"Noticias Radio Reflejos","description":"Las noticias de mi comarca","potentialAction":[{"@type":"SearchAction","target":{"@type":"EntryPoint","urlTemplate":"https:\/\/www.noticiasradioreflejos.com.ar\/2021\/?s={search_term_string}"},"query-input":{"@type":"PropertyValueSpecification","valueRequired":true,"valueName":"search_term_string"}}],"inLanguage":"es"},{"@type":"Person","@id":"https:\/\/www.noticiasradioreflejos.com.ar\/2021\/#\/schema\/person\/ad82545263dcc5ec0996818884fd5fb1","name":"Arnaldo Botto","image":{"@type":"ImageObject","inLanguage":"es","@id":"https:\/\/www.noticiasradioreflejos.com.ar\/2021\/#\/schema\/person\/image\/","url":"https:\/\/secure.gravatar.com\/avatar\/55cb5e37c1efa326397366e6974cb338056df65cb50e7d64d1cf314e87504837?s=96&d=mm&r=g","contentUrl":"https:\/\/secure.gravatar.com\/avatar\/55cb5e37c1efa326397366e6974cb338056df65cb50e7d64d1cf314e87504837?s=96&d=mm&r=g","caption":"Arnaldo Botto"},"url":"https:\/\/www.noticiasradioreflejos.com.ar\/2021\/author\/arnaldo\/"}]}},"_links":{"self":[{"href":"https:\/\/www.noticiasradioreflejos.com.ar\/2021\/wp-json\/wp\/v2\/posts\/47578","targetHints":{"allow":["GET"]}}],"collection":[{"href":"https:\/\/www.noticiasradioreflejos.com.ar\/2021\/wp-json\/wp\/v2\/posts"}],"about":[{"href":"https:\/\/www.noticiasradioreflejos.com.ar\/2021\/wp-json\/wp\/v2\/types\/post"}],"author":[{"embeddable":true,"href":"https:\/\/www.noticiasradioreflejos.com.ar\/2021\/wp-json\/wp\/v2\/users\/3"}],"replies":[{"embeddable":true,"href":"https:\/\/www.noticiasradioreflejos.com.ar\/2021\/wp-json\/wp\/v2\/comments?post=47578"}],"version-history":[{"count":0,"href":"https:\/\/www.noticiasradioreflejos.com.ar\/2021\/wp-json\/wp\/v2\/posts\/47578\/revisions"}],"wp:attachment":[{"href":"https:\/\/www.noticiasradioreflejos.com.ar\/2021\/wp-json\/wp\/v2\/media?parent=47578"}],"wp:term":[{"taxonomy":"category","embeddable":true,"href":"https:\/\/www.noticiasradioreflejos.com.ar\/2021\/wp-json\/wp\/v2\/categories?post=47578"},{"taxonomy":"post_tag","embeddable":true,"href":"https:\/\/www.noticiasradioreflejos.com.ar\/2021\/wp-json\/wp\/v2\/tags?post=47578"}],"curies":[{"name":"wp","href":"https:\/\/api.w.org\/{rel}","templated":true}]}}