{"id":47533,"date":"2020-10-01T20:20:35","date_gmt":"2020-10-01T23:20:35","guid":{"rendered":"http:\/\/www.noticiasradioreflejos.com.ar\/noticias\/?p=47533"},"modified":"2020-10-01T20:20:35","modified_gmt":"2020-10-01T23:20:35","slug":"la-madre-de-facundo-castro-defendio-su-hipotesis-de-que-a-su-hijo-lo-mato-la-policia-bonaerense","status":"publish","type":"post","link":"https:\/\/www.noticiasradioreflejos.com.ar\/2021\/la-madre-de-facundo-castro-defendio-su-hipotesis-de-que-a-su-hijo-lo-mato-la-policia-bonaerense\/","title":{"rendered":"La madre de Facundo Castro defendi\u00f3 su hip\u00f3tesis de que a su hijo \u00ablo mat\u00f3 la polic\u00eda bonaerense\u00bb"},"content":{"rendered":"<p>Cristina Castro, la madre de Facundo Castro Astudillo, asegur\u00f3 hoy que, con el resultado de la autopsia que revel\u00f3 que su hijo muri\u00f3 ahogado, \u00abse est\u00e1 muy cerca de conocer la verdad\u00bb, y dijo que \u00abno se suicid\u00f3\u00bb ni sufri\u00f3 \u00abun accidente\u00bb, sino que \u00ablo mat\u00f3 la polic\u00eda bonaerense\u00bb.<!--more--><\/p>\n<p>En una conferencia de prensa realizada esta tarde v\u00eda Zoom organizada por Amnist\u00eda Internacional Argentina, la madre del joven de 22 a\u00f1os indic\u00f3: \u00abNosotros nos manejamos con pruebas y estamos muy cerca de la verdad.\u00bb<\/p>\n<p>\u00abFacundo no se suicid\u00f3, Facundo no tuvo un accidente, a Facundo lo mat\u00f3 la Polic\u00eda Bonaerense\u00bb, afirm\u00f3 Cristina en relaci\u00f3n al informe de autopsia dado a conocer este mediod\u00eda, en el que se asegura que se trat\u00f3 de \u00abuna muerte violenta\u00bb, pero se\u00f1ala que no se pudo determinar si esa muerte violenta fue por un suicidio, un accidente o un homicidio.<\/p>\n<p>\u00abMe llama mucho la atenci\u00f3n c\u00f3mo la odont\u00f3loga que particip\u00f3 de la autopsia se desdijo. No hay que confiar en nadie porque las \u00f3rdenes vienen de arriba\u00bb, indic\u00f3 Cristina, tras lo cual se\u00f1al\u00f3 a quienes ella considera \u00abresponsables pol\u00edticos\u00bb.<\/p>\n<p>\u00abYo no hago pol\u00edtica, pero s\u00e9 qui\u00e9nes son los responsables pol\u00edticos: el intendente de Villarino, el gobernador de la Provincia y el Presidente. Le guste a quien le guste y le moleste a quien le moleste. Es a quienes yo fui a pedir explicaciones\u00bb, se\u00f1al\u00f3.<\/p>\n<p>Por su parte, Virginia Creimer, la perito de parte, sostuvo que con el informe de hoy ocurri\u00f3 lo que ellos anticiparon hace 40 d\u00edas: \u00abFacundo muri\u00f3 de forma violenta por asfixia y sumersi\u00f3n. El cuerpo fue sumergido hasta que ingresara l\u00edquido en \u00e9l.\u00bb<\/p>\n<p>Para Creimer, \u00abes inviable que Facundo se haya suicidado\u00bb y afirm\u00f3: \u00abDescartamos un accidente, porque el cuerpo no ten\u00eda otro tipo de lesi\u00f3n y la \u00faltima opci\u00f3n posible es el homicidio, que es lo \u00fanico que nos queda como hip\u00f3tesis.\u00bb<\/p>\n<p>\u00abEl informe de la autopsia aclara que no hay evidencia del accionar de terceros, esa l\u00ednea no deber\u00eda estar. Si no hay evidencia, normalmente no se pone una afirmaci\u00f3n as\u00ed en un peritaje\u00bb, continu\u00f3 la perito, quien no descart\u00f3 \u00abel pedido de una nueva autopsia\u00bb.<\/p>\n<p>Y remarc\u00f3: \u00abEl hecho de haber firmado que no exist\u00edan signos del accionar de terceros no descarta que s\u00ed haya existido.\u00bb<\/p>\n<p>En tanto, Luciano Peretto, uno de los abogados de Cristina, consider\u00f3 que \u00abla autopsia demuestra que Facundo muri\u00f3 de forma violenta, sumergido en un cangrejal\u00bb, y que esto \u00abhay que sumarlo al resto de las pruebas sobre el accionar de la Polic\u00eda Bonaerense\u00bb y que as\u00ed \u00abse confirma la hip\u00f3tesis de desaparici\u00f3n forzada seguida de muerte\u00bb.<\/p>\n<p>\u00abDesde la querella ten\u00edamos poca expectativa de que sucedan dict\u00e1menes determinantes, pero este resultado da cuenta que Facundo Astudillo Castro encontr\u00f3 su muerte en una muerte violenta por asfixia y sumersi\u00f3n en un cangrejal\u00bb, indic\u00f3.<\/p>\n<p>Tambi\u00e9n particip\u00f3 de la conferencia de prensa Margarita Jarque, de la Comisi\u00f3n Provincial por la Memoria (CPM), quien resalt\u00f3: \u00abLa autopsia era necesaria y nos trae certezas. Hay que considerar que es una prueba m\u00e1s en el contexto de la causa. La hip\u00f3tesis policial en la causa se ha visto fortalecida con las pruebas t\u00e9cnicas.\u00bb<\/p>\n","protected":false},"excerpt":{"rendered":"<p>Cristina Castro, la madre de Facundo Castro Astudillo, asegur\u00f3 hoy que, con el resultado de la autopsia que revel\u00f3 que su hijo muri\u00f3 ahogado, \u00abse est\u00e1 muy cerca de conocer la verdad\u00bb, y dijo que \u00abno se suicid\u00f3\u00bb ni sufri\u00f3 \u00abun accidente\u00bb, sino que \u00ablo mat\u00f3 la polic\u00eda bonaerense\u00bb.<\/p>\n","protected":false},"author":3,"featured_media":0,"comment_status":"closed","ping_status":"open","sticky":false,"template":"","format":"standard","meta":{"footnotes":""},"categories":[26],"tags":[],"class_list":["post-47533","post","type-post","status-publish","format-standard","hentry","category-sociedad"],"yoast_head":"<!-- This site is optimized with the Yoast SEO plugin v25.9 - https:\/\/yoast.com\/wordpress\/plugins\/seo\/ -->\n<title>La madre de Facundo Castro defendi\u00f3 su hip\u00f3tesis de que a su hijo &quot;lo mat\u00f3 la polic\u00eda bonaerense&quot; - Noticias Radio Reflejos<\/title>\n<meta name=\"robots\" content=\"index, follow, max-snippet:-1, max-image-preview:large, max-video-preview:-1\" \/>\n<link rel=\"canonical\" href=\"https:\/\/www.noticiasradioreflejos.com.ar\/2021\/la-madre-de-facundo-castro-defendio-su-hipotesis-de-que-a-su-hijo-lo-mato-la-policia-bonaerense\/\" \/>\n<meta property=\"og:locale\" content=\"es_ES\" \/>\n<meta property=\"og:type\" content=\"article\" \/>\n<meta property=\"og:title\" content=\"La madre de Facundo Castro defendi\u00f3 su hip\u00f3tesis de que a su hijo &quot;lo mat\u00f3 la polic\u00eda bonaerense&quot; - Noticias Radio Reflejos\" \/>\n<meta property=\"og:description\" content=\"Cristina Castro, la madre de Facundo Castro Astudillo, asegur\u00f3 hoy que, con el resultado de la autopsia que revel\u00f3 que su hijo muri\u00f3 ahogado, \u00abse est\u00e1 muy cerca de conocer la verdad\u00bb, y dijo que \u00abno se suicid\u00f3\u00bb ni sufri\u00f3 \u00abun accidente\u00bb, sino que \u00ablo mat\u00f3 la polic\u00eda bonaerense\u00bb.\" \/>\n<meta property=\"og:url\" content=\"https:\/\/www.noticiasradioreflejos.com.ar\/2021\/la-madre-de-facundo-castro-defendio-su-hipotesis-de-que-a-su-hijo-lo-mato-la-policia-bonaerense\/\" \/>\n<meta property=\"og:site_name\" content=\"Noticias Radio Reflejos\" \/>\n<meta property=\"article:published_time\" content=\"2020-10-01T23:20:35+00:00\" \/>\n<meta property=\"og:image\" content=\"https:\/\/www.noticiasradioreflejos.com.ar\/2021\/wp-content\/uploads\/2021\/07\/logosol300x200.png\" \/>\n\t<meta property=\"og:image:width\" content=\"300\" \/>\n\t<meta property=\"og:image:height\" content=\"200\" \/>\n\t<meta property=\"og:image:type\" content=\"image\/png\" \/>\n<meta name=\"author\" content=\"Arnaldo Botto\" \/>\n<meta name=\"twitter:card\" content=\"summary_large_image\" \/>\n<script type=\"application\/ld+json\" class=\"yoast-schema-graph\">{\"@context\":\"https:\/\/schema.org\",\"@graph\":[{\"@type\":\"WebPage\",\"@id\":\"https:\/\/www.noticiasradioreflejos.com.ar\/2021\/la-madre-de-facundo-castro-defendio-su-hipotesis-de-que-a-su-hijo-lo-mato-la-policia-bonaerense\/\",\"url\":\"https:\/\/www.noticiasradioreflejos.com.ar\/2021\/la-madre-de-facundo-castro-defendio-su-hipotesis-de-que-a-su-hijo-lo-mato-la-policia-bonaerense\/\",\"name\":\"La madre de Facundo Castro defendi\u00f3 su hip\u00f3tesis de que a su hijo \\\"lo mat\u00f3 la polic\u00eda bonaerense\\\" - Noticias Radio Reflejos\",\"isPartOf\":{\"@id\":\"https:\/\/www.noticiasradioreflejos.com.ar\/2021\/#website\"},\"datePublished\":\"2020-10-01T23:20:35+00:00\",\"author\":{\"@id\":\"https:\/\/www.noticiasradioreflejos.com.ar\/2021\/#\/schema\/person\/ad82545263dcc5ec0996818884fd5fb1\"},\"breadcrumb\":{\"@id\":\"https:\/\/www.noticiasradioreflejos.com.ar\/2021\/la-madre-de-facundo-castro-defendio-su-hipotesis-de-que-a-su-hijo-lo-mato-la-policia-bonaerense\/#breadcrumb\"},\"inLanguage\":\"es\",\"potentialAction\":[{\"@type\":\"ReadAction\",\"target\":[\"https:\/\/www.noticiasradioreflejos.com.ar\/2021\/la-madre-de-facundo-castro-defendio-su-hipotesis-de-que-a-su-hijo-lo-mato-la-policia-bonaerense\/\"]}]},{\"@type\":\"BreadcrumbList\",\"@id\":\"https:\/\/www.noticiasradioreflejos.com.ar\/2021\/la-madre-de-facundo-castro-defendio-su-hipotesis-de-que-a-su-hijo-lo-mato-la-policia-bonaerense\/#breadcrumb\",\"itemListElement\":[{\"@type\":\"ListItem\",\"position\":1,\"name\":\"Portada\",\"item\":\"https:\/\/www.noticiasradioreflejos.com.ar\/2021\/\"},{\"@type\":\"ListItem\",\"position\":2,\"name\":\"La madre de Facundo Castro defendi\u00f3 su hip\u00f3tesis de que a su hijo \u00ablo mat\u00f3 la polic\u00eda bonaerense\u00bb\"}]},{\"@type\":\"WebSite\",\"@id\":\"https:\/\/www.noticiasradioreflejos.com.ar\/2021\/#website\",\"url\":\"https:\/\/www.noticiasradioreflejos.com.ar\/2021\/\",\"name\":\"Noticias Radio Reflejos\",\"description\":\"Las noticias de mi comarca\",\"potentialAction\":[{\"@type\":\"SearchAction\",\"target\":{\"@type\":\"EntryPoint\",\"urlTemplate\":\"https:\/\/www.noticiasradioreflejos.com.ar\/2021\/?s={search_term_string}\"},\"query-input\":{\"@type\":\"PropertyValueSpecification\",\"valueRequired\":true,\"valueName\":\"search_term_string\"}}],\"inLanguage\":\"es\"},{\"@type\":\"Person\",\"@id\":\"https:\/\/www.noticiasradioreflejos.com.ar\/2021\/#\/schema\/person\/ad82545263dcc5ec0996818884fd5fb1\",\"name\":\"Arnaldo Botto\",\"image\":{\"@type\":\"ImageObject\",\"inLanguage\":\"es\",\"@id\":\"https:\/\/www.noticiasradioreflejos.com.ar\/2021\/#\/schema\/person\/image\/\",\"url\":\"https:\/\/secure.gravatar.com\/avatar\/55cb5e37c1efa326397366e6974cb338056df65cb50e7d64d1cf314e87504837?s=96&d=mm&r=g\",\"contentUrl\":\"https:\/\/secure.gravatar.com\/avatar\/55cb5e37c1efa326397366e6974cb338056df65cb50e7d64d1cf314e87504837?s=96&d=mm&r=g\",\"caption\":\"Arnaldo Botto\"},\"url\":\"https:\/\/www.noticiasradioreflejos.com.ar\/2021\/author\/arnaldo\/\"}]}<\/script>\n<!-- \/ Yoast SEO plugin. -->","yoast_head_json":{"title":"La madre de Facundo Castro defendi\u00f3 su hip\u00f3tesis de que a su hijo \"lo mat\u00f3 la polic\u00eda bonaerense\" - Noticias Radio Reflejos","robots":{"index":"index","follow":"follow","max-snippet":"max-snippet:-1","max-image-preview":"max-image-preview:large","max-video-preview":"max-video-preview:-1"},"canonical":"https:\/\/www.noticiasradioreflejos.com.ar\/2021\/la-madre-de-facundo-castro-defendio-su-hipotesis-de-que-a-su-hijo-lo-mato-la-policia-bonaerense\/","og_locale":"es_ES","og_type":"article","og_title":"La madre de Facundo Castro defendi\u00f3 su hip\u00f3tesis de que a su hijo \"lo mat\u00f3 la polic\u00eda bonaerense\" - Noticias Radio Reflejos","og_description":"Cristina Castro, la madre de Facundo Castro Astudillo, asegur\u00f3 hoy que, con el resultado de la autopsia que revel\u00f3 que su hijo muri\u00f3 ahogado, \u00abse est\u00e1 muy cerca de conocer la verdad\u00bb, y dijo que \u00abno se suicid\u00f3\u00bb ni sufri\u00f3 \u00abun accidente\u00bb, sino que \u00ablo mat\u00f3 la polic\u00eda bonaerense\u00bb.","og_url":"https:\/\/www.noticiasradioreflejos.com.ar\/2021\/la-madre-de-facundo-castro-defendio-su-hipotesis-de-que-a-su-hijo-lo-mato-la-policia-bonaerense\/","og_site_name":"Noticias Radio Reflejos","article_published_time":"2020-10-01T23:20:35+00:00","og_image":[{"width":300,"height":200,"url":"https:\/\/www.noticiasradioreflejos.com.ar\/2021\/wp-content\/uploads\/2021\/07\/logosol300x200.png","type":"image\/png"}],"author":"Arnaldo Botto","twitter_card":"summary_large_image","schema":{"@context":"https:\/\/schema.org","@graph":[{"@type":"WebPage","@id":"https:\/\/www.noticiasradioreflejos.com.ar\/2021\/la-madre-de-facundo-castro-defendio-su-hipotesis-de-que-a-su-hijo-lo-mato-la-policia-bonaerense\/","url":"https:\/\/www.noticiasradioreflejos.com.ar\/2021\/la-madre-de-facundo-castro-defendio-su-hipotesis-de-que-a-su-hijo-lo-mato-la-policia-bonaerense\/","name":"La madre de Facundo Castro defendi\u00f3 su hip\u00f3tesis de que a su hijo \"lo mat\u00f3 la polic\u00eda bonaerense\" - Noticias Radio Reflejos","isPartOf":{"@id":"https:\/\/www.noticiasradioreflejos.com.ar\/2021\/#website"},"datePublished":"2020-10-01T23:20:35+00:00","author":{"@id":"https:\/\/www.noticiasradioreflejos.com.ar\/2021\/#\/schema\/person\/ad82545263dcc5ec0996818884fd5fb1"},"breadcrumb":{"@id":"https:\/\/www.noticiasradioreflejos.com.ar\/2021\/la-madre-de-facundo-castro-defendio-su-hipotesis-de-que-a-su-hijo-lo-mato-la-policia-bonaerense\/#breadcrumb"},"inLanguage":"es","potentialAction":[{"@type":"ReadAction","target":["https:\/\/www.noticiasradioreflejos.com.ar\/2021\/la-madre-de-facundo-castro-defendio-su-hipotesis-de-que-a-su-hijo-lo-mato-la-policia-bonaerense\/"]}]},{"@type":"BreadcrumbList","@id":"https:\/\/www.noticiasradioreflejos.com.ar\/2021\/la-madre-de-facundo-castro-defendio-su-hipotesis-de-que-a-su-hijo-lo-mato-la-policia-bonaerense\/#breadcrumb","itemListElement":[{"@type":"ListItem","position":1,"name":"Portada","item":"https:\/\/www.noticiasradioreflejos.com.ar\/2021\/"},{"@type":"ListItem","position":2,"name":"La madre de Facundo Castro defendi\u00f3 su hip\u00f3tesis de que a su hijo \u00ablo mat\u00f3 la polic\u00eda bonaerense\u00bb"}]},{"@type":"WebSite","@id":"https:\/\/www.noticiasradioreflejos.com.ar\/2021\/#website","url":"https:\/\/www.noticiasradioreflejos.com.ar\/2021\/","name":"Noticias Radio Reflejos","description":"Las noticias de mi comarca","potentialAction":[{"@type":"SearchAction","target":{"@type":"EntryPoint","urlTemplate":"https:\/\/www.noticiasradioreflejos.com.ar\/2021\/?s={search_term_string}"},"query-input":{"@type":"PropertyValueSpecification","valueRequired":true,"valueName":"search_term_string"}}],"inLanguage":"es"},{"@type":"Person","@id":"https:\/\/www.noticiasradioreflejos.com.ar\/2021\/#\/schema\/person\/ad82545263dcc5ec0996818884fd5fb1","name":"Arnaldo Botto","image":{"@type":"ImageObject","inLanguage":"es","@id":"https:\/\/www.noticiasradioreflejos.com.ar\/2021\/#\/schema\/person\/image\/","url":"https:\/\/secure.gravatar.com\/avatar\/55cb5e37c1efa326397366e6974cb338056df65cb50e7d64d1cf314e87504837?s=96&d=mm&r=g","contentUrl":"https:\/\/secure.gravatar.com\/avatar\/55cb5e37c1efa326397366e6974cb338056df65cb50e7d64d1cf314e87504837?s=96&d=mm&r=g","caption":"Arnaldo Botto"},"url":"https:\/\/www.noticiasradioreflejos.com.ar\/2021\/author\/arnaldo\/"}]}},"_links":{"self":[{"href":"https:\/\/www.noticiasradioreflejos.com.ar\/2021\/wp-json\/wp\/v2\/posts\/47533","targetHints":{"allow":["GET"]}}],"collection":[{"href":"https:\/\/www.noticiasradioreflejos.com.ar\/2021\/wp-json\/wp\/v2\/posts"}],"about":[{"href":"https:\/\/www.noticiasradioreflejos.com.ar\/2021\/wp-json\/wp\/v2\/types\/post"}],"author":[{"embeddable":true,"href":"https:\/\/www.noticiasradioreflejos.com.ar\/2021\/wp-json\/wp\/v2\/users\/3"}],"replies":[{"embeddable":true,"href":"https:\/\/www.noticiasradioreflejos.com.ar\/2021\/wp-json\/wp\/v2\/comments?post=47533"}],"version-history":[{"count":0,"href":"https:\/\/www.noticiasradioreflejos.com.ar\/2021\/wp-json\/wp\/v2\/posts\/47533\/revisions"}],"wp:attachment":[{"href":"https:\/\/www.noticiasradioreflejos.com.ar\/2021\/wp-json\/wp\/v2\/media?parent=47533"}],"wp:term":[{"taxonomy":"category","embeddable":true,"href":"https:\/\/www.noticiasradioreflejos.com.ar\/2021\/wp-json\/wp\/v2\/categories?post=47533"},{"taxonomy":"post_tag","embeddable":true,"href":"https:\/\/www.noticiasradioreflejos.com.ar\/2021\/wp-json\/wp\/v2\/tags?post=47533"}],"curies":[{"name":"wp","href":"https:\/\/api.w.org\/{rel}","templated":true}]}}