{"id":47530,"date":"2020-10-01T20:12:40","date_gmt":"2020-10-01T23:12:40","guid":{"rendered":"http:\/\/www.noticiasradioreflejos.com.ar\/noticias\/?p=47530"},"modified":"2020-10-01T20:12:40","modified_gmt":"2020-10-01T23:12:40","slug":"massa-nadie-tiene-coronita-ni-diputados-ni-senadores-van-a-poder-comprar-dolares","status":"publish","type":"post","link":"https:\/\/www.noticiasradioreflejos.com.ar\/2021\/massa-nadie-tiene-coronita-ni-diputados-ni-senadores-van-a-poder-comprar-dolares\/","title":{"rendered":"Massa: \u00abNadie tiene coronita: ni diputados, ni senadores van a poder comprar d\u00f3lares\u00bb"},"content":{"rendered":"<p>El presidente de la C\u00e1mara baja, Sergio Massa, afirm\u00f3 hoy que \u00abhay una resoluci\u00f3n conjunta de Diputados y del Senado para que ning\u00fan legislador pueda acceder al mercado de cambio, ya que nadie tiene coronita\u00bb.<!--more--><br \/>\n\u00abSi hay muchos argentinos que hacen el esfuerzo de quedar excluidos de la lista del Banco Central, los primeros que tienen que dar el ejemplo son los funcionarios. Entonces nadie tiene coronita: ni diputados, ni senadores van a poder comprar d\u00f3lares\u00bb, dijo Massa.<\/p>\n<p>Al referirse a versiones respecto a que los parlamentarios pod\u00edan comprar divisas, Massa dijo que \u00abse detall\u00f3 al Banco Central los CUIT de diputados y senadores para que ning\u00fan pol\u00edtico pueda comprar d\u00f3lares\u00bb.<\/p>\n<p>El titular del cuerpo legislativo formul\u00f3 estas declaraciones en la inauguraci\u00f3n de la renovada estaci\u00f3n Don Torcuato en la localidad de Tigre, en el marco del Plan Integral de Obras Ferroviarias, en un acto que comparti\u00f3 con el ministro de Transporte, Mario Meoni.<\/p>\n","protected":false},"excerpt":{"rendered":"<p>El presidente de la C\u00e1mara baja, Sergio Massa, afirm\u00f3 hoy que \u00abhay una resoluci\u00f3n conjunta de Diputados y del Senado para que ning\u00fan legislador pueda acceder al mercado de cambio, ya que nadie tiene coronita\u00bb.<\/p>\n","protected":false},"author":3,"featured_media":0,"comment_status":"closed","ping_status":"open","sticky":false,"template":"","format":"standard","meta":{"footnotes":""},"categories":[24],"tags":[],"class_list":["post-47530","post","type-post","status-publish","format-standard","hentry","category-politica"],"yoast_head":"<!-- This site is optimized with the Yoast SEO plugin v25.9 - https:\/\/yoast.com\/wordpress\/plugins\/seo\/ -->\n<title>Massa: &quot;Nadie tiene coronita: ni diputados, ni senadores van a poder comprar d\u00f3lares&quot; - Noticias Radio Reflejos<\/title>\n<meta name=\"robots\" content=\"index, follow, max-snippet:-1, max-image-preview:large, max-video-preview:-1\" \/>\n<link rel=\"canonical\" href=\"https:\/\/www.noticiasradioreflejos.com.ar\/2021\/massa-nadie-tiene-coronita-ni-diputados-ni-senadores-van-a-poder-comprar-dolares\/\" \/>\n<meta property=\"og:locale\" content=\"es_ES\" \/>\n<meta property=\"og:type\" content=\"article\" \/>\n<meta property=\"og:title\" content=\"Massa: &quot;Nadie tiene coronita: ni diputados, ni senadores van a poder comprar d\u00f3lares&quot; - Noticias Radio Reflejos\" \/>\n<meta property=\"og:description\" content=\"El presidente de la C\u00e1mara baja, Sergio Massa, afirm\u00f3 hoy que \u00abhay una resoluci\u00f3n conjunta de Diputados y del Senado para que ning\u00fan legislador pueda acceder al mercado de cambio, ya que nadie tiene coronita\u00bb.\" \/>\n<meta property=\"og:url\" content=\"https:\/\/www.noticiasradioreflejos.com.ar\/2021\/massa-nadie-tiene-coronita-ni-diputados-ni-senadores-van-a-poder-comprar-dolares\/\" \/>\n<meta property=\"og:site_name\" content=\"Noticias Radio Reflejos\" \/>\n<meta property=\"article:published_time\" content=\"2020-10-01T23:12:40+00:00\" \/>\n<meta property=\"og:image\" content=\"https:\/\/www.noticiasradioreflejos.com.ar\/2021\/wp-content\/uploads\/2021\/07\/logosol300x200.png\" \/>\n\t<meta property=\"og:image:width\" content=\"300\" \/>\n\t<meta property=\"og:image:height\" content=\"200\" \/>\n\t<meta property=\"og:image:type\" content=\"image\/png\" \/>\n<meta name=\"author\" content=\"Arnaldo Botto\" \/>\n<meta name=\"twitter:card\" content=\"summary_large_image\" \/>\n<script type=\"application\/ld+json\" class=\"yoast-schema-graph\">{\"@context\":\"https:\/\/schema.org\",\"@graph\":[{\"@type\":\"WebPage\",\"@id\":\"https:\/\/www.noticiasradioreflejos.com.ar\/2021\/massa-nadie-tiene-coronita-ni-diputados-ni-senadores-van-a-poder-comprar-dolares\/\",\"url\":\"https:\/\/www.noticiasradioreflejos.com.ar\/2021\/massa-nadie-tiene-coronita-ni-diputados-ni-senadores-van-a-poder-comprar-dolares\/\",\"name\":\"Massa: \\\"Nadie tiene coronita: ni diputados, ni senadores van a poder comprar d\u00f3lares\\\" - Noticias Radio Reflejos\",\"isPartOf\":{\"@id\":\"https:\/\/www.noticiasradioreflejos.com.ar\/2021\/#website\"},\"datePublished\":\"2020-10-01T23:12:40+00:00\",\"author\":{\"@id\":\"https:\/\/www.noticiasradioreflejos.com.ar\/2021\/#\/schema\/person\/ad82545263dcc5ec0996818884fd5fb1\"},\"breadcrumb\":{\"@id\":\"https:\/\/www.noticiasradioreflejos.com.ar\/2021\/massa-nadie-tiene-coronita-ni-diputados-ni-senadores-van-a-poder-comprar-dolares\/#breadcrumb\"},\"inLanguage\":\"es\",\"potentialAction\":[{\"@type\":\"ReadAction\",\"target\":[\"https:\/\/www.noticiasradioreflejos.com.ar\/2021\/massa-nadie-tiene-coronita-ni-diputados-ni-senadores-van-a-poder-comprar-dolares\/\"]}]},{\"@type\":\"BreadcrumbList\",\"@id\":\"https:\/\/www.noticiasradioreflejos.com.ar\/2021\/massa-nadie-tiene-coronita-ni-diputados-ni-senadores-van-a-poder-comprar-dolares\/#breadcrumb\",\"itemListElement\":[{\"@type\":\"ListItem\",\"position\":1,\"name\":\"Portada\",\"item\":\"https:\/\/www.noticiasradioreflejos.com.ar\/2021\/\"},{\"@type\":\"ListItem\",\"position\":2,\"name\":\"Massa: \u00abNadie tiene coronita: ni diputados, ni senadores van a poder comprar d\u00f3lares\u00bb\"}]},{\"@type\":\"WebSite\",\"@id\":\"https:\/\/www.noticiasradioreflejos.com.ar\/2021\/#website\",\"url\":\"https:\/\/www.noticiasradioreflejos.com.ar\/2021\/\",\"name\":\"Noticias Radio Reflejos\",\"description\":\"Las noticias de mi comarca\",\"potentialAction\":[{\"@type\":\"SearchAction\",\"target\":{\"@type\":\"EntryPoint\",\"urlTemplate\":\"https:\/\/www.noticiasradioreflejos.com.ar\/2021\/?s={search_term_string}\"},\"query-input\":{\"@type\":\"PropertyValueSpecification\",\"valueRequired\":true,\"valueName\":\"search_term_string\"}}],\"inLanguage\":\"es\"},{\"@type\":\"Person\",\"@id\":\"https:\/\/www.noticiasradioreflejos.com.ar\/2021\/#\/schema\/person\/ad82545263dcc5ec0996818884fd5fb1\",\"name\":\"Arnaldo Botto\",\"image\":{\"@type\":\"ImageObject\",\"inLanguage\":\"es\",\"@id\":\"https:\/\/www.noticiasradioreflejos.com.ar\/2021\/#\/schema\/person\/image\/\",\"url\":\"https:\/\/secure.gravatar.com\/avatar\/55cb5e37c1efa326397366e6974cb338056df65cb50e7d64d1cf314e87504837?s=96&d=mm&r=g\",\"contentUrl\":\"https:\/\/secure.gravatar.com\/avatar\/55cb5e37c1efa326397366e6974cb338056df65cb50e7d64d1cf314e87504837?s=96&d=mm&r=g\",\"caption\":\"Arnaldo Botto\"},\"url\":\"https:\/\/www.noticiasradioreflejos.com.ar\/2021\/author\/arnaldo\/\"}]}<\/script>\n<!-- \/ Yoast SEO plugin. -->","yoast_head_json":{"title":"Massa: \"Nadie tiene coronita: ni diputados, ni senadores van a poder comprar d\u00f3lares\" - Noticias Radio Reflejos","robots":{"index":"index","follow":"follow","max-snippet":"max-snippet:-1","max-image-preview":"max-image-preview:large","max-video-preview":"max-video-preview:-1"},"canonical":"https:\/\/www.noticiasradioreflejos.com.ar\/2021\/massa-nadie-tiene-coronita-ni-diputados-ni-senadores-van-a-poder-comprar-dolares\/","og_locale":"es_ES","og_type":"article","og_title":"Massa: \"Nadie tiene coronita: ni diputados, ni senadores van a poder comprar d\u00f3lares\" - Noticias Radio Reflejos","og_description":"El presidente de la C\u00e1mara baja, Sergio Massa, afirm\u00f3 hoy que \u00abhay una resoluci\u00f3n conjunta de Diputados y del Senado para que ning\u00fan legislador pueda acceder al mercado de cambio, ya que nadie tiene coronita\u00bb.","og_url":"https:\/\/www.noticiasradioreflejos.com.ar\/2021\/massa-nadie-tiene-coronita-ni-diputados-ni-senadores-van-a-poder-comprar-dolares\/","og_site_name":"Noticias Radio Reflejos","article_published_time":"2020-10-01T23:12:40+00:00","og_image":[{"width":300,"height":200,"url":"https:\/\/www.noticiasradioreflejos.com.ar\/2021\/wp-content\/uploads\/2021\/07\/logosol300x200.png","type":"image\/png"}],"author":"Arnaldo Botto","twitter_card":"summary_large_image","schema":{"@context":"https:\/\/schema.org","@graph":[{"@type":"WebPage","@id":"https:\/\/www.noticiasradioreflejos.com.ar\/2021\/massa-nadie-tiene-coronita-ni-diputados-ni-senadores-van-a-poder-comprar-dolares\/","url":"https:\/\/www.noticiasradioreflejos.com.ar\/2021\/massa-nadie-tiene-coronita-ni-diputados-ni-senadores-van-a-poder-comprar-dolares\/","name":"Massa: \"Nadie tiene coronita: ni diputados, ni senadores van a poder comprar d\u00f3lares\" - Noticias Radio Reflejos","isPartOf":{"@id":"https:\/\/www.noticiasradioreflejos.com.ar\/2021\/#website"},"datePublished":"2020-10-01T23:12:40+00:00","author":{"@id":"https:\/\/www.noticiasradioreflejos.com.ar\/2021\/#\/schema\/person\/ad82545263dcc5ec0996818884fd5fb1"},"breadcrumb":{"@id":"https:\/\/www.noticiasradioreflejos.com.ar\/2021\/massa-nadie-tiene-coronita-ni-diputados-ni-senadores-van-a-poder-comprar-dolares\/#breadcrumb"},"inLanguage":"es","potentialAction":[{"@type":"ReadAction","target":["https:\/\/www.noticiasradioreflejos.com.ar\/2021\/massa-nadie-tiene-coronita-ni-diputados-ni-senadores-van-a-poder-comprar-dolares\/"]}]},{"@type":"BreadcrumbList","@id":"https:\/\/www.noticiasradioreflejos.com.ar\/2021\/massa-nadie-tiene-coronita-ni-diputados-ni-senadores-van-a-poder-comprar-dolares\/#breadcrumb","itemListElement":[{"@type":"ListItem","position":1,"name":"Portada","item":"https:\/\/www.noticiasradioreflejos.com.ar\/2021\/"},{"@type":"ListItem","position":2,"name":"Massa: \u00abNadie tiene coronita: ni diputados, ni senadores van a poder comprar d\u00f3lares\u00bb"}]},{"@type":"WebSite","@id":"https:\/\/www.noticiasradioreflejos.com.ar\/2021\/#website","url":"https:\/\/www.noticiasradioreflejos.com.ar\/2021\/","name":"Noticias Radio Reflejos","description":"Las noticias de mi comarca","potentialAction":[{"@type":"SearchAction","target":{"@type":"EntryPoint","urlTemplate":"https:\/\/www.noticiasradioreflejos.com.ar\/2021\/?s={search_term_string}"},"query-input":{"@type":"PropertyValueSpecification","valueRequired":true,"valueName":"search_term_string"}}],"inLanguage":"es"},{"@type":"Person","@id":"https:\/\/www.noticiasradioreflejos.com.ar\/2021\/#\/schema\/person\/ad82545263dcc5ec0996818884fd5fb1","name":"Arnaldo Botto","image":{"@type":"ImageObject","inLanguage":"es","@id":"https:\/\/www.noticiasradioreflejos.com.ar\/2021\/#\/schema\/person\/image\/","url":"https:\/\/secure.gravatar.com\/avatar\/55cb5e37c1efa326397366e6974cb338056df65cb50e7d64d1cf314e87504837?s=96&d=mm&r=g","contentUrl":"https:\/\/secure.gravatar.com\/avatar\/55cb5e37c1efa326397366e6974cb338056df65cb50e7d64d1cf314e87504837?s=96&d=mm&r=g","caption":"Arnaldo Botto"},"url":"https:\/\/www.noticiasradioreflejos.com.ar\/2021\/author\/arnaldo\/"}]}},"_links":{"self":[{"href":"https:\/\/www.noticiasradioreflejos.com.ar\/2021\/wp-json\/wp\/v2\/posts\/47530","targetHints":{"allow":["GET"]}}],"collection":[{"href":"https:\/\/www.noticiasradioreflejos.com.ar\/2021\/wp-json\/wp\/v2\/posts"}],"about":[{"href":"https:\/\/www.noticiasradioreflejos.com.ar\/2021\/wp-json\/wp\/v2\/types\/post"}],"author":[{"embeddable":true,"href":"https:\/\/www.noticiasradioreflejos.com.ar\/2021\/wp-json\/wp\/v2\/users\/3"}],"replies":[{"embeddable":true,"href":"https:\/\/www.noticiasradioreflejos.com.ar\/2021\/wp-json\/wp\/v2\/comments?post=47530"}],"version-history":[{"count":0,"href":"https:\/\/www.noticiasradioreflejos.com.ar\/2021\/wp-json\/wp\/v2\/posts\/47530\/revisions"}],"wp:attachment":[{"href":"https:\/\/www.noticiasradioreflejos.com.ar\/2021\/wp-json\/wp\/v2\/media?parent=47530"}],"wp:term":[{"taxonomy":"category","embeddable":true,"href":"https:\/\/www.noticiasradioreflejos.com.ar\/2021\/wp-json\/wp\/v2\/categories?post=47530"},{"taxonomy":"post_tag","embeddable":true,"href":"https:\/\/www.noticiasradioreflejos.com.ar\/2021\/wp-json\/wp\/v2\/tags?post=47530"}],"curies":[{"name":"wp","href":"https:\/\/api.w.org\/{rel}","templated":true}]}}