{"id":47520,"date":"2020-10-01T18:20:17","date_gmt":"2020-10-01T21:20:17","guid":{"rendered":"http:\/\/www.noticiasradioreflejos.com.ar\/noticias\/?p=47520"},"modified":"2020-10-01T18:20:17","modified_gmt":"2020-10-01T21:20:17","slug":"meoni-confirmo-que-a-partir-del-12-o-15-de-octubre-vuelven-los-vuelos-regulares","status":"publish","type":"post","link":"https:\/\/www.noticiasradioreflejos.com.ar\/2021\/meoni-confirmo-que-a-partir-del-12-o-15-de-octubre-vuelven-los-vuelos-regulares\/","title":{"rendered":"Meoni confirm\u00f3 que a partir del 12 o 15 de octubre vuelven los vuelos regulares."},"content":{"rendered":"<p>El ministro de Transporte, Mario Meoni, confirm\u00f3 hoy que \u00aba partir del 12 o a m\u00e1s tardar, del 15 de octubre, estar\u00e1n volviendo los vuelos regulares\u00bb, y anticip\u00f3 que el Gobierno est\u00e1 \u00abtrabajando para resolver cuanto antes\u00bb la regularizaci\u00f3n de la actividad.<!--more--><br \/>\n\u00abTenemos una fecha prevista para el regreso de los vuelos, nosotros estamos procurando resolverlo cuanto antes, pero no m\u00e1s all\u00e1 del 12 de octubre, o a mediados de octubre como m\u00e1ximo, estaremos operando en larga distancia y en cabotaje\u00bb, puntualiz\u00f3.<\/p>\n<p>Y agreg\u00f3: \u00abCreo que es importante el cabotaje y tambi\u00e9n las operaciones internacionales. Aunque ya est\u00e1n operando una buena cantidad de vuelos especiales a distintos destinos, seguramente a partir de esa fecha empezar\u00e1n a funcionar de manera habitual\u00bb.<\/p>\n<p>El ministro aclar\u00f3 que \u00abnaturalmente que seguir\u00e1n las restricciones en funci\u00f3n del nivel de contagio (de coronavirus)\u00bb, y puntualiz\u00f3 que \u00ablos gobernadores y cada una de las autoridades tendr\u00e1n la potestad de poder limitar la cantidad de pasajeros\u00bb.<\/p>\n<p>\u00abEsto tiene que ver con los riesgos de contagio y de atenci\u00f3n sanitaria, por lo que tenemos que tomar los recaudos necesarios\u00bb, complet\u00f3 al participar de las obras de renovaci\u00f3n de la estaci\u00f3n ferroviaria de Don Torcuato.<\/p>\n","protected":false},"excerpt":{"rendered":"<p>El ministro de Transporte, Mario Meoni, confirm\u00f3 hoy que \u00aba partir del 12 o a m\u00e1s tardar, del 15 de octubre, estar\u00e1n volviendo los vuelos regulares\u00bb, y anticip\u00f3 que el Gobierno est\u00e1 \u00abtrabajando para resolver cuanto antes\u00bb la regularizaci\u00f3n de la actividad.<\/p>\n","protected":false},"author":3,"featured_media":0,"comment_status":"closed","ping_status":"open","sticky":false,"template":"","format":"standard","meta":{"footnotes":""},"categories":[36],"tags":[],"class_list":["post-47520","post","type-post","status-publish","format-standard","hentry","category-economia"],"yoast_head":"<!-- This site is optimized with the Yoast SEO plugin v25.9 - https:\/\/yoast.com\/wordpress\/plugins\/seo\/ -->\n<title>Meoni confirm\u00f3 que a partir del 12 o 15 de octubre vuelven los vuelos regulares. - Noticias Radio Reflejos<\/title>\n<meta name=\"robots\" content=\"index, follow, max-snippet:-1, max-image-preview:large, max-video-preview:-1\" \/>\n<link rel=\"canonical\" href=\"https:\/\/www.noticiasradioreflejos.com.ar\/2021\/meoni-confirmo-que-a-partir-del-12-o-15-de-octubre-vuelven-los-vuelos-regulares\/\" \/>\n<meta property=\"og:locale\" content=\"es_ES\" \/>\n<meta property=\"og:type\" content=\"article\" \/>\n<meta property=\"og:title\" content=\"Meoni confirm\u00f3 que a partir del 12 o 15 de octubre vuelven los vuelos regulares. - Noticias Radio Reflejos\" \/>\n<meta property=\"og:description\" content=\"El ministro de Transporte, Mario Meoni, confirm\u00f3 hoy que \u00aba partir del 12 o a m\u00e1s tardar, del 15 de octubre, estar\u00e1n volviendo los vuelos regulares\u00bb, y anticip\u00f3 que el Gobierno est\u00e1 \u00abtrabajando para resolver cuanto antes\u00bb la regularizaci\u00f3n de la actividad.\" \/>\n<meta property=\"og:url\" content=\"https:\/\/www.noticiasradioreflejos.com.ar\/2021\/meoni-confirmo-que-a-partir-del-12-o-15-de-octubre-vuelven-los-vuelos-regulares\/\" \/>\n<meta property=\"og:site_name\" content=\"Noticias Radio Reflejos\" \/>\n<meta property=\"article:published_time\" content=\"2020-10-01T21:20:17+00:00\" \/>\n<meta property=\"og:image\" content=\"https:\/\/www.noticiasradioreflejos.com.ar\/2021\/wp-content\/uploads\/2021\/07\/logosol300x200.png\" \/>\n\t<meta property=\"og:image:width\" content=\"300\" \/>\n\t<meta property=\"og:image:height\" content=\"200\" \/>\n\t<meta property=\"og:image:type\" content=\"image\/png\" \/>\n<meta name=\"author\" content=\"Arnaldo Botto\" \/>\n<meta name=\"twitter:card\" content=\"summary_large_image\" \/>\n<script type=\"application\/ld+json\" class=\"yoast-schema-graph\">{\"@context\":\"https:\/\/schema.org\",\"@graph\":[{\"@type\":\"WebPage\",\"@id\":\"https:\/\/www.noticiasradioreflejos.com.ar\/2021\/meoni-confirmo-que-a-partir-del-12-o-15-de-octubre-vuelven-los-vuelos-regulares\/\",\"url\":\"https:\/\/www.noticiasradioreflejos.com.ar\/2021\/meoni-confirmo-que-a-partir-del-12-o-15-de-octubre-vuelven-los-vuelos-regulares\/\",\"name\":\"Meoni confirm\u00f3 que a partir del 12 o 15 de octubre vuelven los vuelos regulares. - Noticias Radio Reflejos\",\"isPartOf\":{\"@id\":\"https:\/\/www.noticiasradioreflejos.com.ar\/2021\/#website\"},\"datePublished\":\"2020-10-01T21:20:17+00:00\",\"author\":{\"@id\":\"https:\/\/www.noticiasradioreflejos.com.ar\/2021\/#\/schema\/person\/ad82545263dcc5ec0996818884fd5fb1\"},\"breadcrumb\":{\"@id\":\"https:\/\/www.noticiasradioreflejos.com.ar\/2021\/meoni-confirmo-que-a-partir-del-12-o-15-de-octubre-vuelven-los-vuelos-regulares\/#breadcrumb\"},\"inLanguage\":\"es\",\"potentialAction\":[{\"@type\":\"ReadAction\",\"target\":[\"https:\/\/www.noticiasradioreflejos.com.ar\/2021\/meoni-confirmo-que-a-partir-del-12-o-15-de-octubre-vuelven-los-vuelos-regulares\/\"]}]},{\"@type\":\"BreadcrumbList\",\"@id\":\"https:\/\/www.noticiasradioreflejos.com.ar\/2021\/meoni-confirmo-que-a-partir-del-12-o-15-de-octubre-vuelven-los-vuelos-regulares\/#breadcrumb\",\"itemListElement\":[{\"@type\":\"ListItem\",\"position\":1,\"name\":\"Portada\",\"item\":\"https:\/\/www.noticiasradioreflejos.com.ar\/2021\/\"},{\"@type\":\"ListItem\",\"position\":2,\"name\":\"Meoni confirm\u00f3 que a partir del 12 o 15 de octubre vuelven los vuelos regulares.\"}]},{\"@type\":\"WebSite\",\"@id\":\"https:\/\/www.noticiasradioreflejos.com.ar\/2021\/#website\",\"url\":\"https:\/\/www.noticiasradioreflejos.com.ar\/2021\/\",\"name\":\"Noticias Radio Reflejos\",\"description\":\"Las noticias de mi comarca\",\"potentialAction\":[{\"@type\":\"SearchAction\",\"target\":{\"@type\":\"EntryPoint\",\"urlTemplate\":\"https:\/\/www.noticiasradioreflejos.com.ar\/2021\/?s={search_term_string}\"},\"query-input\":{\"@type\":\"PropertyValueSpecification\",\"valueRequired\":true,\"valueName\":\"search_term_string\"}}],\"inLanguage\":\"es\"},{\"@type\":\"Person\",\"@id\":\"https:\/\/www.noticiasradioreflejos.com.ar\/2021\/#\/schema\/person\/ad82545263dcc5ec0996818884fd5fb1\",\"name\":\"Arnaldo Botto\",\"image\":{\"@type\":\"ImageObject\",\"inLanguage\":\"es\",\"@id\":\"https:\/\/www.noticiasradioreflejos.com.ar\/2021\/#\/schema\/person\/image\/\",\"url\":\"https:\/\/secure.gravatar.com\/avatar\/55cb5e37c1efa326397366e6974cb338056df65cb50e7d64d1cf314e87504837?s=96&d=mm&r=g\",\"contentUrl\":\"https:\/\/secure.gravatar.com\/avatar\/55cb5e37c1efa326397366e6974cb338056df65cb50e7d64d1cf314e87504837?s=96&d=mm&r=g\",\"caption\":\"Arnaldo Botto\"},\"url\":\"https:\/\/www.noticiasradioreflejos.com.ar\/2021\/author\/arnaldo\/\"}]}<\/script>\n<!-- \/ Yoast SEO plugin. -->","yoast_head_json":{"title":"Meoni confirm\u00f3 que a partir del 12 o 15 de octubre vuelven los vuelos regulares. - Noticias Radio Reflejos","robots":{"index":"index","follow":"follow","max-snippet":"max-snippet:-1","max-image-preview":"max-image-preview:large","max-video-preview":"max-video-preview:-1"},"canonical":"https:\/\/www.noticiasradioreflejos.com.ar\/2021\/meoni-confirmo-que-a-partir-del-12-o-15-de-octubre-vuelven-los-vuelos-regulares\/","og_locale":"es_ES","og_type":"article","og_title":"Meoni confirm\u00f3 que a partir del 12 o 15 de octubre vuelven los vuelos regulares. - Noticias Radio Reflejos","og_description":"El ministro de Transporte, Mario Meoni, confirm\u00f3 hoy que \u00aba partir del 12 o a m\u00e1s tardar, del 15 de octubre, estar\u00e1n volviendo los vuelos regulares\u00bb, y anticip\u00f3 que el Gobierno est\u00e1 \u00abtrabajando para resolver cuanto antes\u00bb la regularizaci\u00f3n de la actividad.","og_url":"https:\/\/www.noticiasradioreflejos.com.ar\/2021\/meoni-confirmo-que-a-partir-del-12-o-15-de-octubre-vuelven-los-vuelos-regulares\/","og_site_name":"Noticias Radio Reflejos","article_published_time":"2020-10-01T21:20:17+00:00","og_image":[{"width":300,"height":200,"url":"https:\/\/www.noticiasradioreflejos.com.ar\/2021\/wp-content\/uploads\/2021\/07\/logosol300x200.png","type":"image\/png"}],"author":"Arnaldo Botto","twitter_card":"summary_large_image","schema":{"@context":"https:\/\/schema.org","@graph":[{"@type":"WebPage","@id":"https:\/\/www.noticiasradioreflejos.com.ar\/2021\/meoni-confirmo-que-a-partir-del-12-o-15-de-octubre-vuelven-los-vuelos-regulares\/","url":"https:\/\/www.noticiasradioreflejos.com.ar\/2021\/meoni-confirmo-que-a-partir-del-12-o-15-de-octubre-vuelven-los-vuelos-regulares\/","name":"Meoni confirm\u00f3 que a partir del 12 o 15 de octubre vuelven los vuelos regulares. - Noticias Radio Reflejos","isPartOf":{"@id":"https:\/\/www.noticiasradioreflejos.com.ar\/2021\/#website"},"datePublished":"2020-10-01T21:20:17+00:00","author":{"@id":"https:\/\/www.noticiasradioreflejos.com.ar\/2021\/#\/schema\/person\/ad82545263dcc5ec0996818884fd5fb1"},"breadcrumb":{"@id":"https:\/\/www.noticiasradioreflejos.com.ar\/2021\/meoni-confirmo-que-a-partir-del-12-o-15-de-octubre-vuelven-los-vuelos-regulares\/#breadcrumb"},"inLanguage":"es","potentialAction":[{"@type":"ReadAction","target":["https:\/\/www.noticiasradioreflejos.com.ar\/2021\/meoni-confirmo-que-a-partir-del-12-o-15-de-octubre-vuelven-los-vuelos-regulares\/"]}]},{"@type":"BreadcrumbList","@id":"https:\/\/www.noticiasradioreflejos.com.ar\/2021\/meoni-confirmo-que-a-partir-del-12-o-15-de-octubre-vuelven-los-vuelos-regulares\/#breadcrumb","itemListElement":[{"@type":"ListItem","position":1,"name":"Portada","item":"https:\/\/www.noticiasradioreflejos.com.ar\/2021\/"},{"@type":"ListItem","position":2,"name":"Meoni confirm\u00f3 que a partir del 12 o 15 de octubre vuelven los vuelos regulares."}]},{"@type":"WebSite","@id":"https:\/\/www.noticiasradioreflejos.com.ar\/2021\/#website","url":"https:\/\/www.noticiasradioreflejos.com.ar\/2021\/","name":"Noticias Radio Reflejos","description":"Las noticias de mi comarca","potentialAction":[{"@type":"SearchAction","target":{"@type":"EntryPoint","urlTemplate":"https:\/\/www.noticiasradioreflejos.com.ar\/2021\/?s={search_term_string}"},"query-input":{"@type":"PropertyValueSpecification","valueRequired":true,"valueName":"search_term_string"}}],"inLanguage":"es"},{"@type":"Person","@id":"https:\/\/www.noticiasradioreflejos.com.ar\/2021\/#\/schema\/person\/ad82545263dcc5ec0996818884fd5fb1","name":"Arnaldo Botto","image":{"@type":"ImageObject","inLanguage":"es","@id":"https:\/\/www.noticiasradioreflejos.com.ar\/2021\/#\/schema\/person\/image\/","url":"https:\/\/secure.gravatar.com\/avatar\/55cb5e37c1efa326397366e6974cb338056df65cb50e7d64d1cf314e87504837?s=96&d=mm&r=g","contentUrl":"https:\/\/secure.gravatar.com\/avatar\/55cb5e37c1efa326397366e6974cb338056df65cb50e7d64d1cf314e87504837?s=96&d=mm&r=g","caption":"Arnaldo Botto"},"url":"https:\/\/www.noticiasradioreflejos.com.ar\/2021\/author\/arnaldo\/"}]}},"_links":{"self":[{"href":"https:\/\/www.noticiasradioreflejos.com.ar\/2021\/wp-json\/wp\/v2\/posts\/47520","targetHints":{"allow":["GET"]}}],"collection":[{"href":"https:\/\/www.noticiasradioreflejos.com.ar\/2021\/wp-json\/wp\/v2\/posts"}],"about":[{"href":"https:\/\/www.noticiasradioreflejos.com.ar\/2021\/wp-json\/wp\/v2\/types\/post"}],"author":[{"embeddable":true,"href":"https:\/\/www.noticiasradioreflejos.com.ar\/2021\/wp-json\/wp\/v2\/users\/3"}],"replies":[{"embeddable":true,"href":"https:\/\/www.noticiasradioreflejos.com.ar\/2021\/wp-json\/wp\/v2\/comments?post=47520"}],"version-history":[{"count":0,"href":"https:\/\/www.noticiasradioreflejos.com.ar\/2021\/wp-json\/wp\/v2\/posts\/47520\/revisions"}],"wp:attachment":[{"href":"https:\/\/www.noticiasradioreflejos.com.ar\/2021\/wp-json\/wp\/v2\/media?parent=47520"}],"wp:term":[{"taxonomy":"category","embeddable":true,"href":"https:\/\/www.noticiasradioreflejos.com.ar\/2021\/wp-json\/wp\/v2\/categories?post=47520"},{"taxonomy":"post_tag","embeddable":true,"href":"https:\/\/www.noticiasradioreflejos.com.ar\/2021\/wp-json\/wp\/v2\/tags?post=47520"}],"curies":[{"name":"wp","href":"https:\/\/api.w.org\/{rel}","templated":true}]}}