{"id":47519,"date":"2020-10-01T18:36:36","date_gmt":"2020-10-01T21:36:36","guid":{"rendered":"http:\/\/www.noticiasradioreflejos.com.ar\/noticias\/?p=47519"},"modified":"2020-10-01T18:36:36","modified_gmt":"2020-10-01T21:36:36","slug":"bomberos-voluntarios-de-sierra-de-la-ventana-y-monte-hermoso-viajan-en-dos-unidades-a-combatir-incendios-en-la-provincia-de-cordoba","status":"publish","type":"post","link":"https:\/\/www.noticiasradioreflejos.com.ar\/2021\/bomberos-voluntarios-de-sierra-de-la-ventana-y-monte-hermoso-viajan-en-dos-unidades-a-combatir-incendios-en-la-provincia-de-cordoba\/","title":{"rendered":"Bomberos Voluntarios de Sierra de la Ventana y Monte Hermoso viajan en dos unidades a combatir incendios en la provincia de C\u00f3rdoba."},"content":{"rendered":"<p>A partir de la noticia que bomberos de Sierra de la Ventana junto con otros de Monte Hermoso ir\u00e1n a participar en la extinci\u00f3n del fuego en C\u00f3rdoba, esta ma\u00f1ana conversamos con Sergio Dom\u00ednguez, presidente de los Bomberos Voluntarios de Sierra de la Ventana.<!--more--><\/p>\n<p>\u00abLos chicos que fueron convocados por Luciano Timerman, director general de defensa civil de la Provincia de Buenos Aires, para participar con la gente de C\u00f3rdoba que est\u00e1 pasando un mal momento\u00bb expres\u00f3 Sergio al comenzar la nota.<\/p>\n<p>Fueron convocados dos equipos forestales, 5 bomberos por cami\u00f3n (por cuestiones de protocolo). Los convocados de Monte Hermoso van a salir a las 13:30 para Sierra, y saldr\u00e1n todos juntos a las 15hs del d\u00eda de hoy desde el cuartel de Sierra de la Ventana.<\/p>\n<p>Sergio asegura que los bomberos no saben en qu\u00e9 parte del incendio les tocar\u00e1 trabajar, \u00abellos van para C\u00f3rdoba y se ponen a disposici\u00f3n de los que est\u00e1n organizando\u00bb.<\/p>\n<p>Adem\u00e1s cuenta que deben realizar un protocolo de ida, sobre c\u00f3mo van a ser sus medidas de seguridad, c\u00f3mo se van a alimentar, etc. Pero tambi\u00e9n deber\u00e1n cumplir un protocolo cuando retornen: \u00abse va a aislar a los chicos en una caba\u00f1a, se les har\u00e1n los test correspondientes y, depende el resultado, podr\u00e1n volver a la vida cotidiana o tendr\u00e1n que permanecer en cuarentena\u00bb explic\u00f3 Teko.<\/p>\n<p>\u00abTenemos dos sensaciones, por un lado, la gran responsabilidad de cuidar a nuestros chicos y, por otro, el orgullo de que Sierra de la Ventana siempre sea convocada para participar de los incendios en nuestro pa\u00eds\u00bb expres\u00f3.<\/p>\n<p>A continuaci\u00f3n, presentamos el comunicado informando a la comunidad:<br \/>\nInformamos a la comunidad que el Servicio Nacional de Manejo del Fuego (SNMF) solicit\u00f3 a la Federaci\u00f3n Centro Sur (FCSABV) la convocatoria de la Brigada Forestal de esta asociaci\u00f3n, para viajar en el d\u00eda de hoy 01\/10\/20 a las 15:00hs a la Pcia de Cordoba con 10 Brigadistas de Monte Hermoso, Dorrego, Sierra, Tornquist, Pinta Alta y M\u00e9danos, desde nuestra instituci\u00f3n se movilizar\u00e1 el m\u00f3vil Forestal 4003 en conjunto con la unidad de Monte Hermoso, ambas del SNMF.<br \/>\nEn representaci\u00f3n de nuestro cuartel fueron designados por el SOOR (Sistema de Organizacion Operacional Regional) a cargo el Comandante Mayor DE VIZIA, Gustavo; el Ayudante Principal POLVARA, Santiago y el Ayudante STRIBIC, Juan Pablo.<\/p>\n<p>MUCHA SUERTE A TODOS ELLOS<\/p>\n<p>Nota completa a continuaci\u00f3n:<br \/>\n<iframe loading=\"lazy\" src=\"https:\/\/w.soundcloud.com\/player\/?url=https%3A\/\/api.soundcloud.com\/tracks\/902805670&amp;color=%23ff5500&amp;auto_play=false&amp;hide_related=false&amp;show_comments=true&amp;show_user=true&amp;show_reposts=false&amp;show_teaser=true\" width=\"100%\" height=\"166\" frameborder=\"no\" scrolling=\"no\"><\/iframe><\/p>\n<p>&nbsp;<\/p>\n<p>Im\u00e1genes de vecinos de Sierra de la Ventana despidiendo a los bomberos.<\/p>\n<p><strong> De Marcela Sambucetti.<\/strong><\/p>\n<div style=\"font-size: 10px; color: #cccccc; line-break: anywhere; word-break: normal; overflow: hidden; white-space: nowrap; text-overflow: ellipsis; font-family: Interstate,Lucida Grande,Lucida Sans Unicode,Lucida Sans,Garuda,Verdana,Tahoma,sans-serif; font-weight: 100;\"><a style=\"color: #cccccc; text-decoration: none;\" title=\"fmreflejos 103.7\" href=\"https:\/\/soundcloud.com\/fmreflejos-103-7\" target=\"_blank\" rel=\"noopener\">fmreflejos 103.7<\/a> \u00b7 <a style=\"color: #cccccc; text-decoration: none;\" title=\"Sergio Dominguez\" href=\"https:\/\/soundcloud.com\/fmreflejos-103-7\/sergio-dominguez-4\" target=\"_blank\" rel=\"noopener\">Sergio Dominguez<\/a><\/div>\n<div class=\"jeg_video_container jeg_video_content\"><iframe loading=\"lazy\" title=\"Despedida a los bomberos que viajan a C\u00f3rdoba para luchar contra el fuego.\" width=\"500\" height=\"281\" src=\"https:\/\/www.youtube.com\/embed\/pSv5et7YyF4?feature=oembed\" frameborder=\"0\" allow=\"accelerometer; autoplay; clipboard-write; encrypted-media; gyroscope; picture-in-picture; web-share\" referrerpolicy=\"strict-origin-when-cross-origin\" allowfullscreen><\/iframe><\/div>\n","protected":false},"excerpt":{"rendered":"<p>A partir de la noticia que bomberos de Sierra de la Ventana junto con otros de Monte Hermoso ir\u00e1n a participar en la extinci\u00f3n del fuego en C\u00f3rdoba, esta ma\u00f1ana conversamos con Sergio Dom\u00ednguez, presidente de los Bomberos Voluntarios de Sierra de la Ventana.<\/p>\n","protected":false},"author":3,"featured_media":0,"comment_status":"closed","ping_status":"open","sticky":false,"template":"","format":"standard","meta":{"footnotes":""},"categories":[26],"tags":[],"class_list":["post-47519","post","type-post","status-publish","format-standard","hentry","category-sociedad"],"yoast_head":"<!-- This site is optimized with the Yoast SEO plugin v25.9 - https:\/\/yoast.com\/wordpress\/plugins\/seo\/ -->\n<title>Bomberos Voluntarios de Sierra de la Ventana y Monte Hermoso viajan en dos unidades a combatir incendios en la provincia de C\u00f3rdoba. - Noticias Radio Reflejos<\/title>\n<meta name=\"robots\" content=\"index, follow, max-snippet:-1, max-image-preview:large, max-video-preview:-1\" \/>\n<link rel=\"canonical\" href=\"https:\/\/www.noticiasradioreflejos.com.ar\/2021\/bomberos-voluntarios-de-sierra-de-la-ventana-y-monte-hermoso-viajan-en-dos-unidades-a-combatir-incendios-en-la-provincia-de-cordoba\/\" \/>\n<meta property=\"og:locale\" content=\"es_ES\" \/>\n<meta property=\"og:type\" content=\"article\" \/>\n<meta property=\"og:title\" content=\"Bomberos Voluntarios de Sierra de la Ventana y Monte Hermoso viajan en dos unidades a combatir incendios en la provincia de C\u00f3rdoba. - Noticias Radio Reflejos\" \/>\n<meta property=\"og:description\" content=\"A partir de la noticia que bomberos de Sierra de la Ventana junto con otros de Monte Hermoso ir\u00e1n a participar en la extinci\u00f3n del fuego en C\u00f3rdoba, esta ma\u00f1ana conversamos con Sergio Dom\u00ednguez, presidente de los Bomberos Voluntarios de Sierra de la Ventana.\" \/>\n<meta property=\"og:url\" content=\"https:\/\/www.noticiasradioreflejos.com.ar\/2021\/bomberos-voluntarios-de-sierra-de-la-ventana-y-monte-hermoso-viajan-en-dos-unidades-a-combatir-incendios-en-la-provincia-de-cordoba\/\" \/>\n<meta property=\"og:site_name\" content=\"Noticias Radio Reflejos\" \/>\n<meta property=\"article:published_time\" content=\"2020-10-01T21:36:36+00:00\" \/>\n<meta property=\"og:image\" content=\"https:\/\/www.noticiasradioreflejos.com.ar\/2021\/wp-content\/uploads\/2021\/07\/logosol300x200.png\" \/>\n\t<meta property=\"og:image:width\" content=\"300\" \/>\n\t<meta property=\"og:image:height\" content=\"200\" \/>\n\t<meta property=\"og:image:type\" content=\"image\/png\" \/>\n<meta name=\"author\" content=\"Arnaldo Botto\" \/>\n<meta name=\"twitter:card\" content=\"summary_large_image\" \/>\n<script type=\"application\/ld+json\" class=\"yoast-schema-graph\">{\"@context\":\"https:\/\/schema.org\",\"@graph\":[{\"@type\":\"WebPage\",\"@id\":\"https:\/\/www.noticiasradioreflejos.com.ar\/2021\/bomberos-voluntarios-de-sierra-de-la-ventana-y-monte-hermoso-viajan-en-dos-unidades-a-combatir-incendios-en-la-provincia-de-cordoba\/\",\"url\":\"https:\/\/www.noticiasradioreflejos.com.ar\/2021\/bomberos-voluntarios-de-sierra-de-la-ventana-y-monte-hermoso-viajan-en-dos-unidades-a-combatir-incendios-en-la-provincia-de-cordoba\/\",\"name\":\"Bomberos Voluntarios de Sierra de la Ventana y Monte Hermoso viajan en dos unidades a combatir incendios en la provincia de C\u00f3rdoba. - Noticias Radio Reflejos\",\"isPartOf\":{\"@id\":\"https:\/\/www.noticiasradioreflejos.com.ar\/2021\/#website\"},\"datePublished\":\"2020-10-01T21:36:36+00:00\",\"author\":{\"@id\":\"https:\/\/www.noticiasradioreflejos.com.ar\/2021\/#\/schema\/person\/ad82545263dcc5ec0996818884fd5fb1\"},\"breadcrumb\":{\"@id\":\"https:\/\/www.noticiasradioreflejos.com.ar\/2021\/bomberos-voluntarios-de-sierra-de-la-ventana-y-monte-hermoso-viajan-en-dos-unidades-a-combatir-incendios-en-la-provincia-de-cordoba\/#breadcrumb\"},\"inLanguage\":\"es\",\"potentialAction\":[{\"@type\":\"ReadAction\",\"target\":[\"https:\/\/www.noticiasradioreflejos.com.ar\/2021\/bomberos-voluntarios-de-sierra-de-la-ventana-y-monte-hermoso-viajan-en-dos-unidades-a-combatir-incendios-en-la-provincia-de-cordoba\/\"]}]},{\"@type\":\"BreadcrumbList\",\"@id\":\"https:\/\/www.noticiasradioreflejos.com.ar\/2021\/bomberos-voluntarios-de-sierra-de-la-ventana-y-monte-hermoso-viajan-en-dos-unidades-a-combatir-incendios-en-la-provincia-de-cordoba\/#breadcrumb\",\"itemListElement\":[{\"@type\":\"ListItem\",\"position\":1,\"name\":\"Portada\",\"item\":\"https:\/\/www.noticiasradioreflejos.com.ar\/2021\/\"},{\"@type\":\"ListItem\",\"position\":2,\"name\":\"Bomberos Voluntarios de Sierra de la Ventana y Monte Hermoso viajan en dos unidades a combatir incendios en la provincia de C\u00f3rdoba.\"}]},{\"@type\":\"WebSite\",\"@id\":\"https:\/\/www.noticiasradioreflejos.com.ar\/2021\/#website\",\"url\":\"https:\/\/www.noticiasradioreflejos.com.ar\/2021\/\",\"name\":\"Noticias Radio Reflejos\",\"description\":\"Las noticias de mi comarca\",\"potentialAction\":[{\"@type\":\"SearchAction\",\"target\":{\"@type\":\"EntryPoint\",\"urlTemplate\":\"https:\/\/www.noticiasradioreflejos.com.ar\/2021\/?s={search_term_string}\"},\"query-input\":{\"@type\":\"PropertyValueSpecification\",\"valueRequired\":true,\"valueName\":\"search_term_string\"}}],\"inLanguage\":\"es\"},{\"@type\":\"Person\",\"@id\":\"https:\/\/www.noticiasradioreflejos.com.ar\/2021\/#\/schema\/person\/ad82545263dcc5ec0996818884fd5fb1\",\"name\":\"Arnaldo Botto\",\"image\":{\"@type\":\"ImageObject\",\"inLanguage\":\"es\",\"@id\":\"https:\/\/www.noticiasradioreflejos.com.ar\/2021\/#\/schema\/person\/image\/\",\"url\":\"https:\/\/secure.gravatar.com\/avatar\/55cb5e37c1efa326397366e6974cb338056df65cb50e7d64d1cf314e87504837?s=96&d=mm&r=g\",\"contentUrl\":\"https:\/\/secure.gravatar.com\/avatar\/55cb5e37c1efa326397366e6974cb338056df65cb50e7d64d1cf314e87504837?s=96&d=mm&r=g\",\"caption\":\"Arnaldo Botto\"},\"url\":\"https:\/\/www.noticiasradioreflejos.com.ar\/2021\/author\/arnaldo\/\"}]}<\/script>\n<!-- \/ Yoast SEO plugin. -->","yoast_head_json":{"title":"Bomberos Voluntarios de Sierra de la Ventana y Monte Hermoso viajan en dos unidades a combatir incendios en la provincia de C\u00f3rdoba. - Noticias Radio Reflejos","robots":{"index":"index","follow":"follow","max-snippet":"max-snippet:-1","max-image-preview":"max-image-preview:large","max-video-preview":"max-video-preview:-1"},"canonical":"https:\/\/www.noticiasradioreflejos.com.ar\/2021\/bomberos-voluntarios-de-sierra-de-la-ventana-y-monte-hermoso-viajan-en-dos-unidades-a-combatir-incendios-en-la-provincia-de-cordoba\/","og_locale":"es_ES","og_type":"article","og_title":"Bomberos Voluntarios de Sierra de la Ventana y Monte Hermoso viajan en dos unidades a combatir incendios en la provincia de C\u00f3rdoba. - Noticias Radio Reflejos","og_description":"A partir de la noticia que bomberos de Sierra de la Ventana junto con otros de Monte Hermoso ir\u00e1n a participar en la extinci\u00f3n del fuego en C\u00f3rdoba, esta ma\u00f1ana conversamos con Sergio Dom\u00ednguez, presidente de los Bomberos Voluntarios de Sierra de la Ventana.","og_url":"https:\/\/www.noticiasradioreflejos.com.ar\/2021\/bomberos-voluntarios-de-sierra-de-la-ventana-y-monte-hermoso-viajan-en-dos-unidades-a-combatir-incendios-en-la-provincia-de-cordoba\/","og_site_name":"Noticias Radio Reflejos","article_published_time":"2020-10-01T21:36:36+00:00","og_image":[{"width":300,"height":200,"url":"https:\/\/www.noticiasradioreflejos.com.ar\/2021\/wp-content\/uploads\/2021\/07\/logosol300x200.png","type":"image\/png"}],"author":"Arnaldo Botto","twitter_card":"summary_large_image","schema":{"@context":"https:\/\/schema.org","@graph":[{"@type":"WebPage","@id":"https:\/\/www.noticiasradioreflejos.com.ar\/2021\/bomberos-voluntarios-de-sierra-de-la-ventana-y-monte-hermoso-viajan-en-dos-unidades-a-combatir-incendios-en-la-provincia-de-cordoba\/","url":"https:\/\/www.noticiasradioreflejos.com.ar\/2021\/bomberos-voluntarios-de-sierra-de-la-ventana-y-monte-hermoso-viajan-en-dos-unidades-a-combatir-incendios-en-la-provincia-de-cordoba\/","name":"Bomberos Voluntarios de Sierra de la Ventana y Monte Hermoso viajan en dos unidades a combatir incendios en la provincia de C\u00f3rdoba. - Noticias Radio Reflejos","isPartOf":{"@id":"https:\/\/www.noticiasradioreflejos.com.ar\/2021\/#website"},"datePublished":"2020-10-01T21:36:36+00:00","author":{"@id":"https:\/\/www.noticiasradioreflejos.com.ar\/2021\/#\/schema\/person\/ad82545263dcc5ec0996818884fd5fb1"},"breadcrumb":{"@id":"https:\/\/www.noticiasradioreflejos.com.ar\/2021\/bomberos-voluntarios-de-sierra-de-la-ventana-y-monte-hermoso-viajan-en-dos-unidades-a-combatir-incendios-en-la-provincia-de-cordoba\/#breadcrumb"},"inLanguage":"es","potentialAction":[{"@type":"ReadAction","target":["https:\/\/www.noticiasradioreflejos.com.ar\/2021\/bomberos-voluntarios-de-sierra-de-la-ventana-y-monte-hermoso-viajan-en-dos-unidades-a-combatir-incendios-en-la-provincia-de-cordoba\/"]}]},{"@type":"BreadcrumbList","@id":"https:\/\/www.noticiasradioreflejos.com.ar\/2021\/bomberos-voluntarios-de-sierra-de-la-ventana-y-monte-hermoso-viajan-en-dos-unidades-a-combatir-incendios-en-la-provincia-de-cordoba\/#breadcrumb","itemListElement":[{"@type":"ListItem","position":1,"name":"Portada","item":"https:\/\/www.noticiasradioreflejos.com.ar\/2021\/"},{"@type":"ListItem","position":2,"name":"Bomberos Voluntarios de Sierra de la Ventana y Monte Hermoso viajan en dos unidades a combatir incendios en la provincia de C\u00f3rdoba."}]},{"@type":"WebSite","@id":"https:\/\/www.noticiasradioreflejos.com.ar\/2021\/#website","url":"https:\/\/www.noticiasradioreflejos.com.ar\/2021\/","name":"Noticias Radio Reflejos","description":"Las noticias de mi comarca","potentialAction":[{"@type":"SearchAction","target":{"@type":"EntryPoint","urlTemplate":"https:\/\/www.noticiasradioreflejos.com.ar\/2021\/?s={search_term_string}"},"query-input":{"@type":"PropertyValueSpecification","valueRequired":true,"valueName":"search_term_string"}}],"inLanguage":"es"},{"@type":"Person","@id":"https:\/\/www.noticiasradioreflejos.com.ar\/2021\/#\/schema\/person\/ad82545263dcc5ec0996818884fd5fb1","name":"Arnaldo Botto","image":{"@type":"ImageObject","inLanguage":"es","@id":"https:\/\/www.noticiasradioreflejos.com.ar\/2021\/#\/schema\/person\/image\/","url":"https:\/\/secure.gravatar.com\/avatar\/55cb5e37c1efa326397366e6974cb338056df65cb50e7d64d1cf314e87504837?s=96&d=mm&r=g","contentUrl":"https:\/\/secure.gravatar.com\/avatar\/55cb5e37c1efa326397366e6974cb338056df65cb50e7d64d1cf314e87504837?s=96&d=mm&r=g","caption":"Arnaldo Botto"},"url":"https:\/\/www.noticiasradioreflejos.com.ar\/2021\/author\/arnaldo\/"}]}},"_links":{"self":[{"href":"https:\/\/www.noticiasradioreflejos.com.ar\/2021\/wp-json\/wp\/v2\/posts\/47519","targetHints":{"allow":["GET"]}}],"collection":[{"href":"https:\/\/www.noticiasradioreflejos.com.ar\/2021\/wp-json\/wp\/v2\/posts"}],"about":[{"href":"https:\/\/www.noticiasradioreflejos.com.ar\/2021\/wp-json\/wp\/v2\/types\/post"}],"author":[{"embeddable":true,"href":"https:\/\/www.noticiasradioreflejos.com.ar\/2021\/wp-json\/wp\/v2\/users\/3"}],"replies":[{"embeddable":true,"href":"https:\/\/www.noticiasradioreflejos.com.ar\/2021\/wp-json\/wp\/v2\/comments?post=47519"}],"version-history":[{"count":0,"href":"https:\/\/www.noticiasradioreflejos.com.ar\/2021\/wp-json\/wp\/v2\/posts\/47519\/revisions"}],"wp:attachment":[{"href":"https:\/\/www.noticiasradioreflejos.com.ar\/2021\/wp-json\/wp\/v2\/media?parent=47519"}],"wp:term":[{"taxonomy":"category","embeddable":true,"href":"https:\/\/www.noticiasradioreflejos.com.ar\/2021\/wp-json\/wp\/v2\/categories?post=47519"},{"taxonomy":"post_tag","embeddable":true,"href":"https:\/\/www.noticiasradioreflejos.com.ar\/2021\/wp-json\/wp\/v2\/tags?post=47519"}],"curies":[{"name":"wp","href":"https:\/\/api.w.org\/{rel}","templated":true}]}}