{"id":47513,"date":"2020-10-01T17:26:13","date_gmt":"2020-10-01T20:26:13","guid":{"rendered":"http:\/\/www.noticiasradioreflejos.com.ar\/noticias\/?p=47513"},"modified":"2020-10-01T17:26:13","modified_gmt":"2020-10-01T20:26:13","slug":"facundo-murio-ahogado-y-no-presenta-lesiones-traumaticas-ni-participacion-de-otras-personas","status":"publish","type":"post","link":"https:\/\/www.noticiasradioreflejos.com.ar\/2021\/facundo-murio-ahogado-y-no-presenta-lesiones-traumaticas-ni-participacion-de-otras-personas\/","title":{"rendered":"Facundo muri\u00f3 ahogado y no presenta lesiones \u00abtraum\u00e1ticas\u00bb ni participaci\u00f3n de otras personas."},"content":{"rendered":"<p>Facundo Astudillo Castro, el joven de 22 a\u00f1os cuyos restos fueron hallados el 15 de agosto pasado en la localidad bonaerense de General Daniel Cerri, muri\u00f3 ahogado en el mismo lugar en el que fue encontrado y su cad\u00e1ver carece de lesiones traum\u00e1ticas, aunque no se pudo determinar la participaci\u00f3n de terceros ni concluir si fue un hecho \u00absuicida, homicida u accidental\u00bb.<!--more--><\/p>\n<p>Seg\u00fan lo determin\u00f3 la autopsia, cuyo informe se conoci\u00f3 hoy, la muerte de Facundo \u00abse produjo por asfixia por sumersi\u00f3n (ahogamiento)\u00bb y \u00abse trat\u00f3 de una muerte violenta, por no ser natural. El avanzado estado de esqueletizaci\u00f3n del cad\u00e1ver limit\u00f3 las posibilidades de conocer el modo de la muerte, no pudiendo la ciencia forense determinar con rigor cient\u00edfico si se trat\u00f3 de uno u otro modo de muerte violenta: suicida, homicida o accidental\u00bb.<\/p>\n<p>Adem\u00e1s, estableci\u00f3 que la muerte se produjo en un plazo \u00abno menor a los 30 d\u00edas\u00bb anteriores al hallazgo de los restos y que no surgieron elementos que permitan suponer que el cuerpo haya estado en otro lugar distintos al del hallazgo.<\/p>\n<p>El resultado de la autopsia fue presentado hoy por los peritos a la jueza federal 2 de Bah\u00eda Blanca, Mar\u00eda Gabriela Marr\u00f3n en la sede del Equipo Argentino de Antropolog\u00eda Forense (EAAF), en la ex ESMA, en el barrio porte\u00f1o de N\u00fa\u00f1ez, y luego fue notificado a la madre de Facundo, Cristina Castro.<\/p>\n<p>En el encuentro, tambi\u00e9n estuvo el fiscal Horacio Azzolin (Ufeci) y los 15 peritos que participaron de la operaci\u00f3n de autopsia.<\/p>\n<p>Si bien est\u00e1 prevista una conferencia de prensa de la madre de Facundo, la perito Virginia Cr\u00e9imer, quien particip\u00f3 de la autopsia por parte de la querella, adelant\u00f3 que, a su criterio, el joven de 22 a\u00f1os fue victima de \u00abuna muerte violenta por asfixia\u00bb y que ahora seguir\u00e1n adelante \u00abbuscando la mano homicida\u00bb.<\/p>\n<p>Respecto a la causa de la muerte, el informe revel\u00f3 que Facundo muri\u00f3 por ahogamiento y aclara que \u00abla sumersi\u00f3n (mecanismo asf\u00edctico) es la causa de muerte por obstrucci\u00f3n de la v\u00eda a\u00e9rea por el ingreso de l\u00edquidos durante el proceso de respiraci\u00f3n bajo el agua, generando el ahogamiento (asfixia mec\u00e1nica)\u00bb.<\/p>\n<p>Adem\u00e1s, estableci\u00f3 que, de acuerdo a las diatomeas halladas en la m\u00e9dula \u00f3sea, que son coincidentes a \u00ablas recuperadas en las muestras de agua y de sedimentos\u00bb, \u00abes altamente indicativo\u00bb de que el lugar de la muerte es donde fue hallado el cad\u00e1ver.<\/p>\n<p>En tanto, los peritos determinaron que \u00ablos restos \u00f3seos estudiados no presentaban lesiones vitales, de origen traum\u00e1tico, ni otras antemortem (previas a la muerte)\u00bb, y determinaron que \u00abno se evidenciaron estructuras de densidad met\u00e1lica, similares a elementos que puedan corresponderse con aquellos que producen injurias o lesiones (como por ejemplo proyectiles de arma de fuego, segmentos de arma blanca, entre otros)\u00bb.<\/p>\n<p>El informe indica que, en el an\u00e1lisis de los restos, \u00abno se observaron signos de participaci\u00f3n de terceras personas\u00bb y agrega que \u00abtodas las lesiones y p\u00e9rdida de algunas piezas dentales son postmortem (posteriores a la muerte), producto de depredadores y exposici\u00f3n medioambiental\u00bb.<\/p>\n<p>La autopsia, cuyo resultado se conoci\u00f3 hoy, se realiz\u00f3 el pasado 25 de agosto y particip\u00f3 un equipo interdisciplinario compuesto por al menos 15 peritos.<\/p>\n<p>Por parte del EAAF participaron su director, Luis Fondebrider (antrop\u00f3logo forense); Anal\u00eda Simonetto (antrop\u00f3loga forense, coordinadora del Laboratorio de Antropolog\u00eda Forense); Mercedes Salado Puerto (antrop\u00f3loga forense, coordinadora de Identificaci\u00f3n); Luis Bosio (m\u00e9dico forense); y Gala Maruscak (fot\u00f3grafa pericial).<\/p>\n<p>En cuanto al Cuerpo M\u00e9dico Forense (CMF), intervinieron Roberto Cohen (m\u00e9dico forense); Alejandro Rullan Corna (m\u00e9dico forense); Marta Maldonado (odont\u00f3loga forense); Jorge Pereyra (radi\u00f3logo forense), y Mariana Selva (antrop\u00f3loga forense).<\/p>\n<p>Por parte del Consejo Nacional de Investigaciones Cient\u00edficas y T\u00e9cnicas (Conicet) particip\u00f3 Nora Maidana (an\u00e1lisis de diatomeas), mientras que por la Universidad del Centro (Unicen) lo hizo Mar\u00eda Amelia Guti\u00e9rrez (Tafonom\u00eda), Mar\u00eda Clara \u00c1lvarez (arque\u00f3loga) y Cristian Ariel Kaufmann (Ciencias Naturales).<\/p>\n<p>Asimismo, Cr\u00e9imer, especialista consultora en Medicina Legal, fue designada como perito por parte de la querella, y ma\u00f1ana tambi\u00e9n estar\u00e1 presente en la entrega del informe.<\/p>\n<p>Facundo (22) fue visto con vida por \u00faltima vez el 30 de abril \u00faltimo, cuando en plena cuarentena por la Covid-19 dej\u00f3 su casa de Pedro Luro para ir a Bah\u00eda Blanca a ver a su exnovia.<\/p>\n<p>La madre del joven y sus abogados, Leandro Aparicio y Luciano Peretto, creen que Facundo fue v\u00edctima de una desaparici\u00f3n forzada seguida de muerte por parte de la Polic\u00eda bonaerense.<br \/>\nImprimir<\/p>\n","protected":false},"excerpt":{"rendered":"<p>Facundo Astudillo Castro, el joven de 22 a\u00f1os cuyos restos fueron hallados el 15 de agosto pasado en la localidad bonaerense de General Daniel Cerri, muri\u00f3 ahogado en el mismo lugar en el que fue encontrado y su cad\u00e1ver carece de lesiones traum\u00e1ticas, aunque no se pudo determinar la participaci\u00f3n de terceros ni concluir si [&hellip;]<\/p>\n","protected":false},"author":3,"featured_media":0,"comment_status":"closed","ping_status":"open","sticky":false,"template":"","format":"standard","meta":{"footnotes":""},"categories":[29],"tags":[],"class_list":["post-47513","post","type-post","status-publish","format-standard","hentry","category-policiales"],"yoast_head":"<!-- This site is optimized with the Yoast SEO plugin v25.9 - https:\/\/yoast.com\/wordpress\/plugins\/seo\/ -->\n<title>Facundo muri\u00f3 ahogado y no presenta lesiones &quot;traum\u00e1ticas&quot; ni participaci\u00f3n de otras personas. - Noticias Radio Reflejos<\/title>\n<meta name=\"robots\" content=\"index, follow, max-snippet:-1, max-image-preview:large, max-video-preview:-1\" \/>\n<link rel=\"canonical\" href=\"https:\/\/www.noticiasradioreflejos.com.ar\/2021\/facundo-murio-ahogado-y-no-presenta-lesiones-traumaticas-ni-participacion-de-otras-personas\/\" \/>\n<meta property=\"og:locale\" content=\"es_ES\" \/>\n<meta property=\"og:type\" content=\"article\" \/>\n<meta property=\"og:title\" content=\"Facundo muri\u00f3 ahogado y no presenta lesiones &quot;traum\u00e1ticas&quot; ni participaci\u00f3n de otras personas. - Noticias Radio Reflejos\" \/>\n<meta property=\"og:description\" content=\"Facundo Astudillo Castro, el joven de 22 a\u00f1os cuyos restos fueron hallados el 15 de agosto pasado en la localidad bonaerense de General Daniel Cerri, muri\u00f3 ahogado en el mismo lugar en el que fue encontrado y su cad\u00e1ver carece de lesiones traum\u00e1ticas, aunque no se pudo determinar la participaci\u00f3n de terceros ni concluir si [&hellip;]\" \/>\n<meta property=\"og:url\" content=\"https:\/\/www.noticiasradioreflejos.com.ar\/2021\/facundo-murio-ahogado-y-no-presenta-lesiones-traumaticas-ni-participacion-de-otras-personas\/\" \/>\n<meta property=\"og:site_name\" content=\"Noticias Radio Reflejos\" \/>\n<meta property=\"article:published_time\" content=\"2020-10-01T20:26:13+00:00\" \/>\n<meta property=\"og:image\" content=\"https:\/\/www.noticiasradioreflejos.com.ar\/2021\/wp-content\/uploads\/2021\/07\/logosol300x200.png\" \/>\n\t<meta property=\"og:image:width\" content=\"300\" \/>\n\t<meta property=\"og:image:height\" content=\"200\" \/>\n\t<meta property=\"og:image:type\" content=\"image\/png\" \/>\n<meta name=\"author\" content=\"Arnaldo Botto\" \/>\n<meta name=\"twitter:card\" content=\"summary_large_image\" \/>\n<script type=\"application\/ld+json\" class=\"yoast-schema-graph\">{\"@context\":\"https:\/\/schema.org\",\"@graph\":[{\"@type\":\"WebPage\",\"@id\":\"https:\/\/www.noticiasradioreflejos.com.ar\/2021\/facundo-murio-ahogado-y-no-presenta-lesiones-traumaticas-ni-participacion-de-otras-personas\/\",\"url\":\"https:\/\/www.noticiasradioreflejos.com.ar\/2021\/facundo-murio-ahogado-y-no-presenta-lesiones-traumaticas-ni-participacion-de-otras-personas\/\",\"name\":\"Facundo muri\u00f3 ahogado y no presenta lesiones \\\"traum\u00e1ticas\\\" ni participaci\u00f3n de otras personas. - Noticias Radio Reflejos\",\"isPartOf\":{\"@id\":\"https:\/\/www.noticiasradioreflejos.com.ar\/2021\/#website\"},\"datePublished\":\"2020-10-01T20:26:13+00:00\",\"author\":{\"@id\":\"https:\/\/www.noticiasradioreflejos.com.ar\/2021\/#\/schema\/person\/ad82545263dcc5ec0996818884fd5fb1\"},\"breadcrumb\":{\"@id\":\"https:\/\/www.noticiasradioreflejos.com.ar\/2021\/facundo-murio-ahogado-y-no-presenta-lesiones-traumaticas-ni-participacion-de-otras-personas\/#breadcrumb\"},\"inLanguage\":\"es\",\"potentialAction\":[{\"@type\":\"ReadAction\",\"target\":[\"https:\/\/www.noticiasradioreflejos.com.ar\/2021\/facundo-murio-ahogado-y-no-presenta-lesiones-traumaticas-ni-participacion-de-otras-personas\/\"]}]},{\"@type\":\"BreadcrumbList\",\"@id\":\"https:\/\/www.noticiasradioreflejos.com.ar\/2021\/facundo-murio-ahogado-y-no-presenta-lesiones-traumaticas-ni-participacion-de-otras-personas\/#breadcrumb\",\"itemListElement\":[{\"@type\":\"ListItem\",\"position\":1,\"name\":\"Portada\",\"item\":\"https:\/\/www.noticiasradioreflejos.com.ar\/2021\/\"},{\"@type\":\"ListItem\",\"position\":2,\"name\":\"Facundo muri\u00f3 ahogado y no presenta lesiones \u00abtraum\u00e1ticas\u00bb ni participaci\u00f3n de otras personas.\"}]},{\"@type\":\"WebSite\",\"@id\":\"https:\/\/www.noticiasradioreflejos.com.ar\/2021\/#website\",\"url\":\"https:\/\/www.noticiasradioreflejos.com.ar\/2021\/\",\"name\":\"Noticias Radio Reflejos\",\"description\":\"Las noticias de mi comarca\",\"potentialAction\":[{\"@type\":\"SearchAction\",\"target\":{\"@type\":\"EntryPoint\",\"urlTemplate\":\"https:\/\/www.noticiasradioreflejos.com.ar\/2021\/?s={search_term_string}\"},\"query-input\":{\"@type\":\"PropertyValueSpecification\",\"valueRequired\":true,\"valueName\":\"search_term_string\"}}],\"inLanguage\":\"es\"},{\"@type\":\"Person\",\"@id\":\"https:\/\/www.noticiasradioreflejos.com.ar\/2021\/#\/schema\/person\/ad82545263dcc5ec0996818884fd5fb1\",\"name\":\"Arnaldo Botto\",\"image\":{\"@type\":\"ImageObject\",\"inLanguage\":\"es\",\"@id\":\"https:\/\/www.noticiasradioreflejos.com.ar\/2021\/#\/schema\/person\/image\/\",\"url\":\"https:\/\/secure.gravatar.com\/avatar\/55cb5e37c1efa326397366e6974cb338056df65cb50e7d64d1cf314e87504837?s=96&d=mm&r=g\",\"contentUrl\":\"https:\/\/secure.gravatar.com\/avatar\/55cb5e37c1efa326397366e6974cb338056df65cb50e7d64d1cf314e87504837?s=96&d=mm&r=g\",\"caption\":\"Arnaldo Botto\"},\"url\":\"https:\/\/www.noticiasradioreflejos.com.ar\/2021\/author\/arnaldo\/\"}]}<\/script>\n<!-- \/ Yoast SEO plugin. -->","yoast_head_json":{"title":"Facundo muri\u00f3 ahogado y no presenta lesiones \"traum\u00e1ticas\" ni participaci\u00f3n de otras personas. - Noticias Radio Reflejos","robots":{"index":"index","follow":"follow","max-snippet":"max-snippet:-1","max-image-preview":"max-image-preview:large","max-video-preview":"max-video-preview:-1"},"canonical":"https:\/\/www.noticiasradioreflejos.com.ar\/2021\/facundo-murio-ahogado-y-no-presenta-lesiones-traumaticas-ni-participacion-de-otras-personas\/","og_locale":"es_ES","og_type":"article","og_title":"Facundo muri\u00f3 ahogado y no presenta lesiones \"traum\u00e1ticas\" ni participaci\u00f3n de otras personas. - Noticias Radio Reflejos","og_description":"Facundo Astudillo Castro, el joven de 22 a\u00f1os cuyos restos fueron hallados el 15 de agosto pasado en la localidad bonaerense de General Daniel Cerri, muri\u00f3 ahogado en el mismo lugar en el que fue encontrado y su cad\u00e1ver carece de lesiones traum\u00e1ticas, aunque no se pudo determinar la participaci\u00f3n de terceros ni concluir si [&hellip;]","og_url":"https:\/\/www.noticiasradioreflejos.com.ar\/2021\/facundo-murio-ahogado-y-no-presenta-lesiones-traumaticas-ni-participacion-de-otras-personas\/","og_site_name":"Noticias Radio Reflejos","article_published_time":"2020-10-01T20:26:13+00:00","og_image":[{"width":300,"height":200,"url":"https:\/\/www.noticiasradioreflejos.com.ar\/2021\/wp-content\/uploads\/2021\/07\/logosol300x200.png","type":"image\/png"}],"author":"Arnaldo Botto","twitter_card":"summary_large_image","schema":{"@context":"https:\/\/schema.org","@graph":[{"@type":"WebPage","@id":"https:\/\/www.noticiasradioreflejos.com.ar\/2021\/facundo-murio-ahogado-y-no-presenta-lesiones-traumaticas-ni-participacion-de-otras-personas\/","url":"https:\/\/www.noticiasradioreflejos.com.ar\/2021\/facundo-murio-ahogado-y-no-presenta-lesiones-traumaticas-ni-participacion-de-otras-personas\/","name":"Facundo muri\u00f3 ahogado y no presenta lesiones \"traum\u00e1ticas\" ni participaci\u00f3n de otras personas. - Noticias Radio Reflejos","isPartOf":{"@id":"https:\/\/www.noticiasradioreflejos.com.ar\/2021\/#website"},"datePublished":"2020-10-01T20:26:13+00:00","author":{"@id":"https:\/\/www.noticiasradioreflejos.com.ar\/2021\/#\/schema\/person\/ad82545263dcc5ec0996818884fd5fb1"},"breadcrumb":{"@id":"https:\/\/www.noticiasradioreflejos.com.ar\/2021\/facundo-murio-ahogado-y-no-presenta-lesiones-traumaticas-ni-participacion-de-otras-personas\/#breadcrumb"},"inLanguage":"es","potentialAction":[{"@type":"ReadAction","target":["https:\/\/www.noticiasradioreflejos.com.ar\/2021\/facundo-murio-ahogado-y-no-presenta-lesiones-traumaticas-ni-participacion-de-otras-personas\/"]}]},{"@type":"BreadcrumbList","@id":"https:\/\/www.noticiasradioreflejos.com.ar\/2021\/facundo-murio-ahogado-y-no-presenta-lesiones-traumaticas-ni-participacion-de-otras-personas\/#breadcrumb","itemListElement":[{"@type":"ListItem","position":1,"name":"Portada","item":"https:\/\/www.noticiasradioreflejos.com.ar\/2021\/"},{"@type":"ListItem","position":2,"name":"Facundo muri\u00f3 ahogado y no presenta lesiones \u00abtraum\u00e1ticas\u00bb ni participaci\u00f3n de otras personas."}]},{"@type":"WebSite","@id":"https:\/\/www.noticiasradioreflejos.com.ar\/2021\/#website","url":"https:\/\/www.noticiasradioreflejos.com.ar\/2021\/","name":"Noticias Radio Reflejos","description":"Las noticias de mi comarca","potentialAction":[{"@type":"SearchAction","target":{"@type":"EntryPoint","urlTemplate":"https:\/\/www.noticiasradioreflejos.com.ar\/2021\/?s={search_term_string}"},"query-input":{"@type":"PropertyValueSpecification","valueRequired":true,"valueName":"search_term_string"}}],"inLanguage":"es"},{"@type":"Person","@id":"https:\/\/www.noticiasradioreflejos.com.ar\/2021\/#\/schema\/person\/ad82545263dcc5ec0996818884fd5fb1","name":"Arnaldo Botto","image":{"@type":"ImageObject","inLanguage":"es","@id":"https:\/\/www.noticiasradioreflejos.com.ar\/2021\/#\/schema\/person\/image\/","url":"https:\/\/secure.gravatar.com\/avatar\/55cb5e37c1efa326397366e6974cb338056df65cb50e7d64d1cf314e87504837?s=96&d=mm&r=g","contentUrl":"https:\/\/secure.gravatar.com\/avatar\/55cb5e37c1efa326397366e6974cb338056df65cb50e7d64d1cf314e87504837?s=96&d=mm&r=g","caption":"Arnaldo Botto"},"url":"https:\/\/www.noticiasradioreflejos.com.ar\/2021\/author\/arnaldo\/"}]}},"_links":{"self":[{"href":"https:\/\/www.noticiasradioreflejos.com.ar\/2021\/wp-json\/wp\/v2\/posts\/47513","targetHints":{"allow":["GET"]}}],"collection":[{"href":"https:\/\/www.noticiasradioreflejos.com.ar\/2021\/wp-json\/wp\/v2\/posts"}],"about":[{"href":"https:\/\/www.noticiasradioreflejos.com.ar\/2021\/wp-json\/wp\/v2\/types\/post"}],"author":[{"embeddable":true,"href":"https:\/\/www.noticiasradioreflejos.com.ar\/2021\/wp-json\/wp\/v2\/users\/3"}],"replies":[{"embeddable":true,"href":"https:\/\/www.noticiasradioreflejos.com.ar\/2021\/wp-json\/wp\/v2\/comments?post=47513"}],"version-history":[{"count":0,"href":"https:\/\/www.noticiasradioreflejos.com.ar\/2021\/wp-json\/wp\/v2\/posts\/47513\/revisions"}],"wp:attachment":[{"href":"https:\/\/www.noticiasradioreflejos.com.ar\/2021\/wp-json\/wp\/v2\/media?parent=47513"}],"wp:term":[{"taxonomy":"category","embeddable":true,"href":"https:\/\/www.noticiasradioreflejos.com.ar\/2021\/wp-json\/wp\/v2\/categories?post=47513"},{"taxonomy":"post_tag","embeddable":true,"href":"https:\/\/www.noticiasradioreflejos.com.ar\/2021\/wp-json\/wp\/v2\/tags?post=47513"}],"curies":[{"name":"wp","href":"https:\/\/api.w.org\/{rel}","templated":true}]}}